{"id":33508,"date":"2026-01-16T21:48:14","date_gmt":"2026-01-16T20:48:14","guid":{"rendered":"https:\/\/footdavant.fr\/actualites\/transferts-et-depenses-nettes-de-man-city-en-janvier-chaque-signature-et-vente-confirmee-pour-lequipe-de-pep-guardiola-au-cours-de-la-fenetre-dhiver-2026\/"},"modified":"2026-01-16T21:48:15","modified_gmt":"2026-01-16T20:48:15","slug":"transferts-et-depenses-nettes-de-man-city-en-janvier-chaque-signature-et-vente-confirmee-pour-lequipe-de-pep-guardiola-au-cours-de-la-fenetre-dhiver-2026","status":"publish","type":"post","link":"https:\/\/footdavant.fr\/actualites\/transferts-et-depenses-nettes-de-man-city-en-janvier-chaque-signature-et-vente-confirmee-pour-lequipe-de-pep-guardiola-au-cours-de-la-fenetre-dhiver-2026\/","title":{"rendered":"Transferts et d\u00e9penses nettes de Man City en janvier\u00a0: chaque signature et vente confirm\u00e9e pour l&#39;\u00e9quipe de Pep Guardiola au cours de la fen\u00eatre d&#39;hiver 2026"},"content":{"rendered":"<div itemprop=\"articleBody\">\n<p>Actuellement impliqu\u00e9 dans une lutte \u00e0 trois pour la gloire en Premier League avec Arsenal et Aston Villa, Manchester City se bat dur pour retrouver sa couronne de premier plan, en grande partie gr\u00e2ce au scintillant Erling Haaland.<\/p>\n<p>Les recrues estivales Rayan Cherki et Tijjani Reijnders ont \u00e9galement fait leur marque pour l&#39;\u00e9quipe de Pep Guardiola, qui a r\u00e9cemment r\u00e9alis\u00e9 ce qui sera s\u00fbrement la signature phare de la fen\u00eatre hivernale.<\/p>\n<p>En effet, les Sky Blues ont remport\u00e9 la course pour signer Antoine Semenyo de Bournemouth dans le cadre d&#39;un accord de 64 millions de livres sterling, d\u00e9clenchant la clause de lib\u00e9ration de l&#39;international ghan\u00e9en et battant Tottenham Hotspur, Liverpool et Manchester United face \u00e0 l&#39;attaquant tr\u00e8s demand\u00e9.<\/p>\n<p>City aurait pay\u00e9 un montant initial de 62,5 millions de livres sterling pour l&#39;ancien homme de Bristol City, qui a imm\u00e9diatement pris le relais sous ses nouvelles couleurs, inscrivant un but et une passe d\u00e9cisive lors de ses d\u00e9buts lors de l&#39;effacement 10-1 de la FA Cup contre Exeter City.<\/p>\n<p>La signature de Semenyo a soulev\u00e9 des questions sur la perspective qu&#39;un ou plusieurs attaquants quittent l&#39;Etihad dans les semaines \u00e0 venir, des joueurs comme Omar Marmoush, Savinho et Oscar Bobb \u00e9tant pressentis pour chercher de nouveaux p\u00e2turages \u00e0 la recherche de minutes r\u00e9guli\u00e8res.<\/p>\n<p>Cependant, un seul des membres du trio est consid\u00e9r\u00e9 comme un v\u00e9ritable pr\u00e9tendant \u00e0 partir avant que la fen\u00eatre hivernale ne se ferme, et Guardiola devrait \u00e9galement rechercher des renforts en d\u00e9fense apr\u00e8s les r\u00e9centes blessures graves de Ruben Dias et Josko Gvardiol.<\/p>\n<p>Ici, Sports Mole rassemble tous les tenants et aboutissants confirm\u00e9s de Man City au cours de la fen\u00eatre de transfert de janvier 2026, ainsi que leurs d\u00e9penses nettes et les derni\u00e8res rumeurs de transfert.<\/p>\n<h2>Man City a confirm\u00e9 les transferts en : janvier 2026<\/h2>\n<p>Claudio Echeverri (AM | Retour de pr\u00eat du Bayer Leverkusen)<\/p>\n<p>Max Alleyne (CB | Retour de pr\u00eat de Watford)<\/p>\n<p>Antoine Semenyo (LW | 64 millions de livres sterling de Bournemouth)<\/p>\n<h2>Man City a confirm\u00e9 les transferts : janvier 2026<\/h2>\n<p>Emilio Lawrence (LW | Pr\u00eat \u00e0 Luton Town)<\/p>\n<p>Will Dickson (CF | Non divulgu\u00e9 \u00e0 Chesterfield)<\/p>\n<h2>D\u00e9penses nettes de Man City\u00a0: janvier 2026<\/h2>\n<p style=\"list-style-type:disc\">D\u00e9penses totales de Man City en janvier 2026\u00a0:\u00a064 millions de livres sterling<\/p>\n<p>Revenu total de Man City en janvier 2026\u00a0: 0 million de livres sterling<\/p>\n<p>D\u00e9penses nettes de Man City en janvier 2026\u00a0: -64 millions de livres sterling<\/p>\n<h2>Derni\u00e8res rumeurs de transfert \u00e0 Man City pour janvier 2026<\/h2>\n<p>Dans<\/p>\n<div>\n<div>\n<div>\n<p>\u00a9 Imago \/ Sportsphoto<\/p>\n<\/div>\n<\/div>\n<\/div>\n<p>Marc Gu\u00e9hi (Palais de Cristal)<\/p>\n<p>Michael Kayode (Brentford)<\/p>\n<p>Frenkie de Jong (Barcelone)<\/p>\n<p>Zeki Celik (Rome)<\/p>\n<p>Dehors<\/p>\n<div>\n<div>\n<div>\n<div>\n<div>\n<div>\n<div><img decoding=\"async\" data-img-id=\"156159\" class=\"lazy\" loading=\"lazy\" src=\"https:\/\/footdavant.fr\/actualites\/wp-content\/uploads\/2026\/01\/1768596494_363_Transferts-et-depenses-nettes-de-Man-City-en-janvier-chaque.webp\"\/><\/p>\n<p>\u00a9 Imago \/ IMAGO \/ Chaque deuxi\u00e8me m\u00e9dia<\/p>\n<\/div>\n<\/div>\n<\/div>\n<\/div>\n<\/div>\n<\/div>\n<\/div>\n<p>Bernardo Silva (Juventus)<\/p>\n<p>Oscar Bobb (Borussia Dortmund, Crystal Palace, Fulham)<\/p>\n<p>Nathan Ake (Barcelone, Bournemouth, West Ham United)<\/p>\n<p>Omar Marmoush (Tottenham Hotspur)<\/p>\n<p>Savinho (Tottenham)<\/p>\n<p>James Trafford (Newcastle United, Aston Villa)<\/p>\n<p>Claudio Echeverri (G\u00e9rone)<\/p>\n<p><em>Vous pouvez trouver une liste compl\u00e8te des derni\u00e8res rumeurs de transfert \u00e0 Man City en cliquant ici<\/em><\/p>\n<h2>Quand s\u2019ouvre et se ferme le mercato de janvier 2026 ?<\/h2>\n<p>Le mercato de janvier s&#39;est ouvert le jeudi 1er janvier pour tous les clubs anglais et \u00e9cossais et se poursuivra jusqu&#39;au premier jour de semaine de f\u00e9vrier.<\/p>\n<p>Cela signifie que la date limite pour le mercato de janvier 2026 tombe le lundi 2 f\u00e9vrier, la fen\u00eatre se fermant \u00e0 19 heures GMT.<\/p>\n<\/div>\n","protected":false},"excerpt":{"rendered":"<p>Actuellement impliqu\u00e9 dans une lutte \u00e0 trois pour la gloire en Premier League avec Arsenal et Aston Villa, Manchester City se bat dur pour retrouver<\/p>\n","protected":false},"author":1,"featured_media":33412,"comment_status":"closed","ping_status":"","sticky":false,"template":"","format":"standard","meta":{"footnotes":""},"categories":[5],"tags":[438,27,4148,2427,8028,6062,2446,8,166,4219,24,11279,6,51,449,1376,3740],"yoast_head":"<!-- This site is optimized with the Yoast SEO plugin v21.0 - https:\/\/yoast.com\/wordpress\/plugins\/seo\/ -->\n<title>Transferts et d\u00e9penses nettes de Man City en janvier\u00a0: chaque signature et vente confirm\u00e9e pour l&#039;\u00e9quipe de Pep Guardiola au cours de la fen\u00eatre d&#039;hiver 2026<\/title>\n<meta name=\"robots\" content=\"index, follow, max-snippet:-1, max-image-preview:large, max-video-preview:-1\" \/>\n<link rel=\"canonical\" href=\"https:\/\/footdavant.fr\/actualites\/transferts-et-depenses-nettes-de-man-city-en-janvier-chaque-signature-et-vente-confirmee-pour-lequipe-de-pep-guardiola-au-cours-de-la-fenetre-dhiver-2026\/\" \/>\n<meta property=\"og:locale\" content=\"fr_FR\" \/>\n<meta property=\"og:type\" content=\"article\" \/>\n<meta property=\"og:title\" content=\"Transferts et d\u00e9penses nettes de Man City en janvier\u00a0: chaque signature et vente confirm\u00e9e pour l&#039;\u00e9quipe de Pep Guardiola au cours de la fen\u00eatre d&#039;hiver 2026\" \/>\n<meta property=\"og:description\" content=\"Actuellement impliqu\u00e9 dans une lutte \u00e0 trois pour la gloire en Premier League avec Arsenal et Aston Villa, Manchester City se bat dur pour retrouver\" \/>\n<meta property=\"og:url\" content=\"https:\/\/footdavant.fr\/actualites\/transferts-et-depenses-nettes-de-man-city-en-janvier-chaque-signature-et-vente-confirmee-pour-lequipe-de-pep-guardiola-au-cours-de-la-fenetre-dhiver-2026\/\" \/>\n<meta property=\"og:site_name\" content=\"Foot d&#039;avant\" \/>\n<meta property=\"article:publisher\" content=\"https:\/\/www.facebook.com\/Footdavant\/\" \/>\n<meta property=\"article:published_time\" content=\"2026-01-16T20:48:14+00:00\" \/>\n<meta property=\"article:modified_time\" content=\"2026-01-16T20:48:15+00:00\" \/>\n<meta property=\"og:image\" content=\"https:\/\/footdavant.fr\/actualites\/wp-content\/uploads\/2026\/01\/Compositions-confirmees-de-Newcastle-contre-Man-City-decisions-Semenyo.net2Fuploads2F20262F012Fsemenyo-69628190.webp\" \/>\n\t<meta property=\"og:image:width\" content=\"720\" \/>\n\t<meta property=\"og:image:height\" content=\"410\" \/>\n\t<meta property=\"og:image:type\" content=\"image\/webp\" \/>\n<meta name=\"author\" content=\"Cl\u00e9ment\" \/>\n<meta name=\"twitter:card\" content=\"summary_large_image\" \/>\n<meta name=\"twitter:creator\" content=\"@FootdavantFr\" \/>\n<meta name=\"twitter:site\" content=\"@FootdavantFr\" \/>\n<meta name=\"twitter:label1\" content=\"\u00c9crit par\" \/>\n\t<meta name=\"twitter:data1\" content=\"Cl\u00e9ment\" \/>\n\t<meta name=\"twitter:label2\" content=\"Dur\u00e9e de lecture estim\u00e9e\" \/>\n\t<meta name=\"twitter:data2\" content=\"3 minutes\" \/>\n<script type=\"application\/ld+json\" class=\"yoast-schema-graph\">{\"@context\":\"https:\/\/schema.org\",\"@graph\":[{\"@type\":\"Article\",\"@id\":\"https:\/\/footdavant.fr\/actualites\/transferts-et-depenses-nettes-de-man-city-en-janvier-chaque-signature-et-vente-confirmee-pour-lequipe-de-pep-guardiola-au-cours-de-la-fenetre-dhiver-2026\/#article\",\"isPartOf\":{\"@id\":\"https:\/\/footdavant.fr\/actualites\/transferts-et-depenses-nettes-de-man-city-en-janvier-chaque-signature-et-vente-confirmee-pour-lequipe-de-pep-guardiola-au-cours-de-la-fenetre-dhiver-2026\/\"},\"author\":{\"name\":\"Cl\u00e9ment\",\"@id\":\"https:\/\/footdavant.fr\/actualites\/#\/schema\/person\/bc222566d95871b37e597b3ed3ba5e1d\"},\"headline\":\"Transferts et d\u00e9penses nettes de Man City en janvier\u00a0: chaque signature et vente confirm\u00e9e pour l&#39;\u00e9quipe de Pep Guardiola au cours de la fen\u00eatre d&#39;hiver 2026\",\"datePublished\":\"2026-01-16T20:48:14+00:00\",\"dateModified\":\"2026-01-16T20:48:15+00:00\",\"mainEntityOfPage\":{\"@id\":\"https:\/\/footdavant.fr\/actualites\/transferts-et-depenses-nettes-de-man-city-en-janvier-chaque-signature-et-vente-confirmee-pour-lequipe-de-pep-guardiola-au-cours-de-la-fenetre-dhiver-2026\/\"},\"wordCount\":594,\"publisher\":{\"@id\":\"https:\/\/footdavant.fr\/actualites\/#organization\"},\"keywords\":[\"Chaque\",\"City\",\"confirm\u00e9e\",\"cours\",\"d39hiver\",\"d\u00e9penses\",\"fen\u00eatre\",\"Guardiola\",\"janvier\",\"l39\u00e9quipe\",\"Man\",\"nettes\",\"Pep\",\"pour\",\"signature\",\"transferts\",\"vente\"],\"articleSection\":[\"Premier League\"],\"inLanguage\":\"fr-FR\"},{\"@type\":\"WebPage\",\"@id\":\"https:\/\/footdavant.fr\/actualites\/transferts-et-depenses-nettes-de-man-city-en-janvier-chaque-signature-et-vente-confirmee-pour-lequipe-de-pep-guardiola-au-cours-de-la-fenetre-dhiver-2026\/\",\"url\":\"https:\/\/footdavant.fr\/actualites\/transferts-et-depenses-nettes-de-man-city-en-janvier-chaque-signature-et-vente-confirmee-pour-lequipe-de-pep-guardiola-au-cours-de-la-fenetre-dhiver-2026\/\",\"name\":\"Transferts et d\u00e9penses nettes de Man City en janvier\u00a0: chaque signature et vente confirm\u00e9e pour l&#39;\u00e9quipe de Pep Guardiola au cours de la fen\u00eatre d&#39;hiver 2026\",\"isPartOf\":{\"@id\":\"https:\/\/footdavant.fr\/actualites\/#website\"},\"datePublished\":\"2026-01-16T20:48:14+00:00\",\"dateModified\":\"2026-01-16T20:48:15+00:00\",\"breadcrumb\":{\"@id\":\"https:\/\/footdavant.fr\/actualites\/transferts-et-depenses-nettes-de-man-city-en-janvier-chaque-signature-et-vente-confirmee-pour-lequipe-de-pep-guardiola-au-cours-de-la-fenetre-dhiver-2026\/#breadcrumb\"},\"inLanguage\":\"fr-FR\",\"potentialAction\":[{\"@type\":\"ReadAction\",\"target\":[\"https:\/\/footdavant.fr\/actualites\/transferts-et-depenses-nettes-de-man-city-en-janvier-chaque-signature-et-vente-confirmee-pour-lequipe-de-pep-guardiola-au-cours-de-la-fenetre-dhiver-2026\/\"]}]},{\"@type\":\"BreadcrumbList\",\"@id\":\"https:\/\/footdavant.fr\/actualites\/transferts-et-depenses-nettes-de-man-city-en-janvier-chaque-signature-et-vente-confirmee-pour-lequipe-de-pep-guardiola-au-cours-de-la-fenetre-dhiver-2026\/#breadcrumb\",\"itemListElement\":[{\"@type\":\"ListItem\",\"position\":1,\"name\":\"Accueil\",\"item\":\"https:\/\/footdavant.fr\/actualites\/\"},{\"@type\":\"ListItem\",\"position\":2,\"name\":\"Transferts et d\u00e9penses nettes de Man City en janvier\u00a0: chaque signature et vente confirm\u00e9e pour l&#39;\u00e9quipe de Pep Guardiola au cours de la fen\u00eatre d&#39;hiver 2026\"}]},{\"@type\":\"WebSite\",\"@id\":\"https:\/\/footdavant.fr\/actualites\/#website\",\"url\":\"https:\/\/footdavant.fr\/actualites\/\",\"name\":\"Foot d'avant\",\"description\":\"\",\"publisher\":{\"@id\":\"https:\/\/footdavant.fr\/actualites\/#organization\"},\"potentialAction\":[{\"@type\":\"SearchAction\",\"target\":{\"@type\":\"EntryPoint\",\"urlTemplate\":\"https:\/\/footdavant.fr\/actualites\/?s={search_term_string}\"},\"query-input\":\"required name=search_term_string\"}],\"inLanguage\":\"fr-FR\"},{\"@type\":\"Organization\",\"@id\":\"https:\/\/footdavant.fr\/actualites\/#organization\",\"name\":\"Foot d'avant\",\"url\":\"https:\/\/footdavant.fr\/actualites\/\",\"logo\":{\"@type\":\"ImageObject\",\"inLanguage\":\"fr-FR\",\"@id\":\"https:\/\/footdavant.fr\/actualites\/#\/schema\/logo\/image\/\",\"url\":\"https:\/\/footdavant.fr\/actualites\/wp-content\/uploads\/2023\/09\/Copy-of-FootDavant-Logo.png\",\"contentUrl\":\"https:\/\/footdavant.fr\/actualites\/wp-content\/uploads\/2023\/09\/Copy-of-FootDavant-Logo.png\",\"width\":936,\"height\":549,\"caption\":\"Foot d'avant\"},\"image\":{\"@id\":\"https:\/\/footdavant.fr\/actualites\/#\/schema\/logo\/image\/\"},\"sameAs\":[\"https:\/\/www.facebook.com\/Footdavant\/\",\"https:\/\/twitter.com\/FootdavantFr\",\"https:\/\/www.instagram.com\/footdavant.fr\/\"]},{\"@type\":\"Person\",\"@id\":\"https:\/\/footdavant.fr\/actualites\/#\/schema\/person\/bc222566d95871b37e597b3ed3ba5e1d\",\"name\":\"Cl\u00e9ment\",\"image\":{\"@type\":\"ImageObject\",\"inLanguage\":\"fr-FR\",\"@id\":\"https:\/\/footdavant.fr\/actualites\/#\/schema\/person\/image\/\",\"url\":\"https:\/\/secure.gravatar.com\/avatar\/7728b29aac2719421e1a9159b2254c44?s=96&d=mm&r=g\",\"contentUrl\":\"https:\/\/secure.gravatar.com\/avatar\/7728b29aac2719421e1a9159b2254c44?s=96&d=mm&r=g\",\"caption\":\"Cl\u00e9ment\"},\"sameAs\":[\"https:\/\/footdavant.fr\/\"]}]}<\/script>\n<!-- \/ Yoast SEO plugin. -->","yoast_head_json":{"title":"Transferts et d\u00e9penses nettes de Man City en janvier\u00a0: chaque signature et vente confirm\u00e9e pour l&#39;\u00e9quipe de Pep Guardiola au cours de la fen\u00eatre d&#39;hiver 2026","robots":{"index":"index","follow":"follow","max-snippet":"max-snippet:-1","max-image-preview":"max-image-preview:large","max-video-preview":"max-video-preview:-1"},"canonical":"https:\/\/footdavant.fr\/actualites\/transferts-et-depenses-nettes-de-man-city-en-janvier-chaque-signature-et-vente-confirmee-pour-lequipe-de-pep-guardiola-au-cours-de-la-fenetre-dhiver-2026\/","og_locale":"fr_FR","og_type":"article","og_title":"Transferts et d\u00e9penses nettes de Man City en janvier\u00a0: chaque signature et vente confirm\u00e9e pour l&#39;\u00e9quipe de Pep Guardiola au cours de la fen\u00eatre d&#39;hiver 2026","og_description":"Actuellement impliqu\u00e9 dans une lutte \u00e0 trois pour la gloire en Premier League avec Arsenal et Aston Villa, Manchester City se bat dur pour retrouver","og_url":"https:\/\/footdavant.fr\/actualites\/transferts-et-depenses-nettes-de-man-city-en-janvier-chaque-signature-et-vente-confirmee-pour-lequipe-de-pep-guardiola-au-cours-de-la-fenetre-dhiver-2026\/","og_site_name":"Foot d&#039;avant","article_publisher":"https:\/\/www.facebook.com\/Footdavant\/","article_published_time":"2026-01-16T20:48:14+00:00","article_modified_time":"2026-01-16T20:48:15+00:00","og_image":[{"width":720,"height":410,"url":"https:\/\/footdavant.fr\/actualites\/wp-content\/uploads\/2026\/01\/Compositions-confirmees-de-Newcastle-contre-Man-City-decisions-Semenyo.net2Fuploads2F20262F012Fsemenyo-69628190.webp","type":"image\/webp"}],"author":"Cl\u00e9ment","twitter_card":"summary_large_image","twitter_creator":"@FootdavantFr","twitter_site":"@FootdavantFr","twitter_misc":{"\u00c9crit par":"Cl\u00e9ment","Dur\u00e9e de lecture estim\u00e9e":"3 minutes"},"schema":{"@context":"https:\/\/schema.org","@graph":[{"@type":"Article","@id":"https:\/\/footdavant.fr\/actualites\/transferts-et-depenses-nettes-de-man-city-en-janvier-chaque-signature-et-vente-confirmee-pour-lequipe-de-pep-guardiola-au-cours-de-la-fenetre-dhiver-2026\/#article","isPartOf":{"@id":"https:\/\/footdavant.fr\/actualites\/transferts-et-depenses-nettes-de-man-city-en-janvier-chaque-signature-et-vente-confirmee-pour-lequipe-de-pep-guardiola-au-cours-de-la-fenetre-dhiver-2026\/"},"author":{"name":"Cl\u00e9ment","@id":"https:\/\/footdavant.fr\/actualites\/#\/schema\/person\/bc222566d95871b37e597b3ed3ba5e1d"},"headline":"Transferts et d\u00e9penses nettes de Man City en janvier\u00a0: chaque signature et vente confirm\u00e9e pour l&#39;\u00e9quipe de Pep Guardiola au cours de la fen\u00eatre d&#39;hiver 2026","datePublished":"2026-01-16T20:48:14+00:00","dateModified":"2026-01-16T20:48:15+00:00","mainEntityOfPage":{"@id":"https:\/\/footdavant.fr\/actualites\/transferts-et-depenses-nettes-de-man-city-en-janvier-chaque-signature-et-vente-confirmee-pour-lequipe-de-pep-guardiola-au-cours-de-la-fenetre-dhiver-2026\/"},"wordCount":594,"publisher":{"@id":"https:\/\/footdavant.fr\/actualites\/#organization"},"keywords":["Chaque","City","confirm\u00e9e","cours","d39hiver","d\u00e9penses","fen\u00eatre","Guardiola","janvier","l39\u00e9quipe","Man","nettes","Pep","pour","signature","transferts","vente"],"articleSection":["Premier League"],"inLanguage":"fr-FR"},{"@type":"WebPage","@id":"https:\/\/footdavant.fr\/actualites\/transferts-et-depenses-nettes-de-man-city-en-janvier-chaque-signature-et-vente-confirmee-pour-lequipe-de-pep-guardiola-au-cours-de-la-fenetre-dhiver-2026\/","url":"https:\/\/footdavant.fr\/actualites\/transferts-et-depenses-nettes-de-man-city-en-janvier-chaque-signature-et-vente-confirmee-pour-lequipe-de-pep-guardiola-au-cours-de-la-fenetre-dhiver-2026\/","name":"Transferts et d\u00e9penses nettes de Man City en janvier\u00a0: chaque signature et vente confirm\u00e9e pour l&#39;\u00e9quipe de Pep Guardiola au cours de la fen\u00eatre d&#39;hiver 2026","isPartOf":{"@id":"https:\/\/footdavant.fr\/actualites\/#website"},"datePublished":"2026-01-16T20:48:14+00:00","dateModified":"2026-01-16T20:48:15+00:00","breadcrumb":{"@id":"https:\/\/footdavant.fr\/actualites\/transferts-et-depenses-nettes-de-man-city-en-janvier-chaque-signature-et-vente-confirmee-pour-lequipe-de-pep-guardiola-au-cours-de-la-fenetre-dhiver-2026\/#breadcrumb"},"inLanguage":"fr-FR","potentialAction":[{"@type":"ReadAction","target":["https:\/\/footdavant.fr\/actualites\/transferts-et-depenses-nettes-de-man-city-en-janvier-chaque-signature-et-vente-confirmee-pour-lequipe-de-pep-guardiola-au-cours-de-la-fenetre-dhiver-2026\/"]}]},{"@type":"BreadcrumbList","@id":"https:\/\/footdavant.fr\/actualites\/transferts-et-depenses-nettes-de-man-city-en-janvier-chaque-signature-et-vente-confirmee-pour-lequipe-de-pep-guardiola-au-cours-de-la-fenetre-dhiver-2026\/#breadcrumb","itemListElement":[{"@type":"ListItem","position":1,"name":"Accueil","item":"https:\/\/footdavant.fr\/actualites\/"},{"@type":"ListItem","position":2,"name":"Transferts et d\u00e9penses nettes de Man City en janvier\u00a0: chaque signature et vente confirm\u00e9e pour l&#39;\u00e9quipe de Pep Guardiola au cours de la fen\u00eatre d&#39;hiver 2026"}]},{"@type":"WebSite","@id":"https:\/\/footdavant.fr\/actualites\/#website","url":"https:\/\/footdavant.fr\/actualites\/","name":"Foot d'avant","description":"","publisher":{"@id":"https:\/\/footdavant.fr\/actualites\/#organization"},"potentialAction":[{"@type":"SearchAction","target":{"@type":"EntryPoint","urlTemplate":"https:\/\/footdavant.fr\/actualites\/?s={search_term_string}"},"query-input":"required name=search_term_string"}],"inLanguage":"fr-FR"},{"@type":"Organization","@id":"https:\/\/footdavant.fr\/actualites\/#organization","name":"Foot d'avant","url":"https:\/\/footdavant.fr\/actualites\/","logo":{"@type":"ImageObject","inLanguage":"fr-FR","@id":"https:\/\/footdavant.fr\/actualites\/#\/schema\/logo\/image\/","url":"https:\/\/footdavant.fr\/actualites\/wp-content\/uploads\/2023\/09\/Copy-of-FootDavant-Logo.png","contentUrl":"https:\/\/footdavant.fr\/actualites\/wp-content\/uploads\/2023\/09\/Copy-of-FootDavant-Logo.png","width":936,"height":549,"caption":"Foot d'avant"},"image":{"@id":"https:\/\/footdavant.fr\/actualites\/#\/schema\/logo\/image\/"},"sameAs":["https:\/\/www.facebook.com\/Footdavant\/","https:\/\/twitter.com\/FootdavantFr","https:\/\/www.instagram.com\/footdavant.fr\/"]},{"@type":"Person","@id":"https:\/\/footdavant.fr\/actualites\/#\/schema\/person\/bc222566d95871b37e597b3ed3ba5e1d","name":"Cl\u00e9ment","image":{"@type":"ImageObject","inLanguage":"fr-FR","@id":"https:\/\/footdavant.fr\/actualites\/#\/schema\/person\/image\/","url":"https:\/\/secure.gravatar.com\/avatar\/7728b29aac2719421e1a9159b2254c44?s=96&d=mm&r=g","contentUrl":"https:\/\/secure.gravatar.com\/avatar\/7728b29aac2719421e1a9159b2254c44?s=96&d=mm&r=g","caption":"Cl\u00e9ment"},"sameAs":["https:\/\/footdavant.fr\/"]}]}},"_links":{"self":[{"href":"https:\/\/footdavant.fr\/actualites\/wp-json\/wp\/v2\/posts\/33508"}],"collection":[{"href":"https:\/\/footdavant.fr\/actualites\/wp-json\/wp\/v2\/posts"}],"about":[{"href":"https:\/\/footdavant.fr\/actualites\/wp-json\/wp\/v2\/types\/post"}],"author":[{"embeddable":true,"href":"https:\/\/footdavant.fr\/actualites\/wp-json\/wp\/v2\/users\/1"}],"replies":[{"embeddable":true,"href":"https:\/\/footdavant.fr\/actualites\/wp-json\/wp\/v2\/comments?post=33508"}],"version-history":[{"count":1,"href":"https:\/\/footdavant.fr\/actualites\/wp-json\/wp\/v2\/posts\/33508\/revisions"}],"predecessor-version":[{"id":33509,"href":"https:\/\/footdavant.fr\/actualites\/wp-json\/wp\/v2\/posts\/33508\/revisions\/33509"}],"wp:featuredmedia":[{"embeddable":true,"href":"https:\/\/footdavant.fr\/actualites\/wp-json\/wp\/v2\/media\/33412"}],"wp:attachment":[{"href":"https:\/\/footdavant.fr\/actualites\/wp-json\/wp\/v2\/media?parent=33508"}],"wp:term":[{"taxonomy":"category","embeddable":true,"href":"https:\/\/footdavant.fr\/actualites\/wp-json\/wp\/v2\/categories?post=33508"},{"taxonomy":"post_tag","embeddable":true,"href":"https:\/\/footdavant.fr\/actualites\/wp-json\/wp\/v2\/tags?post=33508"}],"curies":[{"name":"wp","href":"https:\/\/api.w.org\/{rel}","templated":true}]}}