{"id":33512,"date":"2026-01-17T01:48:13","date_gmt":"2026-01-17T00:48:13","guid":{"rendered":"https:\/\/footdavant.fr\/actualites\/transferts-et-depenses-nettes-darsenal-en-janvier-chaque-signature-et-vente-confirmee-pour-lequipe-de-mikel-arteta-au-cours-de-la-fenetre-dhiver-2026\/"},"modified":"2026-01-17T01:48:15","modified_gmt":"2026-01-17T00:48:15","slug":"transferts-et-depenses-nettes-darsenal-en-janvier-chaque-signature-et-vente-confirmee-pour-lequipe-de-mikel-arteta-au-cours-de-la-fenetre-dhiver-2026","status":"publish","type":"post","link":"https:\/\/footdavant.fr\/actualites\/transferts-et-depenses-nettes-darsenal-en-janvier-chaque-signature-et-vente-confirmee-pour-lequipe-de-mikel-arteta-au-cours-de-la-fenetre-dhiver-2026\/","title":{"rendered":"Transferts et d\u00e9penses nettes d&#39;Arsenal en janvier\u00a0: chaque signature et vente confirm\u00e9e pour l&#39;\u00e9quipe de Mikel Arteta au cours de la fen\u00eatre d&#39;hiver 2026"},"content":{"rendered":"<div itemprop=\"articleBody\">\n<p>Arsenal entame la nouvelle ann\u00e9e avec 2026 prometteur de grandeur potentielle pour sa r\u00e9colte actuelle, alors que l&#39;\u00e9quipe de Mikel Arteta cherche \u00e0 mettre trois ann\u00e9es de quasi-accidents derri\u00e8re elle et enfin mettre fin \u00e0 une attente de 22 ans pour \u00eatre couronn\u00e9e championne de Premier League.<\/p>\n<p>Apr\u00e8s un mercato estival qui a accru leurs effectifs en profondeur \u00e0 un point tel que de nombreux observateurs leur attribuent d\u00e9sormais le m\u00e9rite d&#39;avoir la meilleure \u00e9quipe de la ligue, les Gunners pourraient chercher \u00e0 renforcer davantage leurs rangs en janvier pour tenter de franchir la ligne d&#39;arriv\u00e9e.<\/p>\n<p>Cependant, des journalistes estim\u00e9s ont pr\u00e9dit aux triples champions de Premier League une fen\u00eatre tranquille apr\u00e8s leur importante d\u00e9pense de 250 millions de livres sterling au cours des mois d&#39;\u00e9t\u00e9, alors qu&#39;ils avaient les d\u00e9penses nettes les plus \u00e9lev\u00e9es de toutes les \u00e9quipes de l&#39;\u00e9lite anglaise.<\/p>\n<p>Toutes les signatures marquantes n&#39;ont pas \u00e9t\u00e9 lanc\u00e9es en rouge et blanc &#8211; Viktor Gyokeres en particulier a ressembl\u00e9 \u00e0 l&#39;ombre du joueur qui a remport\u00e9 le Troph\u00e9e Gerd Muller pour ses exploits au Sporting Lisbonne &#8211; mais la force en profondeur des Gunners est d\u00e9sormais in\u00e9gal\u00e9e.<\/p>\n<p>Au moment de la r\u00e9daction de cet article, Arsenal se bat toujours sur les quatre fronts cette saison \u2013 en comp\u00e9tition pour la gloire de la Premier League, de la Ligue des Champions, de la FA Cup et de la Coupe EFL \u2013 malgr\u00e9 la perte d&#39;un d\u00e9fenseur apr\u00e8s l&#39;autre \u00e0 cause d&#39;une blessure et m\u00eame d&#39;avoir \u00e0 nouveau recours \u00e0 Mikel Merino \u00e0 l&#39;avant.<\/p>\n<p>Arteta a cependant accueilli de nombreux membres de son arri\u00e8re-garde ces derni\u00e8res semaines, r\u00e9duisant ainsi le besoin des Gunners de plonger dans leur warchest au cours de l&#39;hiver, bien que des liens aient in\u00e9vitablement fait le tour du moulin \u00e0 rumeurs.<\/p>\n<p>Ici, Sports Mole rassemble tous les tenants et aboutissants confirm\u00e9s d&#39;Arsenal au cours de la fen\u00eatre de transfert de janvier 2026, ainsi que leurs d\u00e9penses nettes et les derni\u00e8res rumeurs de transfert.<\/p>\n<h2>Arsenal a confirm\u00e9 les transferts en : janvier 2026<\/h2>\n<p>Aucune offre pour l&#39;instant\u00a0!<\/p>\n<h2>Arsenal a confirm\u00e9 les transferts : janvier 2026<\/h2>\n<p>Louie George Copley (CM | Pr\u00eat \u00e0 Crawley Town)<\/p>\n<h2>D\u00e9penses nettes d\u2019Arsenal\u00a0: janvier 2026<\/h2>\n<p>D\u00e9penses totales d\u2019Arsenal en janvier 2026\u00a0: 0 million de livres sterling<\/p>\n<p>Revenu total d\u2019Arsenal en janvier 2026\u00a0: 0 million de livres sterling<\/p>\n<p>D\u00e9penses nettes d\u2019Arsenal en janvier 2026\u00a0: 0 million de livres sterling<\/p>\n<h2>Derni\u00e8res rumeurs de transfert d\u2019Arsenal pour janvier 2026<\/h2>\n<p>Dans<\/p>\n<div>\n<div>\n<div>\n<div>\n<div>\n<p>\u00a9 Imago \/ Orange Photos<\/p>\n<\/div>\n<\/div>\n<\/div>\n<\/div>\n<\/div>\n<p>Marc Gu\u00e9hi (Palais de Cristal)<\/p>\n<p>Rodrigo Mendoza (Elche)<\/p>\n<p>Tino Livramento (Newcastle United)<\/p>\n<p>Rom\u00e9o Ritter (Borussia Dortmund)<\/p>\n<p>Bradley Barcola (Paris Saint-Germain)<\/p>\n<p>Ayyoub Bouaddi (Lille)<\/p>\n<p>Toni Fruk (Rijeka)<\/p>\n<p>Nathaniel Brown (Eintracht Francfort)<\/p>\n<p>Dehors<\/p>\n<div>\n<div>\n<div>\n<div>\n<div><img decoding=\"async\" data-img-id=\"155964\" class=\"lazy\" loading=\"lazy\" src=\"https:\/\/footdavant.fr\/actualites\/wp-content\/uploads\/2026\/01\/1768610893_990_Transferts-et-depenses-nettes-d39Arsenal-en-janvier-chaque-signature-et.webp\"\/><\/p>\n<p>\u00a9 Imago \/ Sportimage<\/p>\n<\/div>\n<\/div>\n<\/div>\n<\/div>\n<\/div>\n<p>Ethan Nwaneri (Bournemouth)<\/p>\n<p>Gabriel J\u00e9sus (AC Milan)<\/p>\n<p>Gabriel Martinelli (Fenerbah\u00e7e)<\/p>\n<p><em><u>Vous pouvez retrouver une liste compl\u00e8te des derni\u00e8res rumeurs de transfert d\u2019Arsenal en cliquant ici<\/u><\/em><\/p>\n<h2>Quand s\u2019ouvre et se ferme le mercato de janvier 2026 ?<\/h2>\n<p>Le mercato de janvier s&#39;est ouvert le jeudi 1er janvier pour tous les clubs anglais et \u00e9cossais et se poursuivra jusqu&#39;au premier jour de semaine de f\u00e9vrier.<\/p>\n<p>Cela signifie que la date limite pour le mercato de janvier 2026 tombe le lundi 2 f\u00e9vrier, la fen\u00eatre se fermant \u00e0 19 heures GMT.<\/p>\n<\/p>\n<\/div>\n","protected":false},"excerpt":{"rendered":"<p>Arsenal entame la nouvelle ann\u00e9e avec 2026 prometteur de grandeur potentielle pour sa r\u00e9colte actuelle, alors que l&#39;\u00e9quipe de Mikel Arteta cherche \u00e0 mettre trois<\/p>\n","protected":false},"author":1,"featured_media":33513,"comment_status":"closed","ping_status":"","sticky":false,"template":"","format":"standard","meta":{"footnotes":""},"categories":[5],"tags":[211,438,4148,2427,4221,8028,6062,2446,166,4219,210,11279,51,449,1376,3740],"yoast_head":"<!-- This site is optimized with the Yoast SEO plugin v21.0 - https:\/\/yoast.com\/wordpress\/plugins\/seo\/ -->\n<title>Transferts et d\u00e9penses nettes d&#039;Arsenal en janvier\u00a0: chaque signature et vente confirm\u00e9e pour l&#039;\u00e9quipe de Mikel Arteta au cours de la fen\u00eatre d&#039;hiver 2026<\/title>\n<meta name=\"robots\" content=\"index, follow, max-snippet:-1, max-image-preview:large, max-video-preview:-1\" \/>\n<link rel=\"canonical\" href=\"https:\/\/footdavant.fr\/actualites\/transferts-et-depenses-nettes-darsenal-en-janvier-chaque-signature-et-vente-confirmee-pour-lequipe-de-mikel-arteta-au-cours-de-la-fenetre-dhiver-2026\/\" \/>\n<meta property=\"og:locale\" content=\"fr_FR\" \/>\n<meta property=\"og:type\" content=\"article\" \/>\n<meta property=\"og:title\" content=\"Transferts et d\u00e9penses nettes d&#039;Arsenal en janvier\u00a0: chaque signature et vente confirm\u00e9e pour l&#039;\u00e9quipe de Mikel Arteta au cours de la fen\u00eatre d&#039;hiver 2026\" \/>\n<meta property=\"og:description\" content=\"Arsenal entame la nouvelle ann\u00e9e avec 2026 prometteur de grandeur potentielle pour sa r\u00e9colte actuelle, alors que l&#039;\u00e9quipe de Mikel Arteta cherche \u00e0 mettre trois\" \/>\n<meta property=\"og:url\" content=\"https:\/\/footdavant.fr\/actualites\/transferts-et-depenses-nettes-darsenal-en-janvier-chaque-signature-et-vente-confirmee-pour-lequipe-de-mikel-arteta-au-cours-de-la-fenetre-dhiver-2026\/\" \/>\n<meta property=\"og:site_name\" content=\"Foot d&#039;avant\" \/>\n<meta property=\"article:publisher\" content=\"https:\/\/www.facebook.com\/Footdavant\/\" \/>\n<meta property=\"article:published_time\" content=\"2026-01-17T00:48:13+00:00\" \/>\n<meta property=\"article:modified_time\" content=\"2026-01-17T00:48:15+00:00\" \/>\n<meta property=\"og:image\" content=\"https:\/\/footdavant.fr\/actualites\/wp-content\/uploads\/2026\/01\/Transferts-et-depenses-nettes-d39Arsenal-en-janvier-chaque-signature-et.net2Fuploads2F20252F122Fimago1070702667.webp\" \/>\n\t<meta property=\"og:image:width\" content=\"720\" \/>\n\t<meta property=\"og:image:height\" content=\"410\" \/>\n\t<meta property=\"og:image:type\" content=\"image\/webp\" \/>\n<meta name=\"author\" content=\"Cl\u00e9ment\" \/>\n<meta name=\"twitter:card\" content=\"summary_large_image\" \/>\n<meta name=\"twitter:creator\" content=\"@FootdavantFr\" \/>\n<meta name=\"twitter:site\" content=\"@FootdavantFr\" \/>\n<meta name=\"twitter:label1\" content=\"\u00c9crit par\" \/>\n\t<meta name=\"twitter:data1\" content=\"Cl\u00e9ment\" \/>\n\t<meta name=\"twitter:label2\" content=\"Dur\u00e9e de lecture estim\u00e9e\" \/>\n\t<meta name=\"twitter:data2\" content=\"3 minutes\" \/>\n<script type=\"application\/ld+json\" class=\"yoast-schema-graph\">{\"@context\":\"https:\/\/schema.org\",\"@graph\":[{\"@type\":\"Article\",\"@id\":\"https:\/\/footdavant.fr\/actualites\/transferts-et-depenses-nettes-darsenal-en-janvier-chaque-signature-et-vente-confirmee-pour-lequipe-de-mikel-arteta-au-cours-de-la-fenetre-dhiver-2026\/#article\",\"isPartOf\":{\"@id\":\"https:\/\/footdavant.fr\/actualites\/transferts-et-depenses-nettes-darsenal-en-janvier-chaque-signature-et-vente-confirmee-pour-lequipe-de-mikel-arteta-au-cours-de-la-fenetre-dhiver-2026\/\"},\"author\":{\"name\":\"Cl\u00e9ment\",\"@id\":\"https:\/\/footdavant.fr\/actualites\/#\/schema\/person\/bc222566d95871b37e597b3ed3ba5e1d\"},\"headline\":\"Transferts et d\u00e9penses nettes d&#39;Arsenal en janvier\u00a0: chaque signature et vente confirm\u00e9e pour l&#39;\u00e9quipe de Mikel Arteta au cours de la fen\u00eatre d&#39;hiver 2026\",\"datePublished\":\"2026-01-17T00:48:13+00:00\",\"dateModified\":\"2026-01-17T00:48:15+00:00\",\"mainEntityOfPage\":{\"@id\":\"https:\/\/footdavant.fr\/actualites\/transferts-et-depenses-nettes-darsenal-en-janvier-chaque-signature-et-vente-confirmee-pour-lequipe-de-mikel-arteta-au-cours-de-la-fenetre-dhiver-2026\/\"},\"wordCount\":594,\"publisher\":{\"@id\":\"https:\/\/footdavant.fr\/actualites\/#organization\"},\"keywords\":[\"Arteta\",\"Chaque\",\"confirm\u00e9e\",\"cours\",\"d39Arsenal\",\"d39hiver\",\"d\u00e9penses\",\"fen\u00eatre\",\"janvier\",\"l39\u00e9quipe\",\"Mikel\",\"nettes\",\"pour\",\"signature\",\"transferts\",\"vente\"],\"articleSection\":[\"Premier League\"],\"inLanguage\":\"fr-FR\"},{\"@type\":\"WebPage\",\"@id\":\"https:\/\/footdavant.fr\/actualites\/transferts-et-depenses-nettes-darsenal-en-janvier-chaque-signature-et-vente-confirmee-pour-lequipe-de-mikel-arteta-au-cours-de-la-fenetre-dhiver-2026\/\",\"url\":\"https:\/\/footdavant.fr\/actualites\/transferts-et-depenses-nettes-darsenal-en-janvier-chaque-signature-et-vente-confirmee-pour-lequipe-de-mikel-arteta-au-cours-de-la-fenetre-dhiver-2026\/\",\"name\":\"Transferts et d\u00e9penses nettes d&#39;Arsenal en janvier\u00a0: chaque signature et vente confirm\u00e9e pour l&#39;\u00e9quipe de Mikel Arteta au cours de la fen\u00eatre d&#39;hiver 2026\",\"isPartOf\":{\"@id\":\"https:\/\/footdavant.fr\/actualites\/#website\"},\"datePublished\":\"2026-01-17T00:48:13+00:00\",\"dateModified\":\"2026-01-17T00:48:15+00:00\",\"breadcrumb\":{\"@id\":\"https:\/\/footdavant.fr\/actualites\/transferts-et-depenses-nettes-darsenal-en-janvier-chaque-signature-et-vente-confirmee-pour-lequipe-de-mikel-arteta-au-cours-de-la-fenetre-dhiver-2026\/#breadcrumb\"},\"inLanguage\":\"fr-FR\",\"potentialAction\":[{\"@type\":\"ReadAction\",\"target\":[\"https:\/\/footdavant.fr\/actualites\/transferts-et-depenses-nettes-darsenal-en-janvier-chaque-signature-et-vente-confirmee-pour-lequipe-de-mikel-arteta-au-cours-de-la-fenetre-dhiver-2026\/\"]}]},{\"@type\":\"BreadcrumbList\",\"@id\":\"https:\/\/footdavant.fr\/actualites\/transferts-et-depenses-nettes-darsenal-en-janvier-chaque-signature-et-vente-confirmee-pour-lequipe-de-mikel-arteta-au-cours-de-la-fenetre-dhiver-2026\/#breadcrumb\",\"itemListElement\":[{\"@type\":\"ListItem\",\"position\":1,\"name\":\"Accueil\",\"item\":\"https:\/\/footdavant.fr\/actualites\/\"},{\"@type\":\"ListItem\",\"position\":2,\"name\":\"Transferts et d\u00e9penses nettes d&#39;Arsenal en janvier\u00a0: chaque signature et vente confirm\u00e9e pour l&#39;\u00e9quipe de Mikel Arteta au cours de la fen\u00eatre d&#39;hiver 2026\"}]},{\"@type\":\"WebSite\",\"@id\":\"https:\/\/footdavant.fr\/actualites\/#website\",\"url\":\"https:\/\/footdavant.fr\/actualites\/\",\"name\":\"Foot d'avant\",\"description\":\"\",\"publisher\":{\"@id\":\"https:\/\/footdavant.fr\/actualites\/#organization\"},\"potentialAction\":[{\"@type\":\"SearchAction\",\"target\":{\"@type\":\"EntryPoint\",\"urlTemplate\":\"https:\/\/footdavant.fr\/actualites\/?s={search_term_string}\"},\"query-input\":\"required name=search_term_string\"}],\"inLanguage\":\"fr-FR\"},{\"@type\":\"Organization\",\"@id\":\"https:\/\/footdavant.fr\/actualites\/#organization\",\"name\":\"Foot d'avant\",\"url\":\"https:\/\/footdavant.fr\/actualites\/\",\"logo\":{\"@type\":\"ImageObject\",\"inLanguage\":\"fr-FR\",\"@id\":\"https:\/\/footdavant.fr\/actualites\/#\/schema\/logo\/image\/\",\"url\":\"https:\/\/footdavant.fr\/actualites\/wp-content\/uploads\/2023\/09\/Copy-of-FootDavant-Logo.png\",\"contentUrl\":\"https:\/\/footdavant.fr\/actualites\/wp-content\/uploads\/2023\/09\/Copy-of-FootDavant-Logo.png\",\"width\":936,\"height\":549,\"caption\":\"Foot d'avant\"},\"image\":{\"@id\":\"https:\/\/footdavant.fr\/actualites\/#\/schema\/logo\/image\/\"},\"sameAs\":[\"https:\/\/www.facebook.com\/Footdavant\/\",\"https:\/\/twitter.com\/FootdavantFr\",\"https:\/\/www.instagram.com\/footdavant.fr\/\"]},{\"@type\":\"Person\",\"@id\":\"https:\/\/footdavant.fr\/actualites\/#\/schema\/person\/bc222566d95871b37e597b3ed3ba5e1d\",\"name\":\"Cl\u00e9ment\",\"image\":{\"@type\":\"ImageObject\",\"inLanguage\":\"fr-FR\",\"@id\":\"https:\/\/footdavant.fr\/actualites\/#\/schema\/person\/image\/\",\"url\":\"https:\/\/secure.gravatar.com\/avatar\/7728b29aac2719421e1a9159b2254c44?s=96&d=mm&r=g\",\"contentUrl\":\"https:\/\/secure.gravatar.com\/avatar\/7728b29aac2719421e1a9159b2254c44?s=96&d=mm&r=g\",\"caption\":\"Cl\u00e9ment\"},\"sameAs\":[\"https:\/\/footdavant.fr\/\"]}]}<\/script>\n<!-- \/ Yoast SEO plugin. -->","yoast_head_json":{"title":"Transferts et d\u00e9penses nettes d&#39;Arsenal en janvier\u00a0: chaque signature et vente confirm\u00e9e pour l&#39;\u00e9quipe de Mikel Arteta au cours de la fen\u00eatre d&#39;hiver 2026","robots":{"index":"index","follow":"follow","max-snippet":"max-snippet:-1","max-image-preview":"max-image-preview:large","max-video-preview":"max-video-preview:-1"},"canonical":"https:\/\/footdavant.fr\/actualites\/transferts-et-depenses-nettes-darsenal-en-janvier-chaque-signature-et-vente-confirmee-pour-lequipe-de-mikel-arteta-au-cours-de-la-fenetre-dhiver-2026\/","og_locale":"fr_FR","og_type":"article","og_title":"Transferts et d\u00e9penses nettes d&#39;Arsenal en janvier\u00a0: chaque signature et vente confirm\u00e9e pour l&#39;\u00e9quipe de Mikel Arteta au cours de la fen\u00eatre d&#39;hiver 2026","og_description":"Arsenal entame la nouvelle ann\u00e9e avec 2026 prometteur de grandeur potentielle pour sa r\u00e9colte actuelle, alors que l&#39;\u00e9quipe de Mikel Arteta cherche \u00e0 mettre trois","og_url":"https:\/\/footdavant.fr\/actualites\/transferts-et-depenses-nettes-darsenal-en-janvier-chaque-signature-et-vente-confirmee-pour-lequipe-de-mikel-arteta-au-cours-de-la-fenetre-dhiver-2026\/","og_site_name":"Foot d&#039;avant","article_publisher":"https:\/\/www.facebook.com\/Footdavant\/","article_published_time":"2026-01-17T00:48:13+00:00","article_modified_time":"2026-01-17T00:48:15+00:00","og_image":[{"width":720,"height":410,"url":"https:\/\/footdavant.fr\/actualites\/wp-content\/uploads\/2026\/01\/Transferts-et-depenses-nettes-d39Arsenal-en-janvier-chaque-signature-et.net2Fuploads2F20252F122Fimago1070702667.webp","type":"image\/webp"}],"author":"Cl\u00e9ment","twitter_card":"summary_large_image","twitter_creator":"@FootdavantFr","twitter_site":"@FootdavantFr","twitter_misc":{"\u00c9crit par":"Cl\u00e9ment","Dur\u00e9e de lecture estim\u00e9e":"3 minutes"},"schema":{"@context":"https:\/\/schema.org","@graph":[{"@type":"Article","@id":"https:\/\/footdavant.fr\/actualites\/transferts-et-depenses-nettes-darsenal-en-janvier-chaque-signature-et-vente-confirmee-pour-lequipe-de-mikel-arteta-au-cours-de-la-fenetre-dhiver-2026\/#article","isPartOf":{"@id":"https:\/\/footdavant.fr\/actualites\/transferts-et-depenses-nettes-darsenal-en-janvier-chaque-signature-et-vente-confirmee-pour-lequipe-de-mikel-arteta-au-cours-de-la-fenetre-dhiver-2026\/"},"author":{"name":"Cl\u00e9ment","@id":"https:\/\/footdavant.fr\/actualites\/#\/schema\/person\/bc222566d95871b37e597b3ed3ba5e1d"},"headline":"Transferts et d\u00e9penses nettes d&#39;Arsenal en janvier\u00a0: chaque signature et vente confirm\u00e9e pour l&#39;\u00e9quipe de Mikel Arteta au cours de la fen\u00eatre d&#39;hiver 2026","datePublished":"2026-01-17T00:48:13+00:00","dateModified":"2026-01-17T00:48:15+00:00","mainEntityOfPage":{"@id":"https:\/\/footdavant.fr\/actualites\/transferts-et-depenses-nettes-darsenal-en-janvier-chaque-signature-et-vente-confirmee-pour-lequipe-de-mikel-arteta-au-cours-de-la-fenetre-dhiver-2026\/"},"wordCount":594,"publisher":{"@id":"https:\/\/footdavant.fr\/actualites\/#organization"},"keywords":["Arteta","Chaque","confirm\u00e9e","cours","d39Arsenal","d39hiver","d\u00e9penses","fen\u00eatre","janvier","l39\u00e9quipe","Mikel","nettes","pour","signature","transferts","vente"],"articleSection":["Premier League"],"inLanguage":"fr-FR"},{"@type":"WebPage","@id":"https:\/\/footdavant.fr\/actualites\/transferts-et-depenses-nettes-darsenal-en-janvier-chaque-signature-et-vente-confirmee-pour-lequipe-de-mikel-arteta-au-cours-de-la-fenetre-dhiver-2026\/","url":"https:\/\/footdavant.fr\/actualites\/transferts-et-depenses-nettes-darsenal-en-janvier-chaque-signature-et-vente-confirmee-pour-lequipe-de-mikel-arteta-au-cours-de-la-fenetre-dhiver-2026\/","name":"Transferts et d\u00e9penses nettes d&#39;Arsenal en janvier\u00a0: chaque signature et vente confirm\u00e9e pour l&#39;\u00e9quipe de Mikel Arteta au cours de la fen\u00eatre d&#39;hiver 2026","isPartOf":{"@id":"https:\/\/footdavant.fr\/actualites\/#website"},"datePublished":"2026-01-17T00:48:13+00:00","dateModified":"2026-01-17T00:48:15+00:00","breadcrumb":{"@id":"https:\/\/footdavant.fr\/actualites\/transferts-et-depenses-nettes-darsenal-en-janvier-chaque-signature-et-vente-confirmee-pour-lequipe-de-mikel-arteta-au-cours-de-la-fenetre-dhiver-2026\/#breadcrumb"},"inLanguage":"fr-FR","potentialAction":[{"@type":"ReadAction","target":["https:\/\/footdavant.fr\/actualites\/transferts-et-depenses-nettes-darsenal-en-janvier-chaque-signature-et-vente-confirmee-pour-lequipe-de-mikel-arteta-au-cours-de-la-fenetre-dhiver-2026\/"]}]},{"@type":"BreadcrumbList","@id":"https:\/\/footdavant.fr\/actualites\/transferts-et-depenses-nettes-darsenal-en-janvier-chaque-signature-et-vente-confirmee-pour-lequipe-de-mikel-arteta-au-cours-de-la-fenetre-dhiver-2026\/#breadcrumb","itemListElement":[{"@type":"ListItem","position":1,"name":"Accueil","item":"https:\/\/footdavant.fr\/actualites\/"},{"@type":"ListItem","position":2,"name":"Transferts et d\u00e9penses nettes d&#39;Arsenal en janvier\u00a0: chaque signature et vente confirm\u00e9e pour l&#39;\u00e9quipe de Mikel Arteta au cours de la fen\u00eatre d&#39;hiver 2026"}]},{"@type":"WebSite","@id":"https:\/\/footdavant.fr\/actualites\/#website","url":"https:\/\/footdavant.fr\/actualites\/","name":"Foot d'avant","description":"","publisher":{"@id":"https:\/\/footdavant.fr\/actualites\/#organization"},"potentialAction":[{"@type":"SearchAction","target":{"@type":"EntryPoint","urlTemplate":"https:\/\/footdavant.fr\/actualites\/?s={search_term_string}"},"query-input":"required name=search_term_string"}],"inLanguage":"fr-FR"},{"@type":"Organization","@id":"https:\/\/footdavant.fr\/actualites\/#organization","name":"Foot d'avant","url":"https:\/\/footdavant.fr\/actualites\/","logo":{"@type":"ImageObject","inLanguage":"fr-FR","@id":"https:\/\/footdavant.fr\/actualites\/#\/schema\/logo\/image\/","url":"https:\/\/footdavant.fr\/actualites\/wp-content\/uploads\/2023\/09\/Copy-of-FootDavant-Logo.png","contentUrl":"https:\/\/footdavant.fr\/actualites\/wp-content\/uploads\/2023\/09\/Copy-of-FootDavant-Logo.png","width":936,"height":549,"caption":"Foot d'avant"},"image":{"@id":"https:\/\/footdavant.fr\/actualites\/#\/schema\/logo\/image\/"},"sameAs":["https:\/\/www.facebook.com\/Footdavant\/","https:\/\/twitter.com\/FootdavantFr","https:\/\/www.instagram.com\/footdavant.fr\/"]},{"@type":"Person","@id":"https:\/\/footdavant.fr\/actualites\/#\/schema\/person\/bc222566d95871b37e597b3ed3ba5e1d","name":"Cl\u00e9ment","image":{"@type":"ImageObject","inLanguage":"fr-FR","@id":"https:\/\/footdavant.fr\/actualites\/#\/schema\/person\/image\/","url":"https:\/\/secure.gravatar.com\/avatar\/7728b29aac2719421e1a9159b2254c44?s=96&d=mm&r=g","contentUrl":"https:\/\/secure.gravatar.com\/avatar\/7728b29aac2719421e1a9159b2254c44?s=96&d=mm&r=g","caption":"Cl\u00e9ment"},"sameAs":["https:\/\/footdavant.fr\/"]}]}},"_links":{"self":[{"href":"https:\/\/footdavant.fr\/actualites\/wp-json\/wp\/v2\/posts\/33512"}],"collection":[{"href":"https:\/\/footdavant.fr\/actualites\/wp-json\/wp\/v2\/posts"}],"about":[{"href":"https:\/\/footdavant.fr\/actualites\/wp-json\/wp\/v2\/types\/post"}],"author":[{"embeddable":true,"href":"https:\/\/footdavant.fr\/actualites\/wp-json\/wp\/v2\/users\/1"}],"replies":[{"embeddable":true,"href":"https:\/\/footdavant.fr\/actualites\/wp-json\/wp\/v2\/comments?post=33512"}],"version-history":[{"count":1,"href":"https:\/\/footdavant.fr\/actualites\/wp-json\/wp\/v2\/posts\/33512\/revisions"}],"predecessor-version":[{"id":33514,"href":"https:\/\/footdavant.fr\/actualites\/wp-json\/wp\/v2\/posts\/33512\/revisions\/33514"}],"wp:featuredmedia":[{"embeddable":true,"href":"https:\/\/footdavant.fr\/actualites\/wp-json\/wp\/v2\/media\/33513"}],"wp:attachment":[{"href":"https:\/\/footdavant.fr\/actualites\/wp-json\/wp\/v2\/media?parent=33512"}],"wp:term":[{"taxonomy":"category","embeddable":true,"href":"https:\/\/footdavant.fr\/actualites\/wp-json\/wp\/v2\/categories?post=33512"},{"taxonomy":"post_tag","embeddable":true,"href":"https:\/\/footdavant.fr\/actualites\/wp-json\/wp\/v2\/tags?post=33512"}],"curies":[{"name":"wp","href":"https:\/\/api.w.org\/{rel}","templated":true}]}}