{"id":33520,"date":"2026-01-17T07:48:09","date_gmt":"2026-01-17T06:48:09","guid":{"rendered":"https:\/\/footdavant.fr\/actualites\/le-chiffre-qui-a-mis-fin-a-linteret-de-liverpool-pour-guehi\/"},"modified":"2026-01-17T07:48:11","modified_gmt":"2026-01-17T06:48:11","slug":"le-chiffre-qui-a-mis-fin-a-linteret-de-liverpool-pour-guehi","status":"publish","type":"post","link":"https:\/\/footdavant.fr\/actualites\/le-chiffre-qui-a-mis-fin-a-linteret-de-liverpool-pour-guehi\/","title":{"rendered":"Le chiffre qui a mis fin \u00e0 l&#39;int\u00e9r\u00eat de Liverpool pour Guehi"},"content":{"rendered":"<div id=\"article-body\">\n<!-- Article Start --><\/p>\n<p>La d\u00e9cision de Liverpool de ne pas poursuivre Guehi plus loin semble d\u00e9sormais plus claire apr\u00e8s que de nouveaux d\u00e9tails financiers entourant son d\u00e9m\u00e9nagement ailleurs soient apparus.<\/p>\n<p>Ben Jacobs et <a rel=\"nofollow\" href=\"https:\/\/twitter.com\/alex_crook\/status\/2012174797321502995\">Alex Crook a rendu compte de X<\/a> que Marc Guehi gagnera environ 200 000 \u00a3 par semaine \u00e0 Manchester City, le pla\u00e7ant parmi les dix meilleurs salari\u00e9s du club.<\/p>\n<p>Ce seul chiffre explique en grande partie pourquoi nous \u00e9tions pr\u00eats \u00e0 attendre, \u00e0 nous retirer ou, finalement, \u00e0 perdre le contr\u00f4le de la situation.<\/p>\n<h2>Les salaires de Guehi montrent o\u00f9 Liverpool a fix\u00e9 la limite<\/h2>\n<figure class=\"wp-caption alignnone\"><picture><source type=\"image\/webp\" data- data-><\/source><\/picture><\/figure>\n<p>L&#39;international anglais \u00e9tait sur le point de nous rejoindre l&#39;\u00e9t\u00e9 dernier, avec un accord de 35 millions de livres sterling conclu, un examen m\u00e9dical effectu\u00e9 et Palace initialement pr\u00eat \u00e0 vendre.<\/p>\n<p>Cependant, m\u00eame si les frais de transfert \u00e9taient acceptables, un salaire \u00e0 ce niveau aurait plac\u00e9 l&#39;ancien d\u00e9fenseur de Chelsea directement dans la tranche des revenus les plus \u00e9lev\u00e9s de Liverpool.<\/p>\n<p>Cela aurait signifi\u00e9 que Guehi arriverait dans des conditions comparables \u00e0 Florian Wirtz et Hugo Ekitike, et pas loin en dessous de Virgil van Dijk et Mo Salah.<\/p>\n<p>Pour remettre les chiffres en contexte, les donn\u00e9es de Capology montrent que les salaires les plus \u00e9lev\u00e9s actuels de Liverpool s&#39;inscrivent dans une structure beaucoup plus stricte que celle de City.<\/p>\n<p>Meilleurs salaires \u00e0 Liverpool (hebdomadaire)\u00a0:<\/p>\n<ul>\n<li>Salah \u2013 400 000 \u00a3<\/li>\n<li>Van Dijk \u2013 350 000 \u00a3<\/li>\n<li>Isak \u2013 280 000 \u00a3<\/li>\n<li>Gakpo \u2013 250 000 \u00a3<\/li>\n<li>Wirtz \u2013 200 000 \u00a3<\/li>\n<li>Ekitike \u2013 200 000 \u00a3<\/li>\n<\/ul>\n<p>En revanche, City a d\u00e9j\u00e0 sign\u00e9 10 contrats de plus de 200 000 \u00a3, ce qui signifie que l&#39;arriv\u00e9e de Guehi l\u00e0-bas correspond \u00e0 un mod\u00e8le existant plut\u00f4t que de l&#39;\u00e9tendre.<\/p>\n<p>Cette r\u00e9alit\u00e9 explique pourquoi Liverpool \u00e9tait \u00e0 l\u2019aise de tenir bon, alors m\u00eame que le d\u00e9fenseur entamait la derni\u00e8re ann\u00e9e de son contrat.<\/p>\n<h2>Pourquoi Liverpool avait d\u00e9j\u00e0 une alternative \u00e0 Guehi<\/h2>\n<figure class=\"wp-caption alignnone\"><picture><source type=\"image\/webp\" data- data-><img loading=\"lazy\" decoding=\"async\" width=\"1500\" height=\"1000\" src=\"https:\/\/footdavant.fr\/actualites\/wp-content\/uploads\/2026\/01\/Le-chiffre-qui-a-mis-fin-a-l39interet-de-Liverpool.jpg\" class=\"lazyload wp-image-277332 has-webp\" alt=\"Marc Guehi c\u00e9l\u00e8bre son but pour Crystal Palace\"  data- style=\"aspect-ratio:1500\/1000;max-width:1500px\"\/><\/source><\/picture><\/figure>\n<p>La frustration entourant le d\u00e9part de Guehi est compr\u00e9hensible, en particulier apr\u00e8s que Fabrizio Romano a confirm\u00e9 que le transfert du d\u00e9fenseur \u00e9tait effectu\u00e9, mais le contexte salarial recadre le d\u00e9bat.<\/p>\n<p>L&#39;\u00e9quipe de recrutement de Liverpool avait d\u00e9j\u00e0 d\u00e9cid\u00e9 de ne pas revenir sur l&#39;accord en janvier, pr\u00e9f\u00e9rant soit un transfert gratuit l&#39;\u00e9t\u00e9 prochain, soit des options alternatives.<\/p>\n<p>Cette r\u00e9flexion explique \u00e9galement pourquoi nous surveillons de pr\u00e8s Ousmane Diao, le d\u00e9fenseur central s\u00e9n\u00e9galais \u00e9tant consid\u00e9r\u00e9 comme une solution plus durable tant financi\u00e8rement que structurellement.<\/p>\n<p>\u00c0 21 ans, le d\u00e9fenseur du FC Midtjylland correspond au profil que Liverpool a cibl\u00e9 \u00e0 plusieurs reprises sous le r\u00e9gime actuel, plut\u00f4t que d&#39;acc\u00e9der directement \u00e0 l&#39;\u00e9chelon salarial le plus \u00e9lev\u00e9.<\/p>\n<p>Cela correspond \u00e9galement \u00e0 la fa\u00e7on dont nous avons g\u00e9r\u00e9 l&#39;int\u00e9r\u00eat pour Joe Gomez et g\u00e9r\u00e9 l&#39;arriv\u00e9e de Giovanni Leoni, m\u00eame avec l&#39;incertitude autour de la situation contractuelle d&#39;Ibou Konate.<\/p>\n<p>Le salaire de Guehi est peut-\u00eatre tout \u00e0 fait acceptable pour certains supporters, mais Liverpool a clairement r\u00e9p\u00e9t\u00e9 \u00e0 maintes reprises que la constitution d&#39;une \u00e9quipe est une question d&#39;\u00e9quilibre, et pas seulement de talent.<\/p>\n<p>Vu sous cet angle, le chiffre actuellement rapport\u00e9 explique pourquoi celui-ci a \u00e9t\u00e9 laiss\u00e9 tomber \u2013 m\u00eame si le r\u00e9sultat laissera encore beaucoup de gens se demander si la patience a une fois de plus \u00e9t\u00e9 punie.<\/p>\n<p><!-- Article End -->\t\t\t\t<\/div>\n<p><script async src=\"https:\/\/platform.twitter.com\/widgets.js\" charset=\"utf-8\"><\/script><\/p>\n","protected":false},"excerpt":{"rendered":"<p>La d\u00e9cision de Liverpool de ne pas poursuivre Guehi plus loin semble d\u00e9sormais plus claire apr\u00e8s que de nouveaux d\u00e9tails financiers entourant son d\u00e9m\u00e9nagement ailleurs<\/p>\n","protected":false},"author":1,"featured_media":33521,"comment_status":"closed","ping_status":"","sticky":false,"template":"","format":"standard","meta":{"footnotes":""},"categories":[3],"tags":[11339,596,1679,4310,53,1619,51,243],"yoast_head":"<!-- This site is optimized with the Yoast SEO plugin v21.0 - https:\/\/yoast.com\/wordpress\/plugins\/seo\/ -->\n<title>Le chiffre qui a mis fin \u00e0 l&#039;int\u00e9r\u00eat de Liverpool pour Guehi<\/title>\n<meta name=\"robots\" content=\"index, follow, max-snippet:-1, max-image-preview:large, max-video-preview:-1\" \/>\n<link rel=\"canonical\" href=\"https:\/\/footdavant.fr\/actualites\/le-chiffre-qui-a-mis-fin-a-linteret-de-liverpool-pour-guehi\/\" \/>\n<meta property=\"og:locale\" content=\"fr_FR\" \/>\n<meta property=\"og:type\" content=\"article\" \/>\n<meta property=\"og:title\" content=\"Le chiffre qui a mis fin \u00e0 l&#039;int\u00e9r\u00eat de Liverpool pour Guehi\" \/>\n<meta property=\"og:description\" content=\"La d\u00e9cision de Liverpool de ne pas poursuivre Guehi plus loin semble d\u00e9sormais plus claire apr\u00e8s que de nouveaux d\u00e9tails financiers entourant son d\u00e9m\u00e9nagement ailleurs\" \/>\n<meta property=\"og:url\" content=\"https:\/\/footdavant.fr\/actualites\/le-chiffre-qui-a-mis-fin-a-linteret-de-liverpool-pour-guehi\/\" \/>\n<meta property=\"og:site_name\" content=\"Foot d&#039;avant\" \/>\n<meta property=\"article:publisher\" content=\"https:\/\/www.facebook.com\/Footdavant\/\" \/>\n<meta property=\"article:published_time\" content=\"2026-01-17T06:48:09+00:00\" \/>\n<meta property=\"article:modified_time\" content=\"2026-01-17T06:48:11+00:00\" \/>\n<meta property=\"og:image\" content=\"https:\/\/footdavant.fr\/actualites\/wp-content\/uploads\/2026\/01\/1768632490_Le-chiffre-qui-a-mis-fin-a-l39interet-de-Liverpool.jpg\" \/>\n\t<meta property=\"og:image:width\" content=\"1200\" \/>\n\t<meta property=\"og:image:height\" content=\"675\" \/>\n\t<meta property=\"og:image:type\" content=\"image\/jpeg\" \/>\n<meta name=\"author\" content=\"Cl\u00e9ment\" \/>\n<meta name=\"twitter:card\" content=\"summary_large_image\" \/>\n<meta name=\"twitter:creator\" content=\"@FootdavantFr\" \/>\n<meta name=\"twitter:site\" content=\"@FootdavantFr\" \/>\n<meta name=\"twitter:label1\" content=\"\u00c9crit par\" \/>\n\t<meta name=\"twitter:data1\" content=\"Cl\u00e9ment\" \/>\n\t<meta name=\"twitter:label2\" content=\"Dur\u00e9e de lecture estim\u00e9e\" \/>\n\t<meta name=\"twitter:data2\" content=\"3 minutes\" \/>\n<script type=\"application\/ld+json\" class=\"yoast-schema-graph\">{\"@context\":\"https:\/\/schema.org\",\"@graph\":[{\"@type\":\"Article\",\"@id\":\"https:\/\/footdavant.fr\/actualites\/le-chiffre-qui-a-mis-fin-a-linteret-de-liverpool-pour-guehi\/#article\",\"isPartOf\":{\"@id\":\"https:\/\/footdavant.fr\/actualites\/le-chiffre-qui-a-mis-fin-a-linteret-de-liverpool-pour-guehi\/\"},\"author\":{\"name\":\"Cl\u00e9ment\",\"@id\":\"https:\/\/footdavant.fr\/actualites\/#\/schema\/person\/bc222566d95871b37e597b3ed3ba5e1d\"},\"headline\":\"Le chiffre qui a mis fin \u00e0 l&#39;int\u00e9r\u00eat de Liverpool pour Guehi\",\"datePublished\":\"2026-01-17T06:48:09+00:00\",\"dateModified\":\"2026-01-17T06:48:11+00:00\",\"mainEntityOfPage\":{\"@id\":\"https:\/\/footdavant.fr\/actualites\/le-chiffre-qui-a-mis-fin-a-linteret-de-liverpool-pour-guehi\/\"},\"wordCount\":573,\"publisher\":{\"@id\":\"https:\/\/footdavant.fr\/actualites\/#organization\"},\"keywords\":[\"chiffre\",\"fin\",\"Guehi\",\"l39int\u00e9r\u00eat\",\"Liverpool\",\"mis\",\"pour\",\"qui\"],\"articleSection\":[\"Football\"],\"inLanguage\":\"fr-FR\"},{\"@type\":\"WebPage\",\"@id\":\"https:\/\/footdavant.fr\/actualites\/le-chiffre-qui-a-mis-fin-a-linteret-de-liverpool-pour-guehi\/\",\"url\":\"https:\/\/footdavant.fr\/actualites\/le-chiffre-qui-a-mis-fin-a-linteret-de-liverpool-pour-guehi\/\",\"name\":\"Le chiffre qui a mis fin \u00e0 l&#39;int\u00e9r\u00eat de Liverpool pour Guehi\",\"isPartOf\":{\"@id\":\"https:\/\/footdavant.fr\/actualites\/#website\"},\"datePublished\":\"2026-01-17T06:48:09+00:00\",\"dateModified\":\"2026-01-17T06:48:11+00:00\",\"breadcrumb\":{\"@id\":\"https:\/\/footdavant.fr\/actualites\/le-chiffre-qui-a-mis-fin-a-linteret-de-liverpool-pour-guehi\/#breadcrumb\"},\"inLanguage\":\"fr-FR\",\"potentialAction\":[{\"@type\":\"ReadAction\",\"target\":[\"https:\/\/footdavant.fr\/actualites\/le-chiffre-qui-a-mis-fin-a-linteret-de-liverpool-pour-guehi\/\"]}]},{\"@type\":\"BreadcrumbList\",\"@id\":\"https:\/\/footdavant.fr\/actualites\/le-chiffre-qui-a-mis-fin-a-linteret-de-liverpool-pour-guehi\/#breadcrumb\",\"itemListElement\":[{\"@type\":\"ListItem\",\"position\":1,\"name\":\"Accueil\",\"item\":\"https:\/\/footdavant.fr\/actualites\/\"},{\"@type\":\"ListItem\",\"position\":2,\"name\":\"Le chiffre qui a mis fin \u00e0 l&#39;int\u00e9r\u00eat de Liverpool pour Guehi\"}]},{\"@type\":\"WebSite\",\"@id\":\"https:\/\/footdavant.fr\/actualites\/#website\",\"url\":\"https:\/\/footdavant.fr\/actualites\/\",\"name\":\"Foot d'avant\",\"description\":\"\",\"publisher\":{\"@id\":\"https:\/\/footdavant.fr\/actualites\/#organization\"},\"potentialAction\":[{\"@type\":\"SearchAction\",\"target\":{\"@type\":\"EntryPoint\",\"urlTemplate\":\"https:\/\/footdavant.fr\/actualites\/?s={search_term_string}\"},\"query-input\":\"required name=search_term_string\"}],\"inLanguage\":\"fr-FR\"},{\"@type\":\"Organization\",\"@id\":\"https:\/\/footdavant.fr\/actualites\/#organization\",\"name\":\"Foot d'avant\",\"url\":\"https:\/\/footdavant.fr\/actualites\/\",\"logo\":{\"@type\":\"ImageObject\",\"inLanguage\":\"fr-FR\",\"@id\":\"https:\/\/footdavant.fr\/actualites\/#\/schema\/logo\/image\/\",\"url\":\"https:\/\/footdavant.fr\/actualites\/wp-content\/uploads\/2023\/09\/Copy-of-FootDavant-Logo.png\",\"contentUrl\":\"https:\/\/footdavant.fr\/actualites\/wp-content\/uploads\/2023\/09\/Copy-of-FootDavant-Logo.png\",\"width\":936,\"height\":549,\"caption\":\"Foot d'avant\"},\"image\":{\"@id\":\"https:\/\/footdavant.fr\/actualites\/#\/schema\/logo\/image\/\"},\"sameAs\":[\"https:\/\/www.facebook.com\/Footdavant\/\",\"https:\/\/twitter.com\/FootdavantFr\",\"https:\/\/www.instagram.com\/footdavant.fr\/\"]},{\"@type\":\"Person\",\"@id\":\"https:\/\/footdavant.fr\/actualites\/#\/schema\/person\/bc222566d95871b37e597b3ed3ba5e1d\",\"name\":\"Cl\u00e9ment\",\"image\":{\"@type\":\"ImageObject\",\"inLanguage\":\"fr-FR\",\"@id\":\"https:\/\/footdavant.fr\/actualites\/#\/schema\/person\/image\/\",\"url\":\"https:\/\/secure.gravatar.com\/avatar\/7728b29aac2719421e1a9159b2254c44?s=96&d=mm&r=g\",\"contentUrl\":\"https:\/\/secure.gravatar.com\/avatar\/7728b29aac2719421e1a9159b2254c44?s=96&d=mm&r=g\",\"caption\":\"Cl\u00e9ment\"},\"sameAs\":[\"https:\/\/footdavant.fr\/\"]}]}<\/script>\n<!-- \/ Yoast SEO plugin. -->","yoast_head_json":{"title":"Le chiffre qui a mis fin \u00e0 l&#39;int\u00e9r\u00eat de Liverpool pour Guehi","robots":{"index":"index","follow":"follow","max-snippet":"max-snippet:-1","max-image-preview":"max-image-preview:large","max-video-preview":"max-video-preview:-1"},"canonical":"https:\/\/footdavant.fr\/actualites\/le-chiffre-qui-a-mis-fin-a-linteret-de-liverpool-pour-guehi\/","og_locale":"fr_FR","og_type":"article","og_title":"Le chiffre qui a mis fin \u00e0 l&#39;int\u00e9r\u00eat de Liverpool pour Guehi","og_description":"La d\u00e9cision de Liverpool de ne pas poursuivre Guehi plus loin semble d\u00e9sormais plus claire apr\u00e8s que de nouveaux d\u00e9tails financiers entourant son d\u00e9m\u00e9nagement ailleurs","og_url":"https:\/\/footdavant.fr\/actualites\/le-chiffre-qui-a-mis-fin-a-linteret-de-liverpool-pour-guehi\/","og_site_name":"Foot d&#039;avant","article_publisher":"https:\/\/www.facebook.com\/Footdavant\/","article_published_time":"2026-01-17T06:48:09+00:00","article_modified_time":"2026-01-17T06:48:11+00:00","og_image":[{"width":1200,"height":675,"url":"https:\/\/footdavant.fr\/actualites\/wp-content\/uploads\/2026\/01\/1768632490_Le-chiffre-qui-a-mis-fin-a-l39interet-de-Liverpool.jpg","type":"image\/jpeg"}],"author":"Cl\u00e9ment","twitter_card":"summary_large_image","twitter_creator":"@FootdavantFr","twitter_site":"@FootdavantFr","twitter_misc":{"\u00c9crit par":"Cl\u00e9ment","Dur\u00e9e de lecture estim\u00e9e":"3 minutes"},"schema":{"@context":"https:\/\/schema.org","@graph":[{"@type":"Article","@id":"https:\/\/footdavant.fr\/actualites\/le-chiffre-qui-a-mis-fin-a-linteret-de-liverpool-pour-guehi\/#article","isPartOf":{"@id":"https:\/\/footdavant.fr\/actualites\/le-chiffre-qui-a-mis-fin-a-linteret-de-liverpool-pour-guehi\/"},"author":{"name":"Cl\u00e9ment","@id":"https:\/\/footdavant.fr\/actualites\/#\/schema\/person\/bc222566d95871b37e597b3ed3ba5e1d"},"headline":"Le chiffre qui a mis fin \u00e0 l&#39;int\u00e9r\u00eat de Liverpool pour Guehi","datePublished":"2026-01-17T06:48:09+00:00","dateModified":"2026-01-17T06:48:11+00:00","mainEntityOfPage":{"@id":"https:\/\/footdavant.fr\/actualites\/le-chiffre-qui-a-mis-fin-a-linteret-de-liverpool-pour-guehi\/"},"wordCount":573,"publisher":{"@id":"https:\/\/footdavant.fr\/actualites\/#organization"},"keywords":["chiffre","fin","Guehi","l39int\u00e9r\u00eat","Liverpool","mis","pour","qui"],"articleSection":["Football"],"inLanguage":"fr-FR"},{"@type":"WebPage","@id":"https:\/\/footdavant.fr\/actualites\/le-chiffre-qui-a-mis-fin-a-linteret-de-liverpool-pour-guehi\/","url":"https:\/\/footdavant.fr\/actualites\/le-chiffre-qui-a-mis-fin-a-linteret-de-liverpool-pour-guehi\/","name":"Le chiffre qui a mis fin \u00e0 l&#39;int\u00e9r\u00eat de Liverpool pour Guehi","isPartOf":{"@id":"https:\/\/footdavant.fr\/actualites\/#website"},"datePublished":"2026-01-17T06:48:09+00:00","dateModified":"2026-01-17T06:48:11+00:00","breadcrumb":{"@id":"https:\/\/footdavant.fr\/actualites\/le-chiffre-qui-a-mis-fin-a-linteret-de-liverpool-pour-guehi\/#breadcrumb"},"inLanguage":"fr-FR","potentialAction":[{"@type":"ReadAction","target":["https:\/\/footdavant.fr\/actualites\/le-chiffre-qui-a-mis-fin-a-linteret-de-liverpool-pour-guehi\/"]}]},{"@type":"BreadcrumbList","@id":"https:\/\/footdavant.fr\/actualites\/le-chiffre-qui-a-mis-fin-a-linteret-de-liverpool-pour-guehi\/#breadcrumb","itemListElement":[{"@type":"ListItem","position":1,"name":"Accueil","item":"https:\/\/footdavant.fr\/actualites\/"},{"@type":"ListItem","position":2,"name":"Le chiffre qui a mis fin \u00e0 l&#39;int\u00e9r\u00eat de Liverpool pour Guehi"}]},{"@type":"WebSite","@id":"https:\/\/footdavant.fr\/actualites\/#website","url":"https:\/\/footdavant.fr\/actualites\/","name":"Foot d'avant","description":"","publisher":{"@id":"https:\/\/footdavant.fr\/actualites\/#organization"},"potentialAction":[{"@type":"SearchAction","target":{"@type":"EntryPoint","urlTemplate":"https:\/\/footdavant.fr\/actualites\/?s={search_term_string}"},"query-input":"required name=search_term_string"}],"inLanguage":"fr-FR"},{"@type":"Organization","@id":"https:\/\/footdavant.fr\/actualites\/#organization","name":"Foot d'avant","url":"https:\/\/footdavant.fr\/actualites\/","logo":{"@type":"ImageObject","inLanguage":"fr-FR","@id":"https:\/\/footdavant.fr\/actualites\/#\/schema\/logo\/image\/","url":"https:\/\/footdavant.fr\/actualites\/wp-content\/uploads\/2023\/09\/Copy-of-FootDavant-Logo.png","contentUrl":"https:\/\/footdavant.fr\/actualites\/wp-content\/uploads\/2023\/09\/Copy-of-FootDavant-Logo.png","width":936,"height":549,"caption":"Foot d'avant"},"image":{"@id":"https:\/\/footdavant.fr\/actualites\/#\/schema\/logo\/image\/"},"sameAs":["https:\/\/www.facebook.com\/Footdavant\/","https:\/\/twitter.com\/FootdavantFr","https:\/\/www.instagram.com\/footdavant.fr\/"]},{"@type":"Person","@id":"https:\/\/footdavant.fr\/actualites\/#\/schema\/person\/bc222566d95871b37e597b3ed3ba5e1d","name":"Cl\u00e9ment","image":{"@type":"ImageObject","inLanguage":"fr-FR","@id":"https:\/\/footdavant.fr\/actualites\/#\/schema\/person\/image\/","url":"https:\/\/secure.gravatar.com\/avatar\/7728b29aac2719421e1a9159b2254c44?s=96&d=mm&r=g","contentUrl":"https:\/\/secure.gravatar.com\/avatar\/7728b29aac2719421e1a9159b2254c44?s=96&d=mm&r=g","caption":"Cl\u00e9ment"},"sameAs":["https:\/\/footdavant.fr\/"]}]}},"_links":{"self":[{"href":"https:\/\/footdavant.fr\/actualites\/wp-json\/wp\/v2\/posts\/33520"}],"collection":[{"href":"https:\/\/footdavant.fr\/actualites\/wp-json\/wp\/v2\/posts"}],"about":[{"href":"https:\/\/footdavant.fr\/actualites\/wp-json\/wp\/v2\/types\/post"}],"author":[{"embeddable":true,"href":"https:\/\/footdavant.fr\/actualites\/wp-json\/wp\/v2\/users\/1"}],"replies":[{"embeddable":true,"href":"https:\/\/footdavant.fr\/actualites\/wp-json\/wp\/v2\/comments?post=33520"}],"version-history":[{"count":1,"href":"https:\/\/footdavant.fr\/actualites\/wp-json\/wp\/v2\/posts\/33520\/revisions"}],"predecessor-version":[{"id":33522,"href":"https:\/\/footdavant.fr\/actualites\/wp-json\/wp\/v2\/posts\/33520\/revisions\/33522"}],"wp:featuredmedia":[{"embeddable":true,"href":"https:\/\/footdavant.fr\/actualites\/wp-json\/wp\/v2\/media\/33521"}],"wp:attachment":[{"href":"https:\/\/footdavant.fr\/actualites\/wp-json\/wp\/v2\/media?parent=33520"}],"wp:term":[{"taxonomy":"category","embeddable":true,"href":"https:\/\/footdavant.fr\/actualites\/wp-json\/wp\/v2\/categories?post=33520"},{"taxonomy":"post_tag","embeddable":true,"href":"https:\/\/footdavant.fr\/actualites\/wp-json\/wp\/v2\/tags?post=33520"}],"curies":[{"name":"wp","href":"https:\/\/api.w.org\/{rel}","templated":true}]}}