{"id":33523,"date":"2026-01-17T09:48:06","date_gmt":"2026-01-17T08:48:06","guid":{"rendered":"https:\/\/footdavant.fr\/actualites\/nouvelles-du-transfert-de-chelsea-le-rappel-du-prete-de-strasbourg-est-envisage-dans-le-cadre-dune-decision-qui-aurait-des-ramifications-pour-dautres\/"},"modified":"2026-01-17T09:48:07","modified_gmt":"2026-01-17T08:48:07","slug":"nouvelles-du-transfert-de-chelsea-le-rappel-du-prete-de-strasbourg-est-envisage-dans-le-cadre-dune-decision-qui-aurait-des-ramifications-pour-dautres","status":"publish","type":"post","link":"https:\/\/footdavant.fr\/actualites\/nouvelles-du-transfert-de-chelsea-le-rappel-du-prete-de-strasbourg-est-envisage-dans-le-cadre-dune-decision-qui-aurait-des-ramifications-pour-dautres\/","title":{"rendered":"Nouvelles du transfert de Chelsea\u00a0: le rappel du pr\u00eat\u00e9 de Strasbourg \u00ab\u00a0est envisag\u00e9\u00a0\u00bb dans le cadre d&#39;une d\u00e9cision qui aurait des ramifications pour d&#39;autres"},"content":{"rendered":"<div itemprop=\"articleBody\">\n<p>Chelsea r\u00e9fl\u00e9chirait \u00e0 la mani\u00e8re de g\u00e9rer l&#39;avenir de Kendry Paez.<\/p>\n<p>Les Blues ont conclu un accord pour signer le meneur de jeu en juin 2023 \u2013 alors qu&#39;il n&#39;avait que 16 ans \u2013 mais il n&#39;a \u00e9t\u00e9 autoris\u00e9 \u00e0 finaliser officiellement un transfert que l&#39;\u00e9t\u00e9 dernier.<\/p>\n<p>Les opportunit\u00e9s en \u00e9quipe premi\u00e8re \u00e9tant susceptibles d&#39;\u00eatre rares \u00e0 Stamford Bridge, un pr\u00eat a \u00e9t\u00e9 naturellement conclu avec un autre club appartenant \u00e0 BlueCo, Strasbourg, pour la campagne 2025-26.<\/p>\n<p>Paez a depuis accumul\u00e9 717 minutes en 20 matches pour l&#39;\u00e9quipe fran\u00e7aise, aid\u00e9 par sa participation \u00e0 la Conference League.<\/p>\n<p>Cependant, le joueur de 18 ans n&#39;ayant effectu\u00e9 que sept titularisations et n&#39;ayant pas jou\u00e9 plus de 64 minutes lors d&#39;un seul match de Ligue 1, il existe une incertitude quant \u00e0 son avenir \u00e0 court terme.<\/p>\n<div>\n<div>\n<p>\u00a9 Imago<\/p>\n<\/div>\n<\/div>\n<h2>Combien de Chelsea g\u00e8rent l\u2019avenir de Paez Strasbourg ?<\/h2>\n<p>Selon The Athletic, Chelsea envisage de rappeler Paez de son passage au Stade de la Meinau.<\/p>\n<p>Le rapport reconna\u00eet que son manque de temps de jeu constant est l&#39;un des probl\u00e8mes qui pr\u00e9occupent les responsables de Chelsea \u00e0 mi-saison.<\/p>\n<p>En outre, les chefs de club sont \u00e9galement dispos\u00e9s \u00e0 transf\u00e9rer Paez dans un club anglais, pour un certain nombre de raisons plut\u00f4t que pour son temps de jeu limit\u00e9 en France.<\/p>\n<p>Les six places de pr\u00eat \u00e9tranger de Chelsea \u00e9tant d\u00e9j\u00e0 prises, le rappel de Paez donnerait la possibilit\u00e9 \u00e0 un autre prospect de d\u00e9m\u00e9nager \u00e0 l&#39;\u00e9tranger, ou \u00e0 Axel Disasi et Raheem Sterling d&#39;explorer les possibilit\u00e9s.<\/p>\n<p>Chelsea voudra peut-\u00eatre \u00e9galement acc\u00e9l\u00e9rer le processus pour voir si l\u2019international \u00e9quatorien peut faire la transition vers le football anglais, que ce soit en Premier League ou en Championnat.<\/p>\n<p>Pendant ce temps, Gary O&#39;Neil vient de prendre la direction de Strasbourg et on ne sait pas exactement o\u00f9 se situe Paez dans la hi\u00e9rarchie, \u00e9tant rest\u00e9 un rempla\u00e7ant inutilis\u00e9 pour un match nul en Coupe de France ce week-end.<\/p>\n<div>\n<div><img decoding=\"async\" data-img-id=\"156350\" class=\"lazy\" loading=\"lazy\" src=\"https:\/\/footdavant.fr\/actualites\/wp-content\/uploads\/2026\/01\/1768639686_329_Nouvelles-du-transfert-de-Chelsea-le-rappel-du-prete-de.webp\"\/><\/p>\n<p>\u00a9 Imago \/ PRIME Media Images<\/p>\n<\/div>\n<\/div>\n<h2>Le d\u00e9placement du championnat serait-il un risque pour Paez ?<\/h2>\n<p>Alors que les seules options viables sont les clubs qui se battent pour une s\u00e9curit\u00e9 de haut niveau, une d\u00e9cision de pr\u00eat en Premier League semble irr\u00e9aliste \u00e0 ce stade.<\/p>\n<p>Par cons\u00e9quent, Chelsea envisagera probablement des options potentielles pour Paez en championnat.<\/p>\n<p>Cela n&#39;a pas toujours fonctionn\u00e9, cependant, les actions de son compatriote Caleb Wiley ayant chut\u00e9 en raison de la r\u00e9duction de son pr\u00eat \u00e0 Watford ce mois-ci.<\/p>\n<p>Si Paez ne fait pas bonne impression, il pourrait se retrouver en lice pour d\u2019autres pr\u00eats \u00e0 l\u2019avenir, plut\u00f4t que de pr\u00e9tendre \u00e0 figurer pour Chelsea comme c\u2019est le cas depuis deux ans et demi.<\/p>\n<\/div>\n","protected":false},"excerpt":{"rendered":"<p>Chelsea r\u00e9fl\u00e9chirait \u00e0 la mani\u00e8re de g\u00e9rer l&#39;avenir de Kendry Paez. Les Blues ont conclu un accord pour signer le meneur de jeu en juin<\/p>\n","protected":false},"author":1,"featured_media":33524,"comment_status":"closed","ping_status":"","sticky":false,"template":"","format":"standard","meta":{"footnotes":""},"categories":[5],"tags":[3133,754,171,5844,4222,19,497,12,496,217,461,51,1602,243,11340,2396,5911,700],"yoast_head":"<!-- This site is optimized with the Yoast SEO plugin v21.0 - https:\/\/yoast.com\/wordpress\/plugins\/seo\/ -->\n<title>Nouvelles du transfert de Chelsea\u00a0: le rappel du pr\u00eat\u00e9 de Strasbourg &quot;est envisag\u00e9&quot; dans le cadre d&#039;une d\u00e9cision qui aurait des ramifications pour d&#039;autres<\/title>\n<meta name=\"robots\" content=\"index, follow, max-snippet:-1, max-image-preview:large, max-video-preview:-1\" \/>\n<link rel=\"canonical\" href=\"https:\/\/footdavant.fr\/actualites\/nouvelles-du-transfert-de-chelsea-le-rappel-du-prete-de-strasbourg-est-envisage-dans-le-cadre-dune-decision-qui-aurait-des-ramifications-pour-dautres\/\" \/>\n<meta property=\"og:locale\" content=\"fr_FR\" \/>\n<meta property=\"og:type\" content=\"article\" \/>\n<meta property=\"og:title\" content=\"Nouvelles du transfert de Chelsea\u00a0: le rappel du pr\u00eat\u00e9 de Strasbourg &quot;est envisag\u00e9&quot; dans le cadre d&#039;une d\u00e9cision qui aurait des ramifications pour d&#039;autres\" \/>\n<meta property=\"og:description\" content=\"Chelsea r\u00e9fl\u00e9chirait \u00e0 la mani\u00e8re de g\u00e9rer l&#039;avenir de Kendry Paez. Les Blues ont conclu un accord pour signer le meneur de jeu en juin\" \/>\n<meta property=\"og:url\" content=\"https:\/\/footdavant.fr\/actualites\/nouvelles-du-transfert-de-chelsea-le-rappel-du-prete-de-strasbourg-est-envisage-dans-le-cadre-dune-decision-qui-aurait-des-ramifications-pour-dautres\/\" \/>\n<meta property=\"og:site_name\" content=\"Foot d&#039;avant\" \/>\n<meta property=\"article:publisher\" content=\"https:\/\/www.facebook.com\/Footdavant\/\" \/>\n<meta property=\"article:published_time\" content=\"2026-01-17T08:48:06+00:00\" \/>\n<meta property=\"article:modified_time\" content=\"2026-01-17T08:48:07+00:00\" \/>\n<meta property=\"og:image\" content=\"https:\/\/footdavant.fr\/actualites\/wp-content\/uploads\/2026\/01\/Nouvelles-du-transfert-de-Chelsea-le-rappel-du-prete-de.net2Fuploads2F20252F102Fimago1067272287.webp\" \/>\n\t<meta property=\"og:image:width\" content=\"720\" \/>\n\t<meta property=\"og:image:height\" content=\"410\" \/>\n\t<meta property=\"og:image:type\" content=\"image\/webp\" \/>\n<meta name=\"author\" content=\"Cl\u00e9ment\" \/>\n<meta name=\"twitter:card\" content=\"summary_large_image\" \/>\n<meta name=\"twitter:creator\" content=\"@FootdavantFr\" \/>\n<meta name=\"twitter:site\" content=\"@FootdavantFr\" \/>\n<meta name=\"twitter:label1\" content=\"\u00c9crit par\" \/>\n\t<meta name=\"twitter:data1\" content=\"Cl\u00e9ment\" \/>\n\t<meta name=\"twitter:label2\" content=\"Dur\u00e9e de lecture estim\u00e9e\" \/>\n\t<meta name=\"twitter:data2\" content=\"2 minutes\" \/>\n<script type=\"application\/ld+json\" class=\"yoast-schema-graph\">{\"@context\":\"https:\/\/schema.org\",\"@graph\":[{\"@type\":\"Article\",\"@id\":\"https:\/\/footdavant.fr\/actualites\/nouvelles-du-transfert-de-chelsea-le-rappel-du-prete-de-strasbourg-est-envisage-dans-le-cadre-dune-decision-qui-aurait-des-ramifications-pour-dautres\/#article\",\"isPartOf\":{\"@id\":\"https:\/\/footdavant.fr\/actualites\/nouvelles-du-transfert-de-chelsea-le-rappel-du-prete-de-strasbourg-est-envisage-dans-le-cadre-dune-decision-qui-aurait-des-ramifications-pour-dautres\/\"},\"author\":{\"name\":\"Cl\u00e9ment\",\"@id\":\"https:\/\/footdavant.fr\/actualites\/#\/schema\/person\/bc222566d95871b37e597b3ed3ba5e1d\"},\"headline\":\"Nouvelles du transfert de Chelsea\u00a0: le rappel du pr\u00eat\u00e9 de Strasbourg \u00ab\u00a0est envisag\u00e9\u00a0\u00bb dans le cadre d&#39;une d\u00e9cision qui aurait des ramifications pour d&#39;autres\",\"datePublished\":\"2026-01-17T08:48:06+00:00\",\"dateModified\":\"2026-01-17T08:48:07+00:00\",\"mainEntityOfPage\":{\"@id\":\"https:\/\/footdavant.fr\/actualites\/nouvelles-du-transfert-de-chelsea-le-rappel-du-prete-de-strasbourg-est-envisage-dans-le-cadre-dune-decision-qui-aurait-des-ramifications-pour-dautres\/\"},\"wordCount\":495,\"publisher\":{\"@id\":\"https:\/\/footdavant.fr\/actualites\/#organization\"},\"keywords\":[\"aurait\",\"cadre\",\"Chelsea\",\"D39autres\",\"d39une\",\"dans\",\"d\u00e9cision\",\"des\",\"envisage\",\"est\",\"Nouvelles\",\"pour\",\"pr\u00eat\u00e9\",\"qui\",\"ramifications\",\"rappel\",\"Strasbourg\",\"transfert\"],\"articleSection\":[\"Premier League\"],\"inLanguage\":\"fr-FR\"},{\"@type\":\"WebPage\",\"@id\":\"https:\/\/footdavant.fr\/actualites\/nouvelles-du-transfert-de-chelsea-le-rappel-du-prete-de-strasbourg-est-envisage-dans-le-cadre-dune-decision-qui-aurait-des-ramifications-pour-dautres\/\",\"url\":\"https:\/\/footdavant.fr\/actualites\/nouvelles-du-transfert-de-chelsea-le-rappel-du-prete-de-strasbourg-est-envisage-dans-le-cadre-dune-decision-qui-aurait-des-ramifications-pour-dautres\/\",\"name\":\"Nouvelles du transfert de Chelsea\u00a0: le rappel du pr\u00eat\u00e9 de Strasbourg \\\"est envisag\u00e9\\\" dans le cadre d&#39;une d\u00e9cision qui aurait des ramifications pour d&#39;autres\",\"isPartOf\":{\"@id\":\"https:\/\/footdavant.fr\/actualites\/#website\"},\"datePublished\":\"2026-01-17T08:48:06+00:00\",\"dateModified\":\"2026-01-17T08:48:07+00:00\",\"breadcrumb\":{\"@id\":\"https:\/\/footdavant.fr\/actualites\/nouvelles-du-transfert-de-chelsea-le-rappel-du-prete-de-strasbourg-est-envisage-dans-le-cadre-dune-decision-qui-aurait-des-ramifications-pour-dautres\/#breadcrumb\"},\"inLanguage\":\"fr-FR\",\"potentialAction\":[{\"@type\":\"ReadAction\",\"target\":[\"https:\/\/footdavant.fr\/actualites\/nouvelles-du-transfert-de-chelsea-le-rappel-du-prete-de-strasbourg-est-envisage-dans-le-cadre-dune-decision-qui-aurait-des-ramifications-pour-dautres\/\"]}]},{\"@type\":\"BreadcrumbList\",\"@id\":\"https:\/\/footdavant.fr\/actualites\/nouvelles-du-transfert-de-chelsea-le-rappel-du-prete-de-strasbourg-est-envisage-dans-le-cadre-dune-decision-qui-aurait-des-ramifications-pour-dautres\/#breadcrumb\",\"itemListElement\":[{\"@type\":\"ListItem\",\"position\":1,\"name\":\"Accueil\",\"item\":\"https:\/\/footdavant.fr\/actualites\/\"},{\"@type\":\"ListItem\",\"position\":2,\"name\":\"Nouvelles du transfert de Chelsea\u00a0: le rappel du pr\u00eat\u00e9 de Strasbourg \u00ab\u00a0est envisag\u00e9\u00a0\u00bb dans le cadre d&#39;une d\u00e9cision qui aurait des ramifications pour d&#39;autres\"}]},{\"@type\":\"WebSite\",\"@id\":\"https:\/\/footdavant.fr\/actualites\/#website\",\"url\":\"https:\/\/footdavant.fr\/actualites\/\",\"name\":\"Foot d'avant\",\"description\":\"\",\"publisher\":{\"@id\":\"https:\/\/footdavant.fr\/actualites\/#organization\"},\"potentialAction\":[{\"@type\":\"SearchAction\",\"target\":{\"@type\":\"EntryPoint\",\"urlTemplate\":\"https:\/\/footdavant.fr\/actualites\/?s={search_term_string}\"},\"query-input\":\"required name=search_term_string\"}],\"inLanguage\":\"fr-FR\"},{\"@type\":\"Organization\",\"@id\":\"https:\/\/footdavant.fr\/actualites\/#organization\",\"name\":\"Foot d'avant\",\"url\":\"https:\/\/footdavant.fr\/actualites\/\",\"logo\":{\"@type\":\"ImageObject\",\"inLanguage\":\"fr-FR\",\"@id\":\"https:\/\/footdavant.fr\/actualites\/#\/schema\/logo\/image\/\",\"url\":\"https:\/\/footdavant.fr\/actualites\/wp-content\/uploads\/2023\/09\/Copy-of-FootDavant-Logo.png\",\"contentUrl\":\"https:\/\/footdavant.fr\/actualites\/wp-content\/uploads\/2023\/09\/Copy-of-FootDavant-Logo.png\",\"width\":936,\"height\":549,\"caption\":\"Foot d'avant\"},\"image\":{\"@id\":\"https:\/\/footdavant.fr\/actualites\/#\/schema\/logo\/image\/\"},\"sameAs\":[\"https:\/\/www.facebook.com\/Footdavant\/\",\"https:\/\/twitter.com\/FootdavantFr\",\"https:\/\/www.instagram.com\/footdavant.fr\/\"]},{\"@type\":\"Person\",\"@id\":\"https:\/\/footdavant.fr\/actualites\/#\/schema\/person\/bc222566d95871b37e597b3ed3ba5e1d\",\"name\":\"Cl\u00e9ment\",\"image\":{\"@type\":\"ImageObject\",\"inLanguage\":\"fr-FR\",\"@id\":\"https:\/\/footdavant.fr\/actualites\/#\/schema\/person\/image\/\",\"url\":\"https:\/\/secure.gravatar.com\/avatar\/7728b29aac2719421e1a9159b2254c44?s=96&d=mm&r=g\",\"contentUrl\":\"https:\/\/secure.gravatar.com\/avatar\/7728b29aac2719421e1a9159b2254c44?s=96&d=mm&r=g\",\"caption\":\"Cl\u00e9ment\"},\"sameAs\":[\"https:\/\/footdavant.fr\/\"]}]}<\/script>\n<!-- \/ Yoast SEO plugin. -->","yoast_head_json":{"title":"Nouvelles du transfert de Chelsea\u00a0: le rappel du pr\u00eat\u00e9 de Strasbourg \"est envisag\u00e9\" dans le cadre d&#39;une d\u00e9cision qui aurait des ramifications pour d&#39;autres","robots":{"index":"index","follow":"follow","max-snippet":"max-snippet:-1","max-image-preview":"max-image-preview:large","max-video-preview":"max-video-preview:-1"},"canonical":"https:\/\/footdavant.fr\/actualites\/nouvelles-du-transfert-de-chelsea-le-rappel-du-prete-de-strasbourg-est-envisage-dans-le-cadre-dune-decision-qui-aurait-des-ramifications-pour-dautres\/","og_locale":"fr_FR","og_type":"article","og_title":"Nouvelles du transfert de Chelsea\u00a0: le rappel du pr\u00eat\u00e9 de Strasbourg \"est envisag\u00e9\" dans le cadre d&#39;une d\u00e9cision qui aurait des ramifications pour d&#39;autres","og_description":"Chelsea r\u00e9fl\u00e9chirait \u00e0 la mani\u00e8re de g\u00e9rer l&#39;avenir de Kendry Paez. Les Blues ont conclu un accord pour signer le meneur de jeu en juin","og_url":"https:\/\/footdavant.fr\/actualites\/nouvelles-du-transfert-de-chelsea-le-rappel-du-prete-de-strasbourg-est-envisage-dans-le-cadre-dune-decision-qui-aurait-des-ramifications-pour-dautres\/","og_site_name":"Foot d&#039;avant","article_publisher":"https:\/\/www.facebook.com\/Footdavant\/","article_published_time":"2026-01-17T08:48:06+00:00","article_modified_time":"2026-01-17T08:48:07+00:00","og_image":[{"width":720,"height":410,"url":"https:\/\/footdavant.fr\/actualites\/wp-content\/uploads\/2026\/01\/Nouvelles-du-transfert-de-Chelsea-le-rappel-du-prete-de.net2Fuploads2F20252F102Fimago1067272287.webp","type":"image\/webp"}],"author":"Cl\u00e9ment","twitter_card":"summary_large_image","twitter_creator":"@FootdavantFr","twitter_site":"@FootdavantFr","twitter_misc":{"\u00c9crit par":"Cl\u00e9ment","Dur\u00e9e de lecture estim\u00e9e":"2 minutes"},"schema":{"@context":"https:\/\/schema.org","@graph":[{"@type":"Article","@id":"https:\/\/footdavant.fr\/actualites\/nouvelles-du-transfert-de-chelsea-le-rappel-du-prete-de-strasbourg-est-envisage-dans-le-cadre-dune-decision-qui-aurait-des-ramifications-pour-dautres\/#article","isPartOf":{"@id":"https:\/\/footdavant.fr\/actualites\/nouvelles-du-transfert-de-chelsea-le-rappel-du-prete-de-strasbourg-est-envisage-dans-le-cadre-dune-decision-qui-aurait-des-ramifications-pour-dautres\/"},"author":{"name":"Cl\u00e9ment","@id":"https:\/\/footdavant.fr\/actualites\/#\/schema\/person\/bc222566d95871b37e597b3ed3ba5e1d"},"headline":"Nouvelles du transfert de Chelsea\u00a0: le rappel du pr\u00eat\u00e9 de Strasbourg \u00ab\u00a0est envisag\u00e9\u00a0\u00bb dans le cadre d&#39;une d\u00e9cision qui aurait des ramifications pour d&#39;autres","datePublished":"2026-01-17T08:48:06+00:00","dateModified":"2026-01-17T08:48:07+00:00","mainEntityOfPage":{"@id":"https:\/\/footdavant.fr\/actualites\/nouvelles-du-transfert-de-chelsea-le-rappel-du-prete-de-strasbourg-est-envisage-dans-le-cadre-dune-decision-qui-aurait-des-ramifications-pour-dautres\/"},"wordCount":495,"publisher":{"@id":"https:\/\/footdavant.fr\/actualites\/#organization"},"keywords":["aurait","cadre","Chelsea","D39autres","d39une","dans","d\u00e9cision","des","envisage","est","Nouvelles","pour","pr\u00eat\u00e9","qui","ramifications","rappel","Strasbourg","transfert"],"articleSection":["Premier League"],"inLanguage":"fr-FR"},{"@type":"WebPage","@id":"https:\/\/footdavant.fr\/actualites\/nouvelles-du-transfert-de-chelsea-le-rappel-du-prete-de-strasbourg-est-envisage-dans-le-cadre-dune-decision-qui-aurait-des-ramifications-pour-dautres\/","url":"https:\/\/footdavant.fr\/actualites\/nouvelles-du-transfert-de-chelsea-le-rappel-du-prete-de-strasbourg-est-envisage-dans-le-cadre-dune-decision-qui-aurait-des-ramifications-pour-dautres\/","name":"Nouvelles du transfert de Chelsea\u00a0: le rappel du pr\u00eat\u00e9 de Strasbourg \"est envisag\u00e9\" dans le cadre d&#39;une d\u00e9cision qui aurait des ramifications pour d&#39;autres","isPartOf":{"@id":"https:\/\/footdavant.fr\/actualites\/#website"},"datePublished":"2026-01-17T08:48:06+00:00","dateModified":"2026-01-17T08:48:07+00:00","breadcrumb":{"@id":"https:\/\/footdavant.fr\/actualites\/nouvelles-du-transfert-de-chelsea-le-rappel-du-prete-de-strasbourg-est-envisage-dans-le-cadre-dune-decision-qui-aurait-des-ramifications-pour-dautres\/#breadcrumb"},"inLanguage":"fr-FR","potentialAction":[{"@type":"ReadAction","target":["https:\/\/footdavant.fr\/actualites\/nouvelles-du-transfert-de-chelsea-le-rappel-du-prete-de-strasbourg-est-envisage-dans-le-cadre-dune-decision-qui-aurait-des-ramifications-pour-dautres\/"]}]},{"@type":"BreadcrumbList","@id":"https:\/\/footdavant.fr\/actualites\/nouvelles-du-transfert-de-chelsea-le-rappel-du-prete-de-strasbourg-est-envisage-dans-le-cadre-dune-decision-qui-aurait-des-ramifications-pour-dautres\/#breadcrumb","itemListElement":[{"@type":"ListItem","position":1,"name":"Accueil","item":"https:\/\/footdavant.fr\/actualites\/"},{"@type":"ListItem","position":2,"name":"Nouvelles du transfert de Chelsea\u00a0: le rappel du pr\u00eat\u00e9 de Strasbourg \u00ab\u00a0est envisag\u00e9\u00a0\u00bb dans le cadre d&#39;une d\u00e9cision qui aurait des ramifications pour d&#39;autres"}]},{"@type":"WebSite","@id":"https:\/\/footdavant.fr\/actualites\/#website","url":"https:\/\/footdavant.fr\/actualites\/","name":"Foot d'avant","description":"","publisher":{"@id":"https:\/\/footdavant.fr\/actualites\/#organization"},"potentialAction":[{"@type":"SearchAction","target":{"@type":"EntryPoint","urlTemplate":"https:\/\/footdavant.fr\/actualites\/?s={search_term_string}"},"query-input":"required name=search_term_string"}],"inLanguage":"fr-FR"},{"@type":"Organization","@id":"https:\/\/footdavant.fr\/actualites\/#organization","name":"Foot d'avant","url":"https:\/\/footdavant.fr\/actualites\/","logo":{"@type":"ImageObject","inLanguage":"fr-FR","@id":"https:\/\/footdavant.fr\/actualites\/#\/schema\/logo\/image\/","url":"https:\/\/footdavant.fr\/actualites\/wp-content\/uploads\/2023\/09\/Copy-of-FootDavant-Logo.png","contentUrl":"https:\/\/footdavant.fr\/actualites\/wp-content\/uploads\/2023\/09\/Copy-of-FootDavant-Logo.png","width":936,"height":549,"caption":"Foot d'avant"},"image":{"@id":"https:\/\/footdavant.fr\/actualites\/#\/schema\/logo\/image\/"},"sameAs":["https:\/\/www.facebook.com\/Footdavant\/","https:\/\/twitter.com\/FootdavantFr","https:\/\/www.instagram.com\/footdavant.fr\/"]},{"@type":"Person","@id":"https:\/\/footdavant.fr\/actualites\/#\/schema\/person\/bc222566d95871b37e597b3ed3ba5e1d","name":"Cl\u00e9ment","image":{"@type":"ImageObject","inLanguage":"fr-FR","@id":"https:\/\/footdavant.fr\/actualites\/#\/schema\/person\/image\/","url":"https:\/\/secure.gravatar.com\/avatar\/7728b29aac2719421e1a9159b2254c44?s=96&d=mm&r=g","contentUrl":"https:\/\/secure.gravatar.com\/avatar\/7728b29aac2719421e1a9159b2254c44?s=96&d=mm&r=g","caption":"Cl\u00e9ment"},"sameAs":["https:\/\/footdavant.fr\/"]}]}},"_links":{"self":[{"href":"https:\/\/footdavant.fr\/actualites\/wp-json\/wp\/v2\/posts\/33523"}],"collection":[{"href":"https:\/\/footdavant.fr\/actualites\/wp-json\/wp\/v2\/posts"}],"about":[{"href":"https:\/\/footdavant.fr\/actualites\/wp-json\/wp\/v2\/types\/post"}],"author":[{"embeddable":true,"href":"https:\/\/footdavant.fr\/actualites\/wp-json\/wp\/v2\/users\/1"}],"replies":[{"embeddable":true,"href":"https:\/\/footdavant.fr\/actualites\/wp-json\/wp\/v2\/comments?post=33523"}],"version-history":[{"count":1,"href":"https:\/\/footdavant.fr\/actualites\/wp-json\/wp\/v2\/posts\/33523\/revisions"}],"predecessor-version":[{"id":33525,"href":"https:\/\/footdavant.fr\/actualites\/wp-json\/wp\/v2\/posts\/33523\/revisions\/33525"}],"wp:featuredmedia":[{"embeddable":true,"href":"https:\/\/footdavant.fr\/actualites\/wp-json\/wp\/v2\/media\/33524"}],"wp:attachment":[{"href":"https:\/\/footdavant.fr\/actualites\/wp-json\/wp\/v2\/media?parent=33523"}],"wp:term":[{"taxonomy":"category","embeddable":true,"href":"https:\/\/footdavant.fr\/actualites\/wp-json\/wp\/v2\/categories?post=33523"},{"taxonomy":"post_tag","embeddable":true,"href":"https:\/\/footdavant.fr\/actualites\/wp-json\/wp\/v2\/tags?post=33523"}],"curies":[{"name":"wp","href":"https:\/\/api.w.org\/{rel}","templated":true}]}}