{"id":33526,"date":"2026-01-17T11:48:05","date_gmt":"2026-01-17T10:48:05","guid":{"rendered":"https:\/\/footdavant.fr\/actualites\/composition-statistiques-et-apercu-de-la-finale-de-la-can\/"},"modified":"2026-01-17T11:48:10","modified_gmt":"2026-01-17T10:48:10","slug":"composition-statistiques-et-apercu-de-la-finale-de-la-can","status":"publish","type":"post","link":"https:\/\/footdavant.fr\/actualites\/composition-statistiques-et-apercu-de-la-finale-de-la-can\/","title":{"rendered":"Composition, statistiques et aper\u00e7u de la finale de la CAN"},"content":{"rendered":"<div>\n<h2 class=\"wp-block-heading\"><span id=\"Match_Preview_for_Senegal_v_Morocco\">Aper\u00e7u du match S\u00e9n\u00e9gal-Maroc<\/span><\/h2>\n<p>La tentative du Maroc de mettre fin \u00e0 50 ans d&#39;attente pour \u00eatre sacr\u00e9 champion d&#39;Afrique se rapproche, m\u00eame s&#39;il reste encore un obstacle majeur \u00e0 surmonter : le S\u00e9n\u00e9gal.<\/p>\n<p>L&#39;\u00e9quipe de Walid Regragui s&#39;appuie sur son remarquable parcours jusqu&#39;aux demi-finales de la Coupe du monde 2022 et aborde le match \u00e0 Rabat en tant que l\u00e9ger favori alors qu&#39;elle cherche \u00e0 remporter sa premi\u00e8re couronne continentale depuis 1976.<\/p>\n<p>S\u2019ils devaient sortir victorieux, cela continuerait leur ascension sur la sc\u00e8ne mondiale. Leurs efforts au Qatar il y a un peu plus de trois ans ont \u00e9t\u00e9 mis \u00e0 profit et le Maroc organisera des matchs de la Coupe du monde 2030 aux c\u00f4t\u00e9s de l&#39;Espagne et du Portugal, co-organisateurs.<\/p>\n<p>Tout semble se mettre en place pour les Lions de l&#39;Atlas et ils seront applaudis par un public local passionn\u00e9 demain soir.<\/p>\n<p>\u00ab\u00a0C&#39;est un moment unique pour nous\u00a0\u00bb, a d\u00e9clar\u00e9 le capitaine Achraf Hakimi apr\u00e8s sa victoire en demi-finale contre le Nigeria, gr\u00e2ce \u00e0 une s\u00e9ance de tirs au but \u00e9prouvante. \u00ab\u00a0Nous avons encore une fois marqu\u00e9 l&#39;histoire, cette \u00e9quipe le m\u00e9rite. Tous les Marocains le m\u00e9ritent mais nous n&#39;avons pas encore fini le travail.\u00a0\u00bb<\/p>\n<p>Le Maroc dispose d&#39;une d\u00e9fense serr\u00e9e, dirig\u00e9e par l&#39;arri\u00e8re lat\u00e9ral du Paris Saint-Germain Hakimi tandis que sa menace offensive vient de l&#39;ailier du Real Madrid Brahim Diaz, meilleur buteur du tournoi avec cinq buts en six matchs.<\/p>\n<p>Le S\u00e9n\u00e9gal peut contrer les capacit\u00e9s incontestables de Diaz avec sa propre superstar : Sadio Man\u00e9.<\/p>\n<figure class=\"wp-block-image size-large\"><picture fetchpriority=\"high\" decoding=\"async\" class=\"wp-image-157252\"><source type=\"image\/webp\" data-lazy- \/><img fetchpriority=\"high\" decoding=\"async\" width=\"1024\" height=\"683\" src=\"https:\/\/footdavant.fr\/actualites\/wp-content\/uploads\/2026\/01\/Composition-statistiques-et-apercu-de-la-finale-de-la-CAN.jpg\" alt=\"Sadio Man\u00e9 pour le S\u00e9n\u00e9gal\"  \/>\n<\/picture>\n<\/figure>\n<p>C&#39;est l&#39;attaquant d&#39;Al-Nassr qui a inscrit le seul but de leur victoire en demi-finale contre l&#39;Egypte et il sera le fer de lance de la charge s\u00e9n\u00e9galaise aux c\u00f4t\u00e9s de ses coll\u00e8gues d&#39;un trio de t\u00eate \u00e0 l&#39;air dangereux : Nicolas Jackson et Iliman Ndiaye.<\/p>\n<p>Comme le Maroc, le S\u00e9n\u00e9gal a investi des sommes importantes dans sa s\u00e9lection nationale, conscient des avantages commerciaux et sociaux d&#39;avoir une \u00e9quipe performante sur la sc\u00e8ne mondiale.<\/p>\n<p>Et l&#39;ancien attaquant El-Hadji Diouf, d\u00e9sormais conseiller \u00e0 la F\u00e9d\u00e9ration s\u00e9n\u00e9galaise, esp\u00e8re que cela portera ses fruits, d\u00e8s demain.<\/p>\n<p>Il a d\u00e9clar\u00e9 au Parisien : \u00ab\u00a0Je savais que les \u00e9normes efforts d\u00e9ploy\u00e9s depuis 2002, en mettant l&#39;accent sur le d\u00e9veloppement des jeunes, finiraient par payer. Nous pr\u00e9parons l&#39;avenir du football s\u00e9n\u00e9galais depuis longtemps. Nous avons maintenu la continuit\u00e9 depuis notre arriv\u00e9e. [AFCON] d\u00e9faite en quart de finale contre le Cameroun en 2017. Ensuite, nous avons jou\u00e9 la finale de 2019 et d\u00e9croch\u00e9 le titre en 2022. \u00bb<\/p>\n<p>Diouf est confiant dans la capacit\u00e9 des Lions de la Teranga \u00e0 faire le travail, ajoutant: \u00ab\u00a0Les jeunes sont arriv\u00e9s, mais il y avait d\u00e9j\u00e0 un noyau dur pour les accueillir: \u00c9douard Mendy, [Kalidou] Koulibaly, [Idrissa] Gana Gueye et Sadio Man\u00e9. Nous avons m\u00eal\u00e9 sagesse et exub\u00e9rance juv\u00e9nile. Le S\u00e9n\u00e9gal est d\u00e9sormais un cocktail Molotov qui peut nuire \u00e0 n&#39;importe quelle \u00e9quipe.<\/p>\n<p>\u00ab\u00a0Le Maroc jouera \u00e0 domicile, mais nous avons de vrais hommes. C&#39;est la finale r\u00eav\u00e9e, une c\u00e9l\u00e9bration du football africain entre les deux meilleures \u00e9quipes de ces derni\u00e8res ann\u00e9es. Savourons-la et montrons au monde que la Coupe d&#39;Afrique des Nations est la plus grande comp\u00e9tition qui existe.\u00a0\u00bb<\/p>\n<\/div>\n","protected":false},"excerpt":{"rendered":"<p>Aper\u00e7u du match S\u00e9n\u00e9gal-Maroc La tentative du Maroc de mettre fin \u00e0 50 ans d&#39;attente pour \u00eatre sacr\u00e9 champion d&#39;Afrique se rapproche, m\u00eame s&#39;il reste<\/p>\n","protected":false},"author":1,"featured_media":33527,"comment_status":"closed","ping_status":"","sticky":false,"template":"","format":"standard","meta":{"footnotes":""},"categories":[3],"tags":[284,2291,897,4115],"yoast_head":"<!-- This site is optimized with the Yoast SEO plugin v21.0 - https:\/\/yoast.com\/wordpress\/plugins\/seo\/ -->\n<title>Composition, statistiques et aper\u00e7u de la finale de la CAN<\/title>\n<meta name=\"robots\" content=\"index, follow, max-snippet:-1, max-image-preview:large, max-video-preview:-1\" \/>\n<link rel=\"canonical\" href=\"https:\/\/footdavant.fr\/actualites\/composition-statistiques-et-apercu-de-la-finale-de-la-can\/\" \/>\n<meta property=\"og:locale\" content=\"fr_FR\" \/>\n<meta property=\"og:type\" content=\"article\" \/>\n<meta property=\"og:title\" content=\"Composition, statistiques et aper\u00e7u de la finale de la CAN\" \/>\n<meta property=\"og:description\" content=\"Aper\u00e7u du match S\u00e9n\u00e9gal-Maroc La tentative du Maroc de mettre fin \u00e0 50 ans d&#039;attente pour \u00eatre sacr\u00e9 champion d&#039;Afrique se rapproche, m\u00eame s&#039;il reste\" \/>\n<meta property=\"og:url\" content=\"https:\/\/footdavant.fr\/actualites\/composition-statistiques-et-apercu-de-la-finale-de-la-can\/\" \/>\n<meta property=\"og:site_name\" content=\"Foot d&#039;avant\" \/>\n<meta property=\"article:publisher\" content=\"https:\/\/www.facebook.com\/Footdavant\/\" \/>\n<meta property=\"article:published_time\" content=\"2026-01-17T10:48:05+00:00\" \/>\n<meta property=\"article:modified_time\" content=\"2026-01-17T10:48:10+00:00\" \/>\n<meta property=\"og:image\" content=\"https:\/\/footdavant.fr\/actualites\/wp-content\/uploads\/2026\/01\/Composition-statistiques-et-apercu-de-la-finale-de-la-CAN.png\" \/>\n\t<meta property=\"og:image:width\" content=\"1200\" \/>\n\t<meta property=\"og:image:height\" content=\"675\" \/>\n\t<meta property=\"og:image:type\" content=\"image\/png\" \/>\n<meta name=\"author\" content=\"Cl\u00e9ment\" \/>\n<meta name=\"twitter:card\" content=\"summary_large_image\" \/>\n<meta name=\"twitter:creator\" content=\"@FootdavantFr\" \/>\n<meta name=\"twitter:site\" content=\"@FootdavantFr\" \/>\n<meta name=\"twitter:label1\" content=\"\u00c9crit par\" \/>\n\t<meta name=\"twitter:data1\" content=\"Cl\u00e9ment\" \/>\n\t<meta name=\"twitter:label2\" content=\"Dur\u00e9e de lecture estim\u00e9e\" \/>\n\t<meta name=\"twitter:data2\" content=\"3 minutes\" \/>\n<script type=\"application\/ld+json\" class=\"yoast-schema-graph\">{\"@context\":\"https:\/\/schema.org\",\"@graph\":[{\"@type\":\"Article\",\"@id\":\"https:\/\/footdavant.fr\/actualites\/composition-statistiques-et-apercu-de-la-finale-de-la-can\/#article\",\"isPartOf\":{\"@id\":\"https:\/\/footdavant.fr\/actualites\/composition-statistiques-et-apercu-de-la-finale-de-la-can\/\"},\"author\":{\"name\":\"Cl\u00e9ment\",\"@id\":\"https:\/\/footdavant.fr\/actualites\/#\/schema\/person\/bc222566d95871b37e597b3ed3ba5e1d\"},\"headline\":\"Composition, statistiques et aper\u00e7u de la finale de la CAN\",\"datePublished\":\"2026-01-17T10:48:05+00:00\",\"dateModified\":\"2026-01-17T10:48:10+00:00\",\"mainEntityOfPage\":{\"@id\":\"https:\/\/footdavant.fr\/actualites\/composition-statistiques-et-apercu-de-la-finale-de-la-can\/\"},\"wordCount\":603,\"publisher\":{\"@id\":\"https:\/\/footdavant.fr\/actualites\/#organization\"},\"keywords\":[\"Aper\u00e7u\",\"composition\",\"finale\",\"statistiques\"],\"articleSection\":[\"Football\"],\"inLanguage\":\"fr-FR\"},{\"@type\":\"WebPage\",\"@id\":\"https:\/\/footdavant.fr\/actualites\/composition-statistiques-et-apercu-de-la-finale-de-la-can\/\",\"url\":\"https:\/\/footdavant.fr\/actualites\/composition-statistiques-et-apercu-de-la-finale-de-la-can\/\",\"name\":\"Composition, statistiques et aper\u00e7u de la finale de la CAN\",\"isPartOf\":{\"@id\":\"https:\/\/footdavant.fr\/actualites\/#website\"},\"datePublished\":\"2026-01-17T10:48:05+00:00\",\"dateModified\":\"2026-01-17T10:48:10+00:00\",\"breadcrumb\":{\"@id\":\"https:\/\/footdavant.fr\/actualites\/composition-statistiques-et-apercu-de-la-finale-de-la-can\/#breadcrumb\"},\"inLanguage\":\"fr-FR\",\"potentialAction\":[{\"@type\":\"ReadAction\",\"target\":[\"https:\/\/footdavant.fr\/actualites\/composition-statistiques-et-apercu-de-la-finale-de-la-can\/\"]}]},{\"@type\":\"BreadcrumbList\",\"@id\":\"https:\/\/footdavant.fr\/actualites\/composition-statistiques-et-apercu-de-la-finale-de-la-can\/#breadcrumb\",\"itemListElement\":[{\"@type\":\"ListItem\",\"position\":1,\"name\":\"Accueil\",\"item\":\"https:\/\/footdavant.fr\/actualites\/\"},{\"@type\":\"ListItem\",\"position\":2,\"name\":\"Composition, statistiques et aper\u00e7u de la finale de la CAN\"}]},{\"@type\":\"WebSite\",\"@id\":\"https:\/\/footdavant.fr\/actualites\/#website\",\"url\":\"https:\/\/footdavant.fr\/actualites\/\",\"name\":\"Foot d'avant\",\"description\":\"\",\"publisher\":{\"@id\":\"https:\/\/footdavant.fr\/actualites\/#organization\"},\"potentialAction\":[{\"@type\":\"SearchAction\",\"target\":{\"@type\":\"EntryPoint\",\"urlTemplate\":\"https:\/\/footdavant.fr\/actualites\/?s={search_term_string}\"},\"query-input\":\"required name=search_term_string\"}],\"inLanguage\":\"fr-FR\"},{\"@type\":\"Organization\",\"@id\":\"https:\/\/footdavant.fr\/actualites\/#organization\",\"name\":\"Foot d'avant\",\"url\":\"https:\/\/footdavant.fr\/actualites\/\",\"logo\":{\"@type\":\"ImageObject\",\"inLanguage\":\"fr-FR\",\"@id\":\"https:\/\/footdavant.fr\/actualites\/#\/schema\/logo\/image\/\",\"url\":\"https:\/\/footdavant.fr\/actualites\/wp-content\/uploads\/2023\/09\/Copy-of-FootDavant-Logo.png\",\"contentUrl\":\"https:\/\/footdavant.fr\/actualites\/wp-content\/uploads\/2023\/09\/Copy-of-FootDavant-Logo.png\",\"width\":936,\"height\":549,\"caption\":\"Foot d'avant\"},\"image\":{\"@id\":\"https:\/\/footdavant.fr\/actualites\/#\/schema\/logo\/image\/\"},\"sameAs\":[\"https:\/\/www.facebook.com\/Footdavant\/\",\"https:\/\/twitter.com\/FootdavantFr\",\"https:\/\/www.instagram.com\/footdavant.fr\/\"]},{\"@type\":\"Person\",\"@id\":\"https:\/\/footdavant.fr\/actualites\/#\/schema\/person\/bc222566d95871b37e597b3ed3ba5e1d\",\"name\":\"Cl\u00e9ment\",\"image\":{\"@type\":\"ImageObject\",\"inLanguage\":\"fr-FR\",\"@id\":\"https:\/\/footdavant.fr\/actualites\/#\/schema\/person\/image\/\",\"url\":\"https:\/\/secure.gravatar.com\/avatar\/7728b29aac2719421e1a9159b2254c44?s=96&d=mm&r=g\",\"contentUrl\":\"https:\/\/secure.gravatar.com\/avatar\/7728b29aac2719421e1a9159b2254c44?s=96&d=mm&r=g\",\"caption\":\"Cl\u00e9ment\"},\"sameAs\":[\"https:\/\/footdavant.fr\/\"]}]}<\/script>\n<!-- \/ Yoast SEO plugin. -->","yoast_head_json":{"title":"Composition, statistiques et aper\u00e7u de la finale de la CAN","robots":{"index":"index","follow":"follow","max-snippet":"max-snippet:-1","max-image-preview":"max-image-preview:large","max-video-preview":"max-video-preview:-1"},"canonical":"https:\/\/footdavant.fr\/actualites\/composition-statistiques-et-apercu-de-la-finale-de-la-can\/","og_locale":"fr_FR","og_type":"article","og_title":"Composition, statistiques et aper\u00e7u de la finale de la CAN","og_description":"Aper\u00e7u du match S\u00e9n\u00e9gal-Maroc La tentative du Maroc de mettre fin \u00e0 50 ans d&#39;attente pour \u00eatre sacr\u00e9 champion d&#39;Afrique se rapproche, m\u00eame s&#39;il reste","og_url":"https:\/\/footdavant.fr\/actualites\/composition-statistiques-et-apercu-de-la-finale-de-la-can\/","og_site_name":"Foot d&#039;avant","article_publisher":"https:\/\/www.facebook.com\/Footdavant\/","article_published_time":"2026-01-17T10:48:05+00:00","article_modified_time":"2026-01-17T10:48:10+00:00","og_image":[{"width":1200,"height":675,"url":"https:\/\/footdavant.fr\/actualites\/wp-content\/uploads\/2026\/01\/Composition-statistiques-et-apercu-de-la-finale-de-la-CAN.png","type":"image\/png"}],"author":"Cl\u00e9ment","twitter_card":"summary_large_image","twitter_creator":"@FootdavantFr","twitter_site":"@FootdavantFr","twitter_misc":{"\u00c9crit par":"Cl\u00e9ment","Dur\u00e9e de lecture estim\u00e9e":"3 minutes"},"schema":{"@context":"https:\/\/schema.org","@graph":[{"@type":"Article","@id":"https:\/\/footdavant.fr\/actualites\/composition-statistiques-et-apercu-de-la-finale-de-la-can\/#article","isPartOf":{"@id":"https:\/\/footdavant.fr\/actualites\/composition-statistiques-et-apercu-de-la-finale-de-la-can\/"},"author":{"name":"Cl\u00e9ment","@id":"https:\/\/footdavant.fr\/actualites\/#\/schema\/person\/bc222566d95871b37e597b3ed3ba5e1d"},"headline":"Composition, statistiques et aper\u00e7u de la finale de la CAN","datePublished":"2026-01-17T10:48:05+00:00","dateModified":"2026-01-17T10:48:10+00:00","mainEntityOfPage":{"@id":"https:\/\/footdavant.fr\/actualites\/composition-statistiques-et-apercu-de-la-finale-de-la-can\/"},"wordCount":603,"publisher":{"@id":"https:\/\/footdavant.fr\/actualites\/#organization"},"keywords":["Aper\u00e7u","composition","finale","statistiques"],"articleSection":["Football"],"inLanguage":"fr-FR"},{"@type":"WebPage","@id":"https:\/\/footdavant.fr\/actualites\/composition-statistiques-et-apercu-de-la-finale-de-la-can\/","url":"https:\/\/footdavant.fr\/actualites\/composition-statistiques-et-apercu-de-la-finale-de-la-can\/","name":"Composition, statistiques et aper\u00e7u de la finale de la CAN","isPartOf":{"@id":"https:\/\/footdavant.fr\/actualites\/#website"},"datePublished":"2026-01-17T10:48:05+00:00","dateModified":"2026-01-17T10:48:10+00:00","breadcrumb":{"@id":"https:\/\/footdavant.fr\/actualites\/composition-statistiques-et-apercu-de-la-finale-de-la-can\/#breadcrumb"},"inLanguage":"fr-FR","potentialAction":[{"@type":"ReadAction","target":["https:\/\/footdavant.fr\/actualites\/composition-statistiques-et-apercu-de-la-finale-de-la-can\/"]}]},{"@type":"BreadcrumbList","@id":"https:\/\/footdavant.fr\/actualites\/composition-statistiques-et-apercu-de-la-finale-de-la-can\/#breadcrumb","itemListElement":[{"@type":"ListItem","position":1,"name":"Accueil","item":"https:\/\/footdavant.fr\/actualites\/"},{"@type":"ListItem","position":2,"name":"Composition, statistiques et aper\u00e7u de la finale de la CAN"}]},{"@type":"WebSite","@id":"https:\/\/footdavant.fr\/actualites\/#website","url":"https:\/\/footdavant.fr\/actualites\/","name":"Foot d'avant","description":"","publisher":{"@id":"https:\/\/footdavant.fr\/actualites\/#organization"},"potentialAction":[{"@type":"SearchAction","target":{"@type":"EntryPoint","urlTemplate":"https:\/\/footdavant.fr\/actualites\/?s={search_term_string}"},"query-input":"required name=search_term_string"}],"inLanguage":"fr-FR"},{"@type":"Organization","@id":"https:\/\/footdavant.fr\/actualites\/#organization","name":"Foot d'avant","url":"https:\/\/footdavant.fr\/actualites\/","logo":{"@type":"ImageObject","inLanguage":"fr-FR","@id":"https:\/\/footdavant.fr\/actualites\/#\/schema\/logo\/image\/","url":"https:\/\/footdavant.fr\/actualites\/wp-content\/uploads\/2023\/09\/Copy-of-FootDavant-Logo.png","contentUrl":"https:\/\/footdavant.fr\/actualites\/wp-content\/uploads\/2023\/09\/Copy-of-FootDavant-Logo.png","width":936,"height":549,"caption":"Foot d'avant"},"image":{"@id":"https:\/\/footdavant.fr\/actualites\/#\/schema\/logo\/image\/"},"sameAs":["https:\/\/www.facebook.com\/Footdavant\/","https:\/\/twitter.com\/FootdavantFr","https:\/\/www.instagram.com\/footdavant.fr\/"]},{"@type":"Person","@id":"https:\/\/footdavant.fr\/actualites\/#\/schema\/person\/bc222566d95871b37e597b3ed3ba5e1d","name":"Cl\u00e9ment","image":{"@type":"ImageObject","inLanguage":"fr-FR","@id":"https:\/\/footdavant.fr\/actualites\/#\/schema\/person\/image\/","url":"https:\/\/secure.gravatar.com\/avatar\/7728b29aac2719421e1a9159b2254c44?s=96&d=mm&r=g","contentUrl":"https:\/\/secure.gravatar.com\/avatar\/7728b29aac2719421e1a9159b2254c44?s=96&d=mm&r=g","caption":"Cl\u00e9ment"},"sameAs":["https:\/\/footdavant.fr\/"]}]}},"_links":{"self":[{"href":"https:\/\/footdavant.fr\/actualites\/wp-json\/wp\/v2\/posts\/33526"}],"collection":[{"href":"https:\/\/footdavant.fr\/actualites\/wp-json\/wp\/v2\/posts"}],"about":[{"href":"https:\/\/footdavant.fr\/actualites\/wp-json\/wp\/v2\/types\/post"}],"author":[{"embeddable":true,"href":"https:\/\/footdavant.fr\/actualites\/wp-json\/wp\/v2\/users\/1"}],"replies":[{"embeddable":true,"href":"https:\/\/footdavant.fr\/actualites\/wp-json\/wp\/v2\/comments?post=33526"}],"version-history":[{"count":1,"href":"https:\/\/footdavant.fr\/actualites\/wp-json\/wp\/v2\/posts\/33526\/revisions"}],"predecessor-version":[{"id":33528,"href":"https:\/\/footdavant.fr\/actualites\/wp-json\/wp\/v2\/posts\/33526\/revisions\/33528"}],"wp:featuredmedia":[{"embeddable":true,"href":"https:\/\/footdavant.fr\/actualites\/wp-json\/wp\/v2\/media\/33527"}],"wp:attachment":[{"href":"https:\/\/footdavant.fr\/actualites\/wp-json\/wp\/v2\/media?parent=33526"}],"wp:term":[{"taxonomy":"category","embeddable":true,"href":"https:\/\/footdavant.fr\/actualites\/wp-json\/wp\/v2\/categories?post=33526"},{"taxonomy":"post_tag","embeddable":true,"href":"https:\/\/footdavant.fr\/actualites\/wp-json\/wp\/v2\/tags?post=33526"}],"curies":[{"name":"wp","href":"https:\/\/api.w.org\/{rel}","templated":true}]}}