{"id":33538,"date":"2026-01-17T19:48:03","date_gmt":"2026-01-17T18:48:03","guid":{"rendered":"https:\/\/footdavant.fr\/actualites\/la-position-en-championnat-nest-pas-un-facteur-alors-que-nous-faisons-face-a-une-autre-journee-difficile-a-lexterieur\/"},"modified":"2026-01-17T19:48:05","modified_gmt":"2026-01-17T18:48:05","slug":"la-position-en-championnat-nest-pas-un-facteur-alors-que-nous-faisons-face-a-une-autre-journee-difficile-a-lexterieur","status":"publish","type":"post","link":"https:\/\/footdavant.fr\/actualites\/la-position-en-championnat-nest-pas-un-facteur-alors-que-nous-faisons-face-a-une-autre-journee-difficile-a-lexterieur\/","title":{"rendered":"La position en championnat n&#39;est pas un facteur alors que nous faisons face \u00e0 une autre journ\u00e9e difficile \u00e0 l&#39;ext\u00e9rieur"},"content":{"rendered":"<div>\n<p>Bonjour \u00e0 tous.<\/p>\n<p>Apr\u00e8s nos exploits en milieu de semaine, c&#39;est un autre d\u00e9placement aujourd&#39;hui, cette fois au City Ground pour affronter Nottingham Forest. Sur le papier, c&#39;est l&#39;un de ces matchs o\u00f9 les gens pourraient regarder le classement de la Premier League, voir que c&#39;est le 1er contre le 17e et penser que cela devrait \u00eatre une routine. Cela ne fonctionne pas vraiment de nos jours (voir Les loups \u00e0 la maison en d\u00e9cembre, par exemple), et je soup\u00e7onne que ce sera plus d\u00e9licat que certaines personnes ne l&#39;imaginent.<\/p>\n<p>Le dernier match de Forest remonte \u00e0 8 jours, entre-temps, nous avons jou\u00e9 deux fois. Le match qu&#39;ils ont jou\u00e9 les a vu sortir de la FA Cup pour une \u00e9quipe de ligue inf\u00e9rieure, et le repos suppl\u00e9mentaire, associ\u00e9 au fait que Sean Dyche exige une r\u00e9ponse positive de ses joueurs, c&#39;est ce \u00e0 quoi nous allons devoir faire face aujourd&#39;hui. Nous savons tr\u00e8s bien que ses \u00e9quipes ont tendance \u00e0 \u00eatre difficiles \u00e0 affronter, mais je parie qu&#39;il leur a lu l&#39;acte anti-\u00e9meute apr\u00e8s le match de Wrexham, et cela va \u00eatre un facteur.<\/p>\n<p>Le fait qu&#39;ils aient eu ce repos suppl\u00e9mentaire me fait me demander s&#39;il est possible pour Mikel Arteta d&#39;ajouter un ou deux joueurs \u00e0 notre formation de d\u00e9part qui n&#39;ont pas jou\u00e9 autant ces derniers temps. Quelques jambes fra\u00eeches pourraient \u00eatre tr\u00e8s utiles en ce sens. Que vous fassiez appel \u00e0 Eberechi Eze pour Martin Odegaard, par exemple, ou que vous d\u00e9caliez un peu les choses dans les trois premiers, je n&#39;en suis pas s\u00fbr, mais je pense que j&#39;aimerais voir une petite rotation qui tienne compte du calendrier charg\u00e9 que nous avons eu jusqu&#39;\u00e0 pr\u00e9sent ce mois-ci. Nous entendons sans cesse parler de la grande \u00e9quipe que nous avons, aujourd&#39;hui semble \u00eatre un jour o\u00f9 nous pourrions en avoir besoin, ainsi que du banc, dans toute la mesure du possible.<\/p>\n<p>\u00c0 l\u2019arri\u00e8re, les options restent limit\u00e9es m\u00eame si le manager a l\u00e9g\u00e8rement laiss\u00e9 entendre que nous pourrions avoir quelqu\u2019un de retour aujourd\u2019hui. Peut-\u00eatre que Cristhian Mosquera est le plus proche d&#39;un retour, mais sinon, je me demande si nous verrons les m\u00eames quatre arri\u00e8res qui ont commenc\u00e9 \u00e0 Stamford Bridge. Le match en milieu de semaine contre l&#39;Inter est un d\u00e9fi, mais en termes d&#39;importance globale, il n&#39;est pas comparable \u00e0 celui d&#39;aujourd&#39;hui. Avec un gros match le week-end prochain, ce match nul en Ligue des champions offre une r\u00e9elle opportunit\u00e9 \u00e0 Arteta de faire une rotation, et \u00e0 moins qu&#39;il n&#39;y ait un probl\u00e8me de blessure dont nous ne sommes pas au courant, je pense que nous reverrons cela \u00e0 quatre aujourd&#39;hui.<\/p>\n<p>Le patron dit du d\u00e9fi d&#39;aujourd&#39;hui\u00a0:<\/p>\n<blockquote>\n<p>Gagner \u00e0 l\u2019ext\u00e9rieur en Premier League est extr\u00eamement difficile. C\u2019est une \u00e9quipe que nous avons battue ces derni\u00e8res ann\u00e9es, et nous avons fait beaucoup de bonnes choses pour battre une tr\u00e8s bonne \u00e9quipe. Avec Sean, ils sont diff\u00e9rents, tr\u00e8s, tr\u00e8s efficaces dans ce qu&#39;ils font, une identit\u00e9 tr\u00e8s claire et c&#39;est ce qui les rend tr\u00e8s dangereux.<\/p>\n<\/blockquote>\n<p>Notre bilan \u00e0 l&#39;ext\u00e9rieur cette saison a \u00e9t\u00e9 un peu haut et bas. \u00c9videmment, les deux d\u00e9faites que nous avons subies en championnat ont eu lieu \u00e0 Anfield et \u00e0 Villa Park, et une seule fois nous avons gagn\u00e9 \u00e0 l&#39;ext\u00e9rieur avec plus d&#39;un but d&#39;avance : la victoire 2-0 \u00e0 Burnley. Il y a donc certainement place \u00e0 am\u00e9lioration dans ce sens. Je pense avoir dit cela \u00e9galement \u00e0 propos de notre voyage \u00e0 Bournemouth, mais ce sont les jours o\u00f9 il faut vraiment creuser et d\u00e9montrer ses titres.<\/p>\n<p>Avec Man City jouant devant nous aujourd&#39;hui et susceptible de marquer environ 10 contre United dans le derby de Manchester, la pression sera sur nous pour r\u00e9agir. C&#39;est l&#39;inverse qui s&#39;est produit ces derni\u00e8res semaines, et m\u00eame s&#39;il ne s&#39;agit pas n\u00e9cessairement d&#39;une pression suppl\u00e9mentaire au-del\u00e0 du d\u00e9roulement normal d&#39;une course au titre, c&#39;est un autre facteur auquel nous devrons faire face au coup d&#39;envoi. Comme je l&#39;ai dit, la qualit\u00e9 est l\u00e0, la profondeur est l\u00e0, les options sont l\u00e0 pour que le manager puisse les utiliser d\u00e8s le d\u00e9but et en dehors du banc, et croisons les doigts pour que nous puissions ramener les trois points au nord de Londres.<\/p>\n<p>D&#39;accord, je vais en rester l\u00e0 pour l&#39;instant. Nous avons un podcast en avant-premi\u00e8re sur Patreon si vous avez besoin de quelque chose \u00e0 \u00e9couter, et comme toujours, nous aurons une couverture de blog en direct et tous les \u00e9l\u00e9ments d&#39;apr\u00e8s-match sur Arseblog News plus tard.<\/p>\n<p>Allez Arsenal !<\/p>\n<\/div>\n","protected":false},"excerpt":{"rendered":"<p>Bonjour \u00e0 tous. Apr\u00e8s nos exploits en milieu de semaine, c&#39;est un autre d\u00e9placement aujourd&#39;hui, cette fois au City Ground pour affronter Nottingham Forest. Sur<\/p>\n","protected":false},"author":1,"featured_media":33539,"comment_status":"closed","ping_status":"","sticky":false,"template":"","format":"standard","meta":{"footnotes":""},"categories":[3],"tags":[318,777,2086,268,1062,9347,11342,2306,6975,4321,762,71,2283,92],"yoast_head":"<!-- This site is optimized with the Yoast SEO plugin v21.0 - https:\/\/yoast.com\/wordpress\/plugins\/seo\/ -->\n<title>La position en championnat n&#039;est pas un facteur alors que nous faisons face \u00e0 une autre journ\u00e9e difficile \u00e0 l&#039;ext\u00e9rieur<\/title>\n<meta name=\"robots\" content=\"index, follow, max-snippet:-1, max-image-preview:large, max-video-preview:-1\" \/>\n<link rel=\"canonical\" href=\"https:\/\/footdavant.fr\/actualites\/la-position-en-championnat-nest-pas-un-facteur-alors-que-nous-faisons-face-a-une-autre-journee-difficile-a-lexterieur\/\" \/>\n<meta property=\"og:locale\" content=\"fr_FR\" \/>\n<meta property=\"og:type\" content=\"article\" \/>\n<meta property=\"og:title\" content=\"La position en championnat n&#039;est pas un facteur alors que nous faisons face \u00e0 une autre journ\u00e9e difficile \u00e0 l&#039;ext\u00e9rieur\" \/>\n<meta property=\"og:description\" content=\"Bonjour \u00e0 tous. Apr\u00e8s nos exploits en milieu de semaine, c&#039;est un autre d\u00e9placement aujourd&#039;hui, cette fois au City Ground pour affronter Nottingham Forest. Sur\" \/>\n<meta property=\"og:url\" content=\"https:\/\/footdavant.fr\/actualites\/la-position-en-championnat-nest-pas-un-facteur-alors-que-nous-faisons-face-a-une-autre-journee-difficile-a-lexterieur\/\" \/>\n<meta property=\"og:site_name\" content=\"Foot d&#039;avant\" \/>\n<meta property=\"article:publisher\" content=\"https:\/\/www.facebook.com\/Footdavant\/\" \/>\n<meta property=\"article:published_time\" content=\"2026-01-17T18:48:03+00:00\" \/>\n<meta property=\"article:modified_time\" content=\"2026-01-17T18:48:05+00:00\" \/>\n<meta property=\"og:image\" content=\"https:\/\/footdavant.fr\/actualites\/wp-content\/uploads\/2026\/01\/La-position-en-championnat-n39est-pas-un-facteur-alors-que.jpg\" \/>\n\t<meta property=\"og:image:width\" content=\"1500\" \/>\n\t<meta property=\"og:image:height\" content=\"750\" \/>\n\t<meta property=\"og:image:type\" content=\"image\/jpeg\" \/>\n<meta name=\"author\" content=\"Cl\u00e9ment\" \/>\n<meta name=\"twitter:card\" content=\"summary_large_image\" \/>\n<meta name=\"twitter:creator\" content=\"@FootdavantFr\" \/>\n<meta name=\"twitter:site\" content=\"@FootdavantFr\" \/>\n<meta name=\"twitter:label1\" content=\"\u00c9crit par\" \/>\n\t<meta name=\"twitter:data1\" content=\"Cl\u00e9ment\" \/>\n\t<meta name=\"twitter:label2\" content=\"Dur\u00e9e de lecture estim\u00e9e\" \/>\n\t<meta name=\"twitter:data2\" content=\"4 minutes\" \/>\n<script type=\"application\/ld+json\" class=\"yoast-schema-graph\">{\"@context\":\"https:\/\/schema.org\",\"@graph\":[{\"@type\":\"Article\",\"@id\":\"https:\/\/footdavant.fr\/actualites\/la-position-en-championnat-nest-pas-un-facteur-alors-que-nous-faisons-face-a-une-autre-journee-difficile-a-lexterieur\/#article\",\"isPartOf\":{\"@id\":\"https:\/\/footdavant.fr\/actualites\/la-position-en-championnat-nest-pas-un-facteur-alors-que-nous-faisons-face-a-une-autre-journee-difficile-a-lexterieur\/\"},\"author\":{\"name\":\"Cl\u00e9ment\",\"@id\":\"https:\/\/footdavant.fr\/actualites\/#\/schema\/person\/bc222566d95871b37e597b3ed3ba5e1d\"},\"headline\":\"La position en championnat n&#39;est pas un facteur alors que nous faisons face \u00e0 une autre journ\u00e9e difficile \u00e0 l&#39;ext\u00e9rieur\",\"datePublished\":\"2026-01-17T18:48:03+00:00\",\"dateModified\":\"2026-01-17T18:48:05+00:00\",\"mainEntityOfPage\":{\"@id\":\"https:\/\/footdavant.fr\/actualites\/la-position-en-championnat-nest-pas-un-facteur-alors-que-nous-faisons-face-a-une-autre-journee-difficile-a-lexterieur\/\"},\"wordCount\":857,\"publisher\":{\"@id\":\"https:\/\/footdavant.fr\/actualites\/#organization\"},\"keywords\":[\"alors\",\"autre\",\"championnat\",\"difficile\",\"face\",\"facteur\",\"faisons\",\"journ\u00e9e\",\"l39ext\u00e9rieur\",\"n39est\",\"nous\",\"pas\",\"position\",\"une\"],\"articleSection\":[\"Football\"],\"inLanguage\":\"fr-FR\"},{\"@type\":\"WebPage\",\"@id\":\"https:\/\/footdavant.fr\/actualites\/la-position-en-championnat-nest-pas-un-facteur-alors-que-nous-faisons-face-a-une-autre-journee-difficile-a-lexterieur\/\",\"url\":\"https:\/\/footdavant.fr\/actualites\/la-position-en-championnat-nest-pas-un-facteur-alors-que-nous-faisons-face-a-une-autre-journee-difficile-a-lexterieur\/\",\"name\":\"La position en championnat n&#39;est pas un facteur alors que nous faisons face \u00e0 une autre journ\u00e9e difficile \u00e0 l&#39;ext\u00e9rieur\",\"isPartOf\":{\"@id\":\"https:\/\/footdavant.fr\/actualites\/#website\"},\"datePublished\":\"2026-01-17T18:48:03+00:00\",\"dateModified\":\"2026-01-17T18:48:05+00:00\",\"breadcrumb\":{\"@id\":\"https:\/\/footdavant.fr\/actualites\/la-position-en-championnat-nest-pas-un-facteur-alors-que-nous-faisons-face-a-une-autre-journee-difficile-a-lexterieur\/#breadcrumb\"},\"inLanguage\":\"fr-FR\",\"potentialAction\":[{\"@type\":\"ReadAction\",\"target\":[\"https:\/\/footdavant.fr\/actualites\/la-position-en-championnat-nest-pas-un-facteur-alors-que-nous-faisons-face-a-une-autre-journee-difficile-a-lexterieur\/\"]}]},{\"@type\":\"BreadcrumbList\",\"@id\":\"https:\/\/footdavant.fr\/actualites\/la-position-en-championnat-nest-pas-un-facteur-alors-que-nous-faisons-face-a-une-autre-journee-difficile-a-lexterieur\/#breadcrumb\",\"itemListElement\":[{\"@type\":\"ListItem\",\"position\":1,\"name\":\"Accueil\",\"item\":\"https:\/\/footdavant.fr\/actualites\/\"},{\"@type\":\"ListItem\",\"position\":2,\"name\":\"La position en championnat n&#39;est pas un facteur alors que nous faisons face \u00e0 une autre journ\u00e9e difficile \u00e0 l&#39;ext\u00e9rieur\"}]},{\"@type\":\"WebSite\",\"@id\":\"https:\/\/footdavant.fr\/actualites\/#website\",\"url\":\"https:\/\/footdavant.fr\/actualites\/\",\"name\":\"Foot d'avant\",\"description\":\"\",\"publisher\":{\"@id\":\"https:\/\/footdavant.fr\/actualites\/#organization\"},\"potentialAction\":[{\"@type\":\"SearchAction\",\"target\":{\"@type\":\"EntryPoint\",\"urlTemplate\":\"https:\/\/footdavant.fr\/actualites\/?s={search_term_string}\"},\"query-input\":\"required name=search_term_string\"}],\"inLanguage\":\"fr-FR\"},{\"@type\":\"Organization\",\"@id\":\"https:\/\/footdavant.fr\/actualites\/#organization\",\"name\":\"Foot d'avant\",\"url\":\"https:\/\/footdavant.fr\/actualites\/\",\"logo\":{\"@type\":\"ImageObject\",\"inLanguage\":\"fr-FR\",\"@id\":\"https:\/\/footdavant.fr\/actualites\/#\/schema\/logo\/image\/\",\"url\":\"https:\/\/footdavant.fr\/actualites\/wp-content\/uploads\/2023\/09\/Copy-of-FootDavant-Logo.png\",\"contentUrl\":\"https:\/\/footdavant.fr\/actualites\/wp-content\/uploads\/2023\/09\/Copy-of-FootDavant-Logo.png\",\"width\":936,\"height\":549,\"caption\":\"Foot d'avant\"},\"image\":{\"@id\":\"https:\/\/footdavant.fr\/actualites\/#\/schema\/logo\/image\/\"},\"sameAs\":[\"https:\/\/www.facebook.com\/Footdavant\/\",\"https:\/\/twitter.com\/FootdavantFr\",\"https:\/\/www.instagram.com\/footdavant.fr\/\"]},{\"@type\":\"Person\",\"@id\":\"https:\/\/footdavant.fr\/actualites\/#\/schema\/person\/bc222566d95871b37e597b3ed3ba5e1d\",\"name\":\"Cl\u00e9ment\",\"image\":{\"@type\":\"ImageObject\",\"inLanguage\":\"fr-FR\",\"@id\":\"https:\/\/footdavant.fr\/actualites\/#\/schema\/person\/image\/\",\"url\":\"https:\/\/secure.gravatar.com\/avatar\/7728b29aac2719421e1a9159b2254c44?s=96&d=mm&r=g\",\"contentUrl\":\"https:\/\/secure.gravatar.com\/avatar\/7728b29aac2719421e1a9159b2254c44?s=96&d=mm&r=g\",\"caption\":\"Cl\u00e9ment\"},\"sameAs\":[\"https:\/\/footdavant.fr\/\"]}]}<\/script>\n<!-- \/ Yoast SEO plugin. -->","yoast_head_json":{"title":"La position en championnat n&#39;est pas un facteur alors que nous faisons face \u00e0 une autre journ\u00e9e difficile \u00e0 l&#39;ext\u00e9rieur","robots":{"index":"index","follow":"follow","max-snippet":"max-snippet:-1","max-image-preview":"max-image-preview:large","max-video-preview":"max-video-preview:-1"},"canonical":"https:\/\/footdavant.fr\/actualites\/la-position-en-championnat-nest-pas-un-facteur-alors-que-nous-faisons-face-a-une-autre-journee-difficile-a-lexterieur\/","og_locale":"fr_FR","og_type":"article","og_title":"La position en championnat n&#39;est pas un facteur alors que nous faisons face \u00e0 une autre journ\u00e9e difficile \u00e0 l&#39;ext\u00e9rieur","og_description":"Bonjour \u00e0 tous. Apr\u00e8s nos exploits en milieu de semaine, c&#39;est un autre d\u00e9placement aujourd&#39;hui, cette fois au City Ground pour affronter Nottingham Forest. Sur","og_url":"https:\/\/footdavant.fr\/actualites\/la-position-en-championnat-nest-pas-un-facteur-alors-que-nous-faisons-face-a-une-autre-journee-difficile-a-lexterieur\/","og_site_name":"Foot d&#039;avant","article_publisher":"https:\/\/www.facebook.com\/Footdavant\/","article_published_time":"2026-01-17T18:48:03+00:00","article_modified_time":"2026-01-17T18:48:05+00:00","og_image":[{"width":1500,"height":750,"url":"https:\/\/footdavant.fr\/actualites\/wp-content\/uploads\/2026\/01\/La-position-en-championnat-n39est-pas-un-facteur-alors-que.jpg","type":"image\/jpeg"}],"author":"Cl\u00e9ment","twitter_card":"summary_large_image","twitter_creator":"@FootdavantFr","twitter_site":"@FootdavantFr","twitter_misc":{"\u00c9crit par":"Cl\u00e9ment","Dur\u00e9e de lecture estim\u00e9e":"4 minutes"},"schema":{"@context":"https:\/\/schema.org","@graph":[{"@type":"Article","@id":"https:\/\/footdavant.fr\/actualites\/la-position-en-championnat-nest-pas-un-facteur-alors-que-nous-faisons-face-a-une-autre-journee-difficile-a-lexterieur\/#article","isPartOf":{"@id":"https:\/\/footdavant.fr\/actualites\/la-position-en-championnat-nest-pas-un-facteur-alors-que-nous-faisons-face-a-une-autre-journee-difficile-a-lexterieur\/"},"author":{"name":"Cl\u00e9ment","@id":"https:\/\/footdavant.fr\/actualites\/#\/schema\/person\/bc222566d95871b37e597b3ed3ba5e1d"},"headline":"La position en championnat n&#39;est pas un facteur alors que nous faisons face \u00e0 une autre journ\u00e9e difficile \u00e0 l&#39;ext\u00e9rieur","datePublished":"2026-01-17T18:48:03+00:00","dateModified":"2026-01-17T18:48:05+00:00","mainEntityOfPage":{"@id":"https:\/\/footdavant.fr\/actualites\/la-position-en-championnat-nest-pas-un-facteur-alors-que-nous-faisons-face-a-une-autre-journee-difficile-a-lexterieur\/"},"wordCount":857,"publisher":{"@id":"https:\/\/footdavant.fr\/actualites\/#organization"},"keywords":["alors","autre","championnat","difficile","face","facteur","faisons","journ\u00e9e","l39ext\u00e9rieur","n39est","nous","pas","position","une"],"articleSection":["Football"],"inLanguage":"fr-FR"},{"@type":"WebPage","@id":"https:\/\/footdavant.fr\/actualites\/la-position-en-championnat-nest-pas-un-facteur-alors-que-nous-faisons-face-a-une-autre-journee-difficile-a-lexterieur\/","url":"https:\/\/footdavant.fr\/actualites\/la-position-en-championnat-nest-pas-un-facteur-alors-que-nous-faisons-face-a-une-autre-journee-difficile-a-lexterieur\/","name":"La position en championnat n&#39;est pas un facteur alors que nous faisons face \u00e0 une autre journ\u00e9e difficile \u00e0 l&#39;ext\u00e9rieur","isPartOf":{"@id":"https:\/\/footdavant.fr\/actualites\/#website"},"datePublished":"2026-01-17T18:48:03+00:00","dateModified":"2026-01-17T18:48:05+00:00","breadcrumb":{"@id":"https:\/\/footdavant.fr\/actualites\/la-position-en-championnat-nest-pas-un-facteur-alors-que-nous-faisons-face-a-une-autre-journee-difficile-a-lexterieur\/#breadcrumb"},"inLanguage":"fr-FR","potentialAction":[{"@type":"ReadAction","target":["https:\/\/footdavant.fr\/actualites\/la-position-en-championnat-nest-pas-un-facteur-alors-que-nous-faisons-face-a-une-autre-journee-difficile-a-lexterieur\/"]}]},{"@type":"BreadcrumbList","@id":"https:\/\/footdavant.fr\/actualites\/la-position-en-championnat-nest-pas-un-facteur-alors-que-nous-faisons-face-a-une-autre-journee-difficile-a-lexterieur\/#breadcrumb","itemListElement":[{"@type":"ListItem","position":1,"name":"Accueil","item":"https:\/\/footdavant.fr\/actualites\/"},{"@type":"ListItem","position":2,"name":"La position en championnat n&#39;est pas un facteur alors que nous faisons face \u00e0 une autre journ\u00e9e difficile \u00e0 l&#39;ext\u00e9rieur"}]},{"@type":"WebSite","@id":"https:\/\/footdavant.fr\/actualites\/#website","url":"https:\/\/footdavant.fr\/actualites\/","name":"Foot d'avant","description":"","publisher":{"@id":"https:\/\/footdavant.fr\/actualites\/#organization"},"potentialAction":[{"@type":"SearchAction","target":{"@type":"EntryPoint","urlTemplate":"https:\/\/footdavant.fr\/actualites\/?s={search_term_string}"},"query-input":"required name=search_term_string"}],"inLanguage":"fr-FR"},{"@type":"Organization","@id":"https:\/\/footdavant.fr\/actualites\/#organization","name":"Foot d'avant","url":"https:\/\/footdavant.fr\/actualites\/","logo":{"@type":"ImageObject","inLanguage":"fr-FR","@id":"https:\/\/footdavant.fr\/actualites\/#\/schema\/logo\/image\/","url":"https:\/\/footdavant.fr\/actualites\/wp-content\/uploads\/2023\/09\/Copy-of-FootDavant-Logo.png","contentUrl":"https:\/\/footdavant.fr\/actualites\/wp-content\/uploads\/2023\/09\/Copy-of-FootDavant-Logo.png","width":936,"height":549,"caption":"Foot d'avant"},"image":{"@id":"https:\/\/footdavant.fr\/actualites\/#\/schema\/logo\/image\/"},"sameAs":["https:\/\/www.facebook.com\/Footdavant\/","https:\/\/twitter.com\/FootdavantFr","https:\/\/www.instagram.com\/footdavant.fr\/"]},{"@type":"Person","@id":"https:\/\/footdavant.fr\/actualites\/#\/schema\/person\/bc222566d95871b37e597b3ed3ba5e1d","name":"Cl\u00e9ment","image":{"@type":"ImageObject","inLanguage":"fr-FR","@id":"https:\/\/footdavant.fr\/actualites\/#\/schema\/person\/image\/","url":"https:\/\/secure.gravatar.com\/avatar\/7728b29aac2719421e1a9159b2254c44?s=96&d=mm&r=g","contentUrl":"https:\/\/secure.gravatar.com\/avatar\/7728b29aac2719421e1a9159b2254c44?s=96&d=mm&r=g","caption":"Cl\u00e9ment"},"sameAs":["https:\/\/footdavant.fr\/"]}]}},"_links":{"self":[{"href":"https:\/\/footdavant.fr\/actualites\/wp-json\/wp\/v2\/posts\/33538"}],"collection":[{"href":"https:\/\/footdavant.fr\/actualites\/wp-json\/wp\/v2\/posts"}],"about":[{"href":"https:\/\/footdavant.fr\/actualites\/wp-json\/wp\/v2\/types\/post"}],"author":[{"embeddable":true,"href":"https:\/\/footdavant.fr\/actualites\/wp-json\/wp\/v2\/users\/1"}],"replies":[{"embeddable":true,"href":"https:\/\/footdavant.fr\/actualites\/wp-json\/wp\/v2\/comments?post=33538"}],"version-history":[{"count":1,"href":"https:\/\/footdavant.fr\/actualites\/wp-json\/wp\/v2\/posts\/33538\/revisions"}],"predecessor-version":[{"id":33540,"href":"https:\/\/footdavant.fr\/actualites\/wp-json\/wp\/v2\/posts\/33538\/revisions\/33540"}],"wp:featuredmedia":[{"embeddable":true,"href":"https:\/\/footdavant.fr\/actualites\/wp-json\/wp\/v2\/media\/33539"}],"wp:attachment":[{"href":"https:\/\/footdavant.fr\/actualites\/wp-json\/wp\/v2\/media?parent=33538"}],"wp:term":[{"taxonomy":"category","embeddable":true,"href":"https:\/\/footdavant.fr\/actualites\/wp-json\/wp\/v2\/categories?post=33538"},{"taxonomy":"post_tag","embeddable":true,"href":"https:\/\/footdavant.fr\/actualites\/wp-json\/wp\/v2\/tags?post=33538"}],"curies":[{"name":"wp","href":"https:\/\/api.w.org\/{rel}","templated":true}]}}