{"id":33545,"date":"2026-01-17T23:48:03","date_gmt":"2026-01-17T22:48:03","guid":{"rendered":"https:\/\/footdavant.fr\/actualites\/pas-acceptable-gerrard-fulmine-apres-que-liverpool-soit-detenu-par-burnley\/"},"modified":"2026-01-17T23:48:05","modified_gmt":"2026-01-17T22:48:05","slug":"pas-acceptable-gerrard-fulmine-apres-que-liverpool-soit-detenu-par-burnley","status":"publish","type":"post","link":"https:\/\/footdavant.fr\/actualites\/pas-acceptable-gerrard-fulmine-apres-que-liverpool-soit-detenu-par-burnley\/","title":{"rendered":"\u00ab\u00a0Pas acceptable\u00a0\u00bb \u2013 Gerrard fulmine apr\u00e8s que Liverpool soit d\u00e9tenu par Burnley"},"content":{"rendered":"<div id=\"article-body\">\n<!-- Article Start --><\/p>\n<p>Steven Gerrard n&#39;a pas m\u00e2ch\u00e9 ses mots apr\u00e8s que Liverpool ait perdu encore plus de points \u00e0 Anfield samedi apr\u00e8s-midi.<\/p>\n<p>Les Reds ont \u00e9t\u00e9 tenus en \u00e9chec 1-1 \u00e0 domicile contre Burnley, 19e, prolongeant simultan\u00e9ment leur invincibilit\u00e9 \u00e0 12 matches toutes comp\u00e9titions confondues et leur s\u00e9quence sans victoire en Premier League \u00e0 quatre matches.<\/p>\n<p>Apr\u00e8s aujourd&#39;hui, les trois \u00e9quipes promues sont venues \u00e0 Anfield et sont reparties avec une part du butin, et les victoires de Manchester United et de Chelsea ont r\u00e9duit l&#39;\u00e9cart du LFC par rapport aux \u00e9quipes qui les poursuivent pour la quatri\u00e8me place garantie en Ligue des champions.<\/p>\n<h2>Gerrard: les nuls \u00e0 domicile ne sont \u00ab\u00a0pas acceptables\u00a0\u00bb pour Liverpool<\/h2>\n<p>S&#39;exprimant sur TNT Sports apr\u00e8s l&#39;annonce du r\u00e9sultat, Gerrard a reconnu comment Arne Slot a \u00e9loign\u00e9 Liverpool de la position cauchemardesque dans laquelle ils se trouvaient en novembre, mais a \u00e9galement insist\u00e9 sur le fait que le N\u00e9erlandais devra prendre les critiques sur ce r\u00e9sultat au menton.<\/p>\n<p>L&#39;ancien capitaine des Reds a d\u00e9clar\u00e9 : <\/p>\n<\/p>\n<figure id=\"attachment_283082\" aria-describedby=\"caption-attachment-283082\" style=\"width: 713px\" class=\"wp-caption alignnone\"><picture><source type=\"image\/webp\" data- data-><\/source><\/picture><\/figure>\n<h2>Le bilan de Liverpool \u00e0 domicile a \u00e9t\u00e9 terriblement m\u00e9diocre cette saison<\/h2>\n<p>En remportant le titre de Premier League la saison derni\u00e8re, Liverpool n&#39;a perdu des points \u00e0 Anfield que cinq fois, et deux d&#39;entre eux apr\u00e8s avoir d\u00e9j\u00e0 \u00e9t\u00e9 sacr\u00e9 champion.<\/p>\n<p>Apr\u00e8s aujourd&#39;hui, les Reds n&#39;ont plus r\u00e9ussi \u00e0 remporter cinq de leurs 11 matchs \u00e0 domicile lors de la campagne actuelle de haut niveau, faisant match nul contre les trois \u00e9quipes promues et perdant contre Man United et Nottingham Forest.<\/p>\n<p>Plus inqui\u00e9tant encore pour Slot, l&#39;affirmation de Lewis Steele selon laquelle le style de jeu du N\u00e9erlandais est devenu \u00ab difficile \u00e0 regarder \u00bb rencontrera l&#39;accord de nombreux Kopites, et il y a m\u00eame eu des hu\u00e9es au coup de sifflet final contre Burnley car certains fans n&#39;ont pas pu dissimuler leur frustration.<\/p>\n<p>Gerrard a raison de d\u00e9plorer la succession de matchs nuls, qui repr\u00e9sentent 50 % de l&#39;invincibilit\u00e9 actuelle et ont emp\u00each\u00e9 Liverpool de s&#39;\u00e9loigner du peloton de chasse pour terminer parmi les quatre premiers.<\/p>\n<p>Ce n&#39;est peut-\u00eatre pas la tasse de th\u00e9 de tout le monde, mais les chiffres xG de 2,96 pour les Reds et de 0,4 pour l&#39;\u00e9quipe de Scott Parker lors du match nul 1-1 d&#39;aujourd&#39;hui (Sky Sports) dressent un tableau d\u00e9sol\u00e9 du gaspillage que nous avons fait dans le dernier tiers. \u00c0 moins que ce probl\u00e8me ne soit r\u00e9solu, la Ligue des champions de la saison prochaine pourrait ne pas avoir de repr\u00e9sentation dans le Merseyside.<\/p>\n<p><!-- Article End -->\t\t\t\t<\/div>\n","protected":false},"excerpt":{"rendered":"<p>Steven Gerrard n&#39;a pas m\u00e2ch\u00e9 ses mots apr\u00e8s que Liverpool ait perdu encore plus de points \u00e0 Anfield samedi apr\u00e8s-midi. Les Reds ont \u00e9t\u00e9 tenus<\/p>\n","protected":false},"author":1,"featured_media":33546,"comment_status":"closed","ping_status":"","sticky":false,"template":"","format":"standard","meta":{"footnotes":""},"categories":[3],"tags":[11343,25,541,5372,4487,1234,53,75,71,2008],"yoast_head":"<!-- This site is optimized with the Yoast SEO plugin v21.0 - https:\/\/yoast.com\/wordpress\/plugins\/seo\/ -->\n<title>&quot;Pas acceptable&quot; \u2013 Gerrard fulmine apr\u00e8s que Liverpool soit d\u00e9tenu par Burnley<\/title>\n<meta name=\"robots\" content=\"index, follow, max-snippet:-1, max-image-preview:large, max-video-preview:-1\" \/>\n<link rel=\"canonical\" href=\"https:\/\/footdavant.fr\/actualites\/pas-acceptable-gerrard-fulmine-apres-que-liverpool-soit-detenu-par-burnley\/\" \/>\n<meta property=\"og:locale\" content=\"fr_FR\" \/>\n<meta property=\"og:type\" content=\"article\" \/>\n<meta property=\"og:title\" content=\"&quot;Pas acceptable&quot; \u2013 Gerrard fulmine apr\u00e8s que Liverpool soit d\u00e9tenu par Burnley\" \/>\n<meta property=\"og:description\" content=\"Steven Gerrard n&#039;a pas m\u00e2ch\u00e9 ses mots apr\u00e8s que Liverpool ait perdu encore plus de points \u00e0 Anfield samedi apr\u00e8s-midi. Les Reds ont \u00e9t\u00e9 tenus\" \/>\n<meta property=\"og:url\" content=\"https:\/\/footdavant.fr\/actualites\/pas-acceptable-gerrard-fulmine-apres-que-liverpool-soit-detenu-par-burnley\/\" \/>\n<meta property=\"og:site_name\" content=\"Foot d&#039;avant\" \/>\n<meta property=\"article:publisher\" content=\"https:\/\/www.facebook.com\/Footdavant\/\" \/>\n<meta property=\"article:published_time\" content=\"2026-01-17T22:48:03+00:00\" \/>\n<meta property=\"article:modified_time\" content=\"2026-01-17T22:48:05+00:00\" \/>\n<meta property=\"og:image\" content=\"https:\/\/footdavant.fr\/actualites\/wp-content\/uploads\/2026\/01\/1768690084_Pas-acceptable-\u2013-Gerrard-fulmine-apres-que-Liverpool-soit-detenu.jpg\" \/>\n\t<meta property=\"og:image:width\" content=\"1451\" \/>\n\t<meta property=\"og:image:height\" content=\"817\" \/>\n\t<meta property=\"og:image:type\" content=\"image\/jpeg\" \/>\n<meta name=\"author\" content=\"Cl\u00e9ment\" \/>\n<meta name=\"twitter:card\" content=\"summary_large_image\" \/>\n<meta name=\"twitter:creator\" content=\"@FootdavantFr\" \/>\n<meta name=\"twitter:site\" content=\"@FootdavantFr\" \/>\n<meta name=\"twitter:label1\" content=\"\u00c9crit par\" \/>\n\t<meta name=\"twitter:data1\" content=\"Cl\u00e9ment\" \/>\n\t<meta name=\"twitter:label2\" content=\"Dur\u00e9e de lecture estim\u00e9e\" \/>\n\t<meta name=\"twitter:data2\" content=\"2 minutes\" \/>\n<script type=\"application\/ld+json\" class=\"yoast-schema-graph\">{\"@context\":\"https:\/\/schema.org\",\"@graph\":[{\"@type\":\"Article\",\"@id\":\"https:\/\/footdavant.fr\/actualites\/pas-acceptable-gerrard-fulmine-apres-que-liverpool-soit-detenu-par-burnley\/#article\",\"isPartOf\":{\"@id\":\"https:\/\/footdavant.fr\/actualites\/pas-acceptable-gerrard-fulmine-apres-que-liverpool-soit-detenu-par-burnley\/\"},\"author\":{\"name\":\"Cl\u00e9ment\",\"@id\":\"https:\/\/footdavant.fr\/actualites\/#\/schema\/person\/bc222566d95871b37e597b3ed3ba5e1d\"},\"headline\":\"\u00ab\u00a0Pas acceptable\u00a0\u00bb \u2013 Gerrard fulmine apr\u00e8s que Liverpool soit d\u00e9tenu par Burnley\",\"datePublished\":\"2026-01-17T22:48:03+00:00\",\"dateModified\":\"2026-01-17T22:48:05+00:00\",\"mainEntityOfPage\":{\"@id\":\"https:\/\/footdavant.fr\/actualites\/pas-acceptable-gerrard-fulmine-apres-que-liverpool-soit-detenu-par-burnley\/\"},\"wordCount\":454,\"publisher\":{\"@id\":\"https:\/\/footdavant.fr\/actualites\/#organization\"},\"keywords\":[\"acceptable\",\"apr\u00e8s\",\"Burnley\",\"d\u00e9tenu\",\"fulmine\",\"Gerrard\",\"Liverpool\",\"par\",\"pas\",\"soit\"],\"articleSection\":[\"Football\"],\"inLanguage\":\"fr-FR\"},{\"@type\":\"WebPage\",\"@id\":\"https:\/\/footdavant.fr\/actualites\/pas-acceptable-gerrard-fulmine-apres-que-liverpool-soit-detenu-par-burnley\/\",\"url\":\"https:\/\/footdavant.fr\/actualites\/pas-acceptable-gerrard-fulmine-apres-que-liverpool-soit-detenu-par-burnley\/\",\"name\":\"\\\"Pas acceptable\\\" \u2013 Gerrard fulmine apr\u00e8s que Liverpool soit d\u00e9tenu par Burnley\",\"isPartOf\":{\"@id\":\"https:\/\/footdavant.fr\/actualites\/#website\"},\"datePublished\":\"2026-01-17T22:48:03+00:00\",\"dateModified\":\"2026-01-17T22:48:05+00:00\",\"breadcrumb\":{\"@id\":\"https:\/\/footdavant.fr\/actualites\/pas-acceptable-gerrard-fulmine-apres-que-liverpool-soit-detenu-par-burnley\/#breadcrumb\"},\"inLanguage\":\"fr-FR\",\"potentialAction\":[{\"@type\":\"ReadAction\",\"target\":[\"https:\/\/footdavant.fr\/actualites\/pas-acceptable-gerrard-fulmine-apres-que-liverpool-soit-detenu-par-burnley\/\"]}]},{\"@type\":\"BreadcrumbList\",\"@id\":\"https:\/\/footdavant.fr\/actualites\/pas-acceptable-gerrard-fulmine-apres-que-liverpool-soit-detenu-par-burnley\/#breadcrumb\",\"itemListElement\":[{\"@type\":\"ListItem\",\"position\":1,\"name\":\"Accueil\",\"item\":\"https:\/\/footdavant.fr\/actualites\/\"},{\"@type\":\"ListItem\",\"position\":2,\"name\":\"\u00ab\u00a0Pas acceptable\u00a0\u00bb \u2013 Gerrard fulmine apr\u00e8s que Liverpool soit d\u00e9tenu par Burnley\"}]},{\"@type\":\"WebSite\",\"@id\":\"https:\/\/footdavant.fr\/actualites\/#website\",\"url\":\"https:\/\/footdavant.fr\/actualites\/\",\"name\":\"Foot d'avant\",\"description\":\"\",\"publisher\":{\"@id\":\"https:\/\/footdavant.fr\/actualites\/#organization\"},\"potentialAction\":[{\"@type\":\"SearchAction\",\"target\":{\"@type\":\"EntryPoint\",\"urlTemplate\":\"https:\/\/footdavant.fr\/actualites\/?s={search_term_string}\"},\"query-input\":\"required name=search_term_string\"}],\"inLanguage\":\"fr-FR\"},{\"@type\":\"Organization\",\"@id\":\"https:\/\/footdavant.fr\/actualites\/#organization\",\"name\":\"Foot d'avant\",\"url\":\"https:\/\/footdavant.fr\/actualites\/\",\"logo\":{\"@type\":\"ImageObject\",\"inLanguage\":\"fr-FR\",\"@id\":\"https:\/\/footdavant.fr\/actualites\/#\/schema\/logo\/image\/\",\"url\":\"https:\/\/footdavant.fr\/actualites\/wp-content\/uploads\/2023\/09\/Copy-of-FootDavant-Logo.png\",\"contentUrl\":\"https:\/\/footdavant.fr\/actualites\/wp-content\/uploads\/2023\/09\/Copy-of-FootDavant-Logo.png\",\"width\":936,\"height\":549,\"caption\":\"Foot d'avant\"},\"image\":{\"@id\":\"https:\/\/footdavant.fr\/actualites\/#\/schema\/logo\/image\/\"},\"sameAs\":[\"https:\/\/www.facebook.com\/Footdavant\/\",\"https:\/\/twitter.com\/FootdavantFr\",\"https:\/\/www.instagram.com\/footdavant.fr\/\"]},{\"@type\":\"Person\",\"@id\":\"https:\/\/footdavant.fr\/actualites\/#\/schema\/person\/bc222566d95871b37e597b3ed3ba5e1d\",\"name\":\"Cl\u00e9ment\",\"image\":{\"@type\":\"ImageObject\",\"inLanguage\":\"fr-FR\",\"@id\":\"https:\/\/footdavant.fr\/actualites\/#\/schema\/person\/image\/\",\"url\":\"https:\/\/secure.gravatar.com\/avatar\/7728b29aac2719421e1a9159b2254c44?s=96&d=mm&r=g\",\"contentUrl\":\"https:\/\/secure.gravatar.com\/avatar\/7728b29aac2719421e1a9159b2254c44?s=96&d=mm&r=g\",\"caption\":\"Cl\u00e9ment\"},\"sameAs\":[\"https:\/\/footdavant.fr\/\"]}]}<\/script>\n<!-- \/ Yoast SEO plugin. -->","yoast_head_json":{"title":"\"Pas acceptable\" \u2013 Gerrard fulmine apr\u00e8s que Liverpool soit d\u00e9tenu par Burnley","robots":{"index":"index","follow":"follow","max-snippet":"max-snippet:-1","max-image-preview":"max-image-preview:large","max-video-preview":"max-video-preview:-1"},"canonical":"https:\/\/footdavant.fr\/actualites\/pas-acceptable-gerrard-fulmine-apres-que-liverpool-soit-detenu-par-burnley\/","og_locale":"fr_FR","og_type":"article","og_title":"\"Pas acceptable\" \u2013 Gerrard fulmine apr\u00e8s que Liverpool soit d\u00e9tenu par Burnley","og_description":"Steven Gerrard n&#39;a pas m\u00e2ch\u00e9 ses mots apr\u00e8s que Liverpool ait perdu encore plus de points \u00e0 Anfield samedi apr\u00e8s-midi. Les Reds ont \u00e9t\u00e9 tenus","og_url":"https:\/\/footdavant.fr\/actualites\/pas-acceptable-gerrard-fulmine-apres-que-liverpool-soit-detenu-par-burnley\/","og_site_name":"Foot d&#039;avant","article_publisher":"https:\/\/www.facebook.com\/Footdavant\/","article_published_time":"2026-01-17T22:48:03+00:00","article_modified_time":"2026-01-17T22:48:05+00:00","og_image":[{"width":1451,"height":817,"url":"https:\/\/footdavant.fr\/actualites\/wp-content\/uploads\/2026\/01\/1768690084_Pas-acceptable-\u2013-Gerrard-fulmine-apres-que-Liverpool-soit-detenu.jpg","type":"image\/jpeg"}],"author":"Cl\u00e9ment","twitter_card":"summary_large_image","twitter_creator":"@FootdavantFr","twitter_site":"@FootdavantFr","twitter_misc":{"\u00c9crit par":"Cl\u00e9ment","Dur\u00e9e de lecture estim\u00e9e":"2 minutes"},"schema":{"@context":"https:\/\/schema.org","@graph":[{"@type":"Article","@id":"https:\/\/footdavant.fr\/actualites\/pas-acceptable-gerrard-fulmine-apres-que-liverpool-soit-detenu-par-burnley\/#article","isPartOf":{"@id":"https:\/\/footdavant.fr\/actualites\/pas-acceptable-gerrard-fulmine-apres-que-liverpool-soit-detenu-par-burnley\/"},"author":{"name":"Cl\u00e9ment","@id":"https:\/\/footdavant.fr\/actualites\/#\/schema\/person\/bc222566d95871b37e597b3ed3ba5e1d"},"headline":"\u00ab\u00a0Pas acceptable\u00a0\u00bb \u2013 Gerrard fulmine apr\u00e8s que Liverpool soit d\u00e9tenu par Burnley","datePublished":"2026-01-17T22:48:03+00:00","dateModified":"2026-01-17T22:48:05+00:00","mainEntityOfPage":{"@id":"https:\/\/footdavant.fr\/actualites\/pas-acceptable-gerrard-fulmine-apres-que-liverpool-soit-detenu-par-burnley\/"},"wordCount":454,"publisher":{"@id":"https:\/\/footdavant.fr\/actualites\/#organization"},"keywords":["acceptable","apr\u00e8s","Burnley","d\u00e9tenu","fulmine","Gerrard","Liverpool","par","pas","soit"],"articleSection":["Football"],"inLanguage":"fr-FR"},{"@type":"WebPage","@id":"https:\/\/footdavant.fr\/actualites\/pas-acceptable-gerrard-fulmine-apres-que-liverpool-soit-detenu-par-burnley\/","url":"https:\/\/footdavant.fr\/actualites\/pas-acceptable-gerrard-fulmine-apres-que-liverpool-soit-detenu-par-burnley\/","name":"\"Pas acceptable\" \u2013 Gerrard fulmine apr\u00e8s que Liverpool soit d\u00e9tenu par Burnley","isPartOf":{"@id":"https:\/\/footdavant.fr\/actualites\/#website"},"datePublished":"2026-01-17T22:48:03+00:00","dateModified":"2026-01-17T22:48:05+00:00","breadcrumb":{"@id":"https:\/\/footdavant.fr\/actualites\/pas-acceptable-gerrard-fulmine-apres-que-liverpool-soit-detenu-par-burnley\/#breadcrumb"},"inLanguage":"fr-FR","potentialAction":[{"@type":"ReadAction","target":["https:\/\/footdavant.fr\/actualites\/pas-acceptable-gerrard-fulmine-apres-que-liverpool-soit-detenu-par-burnley\/"]}]},{"@type":"BreadcrumbList","@id":"https:\/\/footdavant.fr\/actualites\/pas-acceptable-gerrard-fulmine-apres-que-liverpool-soit-detenu-par-burnley\/#breadcrumb","itemListElement":[{"@type":"ListItem","position":1,"name":"Accueil","item":"https:\/\/footdavant.fr\/actualites\/"},{"@type":"ListItem","position":2,"name":"\u00ab\u00a0Pas acceptable\u00a0\u00bb \u2013 Gerrard fulmine apr\u00e8s que Liverpool soit d\u00e9tenu par Burnley"}]},{"@type":"WebSite","@id":"https:\/\/footdavant.fr\/actualites\/#website","url":"https:\/\/footdavant.fr\/actualites\/","name":"Foot d'avant","description":"","publisher":{"@id":"https:\/\/footdavant.fr\/actualites\/#organization"},"potentialAction":[{"@type":"SearchAction","target":{"@type":"EntryPoint","urlTemplate":"https:\/\/footdavant.fr\/actualites\/?s={search_term_string}"},"query-input":"required name=search_term_string"}],"inLanguage":"fr-FR"},{"@type":"Organization","@id":"https:\/\/footdavant.fr\/actualites\/#organization","name":"Foot d'avant","url":"https:\/\/footdavant.fr\/actualites\/","logo":{"@type":"ImageObject","inLanguage":"fr-FR","@id":"https:\/\/footdavant.fr\/actualites\/#\/schema\/logo\/image\/","url":"https:\/\/footdavant.fr\/actualites\/wp-content\/uploads\/2023\/09\/Copy-of-FootDavant-Logo.png","contentUrl":"https:\/\/footdavant.fr\/actualites\/wp-content\/uploads\/2023\/09\/Copy-of-FootDavant-Logo.png","width":936,"height":549,"caption":"Foot d'avant"},"image":{"@id":"https:\/\/footdavant.fr\/actualites\/#\/schema\/logo\/image\/"},"sameAs":["https:\/\/www.facebook.com\/Footdavant\/","https:\/\/twitter.com\/FootdavantFr","https:\/\/www.instagram.com\/footdavant.fr\/"]},{"@type":"Person","@id":"https:\/\/footdavant.fr\/actualites\/#\/schema\/person\/bc222566d95871b37e597b3ed3ba5e1d","name":"Cl\u00e9ment","image":{"@type":"ImageObject","inLanguage":"fr-FR","@id":"https:\/\/footdavant.fr\/actualites\/#\/schema\/person\/image\/","url":"https:\/\/secure.gravatar.com\/avatar\/7728b29aac2719421e1a9159b2254c44?s=96&d=mm&r=g","contentUrl":"https:\/\/secure.gravatar.com\/avatar\/7728b29aac2719421e1a9159b2254c44?s=96&d=mm&r=g","caption":"Cl\u00e9ment"},"sameAs":["https:\/\/footdavant.fr\/"]}]}},"_links":{"self":[{"href":"https:\/\/footdavant.fr\/actualites\/wp-json\/wp\/v2\/posts\/33545"}],"collection":[{"href":"https:\/\/footdavant.fr\/actualites\/wp-json\/wp\/v2\/posts"}],"about":[{"href":"https:\/\/footdavant.fr\/actualites\/wp-json\/wp\/v2\/types\/post"}],"author":[{"embeddable":true,"href":"https:\/\/footdavant.fr\/actualites\/wp-json\/wp\/v2\/users\/1"}],"replies":[{"embeddable":true,"href":"https:\/\/footdavant.fr\/actualites\/wp-json\/wp\/v2\/comments?post=33545"}],"version-history":[{"count":1,"href":"https:\/\/footdavant.fr\/actualites\/wp-json\/wp\/v2\/posts\/33545\/revisions"}],"predecessor-version":[{"id":33547,"href":"https:\/\/footdavant.fr\/actualites\/wp-json\/wp\/v2\/posts\/33545\/revisions\/33547"}],"wp:featuredmedia":[{"embeddable":true,"href":"https:\/\/footdavant.fr\/actualites\/wp-json\/wp\/v2\/media\/33546"}],"wp:attachment":[{"href":"https:\/\/footdavant.fr\/actualites\/wp-json\/wp\/v2\/media?parent=33545"}],"wp:term":[{"taxonomy":"category","embeddable":true,"href":"https:\/\/footdavant.fr\/actualites\/wp-json\/wp\/v2\/categories?post=33545"},{"taxonomy":"post_tag","embeddable":true,"href":"https:\/\/footdavant.fr\/actualites\/wp-json\/wp\/v2\/tags?post=33545"}],"curies":[{"name":"wp","href":"https:\/\/api.w.org\/{rel}","templated":true}]}}