{"id":33548,"date":"2026-01-18T01:48:08","date_gmt":"2026-01-18T00:48:08","guid":{"rendered":"https:\/\/footdavant.fr\/actualites\/nouvelles-du-transfert-du-real-madrid-xabi-alonso-toujours-furieux-de-la-signature-manquee-de-la-priorite-estivale\/"},"modified":"2026-01-18T01:48:10","modified_gmt":"2026-01-18T00:48:10","slug":"nouvelles-du-transfert-du-real-madrid-xabi-alonso-toujours-furieux-de-la-signature-manquee-de-la-priorite-estivale","status":"publish","type":"post","link":"https:\/\/footdavant.fr\/actualites\/nouvelles-du-transfert-du-real-madrid-xabi-alonso-toujours-furieux-de-la-signature-manquee-de-la-priorite-estivale\/","title":{"rendered":"Nouvelles du transfert du Real Madrid: Xabi Alonso toujours furieux de la signature manqu\u00e9e de la priorit\u00e9 estivale"},"content":{"rendered":"<div itemprop=\"articleBody\">\n<p>Quelques heures seulement apr\u00e8s sa d\u00e9faite face au FC Barcelone en finale de la Super Coupe d&#39;Espagne, le Real Madrid a annonc\u00e9 le d\u00e9part de son entra\u00eeneur Xabi Alonso, remplac\u00e9 par Alvaro Arbeloa.<\/p>\n<p>La conclusion d&#39;une relation qui avait tourn\u00e9 au vinaigre entre l&#39;ancien entra\u00eeneur du Bayer Leverkusen et Los Blancos. Son aventure sur le banc du Real Madrid n&#39;a dur\u00e9 que six mois.<\/p>\n<p>Apr\u00e8s seulement 34 matches \u00e0 la t\u00eate, Alonso a \u00e9t\u00e9 pouss\u00e9 vers la sortie par le club de la capitale, au lendemain de la d\u00e9faite face au FC Barcelone en finale de la Supercoupe d&#39;Espagne (2-3).<\/p>\n<p>Une d\u00e9cision inattendue avec une autre annonce tout aussi rapide : la nomination d&#39;Arbeloa comme entra\u00eeneur de l&#39;\u00e9quipe premi\u00e8re, apr\u00e8s avoir \u00e9t\u00e9 sur le banc du Castilla.<\/p>\n<h2>Zubimendi \u00e0 Arsenal plut\u00f4t qu&#39;au Real Madrid<\/h2>\n<div>\n<div>\n<div>\n<div>\n<p>\u00a9 Imago<\/p>\n<\/div>\n<\/div>\n<\/div>\n<\/div>\n<p>Parmi les raisons de ce divorce express, un mercato estival qui n&#39;a pas pleinement satisfait l&#39;ancien manager du Bayer Leverkusen malgr\u00e9 plus de 150 M\u20ac de d\u00e9penses et quatre signatures.<\/p>\n<p>Comme l&#39;explique <em>Marca<\/em>une lacune majeure dans l&#39;\u00e9quipe de Los Blancos a rendu Alonso furieux. Longtemps li\u00e9 au Real Madrid avant de rejoindre Arsenal, Martin Zubimendi \u00e9tait vis\u00e9 pour succ\u00e9der \u00e0 Luka Modric.<\/p>\n<p>Consid\u00e9r\u00e9 par Alonso comme la pi\u00e8ce manquante de son effectif, l&#39;international espagnol de 26 ans ne pouvait rester indiff\u00e9rent \u00e0 l&#39;int\u00e9r\u00eat de son ancien entra\u00eeneur, les deux chemins s&#39;\u00e9tant crois\u00e9s lorsque le natif de Tolosa \u00e9tait manager de l&#39;\u00e9quipe r\u00e9serve du club basque.<\/p>\n<h2>La recherche rat\u00e9e d&#39;Alonso du profil id\u00e9al<\/h2>\n<div>\n<div>\n<div>\n<div><img decoding=\"async\" data-img-id=\"155562\" class=\"lazy\" loading=\"lazy\" src=\"https:\/\/footdavant.fr\/actualites\/wp-content\/uploads\/2025\/12\/Nouvelles-du-transfert-de-Man-Utd-le-Real-Madrid-choque.webp\"\/><\/p>\n<p>\u00a9 Imago \/ Pressinphoto<\/p>\n<\/div>\n<\/div>\n<\/div>\n<\/div>\n<p>Le 6 juillet 2025, ce sont finalement les Gunners qui confirment son arriv\u00e9e \u00e0 l&#39;Emirates Stadium pour 70 M\u20ac (61,5 M\u00a3), soit le montant de sa clause lib\u00e9ratoire. Une affaire qu&#39;Alonso a mal prise et pour laquelle il n&#39;a jamais pardonn\u00e9 cet \u00e9chec sur le march\u00e9 des transferts.<\/p>\n<p>Alors que le pr\u00e9sentateur d&#39;Arsenal brille sous Mikel Arteta, Alonso a cherch\u00e9 en vain le profil id\u00e9al \u00e0 ce poste sans faire confiance \u00e0 aucun joueur pendant une p\u00e9riode prolong\u00e9e, avec Aur\u00e9lien Tchouameni, Eduardo Camavinga et Federico Valverde partageant le temps de jeu depuis le d\u00e9but de la saison 2025-26.<\/p>\n<p><em>Cet article a \u00e9t\u00e9 initialement publi\u00e9 sur Top Mercato.<\/em><\/p>\n<\/div>\n","protected":false},"excerpt":{"rendered":"<p>Quelques heures seulement apr\u00e8s sa d\u00e9faite face au FC Barcelone en finale de la Super Coupe d&#39;Espagne, le Real Madrid a annonc\u00e9 le d\u00e9part de<\/p>\n","protected":false},"author":1,"featured_media":33549,"comment_status":"closed","ping_status":"","sticky":false,"template":"","format":"standard","meta":{"footnotes":""},"categories":[5],"tags":[3450,2908,548,303,11344,461,673,302,449,809,700,3608],"yoast_head":"<!-- This site is optimized with the Yoast SEO plugin v21.0 - https:\/\/yoast.com\/wordpress\/plugins\/seo\/ -->\n<title>Nouvelles du transfert du Real Madrid: Xabi Alonso toujours furieux de la signature manqu\u00e9e de la priorit\u00e9 estivale<\/title>\n<meta name=\"robots\" content=\"index, follow, max-snippet:-1, max-image-preview:large, max-video-preview:-1\" \/>\n<link rel=\"canonical\" href=\"https:\/\/footdavant.fr\/actualites\/nouvelles-du-transfert-du-real-madrid-xabi-alonso-toujours-furieux-de-la-signature-manquee-de-la-priorite-estivale\/\" \/>\n<meta property=\"og:locale\" content=\"fr_FR\" \/>\n<meta property=\"og:type\" content=\"article\" \/>\n<meta property=\"og:title\" content=\"Nouvelles du transfert du Real Madrid: Xabi Alonso toujours furieux de la signature manqu\u00e9e de la priorit\u00e9 estivale\" \/>\n<meta property=\"og:description\" content=\"Quelques heures seulement apr\u00e8s sa d\u00e9faite face au FC Barcelone en finale de la Super Coupe d&#039;Espagne, le Real Madrid a annonc\u00e9 le d\u00e9part de\" \/>\n<meta property=\"og:url\" content=\"https:\/\/footdavant.fr\/actualites\/nouvelles-du-transfert-du-real-madrid-xabi-alonso-toujours-furieux-de-la-signature-manquee-de-la-priorite-estivale\/\" \/>\n<meta property=\"og:site_name\" content=\"Foot d&#039;avant\" \/>\n<meta property=\"article:publisher\" content=\"https:\/\/www.facebook.com\/Footdavant\/\" \/>\n<meta property=\"article:published_time\" content=\"2026-01-18T00:48:08+00:00\" \/>\n<meta property=\"article:modified_time\" content=\"2026-01-18T00:48:10+00:00\" \/>\n<meta property=\"og:image\" content=\"https:\/\/footdavant.fr\/actualites\/wp-content\/uploads\/2026\/01\/Nouvelles-du-transfert-du-Real-Madrid-Xabi-Alonso-toujours-furieux.net2Fuploads2F20252F092Fimago1067002084.webp\" \/>\n\t<meta property=\"og:image:width\" content=\"720\" \/>\n\t<meta property=\"og:image:height\" content=\"410\" \/>\n\t<meta property=\"og:image:type\" content=\"image\/webp\" \/>\n<meta name=\"author\" content=\"Cl\u00e9ment\" \/>\n<meta name=\"twitter:card\" content=\"summary_large_image\" \/>\n<meta name=\"twitter:creator\" content=\"@FootdavantFr\" \/>\n<meta name=\"twitter:site\" content=\"@FootdavantFr\" \/>\n<meta name=\"twitter:label1\" content=\"\u00c9crit par\" \/>\n\t<meta name=\"twitter:data1\" content=\"Cl\u00e9ment\" \/>\n\t<meta name=\"twitter:label2\" content=\"Dur\u00e9e de lecture estim\u00e9e\" \/>\n\t<meta name=\"twitter:data2\" content=\"2 minutes\" \/>\n<script type=\"application\/ld+json\" class=\"yoast-schema-graph\">{\"@context\":\"https:\/\/schema.org\",\"@graph\":[{\"@type\":\"Article\",\"@id\":\"https:\/\/footdavant.fr\/actualites\/nouvelles-du-transfert-du-real-madrid-xabi-alonso-toujours-furieux-de-la-signature-manquee-de-la-priorite-estivale\/#article\",\"isPartOf\":{\"@id\":\"https:\/\/footdavant.fr\/actualites\/nouvelles-du-transfert-du-real-madrid-xabi-alonso-toujours-furieux-de-la-signature-manquee-de-la-priorite-estivale\/\"},\"author\":{\"name\":\"Cl\u00e9ment\",\"@id\":\"https:\/\/footdavant.fr\/actualites\/#\/schema\/person\/bc222566d95871b37e597b3ed3ba5e1d\"},\"headline\":\"Nouvelles du transfert du Real Madrid: Xabi Alonso toujours furieux de la signature manqu\u00e9e de la priorit\u00e9 estivale\",\"datePublished\":\"2026-01-18T00:48:08+00:00\",\"dateModified\":\"2026-01-18T00:48:10+00:00\",\"mainEntityOfPage\":{\"@id\":\"https:\/\/footdavant.fr\/actualites\/nouvelles-du-transfert-du-real-madrid-xabi-alonso-toujours-furieux-de-la-signature-manquee-de-la-priorite-estivale\/\"},\"wordCount\":414,\"publisher\":{\"@id\":\"https:\/\/footdavant.fr\/actualites\/#organization\"},\"keywords\":[\"Alonso\",\"estivale\",\"furieux\",\"Madrid\",\"manqu\u00e9e\",\"Nouvelles\",\"priorit\u00e9\",\"Real\",\"signature\",\"toujours\",\"transfert\",\"Xabi\"],\"articleSection\":[\"Premier League\"],\"inLanguage\":\"fr-FR\"},{\"@type\":\"WebPage\",\"@id\":\"https:\/\/footdavant.fr\/actualites\/nouvelles-du-transfert-du-real-madrid-xabi-alonso-toujours-furieux-de-la-signature-manquee-de-la-priorite-estivale\/\",\"url\":\"https:\/\/footdavant.fr\/actualites\/nouvelles-du-transfert-du-real-madrid-xabi-alonso-toujours-furieux-de-la-signature-manquee-de-la-priorite-estivale\/\",\"name\":\"Nouvelles du transfert du Real Madrid: Xabi Alonso toujours furieux de la signature manqu\u00e9e de la priorit\u00e9 estivale\",\"isPartOf\":{\"@id\":\"https:\/\/footdavant.fr\/actualites\/#website\"},\"datePublished\":\"2026-01-18T00:48:08+00:00\",\"dateModified\":\"2026-01-18T00:48:10+00:00\",\"breadcrumb\":{\"@id\":\"https:\/\/footdavant.fr\/actualites\/nouvelles-du-transfert-du-real-madrid-xabi-alonso-toujours-furieux-de-la-signature-manquee-de-la-priorite-estivale\/#breadcrumb\"},\"inLanguage\":\"fr-FR\",\"potentialAction\":[{\"@type\":\"ReadAction\",\"target\":[\"https:\/\/footdavant.fr\/actualites\/nouvelles-du-transfert-du-real-madrid-xabi-alonso-toujours-furieux-de-la-signature-manquee-de-la-priorite-estivale\/\"]}]},{\"@type\":\"BreadcrumbList\",\"@id\":\"https:\/\/footdavant.fr\/actualites\/nouvelles-du-transfert-du-real-madrid-xabi-alonso-toujours-furieux-de-la-signature-manquee-de-la-priorite-estivale\/#breadcrumb\",\"itemListElement\":[{\"@type\":\"ListItem\",\"position\":1,\"name\":\"Accueil\",\"item\":\"https:\/\/footdavant.fr\/actualites\/\"},{\"@type\":\"ListItem\",\"position\":2,\"name\":\"Nouvelles du transfert du Real Madrid: Xabi Alonso toujours furieux de la signature manqu\u00e9e de la priorit\u00e9 estivale\"}]},{\"@type\":\"WebSite\",\"@id\":\"https:\/\/footdavant.fr\/actualites\/#website\",\"url\":\"https:\/\/footdavant.fr\/actualites\/\",\"name\":\"Foot d'avant\",\"description\":\"\",\"publisher\":{\"@id\":\"https:\/\/footdavant.fr\/actualites\/#organization\"},\"potentialAction\":[{\"@type\":\"SearchAction\",\"target\":{\"@type\":\"EntryPoint\",\"urlTemplate\":\"https:\/\/footdavant.fr\/actualites\/?s={search_term_string}\"},\"query-input\":\"required name=search_term_string\"}],\"inLanguage\":\"fr-FR\"},{\"@type\":\"Organization\",\"@id\":\"https:\/\/footdavant.fr\/actualites\/#organization\",\"name\":\"Foot d'avant\",\"url\":\"https:\/\/footdavant.fr\/actualites\/\",\"logo\":{\"@type\":\"ImageObject\",\"inLanguage\":\"fr-FR\",\"@id\":\"https:\/\/footdavant.fr\/actualites\/#\/schema\/logo\/image\/\",\"url\":\"https:\/\/footdavant.fr\/actualites\/wp-content\/uploads\/2023\/09\/Copy-of-FootDavant-Logo.png\",\"contentUrl\":\"https:\/\/footdavant.fr\/actualites\/wp-content\/uploads\/2023\/09\/Copy-of-FootDavant-Logo.png\",\"width\":936,\"height\":549,\"caption\":\"Foot d'avant\"},\"image\":{\"@id\":\"https:\/\/footdavant.fr\/actualites\/#\/schema\/logo\/image\/\"},\"sameAs\":[\"https:\/\/www.facebook.com\/Footdavant\/\",\"https:\/\/twitter.com\/FootdavantFr\",\"https:\/\/www.instagram.com\/footdavant.fr\/\"]},{\"@type\":\"Person\",\"@id\":\"https:\/\/footdavant.fr\/actualites\/#\/schema\/person\/bc222566d95871b37e597b3ed3ba5e1d\",\"name\":\"Cl\u00e9ment\",\"image\":{\"@type\":\"ImageObject\",\"inLanguage\":\"fr-FR\",\"@id\":\"https:\/\/footdavant.fr\/actualites\/#\/schema\/person\/image\/\",\"url\":\"https:\/\/secure.gravatar.com\/avatar\/7728b29aac2719421e1a9159b2254c44?s=96&d=mm&r=g\",\"contentUrl\":\"https:\/\/secure.gravatar.com\/avatar\/7728b29aac2719421e1a9159b2254c44?s=96&d=mm&r=g\",\"caption\":\"Cl\u00e9ment\"},\"sameAs\":[\"https:\/\/footdavant.fr\/\"]}]}<\/script>\n<!-- \/ Yoast SEO plugin. -->","yoast_head_json":{"title":"Nouvelles du transfert du Real Madrid: Xabi Alonso toujours furieux de la signature manqu\u00e9e de la priorit\u00e9 estivale","robots":{"index":"index","follow":"follow","max-snippet":"max-snippet:-1","max-image-preview":"max-image-preview:large","max-video-preview":"max-video-preview:-1"},"canonical":"https:\/\/footdavant.fr\/actualites\/nouvelles-du-transfert-du-real-madrid-xabi-alonso-toujours-furieux-de-la-signature-manquee-de-la-priorite-estivale\/","og_locale":"fr_FR","og_type":"article","og_title":"Nouvelles du transfert du Real Madrid: Xabi Alonso toujours furieux de la signature manqu\u00e9e de la priorit\u00e9 estivale","og_description":"Quelques heures seulement apr\u00e8s sa d\u00e9faite face au FC Barcelone en finale de la Super Coupe d&#39;Espagne, le Real Madrid a annonc\u00e9 le d\u00e9part de","og_url":"https:\/\/footdavant.fr\/actualites\/nouvelles-du-transfert-du-real-madrid-xabi-alonso-toujours-furieux-de-la-signature-manquee-de-la-priorite-estivale\/","og_site_name":"Foot d&#039;avant","article_publisher":"https:\/\/www.facebook.com\/Footdavant\/","article_published_time":"2026-01-18T00:48:08+00:00","article_modified_time":"2026-01-18T00:48:10+00:00","og_image":[{"width":720,"height":410,"url":"https:\/\/footdavant.fr\/actualites\/wp-content\/uploads\/2026\/01\/Nouvelles-du-transfert-du-Real-Madrid-Xabi-Alonso-toujours-furieux.net2Fuploads2F20252F092Fimago1067002084.webp","type":"image\/webp"}],"author":"Cl\u00e9ment","twitter_card":"summary_large_image","twitter_creator":"@FootdavantFr","twitter_site":"@FootdavantFr","twitter_misc":{"\u00c9crit par":"Cl\u00e9ment","Dur\u00e9e de lecture estim\u00e9e":"2 minutes"},"schema":{"@context":"https:\/\/schema.org","@graph":[{"@type":"Article","@id":"https:\/\/footdavant.fr\/actualites\/nouvelles-du-transfert-du-real-madrid-xabi-alonso-toujours-furieux-de-la-signature-manquee-de-la-priorite-estivale\/#article","isPartOf":{"@id":"https:\/\/footdavant.fr\/actualites\/nouvelles-du-transfert-du-real-madrid-xabi-alonso-toujours-furieux-de-la-signature-manquee-de-la-priorite-estivale\/"},"author":{"name":"Cl\u00e9ment","@id":"https:\/\/footdavant.fr\/actualites\/#\/schema\/person\/bc222566d95871b37e597b3ed3ba5e1d"},"headline":"Nouvelles du transfert du Real Madrid: Xabi Alonso toujours furieux de la signature manqu\u00e9e de la priorit\u00e9 estivale","datePublished":"2026-01-18T00:48:08+00:00","dateModified":"2026-01-18T00:48:10+00:00","mainEntityOfPage":{"@id":"https:\/\/footdavant.fr\/actualites\/nouvelles-du-transfert-du-real-madrid-xabi-alonso-toujours-furieux-de-la-signature-manquee-de-la-priorite-estivale\/"},"wordCount":414,"publisher":{"@id":"https:\/\/footdavant.fr\/actualites\/#organization"},"keywords":["Alonso","estivale","furieux","Madrid","manqu\u00e9e","Nouvelles","priorit\u00e9","Real","signature","toujours","transfert","Xabi"],"articleSection":["Premier League"],"inLanguage":"fr-FR"},{"@type":"WebPage","@id":"https:\/\/footdavant.fr\/actualites\/nouvelles-du-transfert-du-real-madrid-xabi-alonso-toujours-furieux-de-la-signature-manquee-de-la-priorite-estivale\/","url":"https:\/\/footdavant.fr\/actualites\/nouvelles-du-transfert-du-real-madrid-xabi-alonso-toujours-furieux-de-la-signature-manquee-de-la-priorite-estivale\/","name":"Nouvelles du transfert du Real Madrid: Xabi Alonso toujours furieux de la signature manqu\u00e9e de la priorit\u00e9 estivale","isPartOf":{"@id":"https:\/\/footdavant.fr\/actualites\/#website"},"datePublished":"2026-01-18T00:48:08+00:00","dateModified":"2026-01-18T00:48:10+00:00","breadcrumb":{"@id":"https:\/\/footdavant.fr\/actualites\/nouvelles-du-transfert-du-real-madrid-xabi-alonso-toujours-furieux-de-la-signature-manquee-de-la-priorite-estivale\/#breadcrumb"},"inLanguage":"fr-FR","potentialAction":[{"@type":"ReadAction","target":["https:\/\/footdavant.fr\/actualites\/nouvelles-du-transfert-du-real-madrid-xabi-alonso-toujours-furieux-de-la-signature-manquee-de-la-priorite-estivale\/"]}]},{"@type":"BreadcrumbList","@id":"https:\/\/footdavant.fr\/actualites\/nouvelles-du-transfert-du-real-madrid-xabi-alonso-toujours-furieux-de-la-signature-manquee-de-la-priorite-estivale\/#breadcrumb","itemListElement":[{"@type":"ListItem","position":1,"name":"Accueil","item":"https:\/\/footdavant.fr\/actualites\/"},{"@type":"ListItem","position":2,"name":"Nouvelles du transfert du Real Madrid: Xabi Alonso toujours furieux de la signature manqu\u00e9e de la priorit\u00e9 estivale"}]},{"@type":"WebSite","@id":"https:\/\/footdavant.fr\/actualites\/#website","url":"https:\/\/footdavant.fr\/actualites\/","name":"Foot d'avant","description":"","publisher":{"@id":"https:\/\/footdavant.fr\/actualites\/#organization"},"potentialAction":[{"@type":"SearchAction","target":{"@type":"EntryPoint","urlTemplate":"https:\/\/footdavant.fr\/actualites\/?s={search_term_string}"},"query-input":"required name=search_term_string"}],"inLanguage":"fr-FR"},{"@type":"Organization","@id":"https:\/\/footdavant.fr\/actualites\/#organization","name":"Foot d'avant","url":"https:\/\/footdavant.fr\/actualites\/","logo":{"@type":"ImageObject","inLanguage":"fr-FR","@id":"https:\/\/footdavant.fr\/actualites\/#\/schema\/logo\/image\/","url":"https:\/\/footdavant.fr\/actualites\/wp-content\/uploads\/2023\/09\/Copy-of-FootDavant-Logo.png","contentUrl":"https:\/\/footdavant.fr\/actualites\/wp-content\/uploads\/2023\/09\/Copy-of-FootDavant-Logo.png","width":936,"height":549,"caption":"Foot d'avant"},"image":{"@id":"https:\/\/footdavant.fr\/actualites\/#\/schema\/logo\/image\/"},"sameAs":["https:\/\/www.facebook.com\/Footdavant\/","https:\/\/twitter.com\/FootdavantFr","https:\/\/www.instagram.com\/footdavant.fr\/"]},{"@type":"Person","@id":"https:\/\/footdavant.fr\/actualites\/#\/schema\/person\/bc222566d95871b37e597b3ed3ba5e1d","name":"Cl\u00e9ment","image":{"@type":"ImageObject","inLanguage":"fr-FR","@id":"https:\/\/footdavant.fr\/actualites\/#\/schema\/person\/image\/","url":"https:\/\/secure.gravatar.com\/avatar\/7728b29aac2719421e1a9159b2254c44?s=96&d=mm&r=g","contentUrl":"https:\/\/secure.gravatar.com\/avatar\/7728b29aac2719421e1a9159b2254c44?s=96&d=mm&r=g","caption":"Cl\u00e9ment"},"sameAs":["https:\/\/footdavant.fr\/"]}]}},"_links":{"self":[{"href":"https:\/\/footdavant.fr\/actualites\/wp-json\/wp\/v2\/posts\/33548"}],"collection":[{"href":"https:\/\/footdavant.fr\/actualites\/wp-json\/wp\/v2\/posts"}],"about":[{"href":"https:\/\/footdavant.fr\/actualites\/wp-json\/wp\/v2\/types\/post"}],"author":[{"embeddable":true,"href":"https:\/\/footdavant.fr\/actualites\/wp-json\/wp\/v2\/users\/1"}],"replies":[{"embeddable":true,"href":"https:\/\/footdavant.fr\/actualites\/wp-json\/wp\/v2\/comments?post=33548"}],"version-history":[{"count":1,"href":"https:\/\/footdavant.fr\/actualites\/wp-json\/wp\/v2\/posts\/33548\/revisions"}],"predecessor-version":[{"id":33550,"href":"https:\/\/footdavant.fr\/actualites\/wp-json\/wp\/v2\/posts\/33548\/revisions\/33550"}],"wp:featuredmedia":[{"embeddable":true,"href":"https:\/\/footdavant.fr\/actualites\/wp-json\/wp\/v2\/media\/33549"}],"wp:attachment":[{"href":"https:\/\/footdavant.fr\/actualites\/wp-json\/wp\/v2\/media?parent=33548"}],"wp:term":[{"taxonomy":"category","embeddable":true,"href":"https:\/\/footdavant.fr\/actualites\/wp-json\/wp\/v2\/categories?post=33548"},{"taxonomy":"post_tag","embeddable":true,"href":"https:\/\/footdavant.fr\/actualites\/wp-json\/wp\/v2\/tags?post=33548"}],"curies":[{"name":"wp","href":"https:\/\/api.w.org\/{rel}","templated":true}]}}