{"id":33551,"date":"2026-01-18T03:48:12","date_gmt":"2026-01-18T02:48:12","guid":{"rendered":"https:\/\/footdavant.fr\/actualites\/calendrier-resultats-et-equipe-de-la-crystal-palace-conference-league\/"},"modified":"2026-01-18T03:48:16","modified_gmt":"2026-01-18T02:48:16","slug":"calendrier-resultats-et-equipe-de-la-crystal-palace-conference-league","status":"publish","type":"post","link":"https:\/\/footdavant.fr\/actualites\/calendrier-resultats-et-equipe-de-la-crystal-palace-conference-league\/","title":{"rendered":"Calendrier, r\u00e9sultats et \u00e9quipe de la Crystal Palace Conference League"},"content":{"rendered":"<div>\n<p>Apr\u00e8s avoir rat\u00e9 la qualification en raison d&#39;une d\u00e9cision de l&#39;UEFA sur les r\u00e8gles de propri\u00e9t\u00e9 confirm\u00e9e par le Tribunal arbitral du sport, Crystal Palace est le repr\u00e9sentant de l&#39;Angleterre dans la Conference League 2025\/26.<\/p>\n<p>L\u2019\u00e9quipe a battu Manchester City, champion d\u2019Europe 2022\/23, en finale de la FA Cup pour s\u2019assurer qu\u2019elle jouerait au football continental pour la premi\u00e8re fois.<\/p>\n<p>L&#39;entra\u00eeneur Oliver Glasner, qui a remport\u00e9 la Ligue Europa 2021\/22 avec son ancien club de l&#39;Eintracht Francfort, a guid\u00e9 son \u00e9quipe vers une victoire cumul\u00e9e 1-0 contre l&#39;\u00e9quipe norv\u00e9gienne de Fredrikstad lors des barrages de qualification.<\/p>\n<p>Consultez les calendriers, les r\u00e9sultats et l&#39;\u00e9quipe de Crystal Palace pour la Conference League 2025\/26 et jetez un \u0153il au calendrier de la phase de championnat et au-del\u00e0.<\/p>\n<figure class=\"wp-block-image size-large\"><picture decoding=\"async\" class=\"wp-image-146234\"><source type=\"image\/webp\" data-lazy- \/><img loading=\"lazy\" decoding=\"async\" width=\"1024\" height=\"683\" src=\"https:\/\/footdavant.fr\/actualites\/wp-content\/uploads\/2026\/01\/Calendrier-resultats-et-equipe-de-la-Crystal-Palace-Conference-League.jpg\" alt=\"Ismaila Sarr fait la f\u00eate pour Crystal Palace\"  \/>\n<\/picture>\n<\/figure>\n<h2 class=\"wp-block-heading\"><span id=\"Palace_Conference_League_fixtures_results_202526\">Palace Conference League calendriers, r\u00e9sultats 2025\/26<\/span><\/h2>\n<p>Palace a affront\u00e9 l&#39;\u00e9quipe bosniaque du HSK Zrinjski Mostar lors des barrages de la phase \u00e0 \u00e9limination directe. Les matchs devraient se d\u00e9rouler sur deux matches les 19 f\u00e9vrier et 2026, les d\u00e9tails devant \u00eatre confirm\u00e9s d&#39;ici le 31 janvier.<\/p>\n<p>Les adversaires de Palace en phase de championnat comprenaient les champions ukrainiens en titre du Dynamo Kyiv et les vainqueurs de la Coupe de Chypre, l&#39;AEK Larnaca.<\/p>\n<p>Alkmaar a termin\u00e9 cinqui\u00e8me aux Pays-Bas en 2024\/25 et a atteint la finale de la Coupe des Pays-Bas, tandis que Strasbourg a termin\u00e9 septi\u00e8me en France et fait partie du m\u00eame portefeuille de propri\u00e9t\u00e9 multiclubs que Chelsea.<\/p>\n<p>Shelbourne a remport\u00e9 la Premier Division de la Ligue d&#39;Irlande et le KuPS a \u00e9t\u00e9 champion finlandais de la Veikkausliiga par un point.<\/p>\n<p>Midtjylland a termin\u00e9 deuxi\u00e8me au Danemark et Porto, champion de la Ligue Europa en 2002\/03 et 2010\/11, a termin\u00e9 troisi\u00e8me au Portugal, une place devant Braga, qu&#39;il a battu lors de la derni\u00e8re finale.<\/p>\n<p>Tous les matchs commencent \u00e0 20h00 GMT \/ 15h00 HE \/ 12h00 PT.<\/p>\n<p>Dynamo Kyiv 0-2 Palais<\/p>\n<p>Palais 0-1 AEK Larnaca<\/p>\n<p>Palais 3-1 Alkmaar<\/p>\n<p>  Strasbourg 2-1 Palais<\/p>\n<p>Shelbourne 0-3 Palais<\/p>\n<p>  Palais 2-2 KuPS<\/p>\n<h2 class=\"wp-block-heading\"><span id=\"Crystal_Palace_Conference_League_squad_202526\">\u00c9quipe de la Crystal Palace Conference League 2025\/26<\/span><\/h2>\n<p>Liste de Palace Une \u00e9quipe de la Conference League a \u00e9t\u00e9 inscrite jusqu&#39;aux huiti\u00e8mes de finale en f\u00e9vrier 2026, date \u00e0 laquelle les clubs peuvent ajouter un maximum de trois nouveaux joueurs dans la limite existante de 25.<\/p>\n<p>Dean Henderson, Remi Matthews, Walter Benitez<\/p>\n<p>Daniel Munoz, Tyrick Mitchell, Maxence Lacroix, Marc Guehi, Nathaniel Clyne, Borna Sosa, Chris Richards, Chadi Riad, Caleb Kporha<\/p>\n<p>Jefferson Lerma, Christantus Uche, Daichi Kamada, Will Hughes, Adam Wharton, Jaydee Canvot, Justin Devenny<\/p>\n<p>Ismaila Sarr, Eddie Nketiah, Yeremy Pino, Jean-Philippe Mateta, Romain Esse<\/p>\n<p>Les inscriptions sur la liste B, compos\u00e9e de joueurs n\u00e9s apr\u00e8s le 1er janvier 2004 et \u00e9ligibles pour jouer pour le club pendant une p\u00e9riode ininterrompue de deux ans \u00e0 compter de leur 15e anniversaire, peuvent \u00e9galement \u00eatre d\u00e9pos\u00e9es jusqu&#39;\u00e0 minuit avant chaque match.<\/p>\n<p>Les joueurs de la liste B de Palace sont indiqu\u00e9s par un ast\u00e9risque sur leur liste d&#39;\u00e9quipe de la Conference League.<\/p>\n<figure class=\"wp-block-image size-large\"><picture decoding=\"async\" class=\"wp-image-137404\"><source type=\"image\/webp\" data-lazy- \/><img loading=\"lazy\" decoding=\"async\" width=\"1024\" height=\"685\" http:=\"\" alt=\"L&#39;attaquant de Crystal Palace Jean-Philippe Mateta\"  data-lazy- src=\"https:\/\/footdavant.fr\/actualites\/wp-content\/uploads\/2026\/01\/1768704492_975_Calendrier-resultats-et-equipe-de-la-Crystal-Palace-Conference-League.jpg\"\/><img loading=\"lazy\" decoding=\"async\" width=\"1024\" height=\"685\" src=\"https:\/\/footdavant.fr\/actualites\/wp-content\/uploads\/2026\/01\/1768704492_975_Calendrier-resultats-et-equipe-de-la-Crystal-Palace-Conference-League.jpg\" alt=\"L&#39;attaquant de Crystal Palace Jean-Philippe Mateta\"  \/>\n<\/picture>\n<\/figure>\n<h2 class=\"wp-block-heading\"><span id=\"Crystal_Palace_Conference_League_schedule_202526\">Calendrier de la Crystal Palace Conference League 2025\/26<\/span><\/h2>\n<p>Contrairement \u00e0 la pr\u00e9c\u00e9dente phase de groupes organis\u00e9e jusqu&#39;en 2023\/24, chaque \u00e9quipe dispute d\u00e9sormais six matches en phase de championnat, tous contre des adversaires diff\u00e9rents.<\/p>\n<p>Les huit meilleures \u00e9quipes du classement se qualifient automatiquement pour les huiti\u00e8mes de finale. Les \u00e9quipes terminant de la neuvi\u00e8me \u00e0 la 24e place s&#39;affronteront dans des barrages aller-retour en phase \u00e0 \u00e9limination directe pour atteindre les huiti\u00e8mes de finale.<\/p>\n<p>Les \u00e9quipes terminant 25e ou moins sont hors d&#39;Europe pour la saison.<\/p>\n<p>Barrages de la phase \u00e0 \u00e9limination directe : 19 et 26 f\u00e9vrier 2026<\/p>\n<p>Huiti\u00e8mes de finale\u00a0: 12 et 19 mars<\/p>\n<p>Quarts de finale : 9 et 16 avril<\/p>\n<p>Demi-finales : 30 avril et 7 mai<\/p>\n<p>Finale : 27 mai<\/p>\n<h2 class=\"wp-block-heading\"><span id=\"When_are_the_Conference_League_draws\">Quand ont lieu les tirages au sort de la Conference League ?<\/span><\/h2>\n<p>Huiti\u00e8mes de finale, quarts de finale, demi-finales et finale\u00a0: 27 f\u00e9vrier 2026<\/p>\n<h2 class=\"wp-block-heading\"><span id=\"Which_English_clubs_are_in_the_Conference_League_202526\">Quels clubs anglais participent \u00e0 la Conference League 2025\/26 ?<\/span><\/h2>\n<p>Palace est le seul concurrent anglais dans la Conference League cette saison, suivant les traces de Tottenham, West Ham, Aston Villa et Chelsea lors des quatre campagnes pr\u00e9c\u00e9dentes.<\/p>\n<p>Les Hammers ont remport\u00e9 la deuxi\u00e8me \u00e9dition de la comp\u00e9tition en 2022\/23 et les Blues ont triomph\u00e9 en 2024\/25.<\/p>\n<h2 class=\"wp-block-heading\"><span id=\"When_is_the_Conference_League_final\">Quand a lieu la finale de la Conference League ?<\/span><\/h2>\n<p>La finale aura lieu le 27 mai 2026 au stade de Leipzig, domicile du club de Bundesliga Leipzig.<\/p>\n<h2 class=\"wp-block-heading\"><span id=\"How_to_watch_Palace_in_the_Conference_League_TV_channel\">Comment regarder Palace en Conference League : cha\u00eene de t\u00e9l\u00e9vision<\/span><\/h2>\n<p>TNT Sports d\u00e9tient les droits de diffusion en direct de la Conference League au Royaume-Uni.<\/p>\n<p>TNT Sports co\u00fbte 29,99 \u00a3 par mois via Discovery Plus, qui comprend Eurosport et les divertissements et est disponible sur une vaste gamme d&#39;appareils, notamment les t\u00e9l\u00e9viseurs intelligents et les consoles de jeux.<\/p>\n<h2 class=\"wp-block-heading\"><span id=\"How_to_live_stream_Palace_Conference_League_games_online\">Comment diffuser en direct les matchs de la Palace Conference League en ligne<\/span><\/h2>\n<p>L&#39;application Discovery Plus de TNT Sports permet aux fans de regarder l&#39;\u00e9v\u00e9nement en d\u00e9placement sur une vaste gamme d&#39;appareils, notamment des t\u00e9l\u00e9viseurs intelligents et des consoles de jeux.<\/p>\n<\/p><\/div>\n","protected":false},"excerpt":{"rendered":"<p>Apr\u00e8s avoir rat\u00e9 la qualification en raison d&#39;une d\u00e9cision de l&#39;UEFA sur les r\u00e8gles de propri\u00e9t\u00e9 confirm\u00e9e par le Tribunal arbitral du sport, Crystal Palace<\/p>\n","protected":false},"author":1,"featured_media":33552,"comment_status":"closed","ping_status":"","sticky":false,"template":"","format":"standard","meta":{"footnotes":""},"categories":[3],"tags":[634,1531,1008,28,202,815,1734],"yoast_head":"<!-- This site is optimized with the Yoast SEO plugin v21.0 - https:\/\/yoast.com\/wordpress\/plugins\/seo\/ -->\n<title>Calendrier, r\u00e9sultats et \u00e9quipe de la Crystal Palace Conference League<\/title>\n<meta name=\"robots\" content=\"index, follow, max-snippet:-1, max-image-preview:large, max-video-preview:-1\" \/>\n<link rel=\"canonical\" href=\"https:\/\/footdavant.fr\/actualites\/calendrier-resultats-et-equipe-de-la-crystal-palace-conference-league\/\" \/>\n<meta property=\"og:locale\" content=\"fr_FR\" \/>\n<meta property=\"og:type\" content=\"article\" \/>\n<meta property=\"og:title\" content=\"Calendrier, r\u00e9sultats et \u00e9quipe de la Crystal Palace Conference League\" \/>\n<meta property=\"og:description\" content=\"Apr\u00e8s avoir rat\u00e9 la qualification en raison d&#039;une d\u00e9cision de l&#039;UEFA sur les r\u00e8gles de propri\u00e9t\u00e9 confirm\u00e9e par le Tribunal arbitral du sport, Crystal Palace\" \/>\n<meta property=\"og:url\" content=\"https:\/\/footdavant.fr\/actualites\/calendrier-resultats-et-equipe-de-la-crystal-palace-conference-league\/\" \/>\n<meta property=\"og:site_name\" content=\"Foot d&#039;avant\" \/>\n<meta property=\"article:publisher\" content=\"https:\/\/www.facebook.com\/Footdavant\/\" \/>\n<meta property=\"article:published_time\" content=\"2026-01-18T02:48:12+00:00\" \/>\n<meta property=\"article:modified_time\" content=\"2026-01-18T02:48:16+00:00\" \/>\n<meta property=\"og:image\" content=\"https:\/\/footdavant.fr\/actualites\/wp-content\/uploads\/2026\/01\/1768704493_Calendrier-resultats-et-equipe-de-la-Crystal-Palace-Conference-League.jpg\" \/>\n\t<meta property=\"og:image:width\" content=\"1200\" \/>\n\t<meta property=\"og:image:height\" content=\"800\" \/>\n\t<meta property=\"og:image:type\" content=\"image\/jpeg\" \/>\n<meta name=\"author\" content=\"Cl\u00e9ment\" \/>\n<meta name=\"twitter:card\" content=\"summary_large_image\" \/>\n<meta name=\"twitter:creator\" content=\"@FootdavantFr\" \/>\n<meta name=\"twitter:site\" content=\"@FootdavantFr\" \/>\n<meta name=\"twitter:label1\" content=\"\u00c9crit par\" \/>\n\t<meta name=\"twitter:data1\" content=\"Cl\u00e9ment\" \/>\n\t<meta name=\"twitter:label2\" content=\"Dur\u00e9e de lecture estim\u00e9e\" \/>\n\t<meta name=\"twitter:data2\" content=\"4 minutes\" \/>\n<script type=\"application\/ld+json\" class=\"yoast-schema-graph\">{\"@context\":\"https:\/\/schema.org\",\"@graph\":[{\"@type\":\"Article\",\"@id\":\"https:\/\/footdavant.fr\/actualites\/calendrier-resultats-et-equipe-de-la-crystal-palace-conference-league\/#article\",\"isPartOf\":{\"@id\":\"https:\/\/footdavant.fr\/actualites\/calendrier-resultats-et-equipe-de-la-crystal-palace-conference-league\/\"},\"author\":{\"name\":\"Cl\u00e9ment\",\"@id\":\"https:\/\/footdavant.fr\/actualites\/#\/schema\/person\/bc222566d95871b37e597b3ed3ba5e1d\"},\"headline\":\"Calendrier, r\u00e9sultats et \u00e9quipe de la Crystal Palace Conference League\",\"datePublished\":\"2026-01-18T02:48:12+00:00\",\"dateModified\":\"2026-01-18T02:48:16+00:00\",\"mainEntityOfPage\":{\"@id\":\"https:\/\/footdavant.fr\/actualites\/calendrier-resultats-et-equipe-de-la-crystal-palace-conference-league\/\"},\"wordCount\":856,\"publisher\":{\"@id\":\"https:\/\/footdavant.fr\/actualites\/#organization\"},\"keywords\":[\"calendrier\",\"conf\u00e9rence\",\"Crystal\",\"\u00c9quipe\",\"League\",\"Palace\",\"r\u00e9sultats\"],\"articleSection\":[\"Football\"],\"inLanguage\":\"fr-FR\"},{\"@type\":\"WebPage\",\"@id\":\"https:\/\/footdavant.fr\/actualites\/calendrier-resultats-et-equipe-de-la-crystal-palace-conference-league\/\",\"url\":\"https:\/\/footdavant.fr\/actualites\/calendrier-resultats-et-equipe-de-la-crystal-palace-conference-league\/\",\"name\":\"Calendrier, r\u00e9sultats et \u00e9quipe de la Crystal Palace Conference League\",\"isPartOf\":{\"@id\":\"https:\/\/footdavant.fr\/actualites\/#website\"},\"datePublished\":\"2026-01-18T02:48:12+00:00\",\"dateModified\":\"2026-01-18T02:48:16+00:00\",\"breadcrumb\":{\"@id\":\"https:\/\/footdavant.fr\/actualites\/calendrier-resultats-et-equipe-de-la-crystal-palace-conference-league\/#breadcrumb\"},\"inLanguage\":\"fr-FR\",\"potentialAction\":[{\"@type\":\"ReadAction\",\"target\":[\"https:\/\/footdavant.fr\/actualites\/calendrier-resultats-et-equipe-de-la-crystal-palace-conference-league\/\"]}]},{\"@type\":\"BreadcrumbList\",\"@id\":\"https:\/\/footdavant.fr\/actualites\/calendrier-resultats-et-equipe-de-la-crystal-palace-conference-league\/#breadcrumb\",\"itemListElement\":[{\"@type\":\"ListItem\",\"position\":1,\"name\":\"Accueil\",\"item\":\"https:\/\/footdavant.fr\/actualites\/\"},{\"@type\":\"ListItem\",\"position\":2,\"name\":\"Calendrier, r\u00e9sultats et \u00e9quipe de la Crystal Palace Conference League\"}]},{\"@type\":\"WebSite\",\"@id\":\"https:\/\/footdavant.fr\/actualites\/#website\",\"url\":\"https:\/\/footdavant.fr\/actualites\/\",\"name\":\"Foot d'avant\",\"description\":\"\",\"publisher\":{\"@id\":\"https:\/\/footdavant.fr\/actualites\/#organization\"},\"potentialAction\":[{\"@type\":\"SearchAction\",\"target\":{\"@type\":\"EntryPoint\",\"urlTemplate\":\"https:\/\/footdavant.fr\/actualites\/?s={search_term_string}\"},\"query-input\":\"required name=search_term_string\"}],\"inLanguage\":\"fr-FR\"},{\"@type\":\"Organization\",\"@id\":\"https:\/\/footdavant.fr\/actualites\/#organization\",\"name\":\"Foot d'avant\",\"url\":\"https:\/\/footdavant.fr\/actualites\/\",\"logo\":{\"@type\":\"ImageObject\",\"inLanguage\":\"fr-FR\",\"@id\":\"https:\/\/footdavant.fr\/actualites\/#\/schema\/logo\/image\/\",\"url\":\"https:\/\/footdavant.fr\/actualites\/wp-content\/uploads\/2023\/09\/Copy-of-FootDavant-Logo.png\",\"contentUrl\":\"https:\/\/footdavant.fr\/actualites\/wp-content\/uploads\/2023\/09\/Copy-of-FootDavant-Logo.png\",\"width\":936,\"height\":549,\"caption\":\"Foot d'avant\"},\"image\":{\"@id\":\"https:\/\/footdavant.fr\/actualites\/#\/schema\/logo\/image\/\"},\"sameAs\":[\"https:\/\/www.facebook.com\/Footdavant\/\",\"https:\/\/twitter.com\/FootdavantFr\",\"https:\/\/www.instagram.com\/footdavant.fr\/\"]},{\"@type\":\"Person\",\"@id\":\"https:\/\/footdavant.fr\/actualites\/#\/schema\/person\/bc222566d95871b37e597b3ed3ba5e1d\",\"name\":\"Cl\u00e9ment\",\"image\":{\"@type\":\"ImageObject\",\"inLanguage\":\"fr-FR\",\"@id\":\"https:\/\/footdavant.fr\/actualites\/#\/schema\/person\/image\/\",\"url\":\"https:\/\/secure.gravatar.com\/avatar\/7728b29aac2719421e1a9159b2254c44?s=96&d=mm&r=g\",\"contentUrl\":\"https:\/\/secure.gravatar.com\/avatar\/7728b29aac2719421e1a9159b2254c44?s=96&d=mm&r=g\",\"caption\":\"Cl\u00e9ment\"},\"sameAs\":[\"https:\/\/footdavant.fr\/\"]}]}<\/script>\n<!-- \/ Yoast SEO plugin. -->","yoast_head_json":{"title":"Calendrier, r\u00e9sultats et \u00e9quipe de la Crystal Palace Conference League","robots":{"index":"index","follow":"follow","max-snippet":"max-snippet:-1","max-image-preview":"max-image-preview:large","max-video-preview":"max-video-preview:-1"},"canonical":"https:\/\/footdavant.fr\/actualites\/calendrier-resultats-et-equipe-de-la-crystal-palace-conference-league\/","og_locale":"fr_FR","og_type":"article","og_title":"Calendrier, r\u00e9sultats et \u00e9quipe de la Crystal Palace Conference League","og_description":"Apr\u00e8s avoir rat\u00e9 la qualification en raison d&#39;une d\u00e9cision de l&#39;UEFA sur les r\u00e8gles de propri\u00e9t\u00e9 confirm\u00e9e par le Tribunal arbitral du sport, Crystal Palace","og_url":"https:\/\/footdavant.fr\/actualites\/calendrier-resultats-et-equipe-de-la-crystal-palace-conference-league\/","og_site_name":"Foot d&#039;avant","article_publisher":"https:\/\/www.facebook.com\/Footdavant\/","article_published_time":"2026-01-18T02:48:12+00:00","article_modified_time":"2026-01-18T02:48:16+00:00","og_image":[{"width":1200,"height":800,"url":"https:\/\/footdavant.fr\/actualites\/wp-content\/uploads\/2026\/01\/1768704493_Calendrier-resultats-et-equipe-de-la-Crystal-Palace-Conference-League.jpg","type":"image\/jpeg"}],"author":"Cl\u00e9ment","twitter_card":"summary_large_image","twitter_creator":"@FootdavantFr","twitter_site":"@FootdavantFr","twitter_misc":{"\u00c9crit par":"Cl\u00e9ment","Dur\u00e9e de lecture estim\u00e9e":"4 minutes"},"schema":{"@context":"https:\/\/schema.org","@graph":[{"@type":"Article","@id":"https:\/\/footdavant.fr\/actualites\/calendrier-resultats-et-equipe-de-la-crystal-palace-conference-league\/#article","isPartOf":{"@id":"https:\/\/footdavant.fr\/actualites\/calendrier-resultats-et-equipe-de-la-crystal-palace-conference-league\/"},"author":{"name":"Cl\u00e9ment","@id":"https:\/\/footdavant.fr\/actualites\/#\/schema\/person\/bc222566d95871b37e597b3ed3ba5e1d"},"headline":"Calendrier, r\u00e9sultats et \u00e9quipe de la Crystal Palace Conference League","datePublished":"2026-01-18T02:48:12+00:00","dateModified":"2026-01-18T02:48:16+00:00","mainEntityOfPage":{"@id":"https:\/\/footdavant.fr\/actualites\/calendrier-resultats-et-equipe-de-la-crystal-palace-conference-league\/"},"wordCount":856,"publisher":{"@id":"https:\/\/footdavant.fr\/actualites\/#organization"},"keywords":["calendrier","conf\u00e9rence","Crystal","\u00c9quipe","League","Palace","r\u00e9sultats"],"articleSection":["Football"],"inLanguage":"fr-FR"},{"@type":"WebPage","@id":"https:\/\/footdavant.fr\/actualites\/calendrier-resultats-et-equipe-de-la-crystal-palace-conference-league\/","url":"https:\/\/footdavant.fr\/actualites\/calendrier-resultats-et-equipe-de-la-crystal-palace-conference-league\/","name":"Calendrier, r\u00e9sultats et \u00e9quipe de la Crystal Palace Conference League","isPartOf":{"@id":"https:\/\/footdavant.fr\/actualites\/#website"},"datePublished":"2026-01-18T02:48:12+00:00","dateModified":"2026-01-18T02:48:16+00:00","breadcrumb":{"@id":"https:\/\/footdavant.fr\/actualites\/calendrier-resultats-et-equipe-de-la-crystal-palace-conference-league\/#breadcrumb"},"inLanguage":"fr-FR","potentialAction":[{"@type":"ReadAction","target":["https:\/\/footdavant.fr\/actualites\/calendrier-resultats-et-equipe-de-la-crystal-palace-conference-league\/"]}]},{"@type":"BreadcrumbList","@id":"https:\/\/footdavant.fr\/actualites\/calendrier-resultats-et-equipe-de-la-crystal-palace-conference-league\/#breadcrumb","itemListElement":[{"@type":"ListItem","position":1,"name":"Accueil","item":"https:\/\/footdavant.fr\/actualites\/"},{"@type":"ListItem","position":2,"name":"Calendrier, r\u00e9sultats et \u00e9quipe de la Crystal Palace Conference League"}]},{"@type":"WebSite","@id":"https:\/\/footdavant.fr\/actualites\/#website","url":"https:\/\/footdavant.fr\/actualites\/","name":"Foot d'avant","description":"","publisher":{"@id":"https:\/\/footdavant.fr\/actualites\/#organization"},"potentialAction":[{"@type":"SearchAction","target":{"@type":"EntryPoint","urlTemplate":"https:\/\/footdavant.fr\/actualites\/?s={search_term_string}"},"query-input":"required name=search_term_string"}],"inLanguage":"fr-FR"},{"@type":"Organization","@id":"https:\/\/footdavant.fr\/actualites\/#organization","name":"Foot d'avant","url":"https:\/\/footdavant.fr\/actualites\/","logo":{"@type":"ImageObject","inLanguage":"fr-FR","@id":"https:\/\/footdavant.fr\/actualites\/#\/schema\/logo\/image\/","url":"https:\/\/footdavant.fr\/actualites\/wp-content\/uploads\/2023\/09\/Copy-of-FootDavant-Logo.png","contentUrl":"https:\/\/footdavant.fr\/actualites\/wp-content\/uploads\/2023\/09\/Copy-of-FootDavant-Logo.png","width":936,"height":549,"caption":"Foot d'avant"},"image":{"@id":"https:\/\/footdavant.fr\/actualites\/#\/schema\/logo\/image\/"},"sameAs":["https:\/\/www.facebook.com\/Footdavant\/","https:\/\/twitter.com\/FootdavantFr","https:\/\/www.instagram.com\/footdavant.fr\/"]},{"@type":"Person","@id":"https:\/\/footdavant.fr\/actualites\/#\/schema\/person\/bc222566d95871b37e597b3ed3ba5e1d","name":"Cl\u00e9ment","image":{"@type":"ImageObject","inLanguage":"fr-FR","@id":"https:\/\/footdavant.fr\/actualites\/#\/schema\/person\/image\/","url":"https:\/\/secure.gravatar.com\/avatar\/7728b29aac2719421e1a9159b2254c44?s=96&d=mm&r=g","contentUrl":"https:\/\/secure.gravatar.com\/avatar\/7728b29aac2719421e1a9159b2254c44?s=96&d=mm&r=g","caption":"Cl\u00e9ment"},"sameAs":["https:\/\/footdavant.fr\/"]}]}},"_links":{"self":[{"href":"https:\/\/footdavant.fr\/actualites\/wp-json\/wp\/v2\/posts\/33551"}],"collection":[{"href":"https:\/\/footdavant.fr\/actualites\/wp-json\/wp\/v2\/posts"}],"about":[{"href":"https:\/\/footdavant.fr\/actualites\/wp-json\/wp\/v2\/types\/post"}],"author":[{"embeddable":true,"href":"https:\/\/footdavant.fr\/actualites\/wp-json\/wp\/v2\/users\/1"}],"replies":[{"embeddable":true,"href":"https:\/\/footdavant.fr\/actualites\/wp-json\/wp\/v2\/comments?post=33551"}],"version-history":[{"count":1,"href":"https:\/\/footdavant.fr\/actualites\/wp-json\/wp\/v2\/posts\/33551\/revisions"}],"predecessor-version":[{"id":33553,"href":"https:\/\/footdavant.fr\/actualites\/wp-json\/wp\/v2\/posts\/33551\/revisions\/33553"}],"wp:featuredmedia":[{"embeddable":true,"href":"https:\/\/footdavant.fr\/actualites\/wp-json\/wp\/v2\/media\/33552"}],"wp:attachment":[{"href":"https:\/\/footdavant.fr\/actualites\/wp-json\/wp\/v2\/media?parent=33551"}],"wp:term":[{"taxonomy":"category","embeddable":true,"href":"https:\/\/footdavant.fr\/actualites\/wp-json\/wp\/v2\/categories?post=33551"},{"taxonomy":"post_tag","embeddable":true,"href":"https:\/\/footdavant.fr\/actualites\/wp-json\/wp\/v2\/tags?post=33551"}],"curies":[{"name":"wp","href":"https:\/\/api.w.org\/{rel}","templated":true}]}}