{"id":33557,"date":"2026-01-18T07:48:25","date_gmt":"2026-01-18T06:48:25","guid":{"rendered":"https:\/\/footdavant.fr\/actualites\/casemiro-parle-de-son-avenir-apres-son-triomphe-dans-le-derby\/"},"modified":"2026-01-18T07:48:27","modified_gmt":"2026-01-18T06:48:27","slug":"casemiro-parle-de-son-avenir-apres-son-triomphe-dans-le-derby","status":"publish","type":"post","link":"https:\/\/footdavant.fr\/actualites\/casemiro-parle-de-son-avenir-apres-son-triomphe-dans-le-derby\/","title":{"rendered":"Casemiro parle de son avenir apr\u00e8s son triomphe dans le derby \u2013"},"content":{"rendered":"<div id=\"penci-post-entry-inner\">\n<p>\t\t\t<i class=\"penci-post-countview-number-check\" style=\"display:none\">1<\/i><\/p>\n<p><!--Article Start--><br \/>Beaucoup de choses ont chang\u00e9 ces derni\u00e8res semaines \u00e0 Manchester United, et les joueurs \u00e9taient soumis \u00e0 beaucoup de pression avant le derby de Manchester samedi.<\/p>\n<p>Certains plus que d\u2019autres, comme Casemiro. Le Br\u00e9silien, qui semblait perdre sa place, a ripost\u00e9 sous Ruben Amorim pour r\u00e9cup\u00e9rer sa place de titulaire.<\/p>\n<p>\u00c0 tel point qu&#39;il y avait des rumeurs selon lesquelles les Diables Rouges pourraient lui proposer un nouveau contrat, bien qu&#39;\u00e0 des conditions r\u00e9duites, sur instructions d&#39;Amorim.<\/p>\n<p>Maintenant que le Portugais est parti, l&#39;avenir de l&#39;ancienne superstar du Real Madrid est une fois de plus mis en doute.<\/p>\n<h5>Superbe pr\u00e9sentoir de Casemiro<\/h5>\n<p>Compte tenu de la r\u00e9cente r\u00e9v\u00e9lation sur la situation contractuelle de la dynamo du milieu de terrain, beaucoup s&#39;attendaient \u00e0 ce que Michael Carrick s&#39;abstienne de le titulariser.<\/p>\n<p>Mais ce n\u2019\u00e9tait pas le cas puisque le joueur de 33 ans a \u00e9t\u00e9 inscrit dans le onze de d\u00e9part et il a excell\u00e9 et comment !<\/p>\n<p>Le quintuple vainqueur de la Ligue des Champions a remont\u00e9 le temps avec une performance vintage, laissant \u00e0 peine de l&#39;espace aux attaquants de City tout en interceptant r\u00e9guli\u00e8rement les passes avant de jouer depuis l&#39;arri\u00e8re avec confiance.<\/p>\n<p>Apr\u00e8s le match, ESPN Br\u00e9sil l&#39;a rattrap\u00e9 et lui a pos\u00e9 des questions sur son espace mental apr\u00e8s le limogeage d&#39;Amorim et sur la mani\u00e8re dont il s&#39;est adapt\u00e9 aux exigences du nouvel entra\u00eeneur.<\/p>\n<h5>Travailler sous Carrick<\/h5>\n<p>\u00ab\u00a0Nous travaillons dur, bien s\u00fbr nous sommes contrari\u00e9s par les changements d&#39;entra\u00eeneur. Malheureusement, Ruben (Amorim) est parti et maintenant un autre est arriv\u00e9.<\/p>\n<p>\u00ab\u00a0Nous devons nous soutenir les uns les autres et rester aux c\u00f4t\u00e9s de l&#39;entra\u00eeneur pour faire de notre mieux. Quand il s&#39;agit de United, nous devons toujours penser \u00e0 \u00eatre au sommet, il ne peut en \u00eatre autrement. C&#39;est ma principale pens\u00e9e.\u00a0\u00bb<\/p>\n<p>Depuis son arriv\u00e9e, le milieu de terrain d\u00e9fensif a remport\u00e9 deux titres, la Coupe Carabao et la FA Cup sous Erik ten Hag, et a \u00e9galement atteint deux finales, la FA Cup lors de sa premi\u00e8re saison et le chagrin de la Ligue Europa la saison derni\u00e8re.<\/p>\n<p>Bien qu\u2019il s\u2019agisse de r\u00e9alisations remarquables, United devrait id\u00e9alement concourir pour les plus grands honneurs de la Premier League et de la Ligue des Champions. Casemiro \u00e9tait d&#39;accord.<\/p>\n<h5>Histoire des \u00c9tats-Unis<\/h5>\n<p>\u00ab\u00a0C&#39;est difficile, surtout quand on regarde en arri\u00e8re et qu&#39;on voit l&#39;histoire d&#39;un si grand club. Je vais faire quatre ans ici, j&#39;ai deux titres, j&#39;ai jou\u00e9 une finale de Ligue Europa&#8230;<\/p>\n<p>\u00ab\u00a0Bien s\u00fbr, United doit toujours se battre au sommet, et je suis le premier \u00e0 le dire. Ils doivent toujours se battre au sommet. Aujourd&#39;hui, City \u00e9tait favori pour ce match, et vous finissez par gagner ici par un si bel apr\u00e8s-midi. Chaque match ici en Premier League est une histoire.\u00a0\u00bb<\/p>\n<p>Son contrat expire cet \u00e9t\u00e9, les \u00e9quipes de la MLS et de la Saudi Pro League recherchant sa signature. L\u2019international br\u00e9silien r\u00eave \u00e9galement de disputer une derni\u00e8re Coupe du Monde.<\/p>\n<p>Mais pour l\u2019instant, il se concentre enti\u00e8rement sur United et il se sent extr\u00eamement fier de repr\u00e9senter le plus grand club d\u2019Angleterre apr\u00e8s son passage extr\u00eamement r\u00e9ussi au Real Madrid.<\/p>\n<h5>Casemiro exprime sa fiert\u00e9 de repr\u00e9senter le plus grand club d&#39;Angleterre<\/h5>\n<p>\u00ab\u00a0J&#39;appr\u00e9cie \u00e7a, j&#39;appr\u00e9cie vraiment le moment et je joue pour United, le plus grand club d&#39;Angleterre. C&#39;est la plus grande fiert\u00e9 pour moi et je suis heureux de le dire. J&#39;ai jou\u00e9 pour le plus grand club d&#39;Espagne.<\/p>\n<p>\u00ab\u00a0Peut-\u00eatre que j&#39;ai jou\u00e9 et je joue encore pour les deux plus grandes \u00e9quipes du monde en termes de grandeur. J&#39;aime \u00e7a et j&#39;essaie de transmettre aux joueurs dans le vestiaire l&#39;importance de jouer pour un club comme United, que c&#39;est tr\u00e8s difficile d&#39;arriver l\u00e0 o\u00f9 on est\u00a0\u00bb, a-t-il d\u00e9clar\u00e9.<\/p>\n<p>Il devra effectuer un autre changement monstrueux au milieu du parc si les Red Devils veulent sortir victorieux dans le nord de Londres la semaine prochaine lorsqu\u2019ils affronteront Arsenal.<\/p>\n<\/p>\n<hr\/>\n<p>The Peoples Person est l&#39;un des principaux sites d&#39;information de Man United au monde depuis plus d&#39;une d\u00e9cennie. Suivez-nous sur Bluesky\u00a0: @peoplesperson.bsky.social<\/p>\n<p><!-- CONTENT END 2 --><\/p><\/div>\n","protected":false},"excerpt":{"rendered":"<p>1 Beaucoup de choses ont chang\u00e9 ces derni\u00e8res semaines \u00e0 Manchester United, et les joueurs \u00e9taient soumis \u00e0 beaucoup de pression avant le derby de<\/p>\n","protected":false},"author":1,"featured_media":33558,"comment_status":"closed","ping_status":"","sticky":false,"template":"","format":"standard","meta":{"footnotes":""},"categories":[3],"tags":[25,2212,410,19,203,772,86,2621],"yoast_head":"<!-- This site is optimized with the Yoast SEO plugin v21.0 - https:\/\/yoast.com\/wordpress\/plugins\/seo\/ -->\n<title>Casemiro parle de son avenir apr\u00e8s son triomphe dans le derby \u2013<\/title>\n<meta name=\"robots\" content=\"index, follow, max-snippet:-1, max-image-preview:large, max-video-preview:-1\" \/>\n<link rel=\"canonical\" href=\"https:\/\/footdavant.fr\/actualites\/casemiro-parle-de-son-avenir-apres-son-triomphe-dans-le-derby\/\" \/>\n<meta property=\"og:locale\" content=\"fr_FR\" \/>\n<meta property=\"og:type\" content=\"article\" \/>\n<meta property=\"og:title\" content=\"Casemiro parle de son avenir apr\u00e8s son triomphe dans le derby \u2013\" \/>\n<meta property=\"og:description\" content=\"1 Beaucoup de choses ont chang\u00e9 ces derni\u00e8res semaines \u00e0 Manchester United, et les joueurs \u00e9taient soumis \u00e0 beaucoup de pression avant le derby de\" \/>\n<meta property=\"og:url\" content=\"https:\/\/footdavant.fr\/actualites\/casemiro-parle-de-son-avenir-apres-son-triomphe-dans-le-derby\/\" \/>\n<meta property=\"og:site_name\" content=\"Foot d&#039;avant\" \/>\n<meta property=\"article:publisher\" content=\"https:\/\/www.facebook.com\/Footdavant\/\" \/>\n<meta property=\"article:published_time\" content=\"2026-01-18T06:48:25+00:00\" \/>\n<meta property=\"article:modified_time\" content=\"2026-01-18T06:48:27+00:00\" \/>\n<meta property=\"og:image\" content=\"https:\/\/footdavant.fr\/actualites\/wp-content\/uploads\/2026\/01\/Casemiro-parle-de-son-avenir-apres-son-triomphe-dans-le.jpg\" \/>\n\t<meta property=\"og:image:width\" content=\"1600\" \/>\n\t<meta property=\"og:image:height\" content=\"724\" \/>\n\t<meta property=\"og:image:type\" content=\"image\/jpeg\" \/>\n<meta name=\"author\" content=\"Cl\u00e9ment\" \/>\n<meta name=\"twitter:card\" content=\"summary_large_image\" \/>\n<meta name=\"twitter:creator\" content=\"@FootdavantFr\" \/>\n<meta name=\"twitter:site\" content=\"@FootdavantFr\" \/>\n<meta name=\"twitter:label1\" content=\"\u00c9crit par\" \/>\n\t<meta name=\"twitter:data1\" content=\"Cl\u00e9ment\" \/>\n\t<meta name=\"twitter:label2\" content=\"Dur\u00e9e de lecture estim\u00e9e\" \/>\n\t<meta name=\"twitter:data2\" content=\"4 minutes\" \/>\n<script type=\"application\/ld+json\" class=\"yoast-schema-graph\">{\"@context\":\"https:\/\/schema.org\",\"@graph\":[{\"@type\":\"Article\",\"@id\":\"https:\/\/footdavant.fr\/actualites\/casemiro-parle-de-son-avenir-apres-son-triomphe-dans-le-derby\/#article\",\"isPartOf\":{\"@id\":\"https:\/\/footdavant.fr\/actualites\/casemiro-parle-de-son-avenir-apres-son-triomphe-dans-le-derby\/\"},\"author\":{\"name\":\"Cl\u00e9ment\",\"@id\":\"https:\/\/footdavant.fr\/actualites\/#\/schema\/person\/bc222566d95871b37e597b3ed3ba5e1d\"},\"headline\":\"Casemiro parle de son avenir apr\u00e8s son triomphe dans le derby \u2013\",\"datePublished\":\"2026-01-18T06:48:25+00:00\",\"dateModified\":\"2026-01-18T06:48:27+00:00\",\"mainEntityOfPage\":{\"@id\":\"https:\/\/footdavant.fr\/actualites\/casemiro-parle-de-son-avenir-apres-son-triomphe-dans-le-derby\/\"},\"wordCount\":770,\"publisher\":{\"@id\":\"https:\/\/footdavant.fr\/actualites\/#organization\"},\"keywords\":[\"apr\u00e8s\",\"avenir\",\"Casemiro\",\"dans\",\"derby\",\"parl\u00e9\",\"son\",\"triomphe\"],\"articleSection\":[\"Football\"],\"inLanguage\":\"fr-FR\"},{\"@type\":\"WebPage\",\"@id\":\"https:\/\/footdavant.fr\/actualites\/casemiro-parle-de-son-avenir-apres-son-triomphe-dans-le-derby\/\",\"url\":\"https:\/\/footdavant.fr\/actualites\/casemiro-parle-de-son-avenir-apres-son-triomphe-dans-le-derby\/\",\"name\":\"Casemiro parle de son avenir apr\u00e8s son triomphe dans le derby \u2013\",\"isPartOf\":{\"@id\":\"https:\/\/footdavant.fr\/actualites\/#website\"},\"datePublished\":\"2026-01-18T06:48:25+00:00\",\"dateModified\":\"2026-01-18T06:48:27+00:00\",\"breadcrumb\":{\"@id\":\"https:\/\/footdavant.fr\/actualites\/casemiro-parle-de-son-avenir-apres-son-triomphe-dans-le-derby\/#breadcrumb\"},\"inLanguage\":\"fr-FR\",\"potentialAction\":[{\"@type\":\"ReadAction\",\"target\":[\"https:\/\/footdavant.fr\/actualites\/casemiro-parle-de-son-avenir-apres-son-triomphe-dans-le-derby\/\"]}]},{\"@type\":\"BreadcrumbList\",\"@id\":\"https:\/\/footdavant.fr\/actualites\/casemiro-parle-de-son-avenir-apres-son-triomphe-dans-le-derby\/#breadcrumb\",\"itemListElement\":[{\"@type\":\"ListItem\",\"position\":1,\"name\":\"Accueil\",\"item\":\"https:\/\/footdavant.fr\/actualites\/\"},{\"@type\":\"ListItem\",\"position\":2,\"name\":\"Casemiro parle de son avenir apr\u00e8s son triomphe dans le derby \u2013\"}]},{\"@type\":\"WebSite\",\"@id\":\"https:\/\/footdavant.fr\/actualites\/#website\",\"url\":\"https:\/\/footdavant.fr\/actualites\/\",\"name\":\"Foot d'avant\",\"description\":\"\",\"publisher\":{\"@id\":\"https:\/\/footdavant.fr\/actualites\/#organization\"},\"potentialAction\":[{\"@type\":\"SearchAction\",\"target\":{\"@type\":\"EntryPoint\",\"urlTemplate\":\"https:\/\/footdavant.fr\/actualites\/?s={search_term_string}\"},\"query-input\":\"required name=search_term_string\"}],\"inLanguage\":\"fr-FR\"},{\"@type\":\"Organization\",\"@id\":\"https:\/\/footdavant.fr\/actualites\/#organization\",\"name\":\"Foot d'avant\",\"url\":\"https:\/\/footdavant.fr\/actualites\/\",\"logo\":{\"@type\":\"ImageObject\",\"inLanguage\":\"fr-FR\",\"@id\":\"https:\/\/footdavant.fr\/actualites\/#\/schema\/logo\/image\/\",\"url\":\"https:\/\/footdavant.fr\/actualites\/wp-content\/uploads\/2023\/09\/Copy-of-FootDavant-Logo.png\",\"contentUrl\":\"https:\/\/footdavant.fr\/actualites\/wp-content\/uploads\/2023\/09\/Copy-of-FootDavant-Logo.png\",\"width\":936,\"height\":549,\"caption\":\"Foot d'avant\"},\"image\":{\"@id\":\"https:\/\/footdavant.fr\/actualites\/#\/schema\/logo\/image\/\"},\"sameAs\":[\"https:\/\/www.facebook.com\/Footdavant\/\",\"https:\/\/twitter.com\/FootdavantFr\",\"https:\/\/www.instagram.com\/footdavant.fr\/\"]},{\"@type\":\"Person\",\"@id\":\"https:\/\/footdavant.fr\/actualites\/#\/schema\/person\/bc222566d95871b37e597b3ed3ba5e1d\",\"name\":\"Cl\u00e9ment\",\"image\":{\"@type\":\"ImageObject\",\"inLanguage\":\"fr-FR\",\"@id\":\"https:\/\/footdavant.fr\/actualites\/#\/schema\/person\/image\/\",\"url\":\"https:\/\/secure.gravatar.com\/avatar\/7728b29aac2719421e1a9159b2254c44?s=96&d=mm&r=g\",\"contentUrl\":\"https:\/\/secure.gravatar.com\/avatar\/7728b29aac2719421e1a9159b2254c44?s=96&d=mm&r=g\",\"caption\":\"Cl\u00e9ment\"},\"sameAs\":[\"https:\/\/footdavant.fr\/\"]}]}<\/script>\n<!-- \/ Yoast SEO plugin. -->","yoast_head_json":{"title":"Casemiro parle de son avenir apr\u00e8s son triomphe dans le derby \u2013","robots":{"index":"index","follow":"follow","max-snippet":"max-snippet:-1","max-image-preview":"max-image-preview:large","max-video-preview":"max-video-preview:-1"},"canonical":"https:\/\/footdavant.fr\/actualites\/casemiro-parle-de-son-avenir-apres-son-triomphe-dans-le-derby\/","og_locale":"fr_FR","og_type":"article","og_title":"Casemiro parle de son avenir apr\u00e8s son triomphe dans le derby \u2013","og_description":"1 Beaucoup de choses ont chang\u00e9 ces derni\u00e8res semaines \u00e0 Manchester United, et les joueurs \u00e9taient soumis \u00e0 beaucoup de pression avant le derby de","og_url":"https:\/\/footdavant.fr\/actualites\/casemiro-parle-de-son-avenir-apres-son-triomphe-dans-le-derby\/","og_site_name":"Foot d&#039;avant","article_publisher":"https:\/\/www.facebook.com\/Footdavant\/","article_published_time":"2026-01-18T06:48:25+00:00","article_modified_time":"2026-01-18T06:48:27+00:00","og_image":[{"width":1600,"height":724,"url":"https:\/\/footdavant.fr\/actualites\/wp-content\/uploads\/2026\/01\/Casemiro-parle-de-son-avenir-apres-son-triomphe-dans-le.jpg","type":"image\/jpeg"}],"author":"Cl\u00e9ment","twitter_card":"summary_large_image","twitter_creator":"@FootdavantFr","twitter_site":"@FootdavantFr","twitter_misc":{"\u00c9crit par":"Cl\u00e9ment","Dur\u00e9e de lecture estim\u00e9e":"4 minutes"},"schema":{"@context":"https:\/\/schema.org","@graph":[{"@type":"Article","@id":"https:\/\/footdavant.fr\/actualites\/casemiro-parle-de-son-avenir-apres-son-triomphe-dans-le-derby\/#article","isPartOf":{"@id":"https:\/\/footdavant.fr\/actualites\/casemiro-parle-de-son-avenir-apres-son-triomphe-dans-le-derby\/"},"author":{"name":"Cl\u00e9ment","@id":"https:\/\/footdavant.fr\/actualites\/#\/schema\/person\/bc222566d95871b37e597b3ed3ba5e1d"},"headline":"Casemiro parle de son avenir apr\u00e8s son triomphe dans le derby \u2013","datePublished":"2026-01-18T06:48:25+00:00","dateModified":"2026-01-18T06:48:27+00:00","mainEntityOfPage":{"@id":"https:\/\/footdavant.fr\/actualites\/casemiro-parle-de-son-avenir-apres-son-triomphe-dans-le-derby\/"},"wordCount":770,"publisher":{"@id":"https:\/\/footdavant.fr\/actualites\/#organization"},"keywords":["apr\u00e8s","avenir","Casemiro","dans","derby","parl\u00e9","son","triomphe"],"articleSection":["Football"],"inLanguage":"fr-FR"},{"@type":"WebPage","@id":"https:\/\/footdavant.fr\/actualites\/casemiro-parle-de-son-avenir-apres-son-triomphe-dans-le-derby\/","url":"https:\/\/footdavant.fr\/actualites\/casemiro-parle-de-son-avenir-apres-son-triomphe-dans-le-derby\/","name":"Casemiro parle de son avenir apr\u00e8s son triomphe dans le derby \u2013","isPartOf":{"@id":"https:\/\/footdavant.fr\/actualites\/#website"},"datePublished":"2026-01-18T06:48:25+00:00","dateModified":"2026-01-18T06:48:27+00:00","breadcrumb":{"@id":"https:\/\/footdavant.fr\/actualites\/casemiro-parle-de-son-avenir-apres-son-triomphe-dans-le-derby\/#breadcrumb"},"inLanguage":"fr-FR","potentialAction":[{"@type":"ReadAction","target":["https:\/\/footdavant.fr\/actualites\/casemiro-parle-de-son-avenir-apres-son-triomphe-dans-le-derby\/"]}]},{"@type":"BreadcrumbList","@id":"https:\/\/footdavant.fr\/actualites\/casemiro-parle-de-son-avenir-apres-son-triomphe-dans-le-derby\/#breadcrumb","itemListElement":[{"@type":"ListItem","position":1,"name":"Accueil","item":"https:\/\/footdavant.fr\/actualites\/"},{"@type":"ListItem","position":2,"name":"Casemiro parle de son avenir apr\u00e8s son triomphe dans le derby \u2013"}]},{"@type":"WebSite","@id":"https:\/\/footdavant.fr\/actualites\/#website","url":"https:\/\/footdavant.fr\/actualites\/","name":"Foot d'avant","description":"","publisher":{"@id":"https:\/\/footdavant.fr\/actualites\/#organization"},"potentialAction":[{"@type":"SearchAction","target":{"@type":"EntryPoint","urlTemplate":"https:\/\/footdavant.fr\/actualites\/?s={search_term_string}"},"query-input":"required name=search_term_string"}],"inLanguage":"fr-FR"},{"@type":"Organization","@id":"https:\/\/footdavant.fr\/actualites\/#organization","name":"Foot d'avant","url":"https:\/\/footdavant.fr\/actualites\/","logo":{"@type":"ImageObject","inLanguage":"fr-FR","@id":"https:\/\/footdavant.fr\/actualites\/#\/schema\/logo\/image\/","url":"https:\/\/footdavant.fr\/actualites\/wp-content\/uploads\/2023\/09\/Copy-of-FootDavant-Logo.png","contentUrl":"https:\/\/footdavant.fr\/actualites\/wp-content\/uploads\/2023\/09\/Copy-of-FootDavant-Logo.png","width":936,"height":549,"caption":"Foot d'avant"},"image":{"@id":"https:\/\/footdavant.fr\/actualites\/#\/schema\/logo\/image\/"},"sameAs":["https:\/\/www.facebook.com\/Footdavant\/","https:\/\/twitter.com\/FootdavantFr","https:\/\/www.instagram.com\/footdavant.fr\/"]},{"@type":"Person","@id":"https:\/\/footdavant.fr\/actualites\/#\/schema\/person\/bc222566d95871b37e597b3ed3ba5e1d","name":"Cl\u00e9ment","image":{"@type":"ImageObject","inLanguage":"fr-FR","@id":"https:\/\/footdavant.fr\/actualites\/#\/schema\/person\/image\/","url":"https:\/\/secure.gravatar.com\/avatar\/7728b29aac2719421e1a9159b2254c44?s=96&d=mm&r=g","contentUrl":"https:\/\/secure.gravatar.com\/avatar\/7728b29aac2719421e1a9159b2254c44?s=96&d=mm&r=g","caption":"Cl\u00e9ment"},"sameAs":["https:\/\/footdavant.fr\/"]}]}},"_links":{"self":[{"href":"https:\/\/footdavant.fr\/actualites\/wp-json\/wp\/v2\/posts\/33557"}],"collection":[{"href":"https:\/\/footdavant.fr\/actualites\/wp-json\/wp\/v2\/posts"}],"about":[{"href":"https:\/\/footdavant.fr\/actualites\/wp-json\/wp\/v2\/types\/post"}],"author":[{"embeddable":true,"href":"https:\/\/footdavant.fr\/actualites\/wp-json\/wp\/v2\/users\/1"}],"replies":[{"embeddable":true,"href":"https:\/\/footdavant.fr\/actualites\/wp-json\/wp\/v2\/comments?post=33557"}],"version-history":[{"count":1,"href":"https:\/\/footdavant.fr\/actualites\/wp-json\/wp\/v2\/posts\/33557\/revisions"}],"predecessor-version":[{"id":33559,"href":"https:\/\/footdavant.fr\/actualites\/wp-json\/wp\/v2\/posts\/33557\/revisions\/33559"}],"wp:featuredmedia":[{"embeddable":true,"href":"https:\/\/footdavant.fr\/actualites\/wp-json\/wp\/v2\/media\/33558"}],"wp:attachment":[{"href":"https:\/\/footdavant.fr\/actualites\/wp-json\/wp\/v2\/media?parent=33557"}],"wp:term":[{"taxonomy":"category","embeddable":true,"href":"https:\/\/footdavant.fr\/actualites\/wp-json\/wp\/v2\/categories?post=33557"},{"taxonomy":"post_tag","embeddable":true,"href":"https:\/\/footdavant.fr\/actualites\/wp-json\/wp\/v2\/tags?post=33557"}],"curies":[{"name":"wp","href":"https:\/\/api.w.org\/{rel}","templated":true}]}}