{"id":33560,"date":"2026-01-18T09:48:00","date_gmt":"2026-01-18T08:48:00","guid":{"rendered":"https:\/\/footdavant.fr\/actualites\/nouvelles-du-transfert-de-man-utd-les-red-devils-font-face-a-la-concurrence-de-la-premier-league-et-de-leurope-pour-le-defenseur-de-serie-a\/"},"modified":"2026-01-18T09:48:02","modified_gmt":"2026-01-18T08:48:02","slug":"nouvelles-du-transfert-de-man-utd-les-red-devils-font-face-a-la-concurrence-de-la-premier-league-et-de-leurope-pour-le-defenseur-de-serie-a","status":"publish","type":"post","link":"https:\/\/footdavant.fr\/actualites\/nouvelles-du-transfert-de-man-utd-les-red-devils-font-face-a-la-concurrence-de-la-premier-league-et-de-leurope-pour-le-defenseur-de-serie-a\/","title":{"rendered":"Nouvelles du transfert de Man Utd: les Red Devils \u00ab font face \u00e0 la concurrence \u00bb de la Premier League et de l&#39;Europe pour le d\u00e9fenseur de Serie A"},"content":{"rendered":"<div itemprop=\"articleBody\"><meta charset=\"UTF-8\"\/><\/p>\n<p>Manchester United envisagerait des renforts d\u00e9fensifs maintenant ou cet \u00e9t\u00e9 malgr\u00e9 son incertitude manag\u00e9riale.<\/p>\n<p>Les Diables Rouges ont encaiss\u00e9 32 buts en 21 matches de haut niveau cette saison, soit le record parmi tous les clubs de la premi\u00e8re moiti\u00e9 de la division.  <\/p>\n<p>Malgr\u00e9 leurs faiblesses \u00e0 l&#39;arri\u00e8re, les g\u00e9ants de Manchester sont septi\u00e8mes du classement de la Premier League, \u00e0 trois de Liverpool, quatri\u00e8me.<\/p>\n<p>Bien qu&#39;ils n&#39;aient pas encore nomm\u00e9 de manager apr\u00e8s le d\u00e9part de Ruben Amorim, les responsables du recrutement du club resteraient concentr\u00e9s sur des objectifs \u00e0 long terme dans plusieurs domaines de l&#39;\u00e9quipe.<\/p>\n<p>Par cons\u00e9quent, l\u2019une des stars de la Serie A est devenue une cible pour les Diables Rouges. <\/p>\n<h3 data-path-to-node=\"2\">Nouvelles du transfert de Man Utd : les Red Devils \u00ab regardent r\u00e9guli\u00e8rement \u00bb un jeune de Serie A<\/h3>\n<div>\n<div>\n<div>\n<p>\u00a9 Imago \/ IMAGO \/ Nicolo Campo<\/p>\n<\/div>\n<\/div>\n<\/div>\n<p data-path-to-node=\"3\">Selon <i data-index-in-node=\"27\" data-path-to-node=\"3\">PrisHors-jeu<\/i>United a envoy\u00e9 des \u00e9claireurs \u00e0 plusieurs reprises pour surveiller le d\u00e9fenseur central de Sassuolo, Tarik Muharemovic. <\/p>\n<p data-path-to-node=\"3\">L&#39;international bosniaque de 22 ans a connu une ascension spectaculaire en Italie cette saison, disputant 17 apparitions en Serie A et s&#39;imposant comme l&#39;un des jeunes d\u00e9fenseurs les plus r\u00e9guliers de la division. <\/p>\n<p data-path-to-node=\"3\">Tottenham Hotspur et Newcastle United surveilleraient \u00e9galement la situation de pr\u00e8s alors qu\u2019ils \u00e9valuent les options \u00e0 long terme pour renforcer leurs lignes de d\u00e9fense respectives. <\/p>\n<p data-path-to-node=\"3\">Cependant, toute d\u00e9cision potentielle pour le d\u00e9fenseur gaucher est compliqu\u00e9e par une clause de vente de 50 % d\u00e9tenue par la Juventus, qui a vendu le d\u00e9fenseur \u00e0 Sassuolo pour seulement 3 millions d&#39;euros (2,6 millions de livres sterling) \u00e0 l&#39;\u00e9t\u00e9 2025, apr\u00e8s un an de pr\u00eat au club d&#39;\u00c9milie-Romagne. <\/p>\n<p data-path-to-node=\"3\">Le RB Leipzig aurait d\u00e9j\u00e0 pr\u00e9par\u00e9 une offre d&#39;une valeur de 25 millions d&#39;euros (21,7 millions de livres sterling) plus des bonus pour tester la d\u00e9termination du club italien pendant la fen\u00eatre hivernale.<\/p>\n<h3 data-path-to-node=\"4\">Les Diables Rouges gagneront-ils la course pour Muharemovic ?<\/h3>\n<div>\n<div>\n<div><img decoding=\"async\" data-img-id=\"156226\" class=\"lazy\" loading=\"lazy\" src=\"https:\/\/footdavant.fr\/actualites\/wp-content\/uploads\/2026\/01\/1768726080_214_Nouvelles-du-transfert-de-Man-Utd-les-Red-Devils.webp\"\/><\/p>\n<p>\u00a9 Imago \/ IMAGO \/ Gribaudi\/ImagePhoto<\/p>\n<\/div>\n<\/div>\n<\/div>\n<p data-path-to-node=\"5\">La rumeur d&#39;int\u00e9r\u00eat pour le d\u00e9fenseur bosniaque intervient \u00e0 un moment o\u00f9 l&#39;avenir d&#39;Harry Maguire reste de plus en plus incertain \u00e0 Old Trafford.<\/p>\n<p data-path-to-node=\"5\">Le contrat de l&#39;Anglais expirant cet \u00e9t\u00e9, United devrait \u00eatre actif sur le march\u00e9 d&#39;un nouveau d\u00e9fenseur central afin de garantir que l&#39;\u00e9quipe poss\u00e8de la qualit\u00e9 et la profondeur n\u00e9cessaires pour rivaliser avec des joueurs comme Manchester City, Arsenal et Liverpool.<\/p>\n<p data-path-to-node=\"5\">Alors que le club italien h\u00e9site \u00e0 vendre ce mois-ci, une guerre d&#39;ench\u00e8res pourrait s&#39;ensuivre pendant la fen\u00eatre estivale avant la saison 2026-27.<\/p>\n<p data-path-to-node=\"5\">Le profil physique du joueur de 22 ans et son calme avec le ballon en font un profil attractif pour la Premier League, m\u00eame si l&#39;Inter Milan et la Juventus restent \u00e9galement dans la course.<\/p>\n<p data-path-to-node=\"5\">Pour United, obtenir un d\u00e9fenseur de ce calibre repr\u00e9senterait une \u00e9tape majeure vers la p\u00e9rennit\u00e9 d\u2019une arri\u00e8re-garde qui a fait l\u2019objet d\u2019un examen minutieux ces derniers mois.<\/p>\n<\/div>\n","protected":false},"excerpt":{"rendered":"<p>Manchester United envisagerait des renforts d\u00e9fensifs maintenant ou cet \u00e9t\u00e9 malgr\u00e9 son incertitude manag\u00e9riale. Les Diables Rouges ont encaiss\u00e9 32 buts en 21 matches de<\/p>\n","protected":false},"author":1,"featured_media":33561,"comment_status":"closed","ping_status":"","sticky":false,"template":"","format":"standard","meta":{"footnotes":""},"categories":[5],"tags":[1627,928,265,1062,999,4329,202,93,24,461,51,201,536,705,700,296],"yoast_head":"<!-- This site is optimized with the Yoast SEO plugin v21.0 - https:\/\/yoast.com\/wordpress\/plugins\/seo\/ -->\n<title>Nouvelles du transfert de Man Utd: les Red Devils \u00ab font face \u00e0 la concurrence \u00bb de la Premier League et de l&#039;Europe pour le d\u00e9fenseur de Serie A<\/title>\n<meta name=\"robots\" content=\"index, follow, max-snippet:-1, max-image-preview:large, max-video-preview:-1\" \/>\n<link rel=\"canonical\" href=\"https:\/\/footdavant.fr\/actualites\/nouvelles-du-transfert-de-man-utd-les-red-devils-font-face-a-la-concurrence-de-la-premier-league-et-de-leurope-pour-le-defenseur-de-serie-a\/\" \/>\n<meta property=\"og:locale\" content=\"fr_FR\" \/>\n<meta property=\"og:type\" content=\"article\" \/>\n<meta property=\"og:title\" content=\"Nouvelles du transfert de Man Utd: les Red Devils \u00ab font face \u00e0 la concurrence \u00bb de la Premier League et de l&#039;Europe pour le d\u00e9fenseur de Serie A\" \/>\n<meta property=\"og:description\" content=\"Manchester United envisagerait des renforts d\u00e9fensifs maintenant ou cet \u00e9t\u00e9 malgr\u00e9 son incertitude manag\u00e9riale. Les Diables Rouges ont encaiss\u00e9 32 buts en 21 matches de\" \/>\n<meta property=\"og:url\" content=\"https:\/\/footdavant.fr\/actualites\/nouvelles-du-transfert-de-man-utd-les-red-devils-font-face-a-la-concurrence-de-la-premier-league-et-de-leurope-pour-le-defenseur-de-serie-a\/\" \/>\n<meta property=\"og:site_name\" content=\"Foot d&#039;avant\" \/>\n<meta property=\"article:publisher\" content=\"https:\/\/www.facebook.com\/Footdavant\/\" \/>\n<meta property=\"article:published_time\" content=\"2026-01-18T08:48:00+00:00\" \/>\n<meta property=\"article:modified_time\" content=\"2026-01-18T08:48:02+00:00\" \/>\n<meta property=\"og:image\" content=\"https:\/\/footdavant.fr\/actualites\/wp-content\/uploads\/2026\/01\/Nouvelles-du-transfert-de-Man-Utd-les-Red-Devils.net2Fuploads2F20252F122Fmuharemovic-6954.webp\" \/>\n\t<meta property=\"og:image:width\" content=\"720\" \/>\n\t<meta property=\"og:image:height\" content=\"410\" \/>\n\t<meta property=\"og:image:type\" content=\"image\/webp\" \/>\n<meta name=\"author\" content=\"Cl\u00e9ment\" \/>\n<meta name=\"twitter:card\" content=\"summary_large_image\" \/>\n<meta name=\"twitter:creator\" content=\"@FootdavantFr\" \/>\n<meta name=\"twitter:site\" content=\"@FootdavantFr\" \/>\n<meta name=\"twitter:label1\" content=\"\u00c9crit par\" \/>\n\t<meta name=\"twitter:data1\" content=\"Cl\u00e9ment\" \/>\n\t<meta name=\"twitter:label2\" content=\"Dur\u00e9e de lecture estim\u00e9e\" \/>\n\t<meta name=\"twitter:data2\" content=\"3 minutes\" \/>\n<script type=\"application\/ld+json\" class=\"yoast-schema-graph\">{\"@context\":\"https:\/\/schema.org\",\"@graph\":[{\"@type\":\"Article\",\"@id\":\"https:\/\/footdavant.fr\/actualites\/nouvelles-du-transfert-de-man-utd-les-red-devils-font-face-a-la-concurrence-de-la-premier-league-et-de-leurope-pour-le-defenseur-de-serie-a\/#article\",\"isPartOf\":{\"@id\":\"https:\/\/footdavant.fr\/actualites\/nouvelles-du-transfert-de-man-utd-les-red-devils-font-face-a-la-concurrence-de-la-premier-league-et-de-leurope-pour-le-defenseur-de-serie-a\/\"},\"author\":{\"name\":\"Cl\u00e9ment\",\"@id\":\"https:\/\/footdavant.fr\/actualites\/#\/schema\/person\/bc222566d95871b37e597b3ed3ba5e1d\"},\"headline\":\"Nouvelles du transfert de Man Utd: les Red Devils \u00ab font face \u00e0 la concurrence \u00bb de la Premier League et de l&#39;Europe pour le d\u00e9fenseur de Serie A\",\"datePublished\":\"2026-01-18T08:48:00+00:00\",\"dateModified\":\"2026-01-18T08:48:02+00:00\",\"mainEntityOfPage\":{\"@id\":\"https:\/\/footdavant.fr\/actualites\/nouvelles-du-transfert-de-man-utd-les-red-devils-font-face-a-la-concurrence-de-la-premier-league-et-de-leurope-pour-le-defenseur-de-serie-a\/\"},\"wordCount\":532,\"publisher\":{\"@id\":\"https:\/\/footdavant.fr\/actualites\/#organization\"},\"keywords\":[\"concurrence\",\"d\u00e9fenseur\",\"Devils\",\"face\",\"font\",\"l39Europe\",\"League\",\"les\",\"Man\",\"Nouvelles\",\"pour\",\"Premier\",\"Red\",\"s\u00e9rie\",\"transfert\",\"Utd\"],\"articleSection\":[\"Premier League\"],\"inLanguage\":\"fr-FR\"},{\"@type\":\"WebPage\",\"@id\":\"https:\/\/footdavant.fr\/actualites\/nouvelles-du-transfert-de-man-utd-les-red-devils-font-face-a-la-concurrence-de-la-premier-league-et-de-leurope-pour-le-defenseur-de-serie-a\/\",\"url\":\"https:\/\/footdavant.fr\/actualites\/nouvelles-du-transfert-de-man-utd-les-red-devils-font-face-a-la-concurrence-de-la-premier-league-et-de-leurope-pour-le-defenseur-de-serie-a\/\",\"name\":\"Nouvelles du transfert de Man Utd: les Red Devils \u00ab font face \u00e0 la concurrence \u00bb de la Premier League et de l&#39;Europe pour le d\u00e9fenseur de Serie A\",\"isPartOf\":{\"@id\":\"https:\/\/footdavant.fr\/actualites\/#website\"},\"datePublished\":\"2026-01-18T08:48:00+00:00\",\"dateModified\":\"2026-01-18T08:48:02+00:00\",\"breadcrumb\":{\"@id\":\"https:\/\/footdavant.fr\/actualites\/nouvelles-du-transfert-de-man-utd-les-red-devils-font-face-a-la-concurrence-de-la-premier-league-et-de-leurope-pour-le-defenseur-de-serie-a\/#breadcrumb\"},\"inLanguage\":\"fr-FR\",\"potentialAction\":[{\"@type\":\"ReadAction\",\"target\":[\"https:\/\/footdavant.fr\/actualites\/nouvelles-du-transfert-de-man-utd-les-red-devils-font-face-a-la-concurrence-de-la-premier-league-et-de-leurope-pour-le-defenseur-de-serie-a\/\"]}]},{\"@type\":\"BreadcrumbList\",\"@id\":\"https:\/\/footdavant.fr\/actualites\/nouvelles-du-transfert-de-man-utd-les-red-devils-font-face-a-la-concurrence-de-la-premier-league-et-de-leurope-pour-le-defenseur-de-serie-a\/#breadcrumb\",\"itemListElement\":[{\"@type\":\"ListItem\",\"position\":1,\"name\":\"Accueil\",\"item\":\"https:\/\/footdavant.fr\/actualites\/\"},{\"@type\":\"ListItem\",\"position\":2,\"name\":\"Nouvelles du transfert de Man Utd: les Red Devils \u00ab font face \u00e0 la concurrence \u00bb de la Premier League et de l&#39;Europe pour le d\u00e9fenseur de Serie A\"}]},{\"@type\":\"WebSite\",\"@id\":\"https:\/\/footdavant.fr\/actualites\/#website\",\"url\":\"https:\/\/footdavant.fr\/actualites\/\",\"name\":\"Foot d'avant\",\"description\":\"\",\"publisher\":{\"@id\":\"https:\/\/footdavant.fr\/actualites\/#organization\"},\"potentialAction\":[{\"@type\":\"SearchAction\",\"target\":{\"@type\":\"EntryPoint\",\"urlTemplate\":\"https:\/\/footdavant.fr\/actualites\/?s={search_term_string}\"},\"query-input\":\"required name=search_term_string\"}],\"inLanguage\":\"fr-FR\"},{\"@type\":\"Organization\",\"@id\":\"https:\/\/footdavant.fr\/actualites\/#organization\",\"name\":\"Foot d'avant\",\"url\":\"https:\/\/footdavant.fr\/actualites\/\",\"logo\":{\"@type\":\"ImageObject\",\"inLanguage\":\"fr-FR\",\"@id\":\"https:\/\/footdavant.fr\/actualites\/#\/schema\/logo\/image\/\",\"url\":\"https:\/\/footdavant.fr\/actualites\/wp-content\/uploads\/2023\/09\/Copy-of-FootDavant-Logo.png\",\"contentUrl\":\"https:\/\/footdavant.fr\/actualites\/wp-content\/uploads\/2023\/09\/Copy-of-FootDavant-Logo.png\",\"width\":936,\"height\":549,\"caption\":\"Foot d'avant\"},\"image\":{\"@id\":\"https:\/\/footdavant.fr\/actualites\/#\/schema\/logo\/image\/\"},\"sameAs\":[\"https:\/\/www.facebook.com\/Footdavant\/\",\"https:\/\/twitter.com\/FootdavantFr\",\"https:\/\/www.instagram.com\/footdavant.fr\/\"]},{\"@type\":\"Person\",\"@id\":\"https:\/\/footdavant.fr\/actualites\/#\/schema\/person\/bc222566d95871b37e597b3ed3ba5e1d\",\"name\":\"Cl\u00e9ment\",\"image\":{\"@type\":\"ImageObject\",\"inLanguage\":\"fr-FR\",\"@id\":\"https:\/\/footdavant.fr\/actualites\/#\/schema\/person\/image\/\",\"url\":\"https:\/\/secure.gravatar.com\/avatar\/7728b29aac2719421e1a9159b2254c44?s=96&d=mm&r=g\",\"contentUrl\":\"https:\/\/secure.gravatar.com\/avatar\/7728b29aac2719421e1a9159b2254c44?s=96&d=mm&r=g\",\"caption\":\"Cl\u00e9ment\"},\"sameAs\":[\"https:\/\/footdavant.fr\/\"]}]}<\/script>\n<!-- \/ Yoast SEO plugin. -->","yoast_head_json":{"title":"Nouvelles du transfert de Man Utd: les Red Devils \u00ab font face \u00e0 la concurrence \u00bb de la Premier League et de l&#39;Europe pour le d\u00e9fenseur de Serie A","robots":{"index":"index","follow":"follow","max-snippet":"max-snippet:-1","max-image-preview":"max-image-preview:large","max-video-preview":"max-video-preview:-1"},"canonical":"https:\/\/footdavant.fr\/actualites\/nouvelles-du-transfert-de-man-utd-les-red-devils-font-face-a-la-concurrence-de-la-premier-league-et-de-leurope-pour-le-defenseur-de-serie-a\/","og_locale":"fr_FR","og_type":"article","og_title":"Nouvelles du transfert de Man Utd: les Red Devils \u00ab font face \u00e0 la concurrence \u00bb de la Premier League et de l&#39;Europe pour le d\u00e9fenseur de Serie A","og_description":"Manchester United envisagerait des renforts d\u00e9fensifs maintenant ou cet \u00e9t\u00e9 malgr\u00e9 son incertitude manag\u00e9riale. Les Diables Rouges ont encaiss\u00e9 32 buts en 21 matches de","og_url":"https:\/\/footdavant.fr\/actualites\/nouvelles-du-transfert-de-man-utd-les-red-devils-font-face-a-la-concurrence-de-la-premier-league-et-de-leurope-pour-le-defenseur-de-serie-a\/","og_site_name":"Foot d&#039;avant","article_publisher":"https:\/\/www.facebook.com\/Footdavant\/","article_published_time":"2026-01-18T08:48:00+00:00","article_modified_time":"2026-01-18T08:48:02+00:00","og_image":[{"width":720,"height":410,"url":"https:\/\/footdavant.fr\/actualites\/wp-content\/uploads\/2026\/01\/Nouvelles-du-transfert-de-Man-Utd-les-Red-Devils.net2Fuploads2F20252F122Fmuharemovic-6954.webp","type":"image\/webp"}],"author":"Cl\u00e9ment","twitter_card":"summary_large_image","twitter_creator":"@FootdavantFr","twitter_site":"@FootdavantFr","twitter_misc":{"\u00c9crit par":"Cl\u00e9ment","Dur\u00e9e de lecture estim\u00e9e":"3 minutes"},"schema":{"@context":"https:\/\/schema.org","@graph":[{"@type":"Article","@id":"https:\/\/footdavant.fr\/actualites\/nouvelles-du-transfert-de-man-utd-les-red-devils-font-face-a-la-concurrence-de-la-premier-league-et-de-leurope-pour-le-defenseur-de-serie-a\/#article","isPartOf":{"@id":"https:\/\/footdavant.fr\/actualites\/nouvelles-du-transfert-de-man-utd-les-red-devils-font-face-a-la-concurrence-de-la-premier-league-et-de-leurope-pour-le-defenseur-de-serie-a\/"},"author":{"name":"Cl\u00e9ment","@id":"https:\/\/footdavant.fr\/actualites\/#\/schema\/person\/bc222566d95871b37e597b3ed3ba5e1d"},"headline":"Nouvelles du transfert de Man Utd: les Red Devils \u00ab font face \u00e0 la concurrence \u00bb de la Premier League et de l&#39;Europe pour le d\u00e9fenseur de Serie A","datePublished":"2026-01-18T08:48:00+00:00","dateModified":"2026-01-18T08:48:02+00:00","mainEntityOfPage":{"@id":"https:\/\/footdavant.fr\/actualites\/nouvelles-du-transfert-de-man-utd-les-red-devils-font-face-a-la-concurrence-de-la-premier-league-et-de-leurope-pour-le-defenseur-de-serie-a\/"},"wordCount":532,"publisher":{"@id":"https:\/\/footdavant.fr\/actualites\/#organization"},"keywords":["concurrence","d\u00e9fenseur","Devils","face","font","l39Europe","League","les","Man","Nouvelles","pour","Premier","Red","s\u00e9rie","transfert","Utd"],"articleSection":["Premier League"],"inLanguage":"fr-FR"},{"@type":"WebPage","@id":"https:\/\/footdavant.fr\/actualites\/nouvelles-du-transfert-de-man-utd-les-red-devils-font-face-a-la-concurrence-de-la-premier-league-et-de-leurope-pour-le-defenseur-de-serie-a\/","url":"https:\/\/footdavant.fr\/actualites\/nouvelles-du-transfert-de-man-utd-les-red-devils-font-face-a-la-concurrence-de-la-premier-league-et-de-leurope-pour-le-defenseur-de-serie-a\/","name":"Nouvelles du transfert de Man Utd: les Red Devils \u00ab font face \u00e0 la concurrence \u00bb de la Premier League et de l&#39;Europe pour le d\u00e9fenseur de Serie A","isPartOf":{"@id":"https:\/\/footdavant.fr\/actualites\/#website"},"datePublished":"2026-01-18T08:48:00+00:00","dateModified":"2026-01-18T08:48:02+00:00","breadcrumb":{"@id":"https:\/\/footdavant.fr\/actualites\/nouvelles-du-transfert-de-man-utd-les-red-devils-font-face-a-la-concurrence-de-la-premier-league-et-de-leurope-pour-le-defenseur-de-serie-a\/#breadcrumb"},"inLanguage":"fr-FR","potentialAction":[{"@type":"ReadAction","target":["https:\/\/footdavant.fr\/actualites\/nouvelles-du-transfert-de-man-utd-les-red-devils-font-face-a-la-concurrence-de-la-premier-league-et-de-leurope-pour-le-defenseur-de-serie-a\/"]}]},{"@type":"BreadcrumbList","@id":"https:\/\/footdavant.fr\/actualites\/nouvelles-du-transfert-de-man-utd-les-red-devils-font-face-a-la-concurrence-de-la-premier-league-et-de-leurope-pour-le-defenseur-de-serie-a\/#breadcrumb","itemListElement":[{"@type":"ListItem","position":1,"name":"Accueil","item":"https:\/\/footdavant.fr\/actualites\/"},{"@type":"ListItem","position":2,"name":"Nouvelles du transfert de Man Utd: les Red Devils \u00ab font face \u00e0 la concurrence \u00bb de la Premier League et de l&#39;Europe pour le d\u00e9fenseur de Serie A"}]},{"@type":"WebSite","@id":"https:\/\/footdavant.fr\/actualites\/#website","url":"https:\/\/footdavant.fr\/actualites\/","name":"Foot d'avant","description":"","publisher":{"@id":"https:\/\/footdavant.fr\/actualites\/#organization"},"potentialAction":[{"@type":"SearchAction","target":{"@type":"EntryPoint","urlTemplate":"https:\/\/footdavant.fr\/actualites\/?s={search_term_string}"},"query-input":"required name=search_term_string"}],"inLanguage":"fr-FR"},{"@type":"Organization","@id":"https:\/\/footdavant.fr\/actualites\/#organization","name":"Foot d'avant","url":"https:\/\/footdavant.fr\/actualites\/","logo":{"@type":"ImageObject","inLanguage":"fr-FR","@id":"https:\/\/footdavant.fr\/actualites\/#\/schema\/logo\/image\/","url":"https:\/\/footdavant.fr\/actualites\/wp-content\/uploads\/2023\/09\/Copy-of-FootDavant-Logo.png","contentUrl":"https:\/\/footdavant.fr\/actualites\/wp-content\/uploads\/2023\/09\/Copy-of-FootDavant-Logo.png","width":936,"height":549,"caption":"Foot d'avant"},"image":{"@id":"https:\/\/footdavant.fr\/actualites\/#\/schema\/logo\/image\/"},"sameAs":["https:\/\/www.facebook.com\/Footdavant\/","https:\/\/twitter.com\/FootdavantFr","https:\/\/www.instagram.com\/footdavant.fr\/"]},{"@type":"Person","@id":"https:\/\/footdavant.fr\/actualites\/#\/schema\/person\/bc222566d95871b37e597b3ed3ba5e1d","name":"Cl\u00e9ment","image":{"@type":"ImageObject","inLanguage":"fr-FR","@id":"https:\/\/footdavant.fr\/actualites\/#\/schema\/person\/image\/","url":"https:\/\/secure.gravatar.com\/avatar\/7728b29aac2719421e1a9159b2254c44?s=96&d=mm&r=g","contentUrl":"https:\/\/secure.gravatar.com\/avatar\/7728b29aac2719421e1a9159b2254c44?s=96&d=mm&r=g","caption":"Cl\u00e9ment"},"sameAs":["https:\/\/footdavant.fr\/"]}]}},"_links":{"self":[{"href":"https:\/\/footdavant.fr\/actualites\/wp-json\/wp\/v2\/posts\/33560"}],"collection":[{"href":"https:\/\/footdavant.fr\/actualites\/wp-json\/wp\/v2\/posts"}],"about":[{"href":"https:\/\/footdavant.fr\/actualites\/wp-json\/wp\/v2\/types\/post"}],"author":[{"embeddable":true,"href":"https:\/\/footdavant.fr\/actualites\/wp-json\/wp\/v2\/users\/1"}],"replies":[{"embeddable":true,"href":"https:\/\/footdavant.fr\/actualites\/wp-json\/wp\/v2\/comments?post=33560"}],"version-history":[{"count":1,"href":"https:\/\/footdavant.fr\/actualites\/wp-json\/wp\/v2\/posts\/33560\/revisions"}],"predecessor-version":[{"id":33562,"href":"https:\/\/footdavant.fr\/actualites\/wp-json\/wp\/v2\/posts\/33560\/revisions\/33562"}],"wp:featuredmedia":[{"embeddable":true,"href":"https:\/\/footdavant.fr\/actualites\/wp-json\/wp\/v2\/media\/33561"}],"wp:attachment":[{"href":"https:\/\/footdavant.fr\/actualites\/wp-json\/wp\/v2\/media?parent=33560"}],"wp:term":[{"taxonomy":"category","embeddable":true,"href":"https:\/\/footdavant.fr\/actualites\/wp-json\/wp\/v2\/categories?post=33560"},{"taxonomy":"post_tag","embeddable":true,"href":"https:\/\/footdavant.fr\/actualites\/wp-json\/wp\/v2\/tags?post=33560"}],"curies":[{"name":"wp","href":"https:\/\/api.w.org\/{rel}","templated":true}]}}