{"id":33566,"date":"2026-01-18T13:48:11","date_gmt":"2026-01-18T12:48:11","guid":{"rendered":"https:\/\/footdavant.fr\/actualites\/le-real-madrid-agira-apres-que-les-clubs-de-premier-league-ont-lance-de-nouvelles-enquetes-sur-un-joueur-cle\/"},"modified":"2026-01-18T13:48:13","modified_gmt":"2026-01-18T12:48:13","slug":"le-real-madrid-agira-apres-que-les-clubs-de-premier-league-ont-lance-de-nouvelles-enquetes-sur-un-joueur-cle","status":"publish","type":"post","link":"https:\/\/footdavant.fr\/actualites\/le-real-madrid-agira-apres-que-les-clubs-de-premier-league-ont-lance-de-nouvelles-enquetes-sur-un-joueur-cle\/","title":{"rendered":"Le Real Madrid \u00ab\u00a0agira\u00a0\u00bb apr\u00e8s que les clubs de Premier League ont lanc\u00e9 de nouvelles enqu\u00eates sur un joueur cl\u00e9"},"content":{"rendered":"<div itemprop=\"articleBody\"><meta charset=\"UTF-8\"\/><\/p>\n<p data-path-to-node=\"2\">Le jeune du Real Madrid, Arda Guler, aurait rejet\u00e9 les avances de trois clubs de Premier League et d&#39;un poids lourd europ\u00e9en. <\/p>\n<p data-path-to-node=\"2\">Guler, 20 ans, \u00e9tait un \u00e9l\u00e9ment cl\u00e9 sous Xabi Alonso avant le d\u00e9part de l&#39;ancien milieu de terrain de la capitale espagnole lundi, et le club voudrait que cela reste ainsi. <\/p>\n<p data-path-to-node=\"2\">Apr\u00e8s avoir disput\u00e9 10 matches de Liga lors de sa premi\u00e8re saison et 28 lors de sa seconde, l&#39;international turc a jusqu&#39;\u00e0 pr\u00e9sent disput\u00e9 19 matchs de haut niveau cette saison et est en passe de battre son total de 2024-25 dans la comp\u00e9tition.<\/p>\n<p data-path-to-node=\"2\">La premi\u00e8re moiti\u00e9 de saison louable du jeune aurait attir\u00e9 l&#39;attention de plusieurs \u00e9quipes de Premier League ainsi que d&#39;un poids lourd de la Ligue des Champions ; cependant, l&#39;ancien de Fenerbah\u00e7e souhaiterait rester dans la capitale espagnole.  <\/p>\n<h2 data-path-to-node=\"2\">Guler d\u00e9livre un message d\u00e9finitif au milieu des liens entre Arsenal et Liverpool<\/h2>\n<div>\n<div>\n<p>\u00a9 Imago<\/p>\n<\/div>\n<\/div>\n<p data-path-to-node=\"3\"><i data-index-in-node=\"27\" data-path-to-node=\"3\">Discussion en \u00e9quipe<\/i> indiquent que Guler a pris une d\u00e9cision finale concernant son avenir dans la capitale espagnole suite \u00e0 de nouvelles demandes d&#39;Arsenal, Chelsea et Liverpool.<\/p>\n<p data-path-to-node=\"3\">La sensation de 20 ans aurait inform\u00e9 ses repr\u00e9sentants qu&#39;il n&#39;avait pas l&#39;intention de quitter le Real Madrid pendant la fen\u00eatre actuelle ni \u00e0 l&#39;\u00e9t\u00e9 2026.<\/p>\n<p data-path-to-node=\"3\">Guler est devenu une partie int\u00e9grante des plans d&#39;Alonso cette saison, commen\u00e7ant 15 des 19 matches de la Liga \u2013 dont 28 toutes comp\u00e9titions confondues \u2013 tout en contribuant trois buts et huit passes d\u00e9cisives au total.<\/p>\n<p data-path-to-node=\"3\">Bien que les Gunners aient fait conna\u00eetre leur int\u00e9r\u00eat au camp des joueurs au cours du mois dernier, l&#39;international turc reste concentr\u00e9 sur son d\u00e9veloppement \u00e0 Madrid.<\/p>\n<p data-path-to-node=\"3\">Le meneur de jeu polyvalent se serait r\u00e9joui de sa position actuelle au club apr\u00e8s avoir re\u00e7u les assurances du pr\u00e9sident Florentino Perez.<\/p>\n<h2 data-path-to-node=\"4\">Le Real Madrid \u00ab\u00a0pr\u00e9pare\u00a0\u00bb un contrat exceptionnel pour Guler<\/h2>\n<div>\n<div><img decoding=\"async\" data-img-id=\"137614\" class=\"lazy\" loading=\"lazy\" src=\"https:\/\/footdavant.fr\/actualites\/wp-content\/uploads\/2026\/01\/Le-Real-Madrid-agira-apres-que-les-clubs-de-Premier.jpg\"\/><\/p>\n<p>\u00a9 Imago<\/p>\n<\/div>\n<\/div>\n<p data-path-to-node=\"5\">Malgr\u00e9 le d\u00e9part d&#39;Alonso, les g\u00e9ants europ\u00e9ens seraient pr\u00eats \u00e0 r\u00e9compenser la forme louable de Guler avec un nouveau contrat lucratif au Bernabeu.<\/p>\n<p data-path-to-node=\"5\">Bien que son contrat actuel n&#39;expire pas avant 2029, les responsables du club consid\u00e8rent que le jeune s&#39;est am\u00e9lior\u00e9 par rapport \u00e0 il y a 12 mois et souhaitent refl\u00e9ter son importance dans la structure salariale.<\/p>\n<p data-path-to-node=\"5\">La d\u00e9cision des Blancos est consid\u00e9r\u00e9e comme une \u00e9tape strat\u00e9gique pour repousser l&#39;int\u00e9r\u00eat r\u00e9gulier du Bayern et du trio de Premier League, qui continuent de surveiller sa situation de pr\u00e8s.<\/p>\n<p data-path-to-node=\"5\">Apr\u00e8s avoir sign\u00e9 la star de Fenerbahce pour 20 millions d&#39;euros (17,3 millions de livres sterling) en 2023, Madrid tient d\u00e9sormais \u00e0 s&#39;assurer qu&#39;il reste un \u00e9l\u00e9ment cl\u00e9 du club dans un avenir pr\u00e9visible.<\/p>\n<\/div>\n","protected":false},"excerpt":{"rendered":"<p>Le jeune du Real Madrid, Arda Guler, aurait rejet\u00e9 les avances de trois clubs de Premier League et d&#39;un poids lourd europ\u00e9en. Guler, 20 ans,<\/p>\n","protected":false},"author":1,"featured_media":33567,"comment_status":"closed","ping_status":"","sticky":false,"template":"","format":"standard","meta":{"footnotes":""},"categories":[5],"tags":[11346,25,443,533,4118,1221,4464,202,93,303,461,244,201,302,103],"yoast_head":"<!-- This site is optimized with the Yoast SEO plugin v21.0 - https:\/\/yoast.com\/wordpress\/plugins\/seo\/ -->\n<title>Le Real Madrid &quot;agira&quot; apr\u00e8s que les clubs de Premier League ont lanc\u00e9 de nouvelles enqu\u00eates sur un joueur cl\u00e9<\/title>\n<meta name=\"robots\" content=\"index, follow, max-snippet:-1, max-image-preview:large, max-video-preview:-1\" \/>\n<link rel=\"canonical\" href=\"https:\/\/footdavant.fr\/actualites\/le-real-madrid-agira-apres-que-les-clubs-de-premier-league-ont-lance-de-nouvelles-enquetes-sur-un-joueur-cle\/\" \/>\n<meta property=\"og:locale\" content=\"fr_FR\" \/>\n<meta property=\"og:type\" content=\"article\" \/>\n<meta property=\"og:title\" content=\"Le Real Madrid &quot;agira&quot; apr\u00e8s que les clubs de Premier League ont lanc\u00e9 de nouvelles enqu\u00eates sur un joueur cl\u00e9\" \/>\n<meta property=\"og:description\" content=\"Le jeune du Real Madrid, Arda Guler, aurait rejet\u00e9 les avances de trois clubs de Premier League et d&#039;un poids lourd europ\u00e9en. Guler, 20 ans,\" \/>\n<meta property=\"og:url\" content=\"https:\/\/footdavant.fr\/actualites\/le-real-madrid-agira-apres-que-les-clubs-de-premier-league-ont-lance-de-nouvelles-enquetes-sur-un-joueur-cle\/\" \/>\n<meta property=\"og:site_name\" content=\"Foot d&#039;avant\" \/>\n<meta property=\"article:publisher\" content=\"https:\/\/www.facebook.com\/Footdavant\/\" \/>\n<meta property=\"article:published_time\" content=\"2026-01-18T12:48:11+00:00\" \/>\n<meta property=\"article:modified_time\" content=\"2026-01-18T12:48:13+00:00\" \/>\n<meta property=\"og:image\" content=\"https:\/\/footdavant.fr\/actualites\/wp-content\/uploads\/2026\/01\/1768740493_Le-Real-Madrid-agira-apres-que-les-clubs-de-Premier.jpg\" \/>\n\t<meta property=\"og:image:width\" content=\"720\" \/>\n\t<meta property=\"og:image:height\" content=\"410\" \/>\n\t<meta property=\"og:image:type\" content=\"image\/jpeg\" \/>\n<meta name=\"author\" content=\"Cl\u00e9ment\" \/>\n<meta name=\"twitter:card\" content=\"summary_large_image\" \/>\n<meta name=\"twitter:creator\" content=\"@FootdavantFr\" \/>\n<meta name=\"twitter:site\" content=\"@FootdavantFr\" \/>\n<meta name=\"twitter:label1\" content=\"\u00c9crit par\" \/>\n\t<meta name=\"twitter:data1\" content=\"Cl\u00e9ment\" \/>\n\t<meta name=\"twitter:label2\" content=\"Dur\u00e9e de lecture estim\u00e9e\" \/>\n\t<meta name=\"twitter:data2\" content=\"2 minutes\" \/>\n<script type=\"application\/ld+json\" class=\"yoast-schema-graph\">{\"@context\":\"https:\/\/schema.org\",\"@graph\":[{\"@type\":\"Article\",\"@id\":\"https:\/\/footdavant.fr\/actualites\/le-real-madrid-agira-apres-que-les-clubs-de-premier-league-ont-lance-de-nouvelles-enquetes-sur-un-joueur-cle\/#article\",\"isPartOf\":{\"@id\":\"https:\/\/footdavant.fr\/actualites\/le-real-madrid-agira-apres-que-les-clubs-de-premier-league-ont-lance-de-nouvelles-enquetes-sur-un-joueur-cle\/\"},\"author\":{\"name\":\"Cl\u00e9ment\",\"@id\":\"https:\/\/footdavant.fr\/actualites\/#\/schema\/person\/bc222566d95871b37e597b3ed3ba5e1d\"},\"headline\":\"Le Real Madrid \u00ab\u00a0agira\u00a0\u00bb apr\u00e8s que les clubs de Premier League ont lanc\u00e9 de nouvelles enqu\u00eates sur un joueur cl\u00e9\",\"datePublished\":\"2026-01-18T12:48:11+00:00\",\"dateModified\":\"2026-01-18T12:48:13+00:00\",\"mainEntityOfPage\":{\"@id\":\"https:\/\/footdavant.fr\/actualites\/le-real-madrid-agira-apres-que-les-clubs-de-premier-league-ont-lance-de-nouvelles-enquetes-sur-un-joueur-cle\/\"},\"wordCount\":488,\"publisher\":{\"@id\":\"https:\/\/footdavant.fr\/actualites\/#organization\"},\"keywords\":[\"agira\",\"apr\u00e8s\",\"cl\u00e9..\",\"clubs\",\"enqu\u00eates\",\"joueur\",\"lance\",\"League\",\"les\",\"Madrid\",\"Nouvelles\",\"ont\",\"Premier\",\"Real\",\"sur\"],\"articleSection\":[\"Premier League\"],\"inLanguage\":\"fr-FR\"},{\"@type\":\"WebPage\",\"@id\":\"https:\/\/footdavant.fr\/actualites\/le-real-madrid-agira-apres-que-les-clubs-de-premier-league-ont-lance-de-nouvelles-enquetes-sur-un-joueur-cle\/\",\"url\":\"https:\/\/footdavant.fr\/actualites\/le-real-madrid-agira-apres-que-les-clubs-de-premier-league-ont-lance-de-nouvelles-enquetes-sur-un-joueur-cle\/\",\"name\":\"Le Real Madrid \\\"agira\\\" apr\u00e8s que les clubs de Premier League ont lanc\u00e9 de nouvelles enqu\u00eates sur un joueur cl\u00e9\",\"isPartOf\":{\"@id\":\"https:\/\/footdavant.fr\/actualites\/#website\"},\"datePublished\":\"2026-01-18T12:48:11+00:00\",\"dateModified\":\"2026-01-18T12:48:13+00:00\",\"breadcrumb\":{\"@id\":\"https:\/\/footdavant.fr\/actualites\/le-real-madrid-agira-apres-que-les-clubs-de-premier-league-ont-lance-de-nouvelles-enquetes-sur-un-joueur-cle\/#breadcrumb\"},\"inLanguage\":\"fr-FR\",\"potentialAction\":[{\"@type\":\"ReadAction\",\"target\":[\"https:\/\/footdavant.fr\/actualites\/le-real-madrid-agira-apres-que-les-clubs-de-premier-league-ont-lance-de-nouvelles-enquetes-sur-un-joueur-cle\/\"]}]},{\"@type\":\"BreadcrumbList\",\"@id\":\"https:\/\/footdavant.fr\/actualites\/le-real-madrid-agira-apres-que-les-clubs-de-premier-league-ont-lance-de-nouvelles-enquetes-sur-un-joueur-cle\/#breadcrumb\",\"itemListElement\":[{\"@type\":\"ListItem\",\"position\":1,\"name\":\"Accueil\",\"item\":\"https:\/\/footdavant.fr\/actualites\/\"},{\"@type\":\"ListItem\",\"position\":2,\"name\":\"Le Real Madrid \u00ab\u00a0agira\u00a0\u00bb apr\u00e8s que les clubs de Premier League ont lanc\u00e9 de nouvelles enqu\u00eates sur un joueur cl\u00e9\"}]},{\"@type\":\"WebSite\",\"@id\":\"https:\/\/footdavant.fr\/actualites\/#website\",\"url\":\"https:\/\/footdavant.fr\/actualites\/\",\"name\":\"Foot d'avant\",\"description\":\"\",\"publisher\":{\"@id\":\"https:\/\/footdavant.fr\/actualites\/#organization\"},\"potentialAction\":[{\"@type\":\"SearchAction\",\"target\":{\"@type\":\"EntryPoint\",\"urlTemplate\":\"https:\/\/footdavant.fr\/actualites\/?s={search_term_string}\"},\"query-input\":\"required name=search_term_string\"}],\"inLanguage\":\"fr-FR\"},{\"@type\":\"Organization\",\"@id\":\"https:\/\/footdavant.fr\/actualites\/#organization\",\"name\":\"Foot d'avant\",\"url\":\"https:\/\/footdavant.fr\/actualites\/\",\"logo\":{\"@type\":\"ImageObject\",\"inLanguage\":\"fr-FR\",\"@id\":\"https:\/\/footdavant.fr\/actualites\/#\/schema\/logo\/image\/\",\"url\":\"https:\/\/footdavant.fr\/actualites\/wp-content\/uploads\/2023\/09\/Copy-of-FootDavant-Logo.png\",\"contentUrl\":\"https:\/\/footdavant.fr\/actualites\/wp-content\/uploads\/2023\/09\/Copy-of-FootDavant-Logo.png\",\"width\":936,\"height\":549,\"caption\":\"Foot d'avant\"},\"image\":{\"@id\":\"https:\/\/footdavant.fr\/actualites\/#\/schema\/logo\/image\/\"},\"sameAs\":[\"https:\/\/www.facebook.com\/Footdavant\/\",\"https:\/\/twitter.com\/FootdavantFr\",\"https:\/\/www.instagram.com\/footdavant.fr\/\"]},{\"@type\":\"Person\",\"@id\":\"https:\/\/footdavant.fr\/actualites\/#\/schema\/person\/bc222566d95871b37e597b3ed3ba5e1d\",\"name\":\"Cl\u00e9ment\",\"image\":{\"@type\":\"ImageObject\",\"inLanguage\":\"fr-FR\",\"@id\":\"https:\/\/footdavant.fr\/actualites\/#\/schema\/person\/image\/\",\"url\":\"https:\/\/secure.gravatar.com\/avatar\/7728b29aac2719421e1a9159b2254c44?s=96&d=mm&r=g\",\"contentUrl\":\"https:\/\/secure.gravatar.com\/avatar\/7728b29aac2719421e1a9159b2254c44?s=96&d=mm&r=g\",\"caption\":\"Cl\u00e9ment\"},\"sameAs\":[\"https:\/\/footdavant.fr\/\"]}]}<\/script>\n<!-- \/ Yoast SEO plugin. -->","yoast_head_json":{"title":"Le Real Madrid \"agira\" apr\u00e8s que les clubs de Premier League ont lanc\u00e9 de nouvelles enqu\u00eates sur un joueur cl\u00e9","robots":{"index":"index","follow":"follow","max-snippet":"max-snippet:-1","max-image-preview":"max-image-preview:large","max-video-preview":"max-video-preview:-1"},"canonical":"https:\/\/footdavant.fr\/actualites\/le-real-madrid-agira-apres-que-les-clubs-de-premier-league-ont-lance-de-nouvelles-enquetes-sur-un-joueur-cle\/","og_locale":"fr_FR","og_type":"article","og_title":"Le Real Madrid \"agira\" apr\u00e8s que les clubs de Premier League ont lanc\u00e9 de nouvelles enqu\u00eates sur un joueur cl\u00e9","og_description":"Le jeune du Real Madrid, Arda Guler, aurait rejet\u00e9 les avances de trois clubs de Premier League et d&#39;un poids lourd europ\u00e9en. Guler, 20 ans,","og_url":"https:\/\/footdavant.fr\/actualites\/le-real-madrid-agira-apres-que-les-clubs-de-premier-league-ont-lance-de-nouvelles-enquetes-sur-un-joueur-cle\/","og_site_name":"Foot d&#039;avant","article_publisher":"https:\/\/www.facebook.com\/Footdavant\/","article_published_time":"2026-01-18T12:48:11+00:00","article_modified_time":"2026-01-18T12:48:13+00:00","og_image":[{"width":720,"height":410,"url":"https:\/\/footdavant.fr\/actualites\/wp-content\/uploads\/2026\/01\/1768740493_Le-Real-Madrid-agira-apres-que-les-clubs-de-Premier.jpg","type":"image\/jpeg"}],"author":"Cl\u00e9ment","twitter_card":"summary_large_image","twitter_creator":"@FootdavantFr","twitter_site":"@FootdavantFr","twitter_misc":{"\u00c9crit par":"Cl\u00e9ment","Dur\u00e9e de lecture estim\u00e9e":"2 minutes"},"schema":{"@context":"https:\/\/schema.org","@graph":[{"@type":"Article","@id":"https:\/\/footdavant.fr\/actualites\/le-real-madrid-agira-apres-que-les-clubs-de-premier-league-ont-lance-de-nouvelles-enquetes-sur-un-joueur-cle\/#article","isPartOf":{"@id":"https:\/\/footdavant.fr\/actualites\/le-real-madrid-agira-apres-que-les-clubs-de-premier-league-ont-lance-de-nouvelles-enquetes-sur-un-joueur-cle\/"},"author":{"name":"Cl\u00e9ment","@id":"https:\/\/footdavant.fr\/actualites\/#\/schema\/person\/bc222566d95871b37e597b3ed3ba5e1d"},"headline":"Le Real Madrid \u00ab\u00a0agira\u00a0\u00bb apr\u00e8s que les clubs de Premier League ont lanc\u00e9 de nouvelles enqu\u00eates sur un joueur cl\u00e9","datePublished":"2026-01-18T12:48:11+00:00","dateModified":"2026-01-18T12:48:13+00:00","mainEntityOfPage":{"@id":"https:\/\/footdavant.fr\/actualites\/le-real-madrid-agira-apres-que-les-clubs-de-premier-league-ont-lance-de-nouvelles-enquetes-sur-un-joueur-cle\/"},"wordCount":488,"publisher":{"@id":"https:\/\/footdavant.fr\/actualites\/#organization"},"keywords":["agira","apr\u00e8s","cl\u00e9..","clubs","enqu\u00eates","joueur","lance","League","les","Madrid","Nouvelles","ont","Premier","Real","sur"],"articleSection":["Premier League"],"inLanguage":"fr-FR"},{"@type":"WebPage","@id":"https:\/\/footdavant.fr\/actualites\/le-real-madrid-agira-apres-que-les-clubs-de-premier-league-ont-lance-de-nouvelles-enquetes-sur-un-joueur-cle\/","url":"https:\/\/footdavant.fr\/actualites\/le-real-madrid-agira-apres-que-les-clubs-de-premier-league-ont-lance-de-nouvelles-enquetes-sur-un-joueur-cle\/","name":"Le Real Madrid \"agira\" apr\u00e8s que les clubs de Premier League ont lanc\u00e9 de nouvelles enqu\u00eates sur un joueur cl\u00e9","isPartOf":{"@id":"https:\/\/footdavant.fr\/actualites\/#website"},"datePublished":"2026-01-18T12:48:11+00:00","dateModified":"2026-01-18T12:48:13+00:00","breadcrumb":{"@id":"https:\/\/footdavant.fr\/actualites\/le-real-madrid-agira-apres-que-les-clubs-de-premier-league-ont-lance-de-nouvelles-enquetes-sur-un-joueur-cle\/#breadcrumb"},"inLanguage":"fr-FR","potentialAction":[{"@type":"ReadAction","target":["https:\/\/footdavant.fr\/actualites\/le-real-madrid-agira-apres-que-les-clubs-de-premier-league-ont-lance-de-nouvelles-enquetes-sur-un-joueur-cle\/"]}]},{"@type":"BreadcrumbList","@id":"https:\/\/footdavant.fr\/actualites\/le-real-madrid-agira-apres-que-les-clubs-de-premier-league-ont-lance-de-nouvelles-enquetes-sur-un-joueur-cle\/#breadcrumb","itemListElement":[{"@type":"ListItem","position":1,"name":"Accueil","item":"https:\/\/footdavant.fr\/actualites\/"},{"@type":"ListItem","position":2,"name":"Le Real Madrid \u00ab\u00a0agira\u00a0\u00bb apr\u00e8s que les clubs de Premier League ont lanc\u00e9 de nouvelles enqu\u00eates sur un joueur cl\u00e9"}]},{"@type":"WebSite","@id":"https:\/\/footdavant.fr\/actualites\/#website","url":"https:\/\/footdavant.fr\/actualites\/","name":"Foot d'avant","description":"","publisher":{"@id":"https:\/\/footdavant.fr\/actualites\/#organization"},"potentialAction":[{"@type":"SearchAction","target":{"@type":"EntryPoint","urlTemplate":"https:\/\/footdavant.fr\/actualites\/?s={search_term_string}"},"query-input":"required name=search_term_string"}],"inLanguage":"fr-FR"},{"@type":"Organization","@id":"https:\/\/footdavant.fr\/actualites\/#organization","name":"Foot d'avant","url":"https:\/\/footdavant.fr\/actualites\/","logo":{"@type":"ImageObject","inLanguage":"fr-FR","@id":"https:\/\/footdavant.fr\/actualites\/#\/schema\/logo\/image\/","url":"https:\/\/footdavant.fr\/actualites\/wp-content\/uploads\/2023\/09\/Copy-of-FootDavant-Logo.png","contentUrl":"https:\/\/footdavant.fr\/actualites\/wp-content\/uploads\/2023\/09\/Copy-of-FootDavant-Logo.png","width":936,"height":549,"caption":"Foot d'avant"},"image":{"@id":"https:\/\/footdavant.fr\/actualites\/#\/schema\/logo\/image\/"},"sameAs":["https:\/\/www.facebook.com\/Footdavant\/","https:\/\/twitter.com\/FootdavantFr","https:\/\/www.instagram.com\/footdavant.fr\/"]},{"@type":"Person","@id":"https:\/\/footdavant.fr\/actualites\/#\/schema\/person\/bc222566d95871b37e597b3ed3ba5e1d","name":"Cl\u00e9ment","image":{"@type":"ImageObject","inLanguage":"fr-FR","@id":"https:\/\/footdavant.fr\/actualites\/#\/schema\/person\/image\/","url":"https:\/\/secure.gravatar.com\/avatar\/7728b29aac2719421e1a9159b2254c44?s=96&d=mm&r=g","contentUrl":"https:\/\/secure.gravatar.com\/avatar\/7728b29aac2719421e1a9159b2254c44?s=96&d=mm&r=g","caption":"Cl\u00e9ment"},"sameAs":["https:\/\/footdavant.fr\/"]}]}},"_links":{"self":[{"href":"https:\/\/footdavant.fr\/actualites\/wp-json\/wp\/v2\/posts\/33566"}],"collection":[{"href":"https:\/\/footdavant.fr\/actualites\/wp-json\/wp\/v2\/posts"}],"about":[{"href":"https:\/\/footdavant.fr\/actualites\/wp-json\/wp\/v2\/types\/post"}],"author":[{"embeddable":true,"href":"https:\/\/footdavant.fr\/actualites\/wp-json\/wp\/v2\/users\/1"}],"replies":[{"embeddable":true,"href":"https:\/\/footdavant.fr\/actualites\/wp-json\/wp\/v2\/comments?post=33566"}],"version-history":[{"count":1,"href":"https:\/\/footdavant.fr\/actualites\/wp-json\/wp\/v2\/posts\/33566\/revisions"}],"predecessor-version":[{"id":33568,"href":"https:\/\/footdavant.fr\/actualites\/wp-json\/wp\/v2\/posts\/33566\/revisions\/33568"}],"wp:featuredmedia":[{"embeddable":true,"href":"https:\/\/footdavant.fr\/actualites\/wp-json\/wp\/v2\/media\/33567"}],"wp:attachment":[{"href":"https:\/\/footdavant.fr\/actualites\/wp-json\/wp\/v2\/media?parent=33566"}],"wp:term":[{"taxonomy":"category","embeddable":true,"href":"https:\/\/footdavant.fr\/actualites\/wp-json\/wp\/v2\/categories?post=33566"},{"taxonomy":"post_tag","embeddable":true,"href":"https:\/\/footdavant.fr\/actualites\/wp-json\/wp\/v2\/tags?post=33566"}],"curies":[{"name":"wp","href":"https:\/\/api.w.org\/{rel}","templated":true}]}}