{"id":33575,"date":"2026-01-18T19:48:04","date_gmt":"2026-01-18T18:48:04","guid":{"rendered":"https:\/\/footdavant.fr\/actualites\/les-hotes-ratent-loccasion-de-reduire-lecart-sur-arsenal\/"},"modified":"2026-01-18T19:48:06","modified_gmt":"2026-01-18T18:48:06","slug":"les-hotes-ratent-loccasion-de-reduire-lecart-sur-arsenal","status":"publish","type":"post","link":"https:\/\/footdavant.fr\/actualites\/les-hotes-ratent-loccasion-de-reduire-lecart-sur-arsenal\/","title":{"rendered":"Les h\u00f4tes ratent l&#39;occasion de r\u00e9duire l&#39;\u00e9cart sur Arsenal"},"content":{"rendered":"<div>\n<p>Aston Villa a rat\u00e9 l&#39;occasion de r\u00e9duire l&#39;\u00e9cart derri\u00e8re Arsenal en t\u00eate de la Premier League en subissant une d\u00e9faite choc 1-0 \u00e0 domicile contre Everton.<\/p>\n<p>Le d\u00e9licat jeton de Thierno Barry apr\u00e8s les erreurs de Pau Torres et Emiliano Martinez a prouv\u00e9 la diff\u00e9rence dans un match serr\u00e9 \u00e0 Villa Park alors que les hommes d&#39;Unai Emery ont perdu \u00e0 domicile pour la deuxi\u00e8me fois seulement cette saison, la d\u00e9faite mettant \u00e9galement fin \u00e0 une s\u00e9rie de 11 victoires \u00e0 domicile.<\/p>\n<p>La d\u00e9faite laisse Villa en troisi\u00e8me position car ils n&#39;ont pas r\u00e9ussi \u00e0 capitaliser sur les points perdus par Manchester City et Arsenal ce week-end, Everton grimpant dans la moiti\u00e9 sup\u00e9rieure.<\/p>\n<h2 class=\"wp-block-heading\"><span id=\"Both_sides_hit_the_woodwork_in_first_half\">Les deux \u00e9quipes ont touch\u00e9 le poteau en premi\u00e8re mi-temps<\/span><\/h2>\n<p>Everton a failli prendre l&#39;avantage d\u00e8s le coup d&#39;envoi lorsqu&#39;un long ballon en avant a trouv\u00e9 son chemin vers Merlin Rohl, dont le tir a battu Emiliano Martinez mais a rebondi sur le poteau avec seulement 10 secondes au compteur.<\/p>\n<p>Villa s&#39;est install\u00e9e et a cherch\u00e9 \u00e0 affirmer le contr\u00f4le, la premi\u00e8re occasion \u00e9tant venue \u00e0 Morgan Rogers qui n&#39;a pas pu retenir son tir apr\u00e8s qu&#39;Emiliano Buendia ait plac\u00e9 le ballon devant le but.<\/p>\n<p>John McGinn a \u00e9t\u00e9 bless\u00e9 lors d&#39;un coup dur pour les h\u00f4tes et cela a co\u00efncid\u00e9 avec une bonne p\u00e9riode de pression de la part d&#39;Everton, l&#39;ancien h\u00e9ros de Villa Jack Grealish se rapprochant \u00e0 son retour \u00e0 Villa Park.<\/p>\n<p>Les Toffees avaient le ballon au fond des filets juste apr\u00e8s la demi-heure lorsque Jake O&#39;Brien rentrait chez lui, mais le but a \u00e9t\u00e9 durement exclu en raison du hors-jeu d&#39;Harrison Armstrong lorsque le centre est entr\u00e9.<\/p>\n<p>Villa a imm\u00e9diatement remont\u00e9 l&#39;autre bout et a forc\u00e9 deux occasions de tir rapide, toutes deux gr\u00e2ce \u00e0 Rogers, qui a vu son tir du recul d&#39;Ian Maatsen bloqu\u00e9 par O&#39;Brien \u00e0 bout portant avant de forcer Jordan Pickford \u00e0 agir \u00e0 longue distance.<\/p>\n<p>Evann Guessand s&#39;est ensuite rapproch\u00e9 terriblement de Villa lorsqu&#39;il a boucl\u00e9 une t\u00eate sur Pickford et sur la barre alors que Villa augmentait la pression avant la fin de la mi-temps.<\/p>\n<h2 class=\"wp-block-heading\"><span id=\"Barry_stuns_Villa_Park\">Barry \u00e9tourdit Villa Park<\/span><\/h2>\n<p>Villa a fait un bon d\u00e9but de mi-temps avec Youri Tielemans incapable de placer sa t\u00eate sur la cible apr\u00e8s une belle pr\u00e9paration de la part des h\u00f4tes.<\/p>\n<p>Mais c&#39;est Everton qui a pris l&#39;avantage lorsque Dwight McNeil a r\u00e9cup\u00e9r\u00e9 un ballon l\u00e2che et a tent\u00e9 sa chance sur Martinez, qui a renvers\u00e9 le tir dans le bain de Barry. L&#39;attaquant a d\u00e9licieusement pass\u00e9 le ballon au-dessus du gardien de Villa pour donner l&#39;avantage aux Toffees.<\/p>\n<figure class=\"wp-block-embed is-type-rich is-provider-twitter wp-block-embed-twitter\"\/>\n<p>Rogers a eu du mal \u00e0 limiter ses tirs tout au long du match et il s&#39;est rendu coupable d&#39;en avoir lanc\u00e9 deux autres au-dessus de la barre alors que Villa tentait d&#39;\u00e9galiser le match.<\/p>\n<p>Son effort quelques minutes plus tard \u00e9tait bien meilleur, avec son effort de curling se dirigeant vers le coin sup\u00e9rieur avant que Pickford ne renverse brillamment le ballon.<\/p>\n<p>Villa a continu\u00e9 \u00e0 pousser mais a eu du mal \u00e0 vraiment menacer, Buendia lan\u00e7ant une t\u00eate devant le but avant que l&#39;arbitre ne mette fin au match.<\/p>\n<\/p><\/div>\n","protected":false},"excerpt":{"rendered":"<p>Aston Villa a rat\u00e9 l&#39;occasion de r\u00e9duire l&#39;\u00e9cart derri\u00e8re Arsenal en t\u00eate de la Premier League en subissant une d\u00e9faite choc 1-0 \u00e0 domicile contre<\/p>\n","protected":false},"author":1,"featured_media":33576,"comment_status":"closed","ping_status":"","sticky":false,"template":"","format":"standard","meta":{"footnotes":""},"categories":[3],"tags":[67,6569,7289,6471,93,11347,7288,103],"yoast_head":"<!-- This site is optimized with the Yoast SEO plugin v21.0 - https:\/\/yoast.com\/wordpress\/plugins\/seo\/ -->\n<title>Les h\u00f4tes ratent l&#039;occasion de r\u00e9duire l&#039;\u00e9cart sur Arsenal<\/title>\n<meta name=\"robots\" content=\"index, follow, max-snippet:-1, max-image-preview:large, max-video-preview:-1\" \/>\n<link rel=\"canonical\" href=\"https:\/\/footdavant.fr\/actualites\/les-hotes-ratent-loccasion-de-reduire-lecart-sur-arsenal\/\" \/>\n<meta property=\"og:locale\" content=\"fr_FR\" \/>\n<meta property=\"og:type\" content=\"article\" \/>\n<meta property=\"og:title\" content=\"Les h\u00f4tes ratent l&#039;occasion de r\u00e9duire l&#039;\u00e9cart sur Arsenal\" \/>\n<meta property=\"og:description\" content=\"Aston Villa a rat\u00e9 l&#039;occasion de r\u00e9duire l&#039;\u00e9cart derri\u00e8re Arsenal en t\u00eate de la Premier League en subissant une d\u00e9faite choc 1-0 \u00e0 domicile contre\" \/>\n<meta property=\"og:url\" content=\"https:\/\/footdavant.fr\/actualites\/les-hotes-ratent-loccasion-de-reduire-lecart-sur-arsenal\/\" \/>\n<meta property=\"og:site_name\" content=\"Foot d&#039;avant\" \/>\n<meta property=\"article:publisher\" content=\"https:\/\/www.facebook.com\/Footdavant\/\" \/>\n<meta property=\"article:published_time\" content=\"2026-01-18T18:48:04+00:00\" \/>\n<meta property=\"article:modified_time\" content=\"2026-01-18T18:48:06+00:00\" \/>\n<meta property=\"og:image\" content=\"https:\/\/footdavant.fr\/actualites\/wp-content\/uploads\/2026\/01\/Les-hotes-ratent-l39occasion-de-reduire-l39ecart-sur-Arsenal.jpg\" \/>\n\t<meta property=\"og:image:width\" content=\"1200\" \/>\n\t<meta property=\"og:image:height\" content=\"675\" \/>\n\t<meta property=\"og:image:type\" content=\"image\/jpeg\" \/>\n<meta name=\"author\" content=\"Cl\u00e9ment\" \/>\n<meta name=\"twitter:card\" content=\"summary_large_image\" \/>\n<meta name=\"twitter:creator\" content=\"@FootdavantFr\" \/>\n<meta name=\"twitter:site\" content=\"@FootdavantFr\" \/>\n<meta name=\"twitter:label1\" content=\"\u00c9crit par\" \/>\n\t<meta name=\"twitter:data1\" content=\"Cl\u00e9ment\" \/>\n\t<meta name=\"twitter:label2\" content=\"Dur\u00e9e de lecture estim\u00e9e\" \/>\n\t<meta name=\"twitter:data2\" content=\"3 minutes\" \/>\n<script type=\"application\/ld+json\" class=\"yoast-schema-graph\">{\"@context\":\"https:\/\/schema.org\",\"@graph\":[{\"@type\":\"Article\",\"@id\":\"https:\/\/footdavant.fr\/actualites\/les-hotes-ratent-loccasion-de-reduire-lecart-sur-arsenal\/#article\",\"isPartOf\":{\"@id\":\"https:\/\/footdavant.fr\/actualites\/les-hotes-ratent-loccasion-de-reduire-lecart-sur-arsenal\/\"},\"author\":{\"name\":\"Cl\u00e9ment\",\"@id\":\"https:\/\/footdavant.fr\/actualites\/#\/schema\/person\/bc222566d95871b37e597b3ed3ba5e1d\"},\"headline\":\"Les h\u00f4tes ratent l&#39;occasion de r\u00e9duire l&#39;\u00e9cart sur Arsenal\",\"datePublished\":\"2026-01-18T18:48:04+00:00\",\"dateModified\":\"2026-01-18T18:48:06+00:00\",\"mainEntityOfPage\":{\"@id\":\"https:\/\/footdavant.fr\/actualites\/les-hotes-ratent-loccasion-de-reduire-lecart-sur-arsenal\/\"},\"wordCount\":583,\"publisher\":{\"@id\":\"https:\/\/footdavant.fr\/actualites\/#organization\"},\"keywords\":[\"Arsenal\",\"h\u00f4tes\",\"l39\u00e9cart\",\"l39occasion\",\"les\",\"ratent\",\"r\u00e9duire\",\"sur\"],\"articleSection\":[\"Football\"],\"inLanguage\":\"fr-FR\"},{\"@type\":\"WebPage\",\"@id\":\"https:\/\/footdavant.fr\/actualites\/les-hotes-ratent-loccasion-de-reduire-lecart-sur-arsenal\/\",\"url\":\"https:\/\/footdavant.fr\/actualites\/les-hotes-ratent-loccasion-de-reduire-lecart-sur-arsenal\/\",\"name\":\"Les h\u00f4tes ratent l&#39;occasion de r\u00e9duire l&#39;\u00e9cart sur Arsenal\",\"isPartOf\":{\"@id\":\"https:\/\/footdavant.fr\/actualites\/#website\"},\"datePublished\":\"2026-01-18T18:48:04+00:00\",\"dateModified\":\"2026-01-18T18:48:06+00:00\",\"breadcrumb\":{\"@id\":\"https:\/\/footdavant.fr\/actualites\/les-hotes-ratent-loccasion-de-reduire-lecart-sur-arsenal\/#breadcrumb\"},\"inLanguage\":\"fr-FR\",\"potentialAction\":[{\"@type\":\"ReadAction\",\"target\":[\"https:\/\/footdavant.fr\/actualites\/les-hotes-ratent-loccasion-de-reduire-lecart-sur-arsenal\/\"]}]},{\"@type\":\"BreadcrumbList\",\"@id\":\"https:\/\/footdavant.fr\/actualites\/les-hotes-ratent-loccasion-de-reduire-lecart-sur-arsenal\/#breadcrumb\",\"itemListElement\":[{\"@type\":\"ListItem\",\"position\":1,\"name\":\"Accueil\",\"item\":\"https:\/\/footdavant.fr\/actualites\/\"},{\"@type\":\"ListItem\",\"position\":2,\"name\":\"Les h\u00f4tes ratent l&#39;occasion de r\u00e9duire l&#39;\u00e9cart sur Arsenal\"}]},{\"@type\":\"WebSite\",\"@id\":\"https:\/\/footdavant.fr\/actualites\/#website\",\"url\":\"https:\/\/footdavant.fr\/actualites\/\",\"name\":\"Foot d'avant\",\"description\":\"\",\"publisher\":{\"@id\":\"https:\/\/footdavant.fr\/actualites\/#organization\"},\"potentialAction\":[{\"@type\":\"SearchAction\",\"target\":{\"@type\":\"EntryPoint\",\"urlTemplate\":\"https:\/\/footdavant.fr\/actualites\/?s={search_term_string}\"},\"query-input\":\"required name=search_term_string\"}],\"inLanguage\":\"fr-FR\"},{\"@type\":\"Organization\",\"@id\":\"https:\/\/footdavant.fr\/actualites\/#organization\",\"name\":\"Foot d'avant\",\"url\":\"https:\/\/footdavant.fr\/actualites\/\",\"logo\":{\"@type\":\"ImageObject\",\"inLanguage\":\"fr-FR\",\"@id\":\"https:\/\/footdavant.fr\/actualites\/#\/schema\/logo\/image\/\",\"url\":\"https:\/\/footdavant.fr\/actualites\/wp-content\/uploads\/2023\/09\/Copy-of-FootDavant-Logo.png\",\"contentUrl\":\"https:\/\/footdavant.fr\/actualites\/wp-content\/uploads\/2023\/09\/Copy-of-FootDavant-Logo.png\",\"width\":936,\"height\":549,\"caption\":\"Foot d'avant\"},\"image\":{\"@id\":\"https:\/\/footdavant.fr\/actualites\/#\/schema\/logo\/image\/\"},\"sameAs\":[\"https:\/\/www.facebook.com\/Footdavant\/\",\"https:\/\/twitter.com\/FootdavantFr\",\"https:\/\/www.instagram.com\/footdavant.fr\/\"]},{\"@type\":\"Person\",\"@id\":\"https:\/\/footdavant.fr\/actualites\/#\/schema\/person\/bc222566d95871b37e597b3ed3ba5e1d\",\"name\":\"Cl\u00e9ment\",\"image\":{\"@type\":\"ImageObject\",\"inLanguage\":\"fr-FR\",\"@id\":\"https:\/\/footdavant.fr\/actualites\/#\/schema\/person\/image\/\",\"url\":\"https:\/\/secure.gravatar.com\/avatar\/7728b29aac2719421e1a9159b2254c44?s=96&d=mm&r=g\",\"contentUrl\":\"https:\/\/secure.gravatar.com\/avatar\/7728b29aac2719421e1a9159b2254c44?s=96&d=mm&r=g\",\"caption\":\"Cl\u00e9ment\"},\"sameAs\":[\"https:\/\/footdavant.fr\/\"]}]}<\/script>\n<!-- \/ Yoast SEO plugin. -->","yoast_head_json":{"title":"Les h\u00f4tes ratent l&#39;occasion de r\u00e9duire l&#39;\u00e9cart sur Arsenal","robots":{"index":"index","follow":"follow","max-snippet":"max-snippet:-1","max-image-preview":"max-image-preview:large","max-video-preview":"max-video-preview:-1"},"canonical":"https:\/\/footdavant.fr\/actualites\/les-hotes-ratent-loccasion-de-reduire-lecart-sur-arsenal\/","og_locale":"fr_FR","og_type":"article","og_title":"Les h\u00f4tes ratent l&#39;occasion de r\u00e9duire l&#39;\u00e9cart sur Arsenal","og_description":"Aston Villa a rat\u00e9 l&#39;occasion de r\u00e9duire l&#39;\u00e9cart derri\u00e8re Arsenal en t\u00eate de la Premier League en subissant une d\u00e9faite choc 1-0 \u00e0 domicile contre","og_url":"https:\/\/footdavant.fr\/actualites\/les-hotes-ratent-loccasion-de-reduire-lecart-sur-arsenal\/","og_site_name":"Foot d&#039;avant","article_publisher":"https:\/\/www.facebook.com\/Footdavant\/","article_published_time":"2026-01-18T18:48:04+00:00","article_modified_time":"2026-01-18T18:48:06+00:00","og_image":[{"width":1200,"height":675,"url":"https:\/\/footdavant.fr\/actualites\/wp-content\/uploads\/2026\/01\/Les-hotes-ratent-l39occasion-de-reduire-l39ecart-sur-Arsenal.jpg","type":"image\/jpeg"}],"author":"Cl\u00e9ment","twitter_card":"summary_large_image","twitter_creator":"@FootdavantFr","twitter_site":"@FootdavantFr","twitter_misc":{"\u00c9crit par":"Cl\u00e9ment","Dur\u00e9e de lecture estim\u00e9e":"3 minutes"},"schema":{"@context":"https:\/\/schema.org","@graph":[{"@type":"Article","@id":"https:\/\/footdavant.fr\/actualites\/les-hotes-ratent-loccasion-de-reduire-lecart-sur-arsenal\/#article","isPartOf":{"@id":"https:\/\/footdavant.fr\/actualites\/les-hotes-ratent-loccasion-de-reduire-lecart-sur-arsenal\/"},"author":{"name":"Cl\u00e9ment","@id":"https:\/\/footdavant.fr\/actualites\/#\/schema\/person\/bc222566d95871b37e597b3ed3ba5e1d"},"headline":"Les h\u00f4tes ratent l&#39;occasion de r\u00e9duire l&#39;\u00e9cart sur Arsenal","datePublished":"2026-01-18T18:48:04+00:00","dateModified":"2026-01-18T18:48:06+00:00","mainEntityOfPage":{"@id":"https:\/\/footdavant.fr\/actualites\/les-hotes-ratent-loccasion-de-reduire-lecart-sur-arsenal\/"},"wordCount":583,"publisher":{"@id":"https:\/\/footdavant.fr\/actualites\/#organization"},"keywords":["Arsenal","h\u00f4tes","l39\u00e9cart","l39occasion","les","ratent","r\u00e9duire","sur"],"articleSection":["Football"],"inLanguage":"fr-FR"},{"@type":"WebPage","@id":"https:\/\/footdavant.fr\/actualites\/les-hotes-ratent-loccasion-de-reduire-lecart-sur-arsenal\/","url":"https:\/\/footdavant.fr\/actualites\/les-hotes-ratent-loccasion-de-reduire-lecart-sur-arsenal\/","name":"Les h\u00f4tes ratent l&#39;occasion de r\u00e9duire l&#39;\u00e9cart sur Arsenal","isPartOf":{"@id":"https:\/\/footdavant.fr\/actualites\/#website"},"datePublished":"2026-01-18T18:48:04+00:00","dateModified":"2026-01-18T18:48:06+00:00","breadcrumb":{"@id":"https:\/\/footdavant.fr\/actualites\/les-hotes-ratent-loccasion-de-reduire-lecart-sur-arsenal\/#breadcrumb"},"inLanguage":"fr-FR","potentialAction":[{"@type":"ReadAction","target":["https:\/\/footdavant.fr\/actualites\/les-hotes-ratent-loccasion-de-reduire-lecart-sur-arsenal\/"]}]},{"@type":"BreadcrumbList","@id":"https:\/\/footdavant.fr\/actualites\/les-hotes-ratent-loccasion-de-reduire-lecart-sur-arsenal\/#breadcrumb","itemListElement":[{"@type":"ListItem","position":1,"name":"Accueil","item":"https:\/\/footdavant.fr\/actualites\/"},{"@type":"ListItem","position":2,"name":"Les h\u00f4tes ratent l&#39;occasion de r\u00e9duire l&#39;\u00e9cart sur Arsenal"}]},{"@type":"WebSite","@id":"https:\/\/footdavant.fr\/actualites\/#website","url":"https:\/\/footdavant.fr\/actualites\/","name":"Foot d'avant","description":"","publisher":{"@id":"https:\/\/footdavant.fr\/actualites\/#organization"},"potentialAction":[{"@type":"SearchAction","target":{"@type":"EntryPoint","urlTemplate":"https:\/\/footdavant.fr\/actualites\/?s={search_term_string}"},"query-input":"required name=search_term_string"}],"inLanguage":"fr-FR"},{"@type":"Organization","@id":"https:\/\/footdavant.fr\/actualites\/#organization","name":"Foot d'avant","url":"https:\/\/footdavant.fr\/actualites\/","logo":{"@type":"ImageObject","inLanguage":"fr-FR","@id":"https:\/\/footdavant.fr\/actualites\/#\/schema\/logo\/image\/","url":"https:\/\/footdavant.fr\/actualites\/wp-content\/uploads\/2023\/09\/Copy-of-FootDavant-Logo.png","contentUrl":"https:\/\/footdavant.fr\/actualites\/wp-content\/uploads\/2023\/09\/Copy-of-FootDavant-Logo.png","width":936,"height":549,"caption":"Foot d'avant"},"image":{"@id":"https:\/\/footdavant.fr\/actualites\/#\/schema\/logo\/image\/"},"sameAs":["https:\/\/www.facebook.com\/Footdavant\/","https:\/\/twitter.com\/FootdavantFr","https:\/\/www.instagram.com\/footdavant.fr\/"]},{"@type":"Person","@id":"https:\/\/footdavant.fr\/actualites\/#\/schema\/person\/bc222566d95871b37e597b3ed3ba5e1d","name":"Cl\u00e9ment","image":{"@type":"ImageObject","inLanguage":"fr-FR","@id":"https:\/\/footdavant.fr\/actualites\/#\/schema\/person\/image\/","url":"https:\/\/secure.gravatar.com\/avatar\/7728b29aac2719421e1a9159b2254c44?s=96&d=mm&r=g","contentUrl":"https:\/\/secure.gravatar.com\/avatar\/7728b29aac2719421e1a9159b2254c44?s=96&d=mm&r=g","caption":"Cl\u00e9ment"},"sameAs":["https:\/\/footdavant.fr\/"]}]}},"_links":{"self":[{"href":"https:\/\/footdavant.fr\/actualites\/wp-json\/wp\/v2\/posts\/33575"}],"collection":[{"href":"https:\/\/footdavant.fr\/actualites\/wp-json\/wp\/v2\/posts"}],"about":[{"href":"https:\/\/footdavant.fr\/actualites\/wp-json\/wp\/v2\/types\/post"}],"author":[{"embeddable":true,"href":"https:\/\/footdavant.fr\/actualites\/wp-json\/wp\/v2\/users\/1"}],"replies":[{"embeddable":true,"href":"https:\/\/footdavant.fr\/actualites\/wp-json\/wp\/v2\/comments?post=33575"}],"version-history":[{"count":1,"href":"https:\/\/footdavant.fr\/actualites\/wp-json\/wp\/v2\/posts\/33575\/revisions"}],"predecessor-version":[{"id":33577,"href":"https:\/\/footdavant.fr\/actualites\/wp-json\/wp\/v2\/posts\/33575\/revisions\/33577"}],"wp:featuredmedia":[{"embeddable":true,"href":"https:\/\/footdavant.fr\/actualites\/wp-json\/wp\/v2\/media\/33576"}],"wp:attachment":[{"href":"https:\/\/footdavant.fr\/actualites\/wp-json\/wp\/v2\/media?parent=33575"}],"wp:term":[{"taxonomy":"category","embeddable":true,"href":"https:\/\/footdavant.fr\/actualites\/wp-json\/wp\/v2\/categories?post=33575"},{"taxonomy":"post_tag","embeddable":true,"href":"https:\/\/footdavant.fr\/actualites\/wp-json\/wp\/v2\/tags?post=33575"}],"curies":[{"name":"wp","href":"https:\/\/api.w.org\/{rel}","templated":true}]}}