{"id":33581,"date":"2026-01-18T23:48:00","date_gmt":"2026-01-18T22:48:00","guid":{"rendered":"https:\/\/footdavant.fr\/actualites\/xavi-manchester-united-se-bat-avec-les-spurs-pour-lancien-manager-de-barcelone\/"},"modified":"2026-01-18T23:48:02","modified_gmt":"2026-01-18T22:48:02","slug":"xavi-manchester-united-se-bat-avec-les-spurs-pour-lancien-manager-de-barcelone","status":"publish","type":"post","link":"https:\/\/footdavant.fr\/actualites\/xavi-manchester-united-se-bat-avec-les-spurs-pour-lancien-manager-de-barcelone\/","title":{"rendered":"Xavi: Manchester United se bat avec les Spurs pour l&#39;ancien manager de Barcelone &#8211;"},"content":{"rendered":"<div id=\"penci-post-entry-inner\">\n<p>\t\t\t<i class=\"penci-post-countview-number-check\" style=\"display:none\">2<\/i><\/p>\n<p>L&#39;\u00e8re Michael Carrick \u00e0 Manchester United a connu un d\u00e9but incroyable, alors que les Red Devils ont remport\u00e9 une victoire 2-0 dans le derby, gr\u00e2ce aux buts de Bryan Mbeumo et Patrick Dorgu.<\/p>\n<p>United a surclass\u00e9 ses voisins bruyants sur tous les fronts, infligeant \u00e0 Pep Guardiola sa plus grande d\u00e9faite xG en tant que patron de Manchester City. <\/p>\n<p>Carrick a r\u00e9alis\u00e9 lors de son premier match ce que Ruben Amorim n&#39;a pas pu r\u00e9aliser en 14 mois. En cons\u00e9quence, de nombreux fans et experts s\u2019emballent, exhortant United \u00e0 le consid\u00e9rer pour le poste permanent. Cependant, la hi\u00e9rarchie du club aurait des projets diff\u00e9rents.<\/p>\n<h3>Manchester United fait un pas pour Xavi<\/h3>\n<p>Selon Fichajes, Manchester United envisage une \u00ab refonte radicale \u00bb, s\u2019\u00e9loignant des \u00ab solutions temporaires \u00bb. <\/p>\n<p>On pense que Carrick a fait bonne impression, mais INEOS pr\u00e9f\u00e8re une personnalit\u00e9 plus exp\u00e9riment\u00e9e pour diriger son projet que l&#39;ancien entra\u00eeneur-chef de Middlesbrough.<\/p>\n<p>En cons\u00e9quence, United aurait pris contact avec Xavi pour lui proposer le poste permanent.<\/p>\n<p>Les g\u00e9ants de la Premier League recherchent un manager pragmatique capable de stabiliser imm\u00e9diatement le navire, tout en insufflant une identit\u00e9 \u00e0 long terme.<\/p>\n<p>Xavi correspond parfaitement \u00e0 cette mission, ayant impressionn\u00e9 par sa gestion humaine et ses tactiques lors de son passage \u00e0 la direction de Barcelone.<\/p>\n<p>Le joueur de 45 ans a repris un club g\u00e9ant en d\u00e9sarroi et en a fait un vainqueur de la ligue en 2023, remportant son premier titre en Liga en quatre ans. <\/p>\n<h3>Tottenham Hotspur souhaite embaucher Xavi<\/h3>\n<p>Cependant, le m\u00e9dia espagnol affirme que United fait face \u00e0 la concurrence de Tottenham Hotspur pour la signature de Xavi.<\/p>\n<p>Thomas Frank marche sur une glace mince dans le nord de Londres, alors que les Spurs occupent la 14e place du classement de la Premier League apr\u00e8s 22 matchs. <\/p>\n<h2 id=\"tablepress-611-name\" class=\"tablepress-table-name tablepress-table-name-id-611\">Statistiques de gestion de Xavi<\/h2>\n<table id=\"tablepress-611\" class=\"tablepress tablepress-id-611\" aria-labelledby=\"tablepress-611-name\">\n<thead>\n<tr class=\"row-1\">\n<th class=\"column-1\">\u00c9quipe<\/th>\n<th class=\"column-2\">Depuis<\/th>\n<th class=\"column-3\">\u00c0<\/th>\n<th class=\"column-4\">Jeux jou\u00e9s<\/th>\n<th class=\"column-5\">Jeux gagn\u00e9s<\/th>\n<th class=\"column-6\">Jeux tir\u00e9s<\/th>\n<th class=\"column-7\">Jeux perdus<\/th>\n<th class=\"column-8\">Gagner %<\/th>\n<\/tr>\n<\/thead>\n<tbody class=\"row-striping row-hover\">\n<tr class=\"row-2\">\n<td class=\"column-1\">Al-Sadd<\/td>\n<td class=\"column-2\">28 mai 2019<\/td>\n<td class=\"column-3\">6 novembre 2021<\/td>\n<td class=\"column-4\">102<\/td>\n<td class=\"column-5\">67<\/td>\n<td class=\"column-6\">17<\/td>\n<td class=\"column-7\">18<\/td>\n<td class=\"column-8\">65,69<\/td>\n<\/tr>\n<tr class=\"row-3\">\n<td class=\"column-1\">Barcelone<\/td>\n<td class=\"column-2\">6 novembre 2021<\/td>\n<td class=\"column-3\">27 mai 2024<\/td>\n<td class=\"column-4\">142<\/td>\n<td class=\"column-5\">89<\/td>\n<td class=\"column-6\">24<\/td>\n<td class=\"column-7\">29<\/td>\n<td class=\"column-8\">62,68<\/td>\n<\/tr>\n<\/tbody>\n<tfoot>\n<tr class=\"row-4\">\n<th class=\"column-1\">Total<\/th>\n<th class=\"column-2\">\u2014<\/th>\n<th class=\"column-3\">\u2014<\/th>\n<th class=\"column-4\">244<\/th>\n<th class=\"column-5\">156<\/th>\n<th class=\"column-6\">41<\/th>\n<th class=\"column-7\">47<\/th>\n<th class=\"column-8\">63,93<\/th>\n<\/tr>\n<\/tfoot>\n<\/table>\n<p><!-- #tablepress-611 from cache --><\/p>\n<p>Il est entendu que les Spurs ont \u00e9galement men\u00e9 une enqu\u00eate pour Xavi, qui est sans club apr\u00e8s avoir quitt\u00e9 le Camp Nou en 2024.<\/p>\n<p>Au d\u00e9but de cette saison, Fabrizio Romano a affirm\u00e9 que Xavi \u00ab \u00e9tudiait la Premier League \u00bb et \u00ab irait imm\u00e9diatement \u00e0 Man United \u00bb.<\/p>\n<\/p>\n<hr\/>\n<p>The Peoples Person est l&#39;un des principaux sites d&#39;information de Man United au monde depuis plus d&#39;une d\u00e9cennie. Suivez-nous sur Bluesky\u00a0: @peoplesperson.bsky.social<\/p>\n<p><!-- CONTENT END 2 --><\/p><\/div>\n","protected":false},"excerpt":{"rendered":"<p>2 L&#39;\u00e8re Michael Carrick \u00e0 Manchester United a connu un d\u00e9but incroyable, alors que les Red Devils ont remport\u00e9 une victoire 2-0 dans le derby,<\/p>\n","protected":false},"author":1,"featured_media":33582,"comment_status":"closed","ping_status":"","sticky":false,"template":"","format":"standard","meta":{"footnotes":""},"categories":[3],"tags":[91,130,60,4404,93,504,11,51,1575,13,124],"yoast_head":"<!-- This site is optimized with the Yoast SEO plugin v21.0 - https:\/\/yoast.com\/wordpress\/plugins\/seo\/ -->\n<title>Xavi: Manchester United se bat avec les Spurs pour l&#039;ancien manager de Barcelone -<\/title>\n<meta name=\"robots\" content=\"index, follow, max-snippet:-1, max-image-preview:large, max-video-preview:-1\" \/>\n<link rel=\"canonical\" href=\"https:\/\/footdavant.fr\/actualites\/xavi-manchester-united-se-bat-avec-les-spurs-pour-lancien-manager-de-barcelone\/\" \/>\n<meta property=\"og:locale\" content=\"fr_FR\" \/>\n<meta property=\"og:type\" content=\"article\" \/>\n<meta property=\"og:title\" content=\"Xavi: Manchester United se bat avec les Spurs pour l&#039;ancien manager de Barcelone -\" \/>\n<meta property=\"og:description\" content=\"2 L&#039;\u00e8re Michael Carrick \u00e0 Manchester United a connu un d\u00e9but incroyable, alors que les Red Devils ont remport\u00e9 une victoire 2-0 dans le derby,\" \/>\n<meta property=\"og:url\" content=\"https:\/\/footdavant.fr\/actualites\/xavi-manchester-united-se-bat-avec-les-spurs-pour-lancien-manager-de-barcelone\/\" \/>\n<meta property=\"og:site_name\" content=\"Foot d&#039;avant\" \/>\n<meta property=\"article:publisher\" content=\"https:\/\/www.facebook.com\/Footdavant\/\" \/>\n<meta property=\"article:published_time\" content=\"2026-01-18T22:48:00+00:00\" \/>\n<meta property=\"article:modified_time\" content=\"2026-01-18T22:48:02+00:00\" \/>\n<meta property=\"og:image\" content=\"https:\/\/footdavant.fr\/actualites\/wp-content\/uploads\/2026\/01\/Xavi-Manchester-United-se-bat-avec-les-Spurs-pour-l39ancien.jpg\" \/>\n\t<meta property=\"og:image:width\" content=\"1600\" \/>\n\t<meta property=\"og:image:height\" content=\"700\" \/>\n\t<meta property=\"og:image:type\" content=\"image\/jpeg\" \/>\n<meta name=\"author\" content=\"Cl\u00e9ment\" \/>\n<meta name=\"twitter:card\" content=\"summary_large_image\" \/>\n<meta name=\"twitter:creator\" content=\"@FootdavantFr\" \/>\n<meta name=\"twitter:site\" content=\"@FootdavantFr\" \/>\n<meta name=\"twitter:label1\" content=\"\u00c9crit par\" \/>\n\t<meta name=\"twitter:data1\" content=\"Cl\u00e9ment\" \/>\n\t<meta name=\"twitter:label2\" content=\"Dur\u00e9e de lecture estim\u00e9e\" \/>\n\t<meta name=\"twitter:data2\" content=\"2 minutes\" \/>\n<script type=\"application\/ld+json\" class=\"yoast-schema-graph\">{\"@context\":\"https:\/\/schema.org\",\"@graph\":[{\"@type\":\"Article\",\"@id\":\"https:\/\/footdavant.fr\/actualites\/xavi-manchester-united-se-bat-avec-les-spurs-pour-lancien-manager-de-barcelone\/#article\",\"isPartOf\":{\"@id\":\"https:\/\/footdavant.fr\/actualites\/xavi-manchester-united-se-bat-avec-les-spurs-pour-lancien-manager-de-barcelone\/\"},\"author\":{\"name\":\"Cl\u00e9ment\",\"@id\":\"https:\/\/footdavant.fr\/actualites\/#\/schema\/person\/bc222566d95871b37e597b3ed3ba5e1d\"},\"headline\":\"Xavi: Manchester United se bat avec les Spurs pour l&#39;ancien manager de Barcelone &#8211;\",\"datePublished\":\"2026-01-18T22:48:00+00:00\",\"dateModified\":\"2026-01-18T22:48:02+00:00\",\"mainEntityOfPage\":{\"@id\":\"https:\/\/footdavant.fr\/actualites\/xavi-manchester-united-se-bat-avec-les-spurs-pour-lancien-manager-de-barcelone\/\"},\"wordCount\":427,\"publisher\":{\"@id\":\"https:\/\/footdavant.fr\/actualites\/#organization\"},\"keywords\":[\"avec\",\"Barcelone\",\"bat\",\"l39ancien\",\"les\",\"manager\",\"Manchester\",\"pour\",\"Spurs\",\"United\",\"Xavi\"],\"articleSection\":[\"Football\"],\"inLanguage\":\"fr-FR\"},{\"@type\":\"WebPage\",\"@id\":\"https:\/\/footdavant.fr\/actualites\/xavi-manchester-united-se-bat-avec-les-spurs-pour-lancien-manager-de-barcelone\/\",\"url\":\"https:\/\/footdavant.fr\/actualites\/xavi-manchester-united-se-bat-avec-les-spurs-pour-lancien-manager-de-barcelone\/\",\"name\":\"Xavi: Manchester United se bat avec les Spurs pour l&#39;ancien manager de Barcelone -\",\"isPartOf\":{\"@id\":\"https:\/\/footdavant.fr\/actualites\/#website\"},\"datePublished\":\"2026-01-18T22:48:00+00:00\",\"dateModified\":\"2026-01-18T22:48:02+00:00\",\"breadcrumb\":{\"@id\":\"https:\/\/footdavant.fr\/actualites\/xavi-manchester-united-se-bat-avec-les-spurs-pour-lancien-manager-de-barcelone\/#breadcrumb\"},\"inLanguage\":\"fr-FR\",\"potentialAction\":[{\"@type\":\"ReadAction\",\"target\":[\"https:\/\/footdavant.fr\/actualites\/xavi-manchester-united-se-bat-avec-les-spurs-pour-lancien-manager-de-barcelone\/\"]}]},{\"@type\":\"BreadcrumbList\",\"@id\":\"https:\/\/footdavant.fr\/actualites\/xavi-manchester-united-se-bat-avec-les-spurs-pour-lancien-manager-de-barcelone\/#breadcrumb\",\"itemListElement\":[{\"@type\":\"ListItem\",\"position\":1,\"name\":\"Accueil\",\"item\":\"https:\/\/footdavant.fr\/actualites\/\"},{\"@type\":\"ListItem\",\"position\":2,\"name\":\"Xavi: Manchester United se bat avec les Spurs pour l&#39;ancien manager de Barcelone &#8211;\"}]},{\"@type\":\"WebSite\",\"@id\":\"https:\/\/footdavant.fr\/actualites\/#website\",\"url\":\"https:\/\/footdavant.fr\/actualites\/\",\"name\":\"Foot d'avant\",\"description\":\"\",\"publisher\":{\"@id\":\"https:\/\/footdavant.fr\/actualites\/#organization\"},\"potentialAction\":[{\"@type\":\"SearchAction\",\"target\":{\"@type\":\"EntryPoint\",\"urlTemplate\":\"https:\/\/footdavant.fr\/actualites\/?s={search_term_string}\"},\"query-input\":\"required name=search_term_string\"}],\"inLanguage\":\"fr-FR\"},{\"@type\":\"Organization\",\"@id\":\"https:\/\/footdavant.fr\/actualites\/#organization\",\"name\":\"Foot d'avant\",\"url\":\"https:\/\/footdavant.fr\/actualites\/\",\"logo\":{\"@type\":\"ImageObject\",\"inLanguage\":\"fr-FR\",\"@id\":\"https:\/\/footdavant.fr\/actualites\/#\/schema\/logo\/image\/\",\"url\":\"https:\/\/footdavant.fr\/actualites\/wp-content\/uploads\/2023\/09\/Copy-of-FootDavant-Logo.png\",\"contentUrl\":\"https:\/\/footdavant.fr\/actualites\/wp-content\/uploads\/2023\/09\/Copy-of-FootDavant-Logo.png\",\"width\":936,\"height\":549,\"caption\":\"Foot d'avant\"},\"image\":{\"@id\":\"https:\/\/footdavant.fr\/actualites\/#\/schema\/logo\/image\/\"},\"sameAs\":[\"https:\/\/www.facebook.com\/Footdavant\/\",\"https:\/\/twitter.com\/FootdavantFr\",\"https:\/\/www.instagram.com\/footdavant.fr\/\"]},{\"@type\":\"Person\",\"@id\":\"https:\/\/footdavant.fr\/actualites\/#\/schema\/person\/bc222566d95871b37e597b3ed3ba5e1d\",\"name\":\"Cl\u00e9ment\",\"image\":{\"@type\":\"ImageObject\",\"inLanguage\":\"fr-FR\",\"@id\":\"https:\/\/footdavant.fr\/actualites\/#\/schema\/person\/image\/\",\"url\":\"https:\/\/secure.gravatar.com\/avatar\/7728b29aac2719421e1a9159b2254c44?s=96&d=mm&r=g\",\"contentUrl\":\"https:\/\/secure.gravatar.com\/avatar\/7728b29aac2719421e1a9159b2254c44?s=96&d=mm&r=g\",\"caption\":\"Cl\u00e9ment\"},\"sameAs\":[\"https:\/\/footdavant.fr\/\"]}]}<\/script>\n<!-- \/ Yoast SEO plugin. -->","yoast_head_json":{"title":"Xavi: Manchester United se bat avec les Spurs pour l&#39;ancien manager de Barcelone -","robots":{"index":"index","follow":"follow","max-snippet":"max-snippet:-1","max-image-preview":"max-image-preview:large","max-video-preview":"max-video-preview:-1"},"canonical":"https:\/\/footdavant.fr\/actualites\/xavi-manchester-united-se-bat-avec-les-spurs-pour-lancien-manager-de-barcelone\/","og_locale":"fr_FR","og_type":"article","og_title":"Xavi: Manchester United se bat avec les Spurs pour l&#39;ancien manager de Barcelone -","og_description":"2 L&#39;\u00e8re Michael Carrick \u00e0 Manchester United a connu un d\u00e9but incroyable, alors que les Red Devils ont remport\u00e9 une victoire 2-0 dans le derby,","og_url":"https:\/\/footdavant.fr\/actualites\/xavi-manchester-united-se-bat-avec-les-spurs-pour-lancien-manager-de-barcelone\/","og_site_name":"Foot d&#039;avant","article_publisher":"https:\/\/www.facebook.com\/Footdavant\/","article_published_time":"2026-01-18T22:48:00+00:00","article_modified_time":"2026-01-18T22:48:02+00:00","og_image":[{"width":1600,"height":700,"url":"https:\/\/footdavant.fr\/actualites\/wp-content\/uploads\/2026\/01\/Xavi-Manchester-United-se-bat-avec-les-Spurs-pour-l39ancien.jpg","type":"image\/jpeg"}],"author":"Cl\u00e9ment","twitter_card":"summary_large_image","twitter_creator":"@FootdavantFr","twitter_site":"@FootdavantFr","twitter_misc":{"\u00c9crit par":"Cl\u00e9ment","Dur\u00e9e de lecture estim\u00e9e":"2 minutes"},"schema":{"@context":"https:\/\/schema.org","@graph":[{"@type":"Article","@id":"https:\/\/footdavant.fr\/actualites\/xavi-manchester-united-se-bat-avec-les-spurs-pour-lancien-manager-de-barcelone\/#article","isPartOf":{"@id":"https:\/\/footdavant.fr\/actualites\/xavi-manchester-united-se-bat-avec-les-spurs-pour-lancien-manager-de-barcelone\/"},"author":{"name":"Cl\u00e9ment","@id":"https:\/\/footdavant.fr\/actualites\/#\/schema\/person\/bc222566d95871b37e597b3ed3ba5e1d"},"headline":"Xavi: Manchester United se bat avec les Spurs pour l&#39;ancien manager de Barcelone &#8211;","datePublished":"2026-01-18T22:48:00+00:00","dateModified":"2026-01-18T22:48:02+00:00","mainEntityOfPage":{"@id":"https:\/\/footdavant.fr\/actualites\/xavi-manchester-united-se-bat-avec-les-spurs-pour-lancien-manager-de-barcelone\/"},"wordCount":427,"publisher":{"@id":"https:\/\/footdavant.fr\/actualites\/#organization"},"keywords":["avec","Barcelone","bat","l39ancien","les","manager","Manchester","pour","Spurs","United","Xavi"],"articleSection":["Football"],"inLanguage":"fr-FR"},{"@type":"WebPage","@id":"https:\/\/footdavant.fr\/actualites\/xavi-manchester-united-se-bat-avec-les-spurs-pour-lancien-manager-de-barcelone\/","url":"https:\/\/footdavant.fr\/actualites\/xavi-manchester-united-se-bat-avec-les-spurs-pour-lancien-manager-de-barcelone\/","name":"Xavi: Manchester United se bat avec les Spurs pour l&#39;ancien manager de Barcelone -","isPartOf":{"@id":"https:\/\/footdavant.fr\/actualites\/#website"},"datePublished":"2026-01-18T22:48:00+00:00","dateModified":"2026-01-18T22:48:02+00:00","breadcrumb":{"@id":"https:\/\/footdavant.fr\/actualites\/xavi-manchester-united-se-bat-avec-les-spurs-pour-lancien-manager-de-barcelone\/#breadcrumb"},"inLanguage":"fr-FR","potentialAction":[{"@type":"ReadAction","target":["https:\/\/footdavant.fr\/actualites\/xavi-manchester-united-se-bat-avec-les-spurs-pour-lancien-manager-de-barcelone\/"]}]},{"@type":"BreadcrumbList","@id":"https:\/\/footdavant.fr\/actualites\/xavi-manchester-united-se-bat-avec-les-spurs-pour-lancien-manager-de-barcelone\/#breadcrumb","itemListElement":[{"@type":"ListItem","position":1,"name":"Accueil","item":"https:\/\/footdavant.fr\/actualites\/"},{"@type":"ListItem","position":2,"name":"Xavi: Manchester United se bat avec les Spurs pour l&#39;ancien manager de Barcelone &#8211;"}]},{"@type":"WebSite","@id":"https:\/\/footdavant.fr\/actualites\/#website","url":"https:\/\/footdavant.fr\/actualites\/","name":"Foot d'avant","description":"","publisher":{"@id":"https:\/\/footdavant.fr\/actualites\/#organization"},"potentialAction":[{"@type":"SearchAction","target":{"@type":"EntryPoint","urlTemplate":"https:\/\/footdavant.fr\/actualites\/?s={search_term_string}"},"query-input":"required name=search_term_string"}],"inLanguage":"fr-FR"},{"@type":"Organization","@id":"https:\/\/footdavant.fr\/actualites\/#organization","name":"Foot d'avant","url":"https:\/\/footdavant.fr\/actualites\/","logo":{"@type":"ImageObject","inLanguage":"fr-FR","@id":"https:\/\/footdavant.fr\/actualites\/#\/schema\/logo\/image\/","url":"https:\/\/footdavant.fr\/actualites\/wp-content\/uploads\/2023\/09\/Copy-of-FootDavant-Logo.png","contentUrl":"https:\/\/footdavant.fr\/actualites\/wp-content\/uploads\/2023\/09\/Copy-of-FootDavant-Logo.png","width":936,"height":549,"caption":"Foot d'avant"},"image":{"@id":"https:\/\/footdavant.fr\/actualites\/#\/schema\/logo\/image\/"},"sameAs":["https:\/\/www.facebook.com\/Footdavant\/","https:\/\/twitter.com\/FootdavantFr","https:\/\/www.instagram.com\/footdavant.fr\/"]},{"@type":"Person","@id":"https:\/\/footdavant.fr\/actualites\/#\/schema\/person\/bc222566d95871b37e597b3ed3ba5e1d","name":"Cl\u00e9ment","image":{"@type":"ImageObject","inLanguage":"fr-FR","@id":"https:\/\/footdavant.fr\/actualites\/#\/schema\/person\/image\/","url":"https:\/\/secure.gravatar.com\/avatar\/7728b29aac2719421e1a9159b2254c44?s=96&d=mm&r=g","contentUrl":"https:\/\/secure.gravatar.com\/avatar\/7728b29aac2719421e1a9159b2254c44?s=96&d=mm&r=g","caption":"Cl\u00e9ment"},"sameAs":["https:\/\/footdavant.fr\/"]}]}},"_links":{"self":[{"href":"https:\/\/footdavant.fr\/actualites\/wp-json\/wp\/v2\/posts\/33581"}],"collection":[{"href":"https:\/\/footdavant.fr\/actualites\/wp-json\/wp\/v2\/posts"}],"about":[{"href":"https:\/\/footdavant.fr\/actualites\/wp-json\/wp\/v2\/types\/post"}],"author":[{"embeddable":true,"href":"https:\/\/footdavant.fr\/actualites\/wp-json\/wp\/v2\/users\/1"}],"replies":[{"embeddable":true,"href":"https:\/\/footdavant.fr\/actualites\/wp-json\/wp\/v2\/comments?post=33581"}],"version-history":[{"count":1,"href":"https:\/\/footdavant.fr\/actualites\/wp-json\/wp\/v2\/posts\/33581\/revisions"}],"predecessor-version":[{"id":33583,"href":"https:\/\/footdavant.fr\/actualites\/wp-json\/wp\/v2\/posts\/33581\/revisions\/33583"}],"wp:featuredmedia":[{"embeddable":true,"href":"https:\/\/footdavant.fr\/actualites\/wp-json\/wp\/v2\/media\/33582"}],"wp:attachment":[{"href":"https:\/\/footdavant.fr\/actualites\/wp-json\/wp\/v2\/media?parent=33581"}],"wp:term":[{"taxonomy":"category","embeddable":true,"href":"https:\/\/footdavant.fr\/actualites\/wp-json\/wp\/v2\/categories?post=33581"},{"taxonomy":"post_tag","embeddable":true,"href":"https:\/\/footdavant.fr\/actualites\/wp-json\/wp\/v2\/tags?post=33581"}],"curies":[{"name":"wp","href":"https:\/\/api.w.org\/{rel}","templated":true}]}}