{"id":33587,"date":"2026-01-19T03:48:22","date_gmt":"2026-01-19T02:48:22","guid":{"rendered":"https:\/\/footdavant.fr\/actualites\/les-stars-de-chelsea-susceptibles-de-participer-a-la-coupe-du-monde-2026\/"},"modified":"2026-01-19T03:48:24","modified_gmt":"2026-01-19T02:48:24","slug":"les-stars-de-chelsea-susceptibles-de-participer-a-la-coupe-du-monde-2026","status":"publish","type":"post","link":"https:\/\/footdavant.fr\/actualites\/les-stars-de-chelsea-susceptibles-de-participer-a-la-coupe-du-monde-2026\/","title":{"rendered":"Les stars de Chelsea susceptibles de participer \u00e0 la Coupe du monde 2026"},"content":{"rendered":"<div>\n<p><span style=\"font-weight: 400\">Chelsea devrait \u00eatre fortement repr\u00e9sent\u00e9 \u00e0 la Coupe du monde 2026, avec plusieurs joueurs de l\u2019\u00e9quipe premi\u00e8re fermement ancr\u00e9s dans leurs projets nationaux. L&#39;\u00e9quipe refl\u00e8te la port\u00e9e mondiale du club, avec plusieurs Blues qui devraient jouer un r\u00f4le significatif une fois le tournoi commenc\u00e9 en Am\u00e9rique du Nord. Vous trouverez ci-dessous un focus sur les joueurs de Chelsea les plus susceptibles d\u2019\u00eatre impliqu\u00e9s. Nous nous sommes bas\u00e9s sur les r\u00e9centes s\u00e9lections internationales, les campagnes de qualification et la position des joueurs au sein des \u00e9quipes nationales.<\/span><\/p>\n<h2><span style=\"font-weight: 400\">Reece James et les perspectives de l&#39;Angleterre pour la Coupe du monde<\/span><\/h2>\n<p><span style=\"font-weight: 400\">James reste au c\u0153ur des plans de l&#39;Angleterre. Lorsqu\u2019il est en forme, il offre une autorit\u00e9 d\u00e9fensive et un impact constant \u00e0 l\u2019avenir. Son exp\u00e9rience au sein d&#39;un club d&#39;\u00e9lite et dans les grands tournois internationaux fait de lui une option fiable dans les matchs sous haute pression. Il donne \u00e9galement \u00e0 l&#39;Angleterre un \u00e9quilibre tactique sur le c\u00f4t\u00e9 droit, avec la capacit\u00e9 de contr\u00f4ler les matchs plut\u00f4t que de simplement y r\u00e9agir.<\/span><\/p>\n<p><span style=\"font-weight: 400\">L\u2019Angleterre est largement consid\u00e9r\u00e9e comme l\u2019un des principaux favoris pour remporter la Coupe du Monde de la FIFA 2026. Sur les premiers march\u00e9s, ils sont cot\u00e9s autour de 6\/1 pour remporter le troph\u00e9e. Pour les supporters qui cherchent \u00e0 suivre l&#39;\u00e9volution des chances de l&#39;Angleterre parall\u00e8lement \u00e0 l&#39;implication des joueurs, <\/span><span style=\"font-weight: 400\">Actualit\u00e9s e-sport<\/span><span style=\"font-weight: 400\">  fournit une liste compl\u00e8te des meilleurs sites de paris pour le Royaume-Uni. Ces plateformes sont reconnues pour leurs march\u00e9s d\u00e9taill\u00e9s du football, y compris les vainqueurs absolus et les cotes li\u00e9es aux \u00e9quipes. Ils offrent \u00e9galement des comparaisons claires entre les grands tournois internationaux. En tant que tels, ils constituent un point de r\u00e9f\u00e9rence commun pour suivre le parcours de l\u2019Angleterre en Coupe du Monde et le r\u00f4le de joueurs comme James au sein de celui-ci.<\/span><\/p>\n<h2><span style=\"font-weight: 400\">Le r\u00f4le croissant de Cole Palmer pour l&#39;Angleterre<\/span><\/h2>\n<p><span style=\"font-weight: 400\">Cole Palmer s&#39;est impos\u00e9 comme une figure offensive majeure de Chelsea, et cette influence se traduit clairement sur la sc\u00e8ne internationale avec l&#39;Angleterre. Il apporte des objectifs, une prise de d\u00e9cision calme et la capacit\u00e9 de trouver de l&#39;espace entre le milieu de terrain et la ligne avant.<\/span><\/p>\n<p><span style=\"font-weight: 400\">Sa polyvalence permet \u00e0 l&#39;Angleterre d&#39;ajuster sa forme pendant les matchs sans interruption, un trait qui s&#39;av\u00e8re toujours pr\u00e9cieux dans les tournois de football. Alors que sa forme en club continue d&#39;attirer l&#39;attention, Palmer est fermement ancr\u00e9 dans les projets de l&#39;Angleterre pour la Coupe du Monde, que ce soit en tant que titulaire ou comme option fiable \u00e0 fort impact depuis le banc.<\/span><\/p>\n<h2><span style=\"font-weight: 400\">Enzo Fern\u00e1ndez comme milieu de terrain argentin<\/span><\/h2>\n<p><span style=\"font-weight: 400\">Enzo Fern\u00e1ndez entre dans le cycle de la Coupe du Monde 2026 comme l&#39;un des participants les plus s\u00fbrs de Chelsea. <\/span><span style=\"font-weight: 400\">Il est d\u00e9j\u00e0 vainqueur de la Coupe du monde<\/span><span style=\"font-weight: 400\">et il est ainsi rest\u00e9 au centre de la structure du milieu de terrain argentin depuis 2022. Il fait preuve d&#39;un calme dans la possession et du genre de conscience tactique qui ne manqueraient pas de le solidifier en tant que pr\u00e9sence constante dans les matches de comp\u00e9tition.<\/span><\/p>\n<p><span style=\"font-weight: 400\">L&#39;Argentine continue d&#39;\u00eatre class\u00e9e parmi les \u00e9quipes les plus fortes au monde. Fern\u00e1ndez repr\u00e9sente la continuit\u00e9 entre son triomphe pr\u00e9c\u00e9dent et le tournoi \u00e0 venir. Son implication offre un lien direct entre les supporters de Stamford Bridge et le plus haut niveau de succ\u00e8s international.<\/span><\/p>\n<h2><span style=\"font-weight: 400\">Andrey Santos et l&#39;\u00e9volution du milieu de terrain br\u00e9silien<\/span><\/h2>\n<p><span style=\"font-weight: 400\">Andrey Santos a progressivement progress\u00e9 sur la sc\u00e8ne internationale senior du Br\u00e9sil. Santos a \u00e9t\u00e9 capitaine du Br\u00e9sil au niveau international par groupe d&#39;\u00e2ge. Sa transition vers l&#39;\u00e9quipe senior a \u00e9t\u00e9 marqu\u00e9e par des responsabilit\u00e9s croissantes dans les r\u00f4les de milieu de terrain qui privil\u00e9gient un sens de la structure et une r\u00e9cup\u00e9ration de balle impressionnante.<\/span><\/p>\n<p><span style=\"font-weight: 400\">La profondeur de l&#39;effectif br\u00e9silien signifie que la comp\u00e9tition pour les places reste intense. Cependant, le profil physique et la discipline tactique de Santos s&#39;alignent extr\u00eamement bien avec les exigences du jeu en tournoi. Son implication continue dans les qualifications et les fen\u00eatres internationales est ce qui place le joueur sur une base solide avant les s\u00e9lections finales de l&#39;\u00e9quipe.<\/span><\/p>\n<h2><span style=\"font-weight: 400\">Malo Gusto en comp\u00e9tition pour la France<\/span><\/h2>\n<p><span style=\"font-weight: 400\">Malo Gusto est en grande forme cette saison<\/span><span style=\"font-weight: 400\">; Cependant, il fait face \u00e0 l&#39;un des environnements internationaux les plus comp\u00e9titifs, tout en faisant partie du pool d\u00e9fensif plus large de la France. Son rythme, son adaptabilit\u00e9 et son confort en possession conviennent tous au r\u00f4le d\u2019arri\u00e8re lat\u00e9ral moderne toujours privil\u00e9gi\u00e9 au niveau international.<\/span><\/p>\n<p><span style=\"font-weight: 400\">M\u00eame si la profondeur de la France signifie qu&#39;aucune position n&#39;est garantie, les \u00e9quipes de tournoi s&#39;appuient souvent fortement sur des joueurs capables d&#39;assumer une vari\u00e9t\u00e9 de r\u00f4les. Gusto a la capacit\u00e9 d\u2019op\u00e9rer sur le c\u00f4t\u00e9 droit de la d\u00e9fense. Cela renforce ses arguments en faveur de l\u2019inclusion alors que la France commence \u00e0 \u00e9valuer l\u2019\u00e9quilibre et la flexibilit\u00e9.<\/span><\/p>\n<h2><span style=\"font-weight: 400\">Filip J\u00f8rgensen et les options de gardien du Danemark<\/span><\/h2>\n<p><span style=\"font-weight: 400\">Filip J\u00f8rgensen a fait des progr\u00e8s significatifs au sein de l&#39;\u00e9quipe senior du Danemark, remportant des s\u00e9lections et s&#39;imposant comme une option particuli\u00e8rement cr\u00e9dible au niveau international. Les r\u00f4les de gardien de but sont traditionnellement r\u00e9gl\u00e9s plus tard dans le cycle. Cependant, les performances constantes du club ont permis \u00e0 J\u00f8rgensen de rester fermement impliqu\u00e9 dans la conversation.<\/span><\/p>\n<p><span style=\"font-weight: 400\">Pour le Danemark, la fiabilit\u00e9 de l&#39;\u00e9quipe \u00e0 tous les postes est une priorit\u00e9 alors qu&#39;ils se dirigent vers un long calendrier de tournois, et l&#39;\u00e9volution impressionnante de J\u00f8rgensen \u00e0 Chelsea est ce qui a ajout\u00e9 un poids significatif \u00e0 sa candidature.<\/span><\/p>\n<h2><span style=\"font-weight: 400\">Marc Guiu et la profondeur offensive de l&#39;Espagne<\/span><\/h2>\n<p><span style=\"font-weight: 400\">Marc Guiu continue de figurer dans les discussions offensives plus larges pour l&#39;Espagne et son \u00e9quipe de football. Il est encore t\u00f4t dans son parcours international senior, mais sa progression \u00e0 Chelsea lui a permis de rester surveill\u00e9 alors que l&#39;Espagne \u00e9value d\u00e9sormais les options de profondeur sur la ligne avant.<\/span><\/p>\n<p><span style=\"font-weight: 400\">M\u00eame si la concurrence est importante, l&#39;approche de s\u00e9lection espagnole r\u00e9compense souvent les joueurs qui allient mobilit\u00e9 et compr\u00e9hension tactique. Ce sont des traits qui correspondent fortement au profil de Guiu alors qu&#39;il continue de se d\u00e9velopper au niveau du club.<\/span><\/p>\n<section class=\"cs-read-next\">\n<h2>\n<p>\t\t\t\t\tLire ensuite\t\t\t\t<\/h2>\n<\/p>\n<\/section><\/div>\n","protected":false},"excerpt":{"rendered":"<p>Chelsea devrait \u00eatre fortement repr\u00e9sent\u00e9 \u00e0 la Coupe du monde 2026, avec plusieurs joueurs de l\u2019\u00e9quipe premi\u00e8re fermement ancr\u00e9s dans leurs projets nationaux. L&#39;\u00e9quipe refl\u00e8te<\/p>\n","protected":false},"author":1,"featured_media":33588,"comment_status":"closed","ping_status":"","sticky":false,"template":"","format":"standard","meta":{"footnotes":""},"categories":[3],"tags":[171,1946,93,562,3624,2067,4261],"yoast_head":"<!-- This site is optimized with the Yoast SEO plugin v21.0 - https:\/\/yoast.com\/wordpress\/plugins\/seo\/ -->\n<title>Les stars de Chelsea susceptibles de participer \u00e0 la Coupe du monde 2026<\/title>\n<meta name=\"robots\" content=\"index, follow, max-snippet:-1, max-image-preview:large, max-video-preview:-1\" \/>\n<link rel=\"canonical\" href=\"https:\/\/footdavant.fr\/actualites\/les-stars-de-chelsea-susceptibles-de-participer-a-la-coupe-du-monde-2026\/\" \/>\n<meta property=\"og:locale\" content=\"fr_FR\" \/>\n<meta property=\"og:type\" content=\"article\" \/>\n<meta property=\"og:title\" content=\"Les stars de Chelsea susceptibles de participer \u00e0 la Coupe du monde 2026\" \/>\n<meta property=\"og:description\" content=\"Chelsea devrait \u00eatre fortement repr\u00e9sent\u00e9 \u00e0 la Coupe du monde 2026, avec plusieurs joueurs de l\u2019\u00e9quipe premi\u00e8re fermement ancr\u00e9s dans leurs projets nationaux. L&#039;\u00e9quipe refl\u00e8te\" \/>\n<meta property=\"og:url\" content=\"https:\/\/footdavant.fr\/actualites\/les-stars-de-chelsea-susceptibles-de-participer-a-la-coupe-du-monde-2026\/\" \/>\n<meta property=\"og:site_name\" content=\"Foot d&#039;avant\" \/>\n<meta property=\"article:publisher\" content=\"https:\/\/www.facebook.com\/Footdavant\/\" \/>\n<meta property=\"article:published_time\" content=\"2026-01-19T02:48:22+00:00\" \/>\n<meta property=\"article:modified_time\" content=\"2026-01-19T02:48:24+00:00\" \/>\n<meta property=\"og:image\" content=\"https:\/\/footdavant.fr\/actualites\/wp-content\/uploads\/2026\/01\/Les-stars-de-Chelsea-susceptibles-de-participer-a-la-Coupe.jpg\" \/>\n\t<meta property=\"og:image:width\" content=\"1000\" \/>\n\t<meta property=\"og:image:height\" content=\"600\" \/>\n\t<meta property=\"og:image:type\" content=\"image\/jpeg\" \/>\n<meta name=\"author\" content=\"Cl\u00e9ment\" \/>\n<meta name=\"twitter:card\" content=\"summary_large_image\" \/>\n<meta name=\"twitter:creator\" content=\"@FootdavantFr\" \/>\n<meta name=\"twitter:site\" content=\"@FootdavantFr\" \/>\n<meta name=\"twitter:label1\" content=\"\u00c9crit par\" \/>\n\t<meta name=\"twitter:data1\" content=\"Cl\u00e9ment\" \/>\n\t<meta name=\"twitter:label2\" content=\"Dur\u00e9e de lecture estim\u00e9e\" \/>\n\t<meta name=\"twitter:data2\" content=\"6 minutes\" \/>\n<script type=\"application\/ld+json\" class=\"yoast-schema-graph\">{\"@context\":\"https:\/\/schema.org\",\"@graph\":[{\"@type\":\"Article\",\"@id\":\"https:\/\/footdavant.fr\/actualites\/les-stars-de-chelsea-susceptibles-de-participer-a-la-coupe-du-monde-2026\/#article\",\"isPartOf\":{\"@id\":\"https:\/\/footdavant.fr\/actualites\/les-stars-de-chelsea-susceptibles-de-participer-a-la-coupe-du-monde-2026\/\"},\"author\":{\"name\":\"Cl\u00e9ment\",\"@id\":\"https:\/\/footdavant.fr\/actualites\/#\/schema\/person\/bc222566d95871b37e597b3ed3ba5e1d\"},\"headline\":\"Les stars de Chelsea susceptibles de participer \u00e0 la Coupe du monde 2026\",\"datePublished\":\"2026-01-19T02:48:22+00:00\",\"dateModified\":\"2026-01-19T02:48:24+00:00\",\"mainEntityOfPage\":{\"@id\":\"https:\/\/footdavant.fr\/actualites\/les-stars-de-chelsea-susceptibles-de-participer-a-la-coupe-du-monde-2026\/\"},\"wordCount\":1146,\"publisher\":{\"@id\":\"https:\/\/footdavant.fr\/actualites\/#organization\"},\"keywords\":[\"Chelsea\",\"Coupe\",\"les\",\"monde\",\"participer\",\"stars\",\"susceptibles\"],\"articleSection\":[\"Football\"],\"inLanguage\":\"fr-FR\"},{\"@type\":\"WebPage\",\"@id\":\"https:\/\/footdavant.fr\/actualites\/les-stars-de-chelsea-susceptibles-de-participer-a-la-coupe-du-monde-2026\/\",\"url\":\"https:\/\/footdavant.fr\/actualites\/les-stars-de-chelsea-susceptibles-de-participer-a-la-coupe-du-monde-2026\/\",\"name\":\"Les stars de Chelsea susceptibles de participer \u00e0 la Coupe du monde 2026\",\"isPartOf\":{\"@id\":\"https:\/\/footdavant.fr\/actualites\/#website\"},\"datePublished\":\"2026-01-19T02:48:22+00:00\",\"dateModified\":\"2026-01-19T02:48:24+00:00\",\"breadcrumb\":{\"@id\":\"https:\/\/footdavant.fr\/actualites\/les-stars-de-chelsea-susceptibles-de-participer-a-la-coupe-du-monde-2026\/#breadcrumb\"},\"inLanguage\":\"fr-FR\",\"potentialAction\":[{\"@type\":\"ReadAction\",\"target\":[\"https:\/\/footdavant.fr\/actualites\/les-stars-de-chelsea-susceptibles-de-participer-a-la-coupe-du-monde-2026\/\"]}]},{\"@type\":\"BreadcrumbList\",\"@id\":\"https:\/\/footdavant.fr\/actualites\/les-stars-de-chelsea-susceptibles-de-participer-a-la-coupe-du-monde-2026\/#breadcrumb\",\"itemListElement\":[{\"@type\":\"ListItem\",\"position\":1,\"name\":\"Accueil\",\"item\":\"https:\/\/footdavant.fr\/actualites\/\"},{\"@type\":\"ListItem\",\"position\":2,\"name\":\"Les stars de Chelsea susceptibles de participer \u00e0 la Coupe du monde 2026\"}]},{\"@type\":\"WebSite\",\"@id\":\"https:\/\/footdavant.fr\/actualites\/#website\",\"url\":\"https:\/\/footdavant.fr\/actualites\/\",\"name\":\"Foot d'avant\",\"description\":\"\",\"publisher\":{\"@id\":\"https:\/\/footdavant.fr\/actualites\/#organization\"},\"potentialAction\":[{\"@type\":\"SearchAction\",\"target\":{\"@type\":\"EntryPoint\",\"urlTemplate\":\"https:\/\/footdavant.fr\/actualites\/?s={search_term_string}\"},\"query-input\":\"required name=search_term_string\"}],\"inLanguage\":\"fr-FR\"},{\"@type\":\"Organization\",\"@id\":\"https:\/\/footdavant.fr\/actualites\/#organization\",\"name\":\"Foot d'avant\",\"url\":\"https:\/\/footdavant.fr\/actualites\/\",\"logo\":{\"@type\":\"ImageObject\",\"inLanguage\":\"fr-FR\",\"@id\":\"https:\/\/footdavant.fr\/actualites\/#\/schema\/logo\/image\/\",\"url\":\"https:\/\/footdavant.fr\/actualites\/wp-content\/uploads\/2023\/09\/Copy-of-FootDavant-Logo.png\",\"contentUrl\":\"https:\/\/footdavant.fr\/actualites\/wp-content\/uploads\/2023\/09\/Copy-of-FootDavant-Logo.png\",\"width\":936,\"height\":549,\"caption\":\"Foot d'avant\"},\"image\":{\"@id\":\"https:\/\/footdavant.fr\/actualites\/#\/schema\/logo\/image\/\"},\"sameAs\":[\"https:\/\/www.facebook.com\/Footdavant\/\",\"https:\/\/twitter.com\/FootdavantFr\",\"https:\/\/www.instagram.com\/footdavant.fr\/\"]},{\"@type\":\"Person\",\"@id\":\"https:\/\/footdavant.fr\/actualites\/#\/schema\/person\/bc222566d95871b37e597b3ed3ba5e1d\",\"name\":\"Cl\u00e9ment\",\"image\":{\"@type\":\"ImageObject\",\"inLanguage\":\"fr-FR\",\"@id\":\"https:\/\/footdavant.fr\/actualites\/#\/schema\/person\/image\/\",\"url\":\"https:\/\/secure.gravatar.com\/avatar\/7728b29aac2719421e1a9159b2254c44?s=96&d=mm&r=g\",\"contentUrl\":\"https:\/\/secure.gravatar.com\/avatar\/7728b29aac2719421e1a9159b2254c44?s=96&d=mm&r=g\",\"caption\":\"Cl\u00e9ment\"},\"sameAs\":[\"https:\/\/footdavant.fr\/\"]}]}<\/script>\n<!-- \/ Yoast SEO plugin. -->","yoast_head_json":{"title":"Les stars de Chelsea susceptibles de participer \u00e0 la Coupe du monde 2026","robots":{"index":"index","follow":"follow","max-snippet":"max-snippet:-1","max-image-preview":"max-image-preview:large","max-video-preview":"max-video-preview:-1"},"canonical":"https:\/\/footdavant.fr\/actualites\/les-stars-de-chelsea-susceptibles-de-participer-a-la-coupe-du-monde-2026\/","og_locale":"fr_FR","og_type":"article","og_title":"Les stars de Chelsea susceptibles de participer \u00e0 la Coupe du monde 2026","og_description":"Chelsea devrait \u00eatre fortement repr\u00e9sent\u00e9 \u00e0 la Coupe du monde 2026, avec plusieurs joueurs de l\u2019\u00e9quipe premi\u00e8re fermement ancr\u00e9s dans leurs projets nationaux. L&#39;\u00e9quipe refl\u00e8te","og_url":"https:\/\/footdavant.fr\/actualites\/les-stars-de-chelsea-susceptibles-de-participer-a-la-coupe-du-monde-2026\/","og_site_name":"Foot d&#039;avant","article_publisher":"https:\/\/www.facebook.com\/Footdavant\/","article_published_time":"2026-01-19T02:48:22+00:00","article_modified_time":"2026-01-19T02:48:24+00:00","og_image":[{"width":1000,"height":600,"url":"https:\/\/footdavant.fr\/actualites\/wp-content\/uploads\/2026\/01\/Les-stars-de-Chelsea-susceptibles-de-participer-a-la-Coupe.jpg","type":"image\/jpeg"}],"author":"Cl\u00e9ment","twitter_card":"summary_large_image","twitter_creator":"@FootdavantFr","twitter_site":"@FootdavantFr","twitter_misc":{"\u00c9crit par":"Cl\u00e9ment","Dur\u00e9e de lecture estim\u00e9e":"6 minutes"},"schema":{"@context":"https:\/\/schema.org","@graph":[{"@type":"Article","@id":"https:\/\/footdavant.fr\/actualites\/les-stars-de-chelsea-susceptibles-de-participer-a-la-coupe-du-monde-2026\/#article","isPartOf":{"@id":"https:\/\/footdavant.fr\/actualites\/les-stars-de-chelsea-susceptibles-de-participer-a-la-coupe-du-monde-2026\/"},"author":{"name":"Cl\u00e9ment","@id":"https:\/\/footdavant.fr\/actualites\/#\/schema\/person\/bc222566d95871b37e597b3ed3ba5e1d"},"headline":"Les stars de Chelsea susceptibles de participer \u00e0 la Coupe du monde 2026","datePublished":"2026-01-19T02:48:22+00:00","dateModified":"2026-01-19T02:48:24+00:00","mainEntityOfPage":{"@id":"https:\/\/footdavant.fr\/actualites\/les-stars-de-chelsea-susceptibles-de-participer-a-la-coupe-du-monde-2026\/"},"wordCount":1146,"publisher":{"@id":"https:\/\/footdavant.fr\/actualites\/#organization"},"keywords":["Chelsea","Coupe","les","monde","participer","stars","susceptibles"],"articleSection":["Football"],"inLanguage":"fr-FR"},{"@type":"WebPage","@id":"https:\/\/footdavant.fr\/actualites\/les-stars-de-chelsea-susceptibles-de-participer-a-la-coupe-du-monde-2026\/","url":"https:\/\/footdavant.fr\/actualites\/les-stars-de-chelsea-susceptibles-de-participer-a-la-coupe-du-monde-2026\/","name":"Les stars de Chelsea susceptibles de participer \u00e0 la Coupe du monde 2026","isPartOf":{"@id":"https:\/\/footdavant.fr\/actualites\/#website"},"datePublished":"2026-01-19T02:48:22+00:00","dateModified":"2026-01-19T02:48:24+00:00","breadcrumb":{"@id":"https:\/\/footdavant.fr\/actualites\/les-stars-de-chelsea-susceptibles-de-participer-a-la-coupe-du-monde-2026\/#breadcrumb"},"inLanguage":"fr-FR","potentialAction":[{"@type":"ReadAction","target":["https:\/\/footdavant.fr\/actualites\/les-stars-de-chelsea-susceptibles-de-participer-a-la-coupe-du-monde-2026\/"]}]},{"@type":"BreadcrumbList","@id":"https:\/\/footdavant.fr\/actualites\/les-stars-de-chelsea-susceptibles-de-participer-a-la-coupe-du-monde-2026\/#breadcrumb","itemListElement":[{"@type":"ListItem","position":1,"name":"Accueil","item":"https:\/\/footdavant.fr\/actualites\/"},{"@type":"ListItem","position":2,"name":"Les stars de Chelsea susceptibles de participer \u00e0 la Coupe du monde 2026"}]},{"@type":"WebSite","@id":"https:\/\/footdavant.fr\/actualites\/#website","url":"https:\/\/footdavant.fr\/actualites\/","name":"Foot d'avant","description":"","publisher":{"@id":"https:\/\/footdavant.fr\/actualites\/#organization"},"potentialAction":[{"@type":"SearchAction","target":{"@type":"EntryPoint","urlTemplate":"https:\/\/footdavant.fr\/actualites\/?s={search_term_string}"},"query-input":"required name=search_term_string"}],"inLanguage":"fr-FR"},{"@type":"Organization","@id":"https:\/\/footdavant.fr\/actualites\/#organization","name":"Foot d'avant","url":"https:\/\/footdavant.fr\/actualites\/","logo":{"@type":"ImageObject","inLanguage":"fr-FR","@id":"https:\/\/footdavant.fr\/actualites\/#\/schema\/logo\/image\/","url":"https:\/\/footdavant.fr\/actualites\/wp-content\/uploads\/2023\/09\/Copy-of-FootDavant-Logo.png","contentUrl":"https:\/\/footdavant.fr\/actualites\/wp-content\/uploads\/2023\/09\/Copy-of-FootDavant-Logo.png","width":936,"height":549,"caption":"Foot d'avant"},"image":{"@id":"https:\/\/footdavant.fr\/actualites\/#\/schema\/logo\/image\/"},"sameAs":["https:\/\/www.facebook.com\/Footdavant\/","https:\/\/twitter.com\/FootdavantFr","https:\/\/www.instagram.com\/footdavant.fr\/"]},{"@type":"Person","@id":"https:\/\/footdavant.fr\/actualites\/#\/schema\/person\/bc222566d95871b37e597b3ed3ba5e1d","name":"Cl\u00e9ment","image":{"@type":"ImageObject","inLanguage":"fr-FR","@id":"https:\/\/footdavant.fr\/actualites\/#\/schema\/person\/image\/","url":"https:\/\/secure.gravatar.com\/avatar\/7728b29aac2719421e1a9159b2254c44?s=96&d=mm&r=g","contentUrl":"https:\/\/secure.gravatar.com\/avatar\/7728b29aac2719421e1a9159b2254c44?s=96&d=mm&r=g","caption":"Cl\u00e9ment"},"sameAs":["https:\/\/footdavant.fr\/"]}]}},"_links":{"self":[{"href":"https:\/\/footdavant.fr\/actualites\/wp-json\/wp\/v2\/posts\/33587"}],"collection":[{"href":"https:\/\/footdavant.fr\/actualites\/wp-json\/wp\/v2\/posts"}],"about":[{"href":"https:\/\/footdavant.fr\/actualites\/wp-json\/wp\/v2\/types\/post"}],"author":[{"embeddable":true,"href":"https:\/\/footdavant.fr\/actualites\/wp-json\/wp\/v2\/users\/1"}],"replies":[{"embeddable":true,"href":"https:\/\/footdavant.fr\/actualites\/wp-json\/wp\/v2\/comments?post=33587"}],"version-history":[{"count":1,"href":"https:\/\/footdavant.fr\/actualites\/wp-json\/wp\/v2\/posts\/33587\/revisions"}],"predecessor-version":[{"id":33589,"href":"https:\/\/footdavant.fr\/actualites\/wp-json\/wp\/v2\/posts\/33587\/revisions\/33589"}],"wp:featuredmedia":[{"embeddable":true,"href":"https:\/\/footdavant.fr\/actualites\/wp-json\/wp\/v2\/media\/33588"}],"wp:attachment":[{"href":"https:\/\/footdavant.fr\/actualites\/wp-json\/wp\/v2\/media?parent=33587"}],"wp:term":[{"taxonomy":"category","embeddable":true,"href":"https:\/\/footdavant.fr\/actualites\/wp-json\/wp\/v2\/categories?post=33587"},{"taxonomy":"post_tag","embeddable":true,"href":"https:\/\/footdavant.fr\/actualites\/wp-json\/wp\/v2\/tags?post=33587"}],"curies":[{"name":"wp","href":"https:\/\/api.w.org\/{rel}","templated":true}]}}