{"id":33593,"date":"2026-01-19T07:48:13","date_gmt":"2026-01-19T06:48:13","guid":{"rendered":"https:\/\/footdavant.fr\/actualites\/williams-partira-certainement-a-la-fin-de-son-contrat-actuel\/"},"modified":"2026-01-19T07:48:15","modified_gmt":"2026-01-19T06:48:15","slug":"williams-partira-certainement-a-la-fin-de-son-contrat-actuel","status":"publish","type":"post","link":"https:\/\/footdavant.fr\/actualites\/williams-partira-certainement-a-la-fin-de-son-contrat-actuel\/","title":{"rendered":"Williams partira \u00ab certainement \u00bb \u00e0 la fin de son contrat actuel"},"content":{"rendered":"<div id=\"article-body\">\n<!-- Article Start --><\/p>\n<p>L&#39;\u00e9volution de la situation d\u00e9fensive de Liverpool continue de se pr\u00e9ciser, et un nom familier semble d\u00e9sormais au c\u0153ur d&#39;une d\u00e9cision que nous approchons tranquillement.<\/p>\n<p>Selon James Pearce de The Athletic, le d\u00e9partement d\u00e9fenseur central de Liverpool est confront\u00e9 \u00e0 plusieurs situations contractuelles convergeant \u00e0 la fois.<\/p>\n<p>Ce contexte est important pour Rhys Williams.<\/p>\n<p>Le d\u00e9fenseur de 24 ans, n\u00e9 \u00e0 Preston, qui s&#39;est montr\u00e9 remarquable lors de la campagne 2020\/21 ravag\u00e9e par les blessures, s&#39;approche maintenant d&#39;un moment d\u00e9terminant de sa carri\u00e8re \u00e0 Anfield.<\/p>\n<p>Pearce note que m\u00eame si la profondeur de l&#39;\u00e9quipe premi\u00e8re semble limit\u00e9e sur le papier, les opportunit\u00e9s ne s&#39;ouvrent pas n\u00e9cessairement l\u00e0 o\u00f9 certains pourraient s&#39;attendre.<\/p>\n<h2>L&#39;avenir de Williams \u00e0 Liverpool alors que les plans du d\u00e9fenseur central prennent forme<\/h2>\n<figure class=\"wp-caption alignnone\"><picture><source type=\"image\/webp\" data- data-><\/source><\/picture><\/figure>\n<p>Le rapport de l&#39;Athletic indique clairement que Williams approche de la fin du chemin \u00e0 Liverpool.<\/p>\n<p>Pearce note qu&#39;il <\/p>\n<p>Cela correspond \u00e0 ce que nous avons d\u00e9j\u00e0 vu sous Arne Slot.<\/p>\n<p>Malgr\u00e9 des blessures ailleurs, le dipl\u00f4m\u00e9 de l&#39;acad\u00e9mie n&#39;a figur\u00e9 que dans une seule \u00e9quipe cette saison, renfor\u00e7ant la suggestion selon laquelle il ne fait pas partie des plans imm\u00e9diats.<\/p>\n<p>Le r\u00e9cent pr\u00eat de Williams \u00e0 Morecambe a au moins apport\u00e9 un football coh\u00e9rent.<\/p>\n<table style=\"border-collapse: collapse; width: 28.9449%;\" border=\"0\" width=\"136\" cellspacing=\"0\" cellpadding=\"0\">\n<tbody>\n<tr style=\"height: 14.25pt;\">\n<td class=\"xl63\" style=\"height: 14.25pt; width: 68.3265%;\" width=\"68\" height=\"19\"><\/td>\n<td class=\"xl63\" style=\"width: 73.5787%; text-align: center;\" width=\"68\"><\/td>\n<\/tr>\n<tr style=\"height: 14.25pt;\">\n<td class=\"xl64\" style=\"height: 14.25pt; width: 68.3265%;\" height=\"19\">Apparitions<\/td>\n<td class=\"xl64\" style=\"width: 73.5787%; text-align: center;\" align=\"right\">33<\/td>\n<\/tr>\n<tr style=\"height: 14.25pt;\">\n<td class=\"xl64\" style=\"height: 14.25pt; width: 68.3265%;\" height=\"19\">Minutes jou\u00e9es<\/td>\n<td class=\"xl64\" style=\"width: 73.5787%; text-align: center;\" align=\"right\">2756<\/td>\n<\/tr>\n<tr style=\"height: 14.25pt;\">\n<td class=\"xl64\" style=\"height: 14.25pt; width: 68.3265%;\" height=\"19\">Draps propres<\/td>\n<td class=\"xl64\" style=\"width: 73.5787%; text-align: center;\" align=\"right\">6<\/td>\n<\/tr>\n<tr style=\"height: 14.25pt;\">\n<td class=\"xl64\" style=\"height: 14.25pt; width: 68.3265%;\" height=\"19\">Duels a\u00e9riens gagn\u00e9s<\/td>\n<td class=\"xl65\" style=\"width: 73.5787%; text-align: center;\" align=\"right\">66%<\/td>\n<\/tr>\n<tr style=\"height: 14.25pt;\">\n<td class=\"xl64\" style=\"height: 14.25pt; width: 68.3265%;\" height=\"19\">Liquidations par match<\/td>\n<td class=\"xl64\" style=\"width: 73.5787%; text-align: center;\" align=\"right\">5.4<\/td>\n<\/tr>\n<\/tbody>\n<\/table>\n<p>Ces chiffres soulignent la fiabilit\u00e9 plut\u00f4t que la progression.<\/p>\n<p>Pour un d\u00e9fenseur central mesurant 197 cm, la domination dans les airs reste une force, mais le d\u00e9veloppement plus large que Liverpool exige d\u00e9sormais de ce r\u00f4le a clairement \u00e9volu\u00e9.<\/p>\n<h2>Pourquoi le contexte de Williams est important pour la reconstruction d\u00e9fensive de Liverpool<\/h2>\n<figure class=\"wp-caption alignnone\"><picture><source type=\"image\/webp\" data- data-><img loading=\"lazy\" decoding=\"async\" width=\"1500\" height=\"1000\" src=\"https:\/\/footdavant.fr\/actualites\/wp-content\/uploads\/2026\/01\/1768805293_213_Williams-partira-certainement-a-la-fin-de-son.jpg\" class=\"lazyload wp-image-283107 has-webp\" alt=\"Rhys Williams s&#39;entra\u00eene avec Liverpool en 2022\"  data- style=\"aspect-ratio:1500\/1000;max-width:1500px\"\/><\/source><\/picture><\/figure>\n<p>La mise \u00e0 jour plus large de Pearce souligne \u00e9galement \u00e0 quel point le d\u00e9partement est devenu fluide.<\/p>\n<p>Ibou Konate est en fin de contrat cet \u00e9t\u00e9, Virgil van Dijk et Joe Gomez ont encore 18 mois, tandis que Giovanni Leoni poursuit sa convalescence apr\u00e8s une blessure au LCA.<\/p>\n<p>Cette incertitude explique pourquoi nous avons d\u00e9j\u00e0 explor\u00e9 des options ailleurs, l&#39;attention se tournant rapidement vers Ousmane Diao apr\u00e8s le transfert de Marc Guehi \u00e0 Manchester City.<\/p>\n<p>Cela explique \u00e9galement pourquoi d&#39;autres rapports sugg\u00e9rant que Liverpool pourrait vraisemblablement sanctionner une sortie de pr\u00eat pour Williams en janvier malgr\u00e9 une crise de blessures, semblaient cr\u00e9dibles plut\u00f4t que contradictoires.<\/p>\n<p>De m\u00eame, les r\u00e9centes discussions autour de la pr\u00e9sence d\u2019autres d\u00e9fenseurs sur le radar ne font que renforcer le sentiment que la voie \u00e0 suivre pour nos options actuelles de jeunes en d\u00e9fense centrale se r\u00e9tr\u00e9cit plut\u00f4t que de se rouvrir.<\/p>\n<p>La comparaison que Pearce \u00e9tablit avec des projets ant\u00e9rieurs est instructive.<\/p>\n<p>Le bilan de Liverpool en mati\u00e8re de jeunes d\u00e9fenseurs centraux est mitig\u00e9, depuis l&#39;\u00e9chec de Billy Koumetio jusqu&#39;\u00e0 Sepp van den Berg qui se d\u00e9veloppe gr\u00e2ce \u00e0 des pr\u00eats et g\u00e9n\u00e8re des b\u00e9n\u00e9fices importants.<\/p>\n<p>Williams se situe quelque part entre ces deux r\u00e9sultats.<\/p>\n<p>Il nous a rendu des services vitaux alors que nous en avions d\u00e9sesp\u00e9r\u00e9ment besoin, mais la progression au niveau \u00e9lite est au point mort.<\/p>\n<p>Alors que Slot fa\u00e7onne d\u00e9sormais son \u00e9quipe pour la deuxi\u00e8me saison, des d\u00e9cisions difficiles sont in\u00e9vitables et celle-ci semble en faire partie.<\/p>\n<\/p>\n<p><!-- Article End -->\t\t\t\t<\/div>\n","protected":false},"excerpt":{"rendered":"<p>L&#39;\u00e9volution de la situation d\u00e9fensive de Liverpool continue de se pr\u00e9ciser, et un nom familier semble d\u00e9sormais au c\u0153ur d&#39;une d\u00e9cision que nous approchons tranquillement.<\/p>\n","protected":false},"author":1,"featured_media":33594,"comment_status":"closed","ping_status":"","sticky":false,"template":"","format":"standard","meta":{"footnotes":""},"categories":[3],"tags":[1662,4834,1218,596,3177,86,1099],"yoast_head":"<!-- This site is optimized with the Yoast SEO plugin v21.0 - https:\/\/yoast.com\/wordpress\/plugins\/seo\/ -->\n<title>Williams partira \u00ab certainement \u00bb \u00e0 la fin de son contrat actuel<\/title>\n<meta name=\"robots\" content=\"index, follow, max-snippet:-1, max-image-preview:large, max-video-preview:-1\" \/>\n<link rel=\"canonical\" href=\"https:\/\/footdavant.fr\/actualites\/williams-partira-certainement-a-la-fin-de-son-contrat-actuel\/\" \/>\n<meta property=\"og:locale\" content=\"fr_FR\" \/>\n<meta property=\"og:type\" content=\"article\" \/>\n<meta property=\"og:title\" content=\"Williams partira \u00ab certainement \u00bb \u00e0 la fin de son contrat actuel\" \/>\n<meta property=\"og:description\" content=\"L&#039;\u00e9volution de la situation d\u00e9fensive de Liverpool continue de se pr\u00e9ciser, et un nom familier semble d\u00e9sormais au c\u0153ur d&#039;une d\u00e9cision que nous approchons tranquillement.\" \/>\n<meta property=\"og:url\" content=\"https:\/\/footdavant.fr\/actualites\/williams-partira-certainement-a-la-fin-de-son-contrat-actuel\/\" \/>\n<meta property=\"og:site_name\" content=\"Foot d&#039;avant\" \/>\n<meta property=\"article:publisher\" content=\"https:\/\/www.facebook.com\/Footdavant\/\" \/>\n<meta property=\"article:published_time\" content=\"2026-01-19T06:48:13+00:00\" \/>\n<meta property=\"article:modified_time\" content=\"2026-01-19T06:48:15+00:00\" \/>\n<meta property=\"og:image\" content=\"https:\/\/footdavant.fr\/actualites\/wp-content\/uploads\/2026\/01\/1768805294_Williams-partira-certainement-a-la-fin-de-son.jpg\" \/>\n\t<meta property=\"og:image:width\" content=\"1200\" \/>\n\t<meta property=\"og:image:height\" content=\"675\" \/>\n\t<meta property=\"og:image:type\" content=\"image\/jpeg\" \/>\n<meta name=\"author\" content=\"Cl\u00e9ment\" \/>\n<meta name=\"twitter:card\" content=\"summary_large_image\" \/>\n<meta name=\"twitter:creator\" content=\"@FootdavantFr\" \/>\n<meta name=\"twitter:site\" content=\"@FootdavantFr\" \/>\n<meta name=\"twitter:label1\" content=\"\u00c9crit par\" \/>\n\t<meta name=\"twitter:data1\" content=\"Cl\u00e9ment\" \/>\n\t<meta name=\"twitter:label2\" content=\"Dur\u00e9e de lecture estim\u00e9e\" \/>\n\t<meta name=\"twitter:data2\" content=\"3 minutes\" \/>\n<script type=\"application\/ld+json\" class=\"yoast-schema-graph\">{\"@context\":\"https:\/\/schema.org\",\"@graph\":[{\"@type\":\"Article\",\"@id\":\"https:\/\/footdavant.fr\/actualites\/williams-partira-certainement-a-la-fin-de-son-contrat-actuel\/#article\",\"isPartOf\":{\"@id\":\"https:\/\/footdavant.fr\/actualites\/williams-partira-certainement-a-la-fin-de-son-contrat-actuel\/\"},\"author\":{\"name\":\"Cl\u00e9ment\",\"@id\":\"https:\/\/footdavant.fr\/actualites\/#\/schema\/person\/bc222566d95871b37e597b3ed3ba5e1d\"},\"headline\":\"Williams partira \u00ab certainement \u00bb \u00e0 la fin de son contrat actuel\",\"datePublished\":\"2026-01-19T06:48:13+00:00\",\"dateModified\":\"2026-01-19T06:48:15+00:00\",\"mainEntityOfPage\":{\"@id\":\"https:\/\/footdavant.fr\/actualites\/williams-partira-certainement-a-la-fin-de-son-contrat-actuel\/\"},\"wordCount\":588,\"publisher\":{\"@id\":\"https:\/\/footdavant.fr\/actualites\/#organization\"},\"keywords\":[\"actuel\",\"certainement\",\"contrat\",\"fin\",\"partira\",\"son\",\"Williams\"],\"articleSection\":[\"Football\"],\"inLanguage\":\"fr-FR\"},{\"@type\":\"WebPage\",\"@id\":\"https:\/\/footdavant.fr\/actualites\/williams-partira-certainement-a-la-fin-de-son-contrat-actuel\/\",\"url\":\"https:\/\/footdavant.fr\/actualites\/williams-partira-certainement-a-la-fin-de-son-contrat-actuel\/\",\"name\":\"Williams partira \u00ab certainement \u00bb \u00e0 la fin de son contrat actuel\",\"isPartOf\":{\"@id\":\"https:\/\/footdavant.fr\/actualites\/#website\"},\"datePublished\":\"2026-01-19T06:48:13+00:00\",\"dateModified\":\"2026-01-19T06:48:15+00:00\",\"breadcrumb\":{\"@id\":\"https:\/\/footdavant.fr\/actualites\/williams-partira-certainement-a-la-fin-de-son-contrat-actuel\/#breadcrumb\"},\"inLanguage\":\"fr-FR\",\"potentialAction\":[{\"@type\":\"ReadAction\",\"target\":[\"https:\/\/footdavant.fr\/actualites\/williams-partira-certainement-a-la-fin-de-son-contrat-actuel\/\"]}]},{\"@type\":\"BreadcrumbList\",\"@id\":\"https:\/\/footdavant.fr\/actualites\/williams-partira-certainement-a-la-fin-de-son-contrat-actuel\/#breadcrumb\",\"itemListElement\":[{\"@type\":\"ListItem\",\"position\":1,\"name\":\"Accueil\",\"item\":\"https:\/\/footdavant.fr\/actualites\/\"},{\"@type\":\"ListItem\",\"position\":2,\"name\":\"Williams partira \u00ab certainement \u00bb \u00e0 la fin de son contrat actuel\"}]},{\"@type\":\"WebSite\",\"@id\":\"https:\/\/footdavant.fr\/actualites\/#website\",\"url\":\"https:\/\/footdavant.fr\/actualites\/\",\"name\":\"Foot d'avant\",\"description\":\"\",\"publisher\":{\"@id\":\"https:\/\/footdavant.fr\/actualites\/#organization\"},\"potentialAction\":[{\"@type\":\"SearchAction\",\"target\":{\"@type\":\"EntryPoint\",\"urlTemplate\":\"https:\/\/footdavant.fr\/actualites\/?s={search_term_string}\"},\"query-input\":\"required name=search_term_string\"}],\"inLanguage\":\"fr-FR\"},{\"@type\":\"Organization\",\"@id\":\"https:\/\/footdavant.fr\/actualites\/#organization\",\"name\":\"Foot d'avant\",\"url\":\"https:\/\/footdavant.fr\/actualites\/\",\"logo\":{\"@type\":\"ImageObject\",\"inLanguage\":\"fr-FR\",\"@id\":\"https:\/\/footdavant.fr\/actualites\/#\/schema\/logo\/image\/\",\"url\":\"https:\/\/footdavant.fr\/actualites\/wp-content\/uploads\/2023\/09\/Copy-of-FootDavant-Logo.png\",\"contentUrl\":\"https:\/\/footdavant.fr\/actualites\/wp-content\/uploads\/2023\/09\/Copy-of-FootDavant-Logo.png\",\"width\":936,\"height\":549,\"caption\":\"Foot d'avant\"},\"image\":{\"@id\":\"https:\/\/footdavant.fr\/actualites\/#\/schema\/logo\/image\/\"},\"sameAs\":[\"https:\/\/www.facebook.com\/Footdavant\/\",\"https:\/\/twitter.com\/FootdavantFr\",\"https:\/\/www.instagram.com\/footdavant.fr\/\"]},{\"@type\":\"Person\",\"@id\":\"https:\/\/footdavant.fr\/actualites\/#\/schema\/person\/bc222566d95871b37e597b3ed3ba5e1d\",\"name\":\"Cl\u00e9ment\",\"image\":{\"@type\":\"ImageObject\",\"inLanguage\":\"fr-FR\",\"@id\":\"https:\/\/footdavant.fr\/actualites\/#\/schema\/person\/image\/\",\"url\":\"https:\/\/secure.gravatar.com\/avatar\/7728b29aac2719421e1a9159b2254c44?s=96&d=mm&r=g\",\"contentUrl\":\"https:\/\/secure.gravatar.com\/avatar\/7728b29aac2719421e1a9159b2254c44?s=96&d=mm&r=g\",\"caption\":\"Cl\u00e9ment\"},\"sameAs\":[\"https:\/\/footdavant.fr\/\"]}]}<\/script>\n<!-- \/ Yoast SEO plugin. -->","yoast_head_json":{"title":"Williams partira \u00ab certainement \u00bb \u00e0 la fin de son contrat actuel","robots":{"index":"index","follow":"follow","max-snippet":"max-snippet:-1","max-image-preview":"max-image-preview:large","max-video-preview":"max-video-preview:-1"},"canonical":"https:\/\/footdavant.fr\/actualites\/williams-partira-certainement-a-la-fin-de-son-contrat-actuel\/","og_locale":"fr_FR","og_type":"article","og_title":"Williams partira \u00ab certainement \u00bb \u00e0 la fin de son contrat actuel","og_description":"L&#39;\u00e9volution de la situation d\u00e9fensive de Liverpool continue de se pr\u00e9ciser, et un nom familier semble d\u00e9sormais au c\u0153ur d&#39;une d\u00e9cision que nous approchons tranquillement.","og_url":"https:\/\/footdavant.fr\/actualites\/williams-partira-certainement-a-la-fin-de-son-contrat-actuel\/","og_site_name":"Foot d&#039;avant","article_publisher":"https:\/\/www.facebook.com\/Footdavant\/","article_published_time":"2026-01-19T06:48:13+00:00","article_modified_time":"2026-01-19T06:48:15+00:00","og_image":[{"width":1200,"height":675,"url":"https:\/\/footdavant.fr\/actualites\/wp-content\/uploads\/2026\/01\/1768805294_Williams-partira-certainement-a-la-fin-de-son.jpg","type":"image\/jpeg"}],"author":"Cl\u00e9ment","twitter_card":"summary_large_image","twitter_creator":"@FootdavantFr","twitter_site":"@FootdavantFr","twitter_misc":{"\u00c9crit par":"Cl\u00e9ment","Dur\u00e9e de lecture estim\u00e9e":"3 minutes"},"schema":{"@context":"https:\/\/schema.org","@graph":[{"@type":"Article","@id":"https:\/\/footdavant.fr\/actualites\/williams-partira-certainement-a-la-fin-de-son-contrat-actuel\/#article","isPartOf":{"@id":"https:\/\/footdavant.fr\/actualites\/williams-partira-certainement-a-la-fin-de-son-contrat-actuel\/"},"author":{"name":"Cl\u00e9ment","@id":"https:\/\/footdavant.fr\/actualites\/#\/schema\/person\/bc222566d95871b37e597b3ed3ba5e1d"},"headline":"Williams partira \u00ab certainement \u00bb \u00e0 la fin de son contrat actuel","datePublished":"2026-01-19T06:48:13+00:00","dateModified":"2026-01-19T06:48:15+00:00","mainEntityOfPage":{"@id":"https:\/\/footdavant.fr\/actualites\/williams-partira-certainement-a-la-fin-de-son-contrat-actuel\/"},"wordCount":588,"publisher":{"@id":"https:\/\/footdavant.fr\/actualites\/#organization"},"keywords":["actuel","certainement","contrat","fin","partira","son","Williams"],"articleSection":["Football"],"inLanguage":"fr-FR"},{"@type":"WebPage","@id":"https:\/\/footdavant.fr\/actualites\/williams-partira-certainement-a-la-fin-de-son-contrat-actuel\/","url":"https:\/\/footdavant.fr\/actualites\/williams-partira-certainement-a-la-fin-de-son-contrat-actuel\/","name":"Williams partira \u00ab certainement \u00bb \u00e0 la fin de son contrat actuel","isPartOf":{"@id":"https:\/\/footdavant.fr\/actualites\/#website"},"datePublished":"2026-01-19T06:48:13+00:00","dateModified":"2026-01-19T06:48:15+00:00","breadcrumb":{"@id":"https:\/\/footdavant.fr\/actualites\/williams-partira-certainement-a-la-fin-de-son-contrat-actuel\/#breadcrumb"},"inLanguage":"fr-FR","potentialAction":[{"@type":"ReadAction","target":["https:\/\/footdavant.fr\/actualites\/williams-partira-certainement-a-la-fin-de-son-contrat-actuel\/"]}]},{"@type":"BreadcrumbList","@id":"https:\/\/footdavant.fr\/actualites\/williams-partira-certainement-a-la-fin-de-son-contrat-actuel\/#breadcrumb","itemListElement":[{"@type":"ListItem","position":1,"name":"Accueil","item":"https:\/\/footdavant.fr\/actualites\/"},{"@type":"ListItem","position":2,"name":"Williams partira \u00ab certainement \u00bb \u00e0 la fin de son contrat actuel"}]},{"@type":"WebSite","@id":"https:\/\/footdavant.fr\/actualites\/#website","url":"https:\/\/footdavant.fr\/actualites\/","name":"Foot d'avant","description":"","publisher":{"@id":"https:\/\/footdavant.fr\/actualites\/#organization"},"potentialAction":[{"@type":"SearchAction","target":{"@type":"EntryPoint","urlTemplate":"https:\/\/footdavant.fr\/actualites\/?s={search_term_string}"},"query-input":"required name=search_term_string"}],"inLanguage":"fr-FR"},{"@type":"Organization","@id":"https:\/\/footdavant.fr\/actualites\/#organization","name":"Foot d'avant","url":"https:\/\/footdavant.fr\/actualites\/","logo":{"@type":"ImageObject","inLanguage":"fr-FR","@id":"https:\/\/footdavant.fr\/actualites\/#\/schema\/logo\/image\/","url":"https:\/\/footdavant.fr\/actualites\/wp-content\/uploads\/2023\/09\/Copy-of-FootDavant-Logo.png","contentUrl":"https:\/\/footdavant.fr\/actualites\/wp-content\/uploads\/2023\/09\/Copy-of-FootDavant-Logo.png","width":936,"height":549,"caption":"Foot d'avant"},"image":{"@id":"https:\/\/footdavant.fr\/actualites\/#\/schema\/logo\/image\/"},"sameAs":["https:\/\/www.facebook.com\/Footdavant\/","https:\/\/twitter.com\/FootdavantFr","https:\/\/www.instagram.com\/footdavant.fr\/"]},{"@type":"Person","@id":"https:\/\/footdavant.fr\/actualites\/#\/schema\/person\/bc222566d95871b37e597b3ed3ba5e1d","name":"Cl\u00e9ment","image":{"@type":"ImageObject","inLanguage":"fr-FR","@id":"https:\/\/footdavant.fr\/actualites\/#\/schema\/person\/image\/","url":"https:\/\/secure.gravatar.com\/avatar\/7728b29aac2719421e1a9159b2254c44?s=96&d=mm&r=g","contentUrl":"https:\/\/secure.gravatar.com\/avatar\/7728b29aac2719421e1a9159b2254c44?s=96&d=mm&r=g","caption":"Cl\u00e9ment"},"sameAs":["https:\/\/footdavant.fr\/"]}]}},"_links":{"self":[{"href":"https:\/\/footdavant.fr\/actualites\/wp-json\/wp\/v2\/posts\/33593"}],"collection":[{"href":"https:\/\/footdavant.fr\/actualites\/wp-json\/wp\/v2\/posts"}],"about":[{"href":"https:\/\/footdavant.fr\/actualites\/wp-json\/wp\/v2\/types\/post"}],"author":[{"embeddable":true,"href":"https:\/\/footdavant.fr\/actualites\/wp-json\/wp\/v2\/users\/1"}],"replies":[{"embeddable":true,"href":"https:\/\/footdavant.fr\/actualites\/wp-json\/wp\/v2\/comments?post=33593"}],"version-history":[{"count":1,"href":"https:\/\/footdavant.fr\/actualites\/wp-json\/wp\/v2\/posts\/33593\/revisions"}],"predecessor-version":[{"id":33595,"href":"https:\/\/footdavant.fr\/actualites\/wp-json\/wp\/v2\/posts\/33593\/revisions\/33595"}],"wp:featuredmedia":[{"embeddable":true,"href":"https:\/\/footdavant.fr\/actualites\/wp-json\/wp\/v2\/media\/33594"}],"wp:attachment":[{"href":"https:\/\/footdavant.fr\/actualites\/wp-json\/wp\/v2\/media?parent=33593"}],"wp:term":[{"taxonomy":"category","embeddable":true,"href":"https:\/\/footdavant.fr\/actualites\/wp-json\/wp\/v2\/categories?post=33593"},{"taxonomy":"post_tag","embeddable":true,"href":"https:\/\/footdavant.fr\/actualites\/wp-json\/wp\/v2\/tags?post=33593"}],"curies":[{"name":"wp","href":"https:\/\/api.w.org\/{rel}","templated":true}]}}