{"id":33608,"date":"2026-01-19T17:48:11","date_gmt":"2026-01-19T16:48:11","guid":{"rendered":"https:\/\/footdavant.fr\/actualites\/nouvelles-du-transfert-deverton-les-toffees-envisagent-le-coup-de-janvier-pour-le-defenseur-en-disgrace-darsenal\/"},"modified":"2026-01-19T17:48:12","modified_gmt":"2026-01-19T16:48:12","slug":"nouvelles-du-transfert-deverton-les-toffees-envisagent-le-coup-de-janvier-pour-le-defenseur-en-disgrace-darsenal","status":"publish","type":"post","link":"https:\/\/footdavant.fr\/actualites\/nouvelles-du-transfert-deverton-les-toffees-envisagent-le-coup-de-janvier-pour-le-defenseur-en-disgrace-darsenal\/","title":{"rendered":"Nouvelles du transfert d&#39;Everton : les Toffees \u00ab envisagent \u00bb le coup de janvier pour le d\u00e9fenseur en disgr\u00e2ce d&#39;Arsenal"},"content":{"rendered":"<div itemprop=\"articleBody\">\n<p>Everton serait int\u00e9ress\u00e9 par une d\u00e9cision en janvier pour le d\u00e9fenseur d&#39;Arsenal Ben White. <\/p>\n<p>Le joueur de 28 ans a disput\u00e9 173 matches de comp\u00e9tition depuis qu&#39;il a rejoint Arsenal en provenance de Leeds United \u00e0 l&#39;\u00e9t\u00e9 2021.<\/p>\n<p>White \u00e9tait l&#39;arri\u00e8re droit de premier choix d&#39;Arsenal lors de ses trois premi\u00e8res saisons \u00e0 l&#39;Emirates Stadium avant que des blessures ne g\u00eanent son temps de jeu lors de la campagne 2024-25.<\/p>\n<p>Malheureusement pour White, il a d\u00fb se contenter d&#39;un r\u00f4le de rempla\u00e7ant cette saison apr\u00e8s avoir pris du retard sur Jurrien Timber dans la bataille pour le poste d&#39;arri\u00e8re droit d&#39;Arsenal.<\/p>\n<div>\n<div>\n<div>\n<div>\n<p>\u00a9 Imago \/ Visionhaus<\/p>\n<\/div>\n<\/div>\n<\/div>\n<\/div>\n<h2>Everton garde un \u0153il sur les Blancs<\/h2>\n<p>En cons\u00e9quence, White a \u00e9t\u00e9 contraint de se contenter de seulement 13 apparitions cette saison, dont seulement cinq en Premier League.<\/p>\n<p>Selon <em>Initi\u00e9 au football<\/em>Everton pourrait proposer au d\u00e9fenseur de quitter Arsenal avant la fin du mercato. <\/p>\n<p>Le rapport affirme que les Toffees \u00ab envisagent \u00bb un coup pour l&#39;homme d&#39;Arsenal, qui a \u00e9t\u00e9 identifi\u00e9 comme une cible potentielle dans leur recherche d&#39;un nouvel arri\u00e8re droit. <\/p>\n<p>Arsenal a pr\u00e9c\u00e9demment indiqu\u00e9 qu&#39;il n&#39;\u00e9tait pas dispos\u00e9 \u00e0 sanctionner le d\u00e9part de White dans la fen\u00eatre de janvier, m\u00eame s&#39;il reste \u00e0 voir s&#39;il pourrait assouplir sa position. <\/p>\n<p>Les Gunners ne subissent certainement aucune pression pour se s\u00e9parer, le joueur \u00e9tant sous contrat jusqu&#39;\u00e0 l&#39;\u00e9t\u00e9 2028, avec une option de prolongation d&#39;un an suppl\u00e9mentaire. <\/p>\n<div>\n<div>\n<div>\n<div><img decoding=\"async\" data-img-id=\"156143\" class=\"lazy\" loading=\"lazy\" src=\"https:\/\/footdavant.fr\/actualites\/wp-content\/uploads\/2026\/01\/1768308483_944_Les-suspensions-d39Everton-se-profilent-David-Moyes-est-aux.webp\"\/><\/p>\n<p>\u00a9 Imago \/ Action Plus<\/p>\n<\/div>\n<\/div>\n<\/div>\n<\/div>\n<h2>Pourquoi Everton cible-t-il un nouvel arri\u00e8re droit ?<\/h2>\n<p>Le patron d&#39;Everton, David Moyes, peut faire appel \u00e0 Nathan Patterson, Jake O&#39;Brien et Seamus Coleman, bien que ce dernier soit actuellement bless\u00e9 et au cr\u00e9puscule de sa carri\u00e8re.<\/p>\n<p>En cons\u00e9quence, les Toffees semblent d\u00e9sireux de recruter un nouvel arri\u00e8re droit, d\u2019autant plus que White pourrait constituer une am\u00e9lioration par rapport \u00e0 leurs options actuelles.<\/p>\n<p>Le club du Merseyside reconna\u00eetra l\u2019importance de la fen\u00eatre de janvier dans sa qu\u00eate pour relever un d\u00e9fi s\u00e9rieux pour la qualification europ\u00e9enne dans la seconde moiti\u00e9 de la saison.<\/p>\n<\/div>\n","protected":false},"excerpt":{"rendered":"<p>Everton serait int\u00e9ress\u00e9 par une d\u00e9cision en janvier pour le d\u00e9fenseur d&#39;Arsenal Ben White. Le joueur de 28 ans a disput\u00e9 173 matches de comp\u00e9tition<\/p>\n","protected":false},"author":1,"featured_media":33609,"comment_status":"closed","ping_status":"","sticky":false,"template":"","format":"standard","meta":{"footnotes":""},"categories":[5],"tags":[489,4221,4282,928,355,699,166,93,461,51,6712,700],"yoast_head":"<!-- This site is optimized with the Yoast SEO plugin v21.0 - https:\/\/yoast.com\/wordpress\/plugins\/seo\/ -->\n<title>Nouvelles du transfert d&#039;Everton : les Toffees \u00ab envisagent \u00bb le coup de janvier pour le d\u00e9fenseur en disgr\u00e2ce d&#039;Arsenal<\/title>\n<meta name=\"robots\" content=\"index, follow, max-snippet:-1, max-image-preview:large, max-video-preview:-1\" \/>\n<link rel=\"canonical\" href=\"https:\/\/footdavant.fr\/actualites\/nouvelles-du-transfert-deverton-les-toffees-envisagent-le-coup-de-janvier-pour-le-defenseur-en-disgrace-darsenal\/\" \/>\n<meta property=\"og:locale\" content=\"fr_FR\" \/>\n<meta property=\"og:type\" content=\"article\" \/>\n<meta property=\"og:title\" content=\"Nouvelles du transfert d&#039;Everton : les Toffees \u00ab envisagent \u00bb le coup de janvier pour le d\u00e9fenseur en disgr\u00e2ce d&#039;Arsenal\" \/>\n<meta property=\"og:description\" content=\"Everton serait int\u00e9ress\u00e9 par une d\u00e9cision en janvier pour le d\u00e9fenseur d&#039;Arsenal Ben White. Le joueur de 28 ans a disput\u00e9 173 matches de comp\u00e9tition\" \/>\n<meta property=\"og:url\" content=\"https:\/\/footdavant.fr\/actualites\/nouvelles-du-transfert-deverton-les-toffees-envisagent-le-coup-de-janvier-pour-le-defenseur-en-disgrace-darsenal\/\" \/>\n<meta property=\"og:site_name\" content=\"Foot d&#039;avant\" \/>\n<meta property=\"article:publisher\" content=\"https:\/\/www.facebook.com\/Footdavant\/\" \/>\n<meta property=\"article:published_time\" content=\"2026-01-19T16:48:11+00:00\" \/>\n<meta property=\"article:modified_time\" content=\"2026-01-19T16:48:12+00:00\" \/>\n<meta property=\"og:image\" content=\"https:\/\/footdavant.fr\/actualites\/wp-content\/uploads\/2026\/01\/Nouvelles-du-transfert-d39Everton-les-Toffees-envisagent.net2Fuploads2F20262F012Fmoyes-1-69650bbb.webp\" \/>\n\t<meta property=\"og:image:width\" content=\"720\" \/>\n\t<meta property=\"og:image:height\" content=\"410\" \/>\n\t<meta property=\"og:image:type\" content=\"image\/webp\" \/>\n<meta name=\"author\" content=\"Cl\u00e9ment\" \/>\n<meta name=\"twitter:card\" content=\"summary_large_image\" \/>\n<meta name=\"twitter:creator\" content=\"@FootdavantFr\" \/>\n<meta name=\"twitter:site\" content=\"@FootdavantFr\" \/>\n<meta name=\"twitter:label1\" content=\"\u00c9crit par\" \/>\n\t<meta name=\"twitter:data1\" content=\"Cl\u00e9ment\" \/>\n\t<meta name=\"twitter:label2\" content=\"Dur\u00e9e de lecture estim\u00e9e\" \/>\n\t<meta name=\"twitter:data2\" content=\"2 minutes\" \/>\n<script type=\"application\/ld+json\" class=\"yoast-schema-graph\">{\"@context\":\"https:\/\/schema.org\",\"@graph\":[{\"@type\":\"Article\",\"@id\":\"https:\/\/footdavant.fr\/actualites\/nouvelles-du-transfert-deverton-les-toffees-envisagent-le-coup-de-janvier-pour-le-defenseur-en-disgrace-darsenal\/#article\",\"isPartOf\":{\"@id\":\"https:\/\/footdavant.fr\/actualites\/nouvelles-du-transfert-deverton-les-toffees-envisagent-le-coup-de-janvier-pour-le-defenseur-en-disgrace-darsenal\/\"},\"author\":{\"name\":\"Cl\u00e9ment\",\"@id\":\"https:\/\/footdavant.fr\/actualites\/#\/schema\/person\/bc222566d95871b37e597b3ed3ba5e1d\"},\"headline\":\"Nouvelles du transfert d&#39;Everton : les Toffees \u00ab envisagent \u00bb le coup de janvier pour le d\u00e9fenseur en disgr\u00e2ce d&#39;Arsenal\",\"datePublished\":\"2026-01-19T16:48:11+00:00\",\"dateModified\":\"2026-01-19T16:48:12+00:00\",\"mainEntityOfPage\":{\"@id\":\"https:\/\/footdavant.fr\/actualites\/nouvelles-du-transfert-deverton-les-toffees-envisagent-le-coup-de-janvier-pour-le-defenseur-en-disgrace-darsenal\/\"},\"wordCount\":390,\"publisher\":{\"@id\":\"https:\/\/footdavant.fr\/actualites\/#organization\"},\"keywords\":[\"coup\",\"d39Arsenal\",\"d39Everton\",\"d\u00e9fenseur\",\"disgr\u00e2ce\",\"envisagent\",\"janvier\",\"les\",\"Nouvelles\",\"pour\",\"Toffees\",\"transfert\"],\"articleSection\":[\"Premier League\"],\"inLanguage\":\"fr-FR\"},{\"@type\":\"WebPage\",\"@id\":\"https:\/\/footdavant.fr\/actualites\/nouvelles-du-transfert-deverton-les-toffees-envisagent-le-coup-de-janvier-pour-le-defenseur-en-disgrace-darsenal\/\",\"url\":\"https:\/\/footdavant.fr\/actualites\/nouvelles-du-transfert-deverton-les-toffees-envisagent-le-coup-de-janvier-pour-le-defenseur-en-disgrace-darsenal\/\",\"name\":\"Nouvelles du transfert d&#39;Everton : les Toffees \u00ab envisagent \u00bb le coup de janvier pour le d\u00e9fenseur en disgr\u00e2ce d&#39;Arsenal\",\"isPartOf\":{\"@id\":\"https:\/\/footdavant.fr\/actualites\/#website\"},\"datePublished\":\"2026-01-19T16:48:11+00:00\",\"dateModified\":\"2026-01-19T16:48:12+00:00\",\"breadcrumb\":{\"@id\":\"https:\/\/footdavant.fr\/actualites\/nouvelles-du-transfert-deverton-les-toffees-envisagent-le-coup-de-janvier-pour-le-defenseur-en-disgrace-darsenal\/#breadcrumb\"},\"inLanguage\":\"fr-FR\",\"potentialAction\":[{\"@type\":\"ReadAction\",\"target\":[\"https:\/\/footdavant.fr\/actualites\/nouvelles-du-transfert-deverton-les-toffees-envisagent-le-coup-de-janvier-pour-le-defenseur-en-disgrace-darsenal\/\"]}]},{\"@type\":\"BreadcrumbList\",\"@id\":\"https:\/\/footdavant.fr\/actualites\/nouvelles-du-transfert-deverton-les-toffees-envisagent-le-coup-de-janvier-pour-le-defenseur-en-disgrace-darsenal\/#breadcrumb\",\"itemListElement\":[{\"@type\":\"ListItem\",\"position\":1,\"name\":\"Accueil\",\"item\":\"https:\/\/footdavant.fr\/actualites\/\"},{\"@type\":\"ListItem\",\"position\":2,\"name\":\"Nouvelles du transfert d&#39;Everton : les Toffees \u00ab envisagent \u00bb le coup de janvier pour le d\u00e9fenseur en disgr\u00e2ce d&#39;Arsenal\"}]},{\"@type\":\"WebSite\",\"@id\":\"https:\/\/footdavant.fr\/actualites\/#website\",\"url\":\"https:\/\/footdavant.fr\/actualites\/\",\"name\":\"Foot d'avant\",\"description\":\"\",\"publisher\":{\"@id\":\"https:\/\/footdavant.fr\/actualites\/#organization\"},\"potentialAction\":[{\"@type\":\"SearchAction\",\"target\":{\"@type\":\"EntryPoint\",\"urlTemplate\":\"https:\/\/footdavant.fr\/actualites\/?s={search_term_string}\"},\"query-input\":\"required name=search_term_string\"}],\"inLanguage\":\"fr-FR\"},{\"@type\":\"Organization\",\"@id\":\"https:\/\/footdavant.fr\/actualites\/#organization\",\"name\":\"Foot d'avant\",\"url\":\"https:\/\/footdavant.fr\/actualites\/\",\"logo\":{\"@type\":\"ImageObject\",\"inLanguage\":\"fr-FR\",\"@id\":\"https:\/\/footdavant.fr\/actualites\/#\/schema\/logo\/image\/\",\"url\":\"https:\/\/footdavant.fr\/actualites\/wp-content\/uploads\/2023\/09\/Copy-of-FootDavant-Logo.png\",\"contentUrl\":\"https:\/\/footdavant.fr\/actualites\/wp-content\/uploads\/2023\/09\/Copy-of-FootDavant-Logo.png\",\"width\":936,\"height\":549,\"caption\":\"Foot d'avant\"},\"image\":{\"@id\":\"https:\/\/footdavant.fr\/actualites\/#\/schema\/logo\/image\/\"},\"sameAs\":[\"https:\/\/www.facebook.com\/Footdavant\/\",\"https:\/\/twitter.com\/FootdavantFr\",\"https:\/\/www.instagram.com\/footdavant.fr\/\"]},{\"@type\":\"Person\",\"@id\":\"https:\/\/footdavant.fr\/actualites\/#\/schema\/person\/bc222566d95871b37e597b3ed3ba5e1d\",\"name\":\"Cl\u00e9ment\",\"image\":{\"@type\":\"ImageObject\",\"inLanguage\":\"fr-FR\",\"@id\":\"https:\/\/footdavant.fr\/actualites\/#\/schema\/person\/image\/\",\"url\":\"https:\/\/secure.gravatar.com\/avatar\/7728b29aac2719421e1a9159b2254c44?s=96&d=mm&r=g\",\"contentUrl\":\"https:\/\/secure.gravatar.com\/avatar\/7728b29aac2719421e1a9159b2254c44?s=96&d=mm&r=g\",\"caption\":\"Cl\u00e9ment\"},\"sameAs\":[\"https:\/\/footdavant.fr\/\"]}]}<\/script>\n<!-- \/ Yoast SEO plugin. -->","yoast_head_json":{"title":"Nouvelles du transfert d&#39;Everton : les Toffees \u00ab envisagent \u00bb le coup de janvier pour le d\u00e9fenseur en disgr\u00e2ce d&#39;Arsenal","robots":{"index":"index","follow":"follow","max-snippet":"max-snippet:-1","max-image-preview":"max-image-preview:large","max-video-preview":"max-video-preview:-1"},"canonical":"https:\/\/footdavant.fr\/actualites\/nouvelles-du-transfert-deverton-les-toffees-envisagent-le-coup-de-janvier-pour-le-defenseur-en-disgrace-darsenal\/","og_locale":"fr_FR","og_type":"article","og_title":"Nouvelles du transfert d&#39;Everton : les Toffees \u00ab envisagent \u00bb le coup de janvier pour le d\u00e9fenseur en disgr\u00e2ce d&#39;Arsenal","og_description":"Everton serait int\u00e9ress\u00e9 par une d\u00e9cision en janvier pour le d\u00e9fenseur d&#39;Arsenal Ben White. Le joueur de 28 ans a disput\u00e9 173 matches de comp\u00e9tition","og_url":"https:\/\/footdavant.fr\/actualites\/nouvelles-du-transfert-deverton-les-toffees-envisagent-le-coup-de-janvier-pour-le-defenseur-en-disgrace-darsenal\/","og_site_name":"Foot d&#039;avant","article_publisher":"https:\/\/www.facebook.com\/Footdavant\/","article_published_time":"2026-01-19T16:48:11+00:00","article_modified_time":"2026-01-19T16:48:12+00:00","og_image":[{"width":720,"height":410,"url":"https:\/\/footdavant.fr\/actualites\/wp-content\/uploads\/2026\/01\/Nouvelles-du-transfert-d39Everton-les-Toffees-envisagent.net2Fuploads2F20262F012Fmoyes-1-69650bbb.webp","type":"image\/webp"}],"author":"Cl\u00e9ment","twitter_card":"summary_large_image","twitter_creator":"@FootdavantFr","twitter_site":"@FootdavantFr","twitter_misc":{"\u00c9crit par":"Cl\u00e9ment","Dur\u00e9e de lecture estim\u00e9e":"2 minutes"},"schema":{"@context":"https:\/\/schema.org","@graph":[{"@type":"Article","@id":"https:\/\/footdavant.fr\/actualites\/nouvelles-du-transfert-deverton-les-toffees-envisagent-le-coup-de-janvier-pour-le-defenseur-en-disgrace-darsenal\/#article","isPartOf":{"@id":"https:\/\/footdavant.fr\/actualites\/nouvelles-du-transfert-deverton-les-toffees-envisagent-le-coup-de-janvier-pour-le-defenseur-en-disgrace-darsenal\/"},"author":{"name":"Cl\u00e9ment","@id":"https:\/\/footdavant.fr\/actualites\/#\/schema\/person\/bc222566d95871b37e597b3ed3ba5e1d"},"headline":"Nouvelles du transfert d&#39;Everton : les Toffees \u00ab envisagent \u00bb le coup de janvier pour le d\u00e9fenseur en disgr\u00e2ce d&#39;Arsenal","datePublished":"2026-01-19T16:48:11+00:00","dateModified":"2026-01-19T16:48:12+00:00","mainEntityOfPage":{"@id":"https:\/\/footdavant.fr\/actualites\/nouvelles-du-transfert-deverton-les-toffees-envisagent-le-coup-de-janvier-pour-le-defenseur-en-disgrace-darsenal\/"},"wordCount":390,"publisher":{"@id":"https:\/\/footdavant.fr\/actualites\/#organization"},"keywords":["coup","d39Arsenal","d39Everton","d\u00e9fenseur","disgr\u00e2ce","envisagent","janvier","les","Nouvelles","pour","Toffees","transfert"],"articleSection":["Premier League"],"inLanguage":"fr-FR"},{"@type":"WebPage","@id":"https:\/\/footdavant.fr\/actualites\/nouvelles-du-transfert-deverton-les-toffees-envisagent-le-coup-de-janvier-pour-le-defenseur-en-disgrace-darsenal\/","url":"https:\/\/footdavant.fr\/actualites\/nouvelles-du-transfert-deverton-les-toffees-envisagent-le-coup-de-janvier-pour-le-defenseur-en-disgrace-darsenal\/","name":"Nouvelles du transfert d&#39;Everton : les Toffees \u00ab envisagent \u00bb le coup de janvier pour le d\u00e9fenseur en disgr\u00e2ce d&#39;Arsenal","isPartOf":{"@id":"https:\/\/footdavant.fr\/actualites\/#website"},"datePublished":"2026-01-19T16:48:11+00:00","dateModified":"2026-01-19T16:48:12+00:00","breadcrumb":{"@id":"https:\/\/footdavant.fr\/actualites\/nouvelles-du-transfert-deverton-les-toffees-envisagent-le-coup-de-janvier-pour-le-defenseur-en-disgrace-darsenal\/#breadcrumb"},"inLanguage":"fr-FR","potentialAction":[{"@type":"ReadAction","target":["https:\/\/footdavant.fr\/actualites\/nouvelles-du-transfert-deverton-les-toffees-envisagent-le-coup-de-janvier-pour-le-defenseur-en-disgrace-darsenal\/"]}]},{"@type":"BreadcrumbList","@id":"https:\/\/footdavant.fr\/actualites\/nouvelles-du-transfert-deverton-les-toffees-envisagent-le-coup-de-janvier-pour-le-defenseur-en-disgrace-darsenal\/#breadcrumb","itemListElement":[{"@type":"ListItem","position":1,"name":"Accueil","item":"https:\/\/footdavant.fr\/actualites\/"},{"@type":"ListItem","position":2,"name":"Nouvelles du transfert d&#39;Everton : les Toffees \u00ab envisagent \u00bb le coup de janvier pour le d\u00e9fenseur en disgr\u00e2ce d&#39;Arsenal"}]},{"@type":"WebSite","@id":"https:\/\/footdavant.fr\/actualites\/#website","url":"https:\/\/footdavant.fr\/actualites\/","name":"Foot d'avant","description":"","publisher":{"@id":"https:\/\/footdavant.fr\/actualites\/#organization"},"potentialAction":[{"@type":"SearchAction","target":{"@type":"EntryPoint","urlTemplate":"https:\/\/footdavant.fr\/actualites\/?s={search_term_string}"},"query-input":"required name=search_term_string"}],"inLanguage":"fr-FR"},{"@type":"Organization","@id":"https:\/\/footdavant.fr\/actualites\/#organization","name":"Foot d'avant","url":"https:\/\/footdavant.fr\/actualites\/","logo":{"@type":"ImageObject","inLanguage":"fr-FR","@id":"https:\/\/footdavant.fr\/actualites\/#\/schema\/logo\/image\/","url":"https:\/\/footdavant.fr\/actualites\/wp-content\/uploads\/2023\/09\/Copy-of-FootDavant-Logo.png","contentUrl":"https:\/\/footdavant.fr\/actualites\/wp-content\/uploads\/2023\/09\/Copy-of-FootDavant-Logo.png","width":936,"height":549,"caption":"Foot d'avant"},"image":{"@id":"https:\/\/footdavant.fr\/actualites\/#\/schema\/logo\/image\/"},"sameAs":["https:\/\/www.facebook.com\/Footdavant\/","https:\/\/twitter.com\/FootdavantFr","https:\/\/www.instagram.com\/footdavant.fr\/"]},{"@type":"Person","@id":"https:\/\/footdavant.fr\/actualites\/#\/schema\/person\/bc222566d95871b37e597b3ed3ba5e1d","name":"Cl\u00e9ment","image":{"@type":"ImageObject","inLanguage":"fr-FR","@id":"https:\/\/footdavant.fr\/actualites\/#\/schema\/person\/image\/","url":"https:\/\/secure.gravatar.com\/avatar\/7728b29aac2719421e1a9159b2254c44?s=96&d=mm&r=g","contentUrl":"https:\/\/secure.gravatar.com\/avatar\/7728b29aac2719421e1a9159b2254c44?s=96&d=mm&r=g","caption":"Cl\u00e9ment"},"sameAs":["https:\/\/footdavant.fr\/"]}]}},"_links":{"self":[{"href":"https:\/\/footdavant.fr\/actualites\/wp-json\/wp\/v2\/posts\/33608"}],"collection":[{"href":"https:\/\/footdavant.fr\/actualites\/wp-json\/wp\/v2\/posts"}],"about":[{"href":"https:\/\/footdavant.fr\/actualites\/wp-json\/wp\/v2\/types\/post"}],"author":[{"embeddable":true,"href":"https:\/\/footdavant.fr\/actualites\/wp-json\/wp\/v2\/users\/1"}],"replies":[{"embeddable":true,"href":"https:\/\/footdavant.fr\/actualites\/wp-json\/wp\/v2\/comments?post=33608"}],"version-history":[{"count":1,"href":"https:\/\/footdavant.fr\/actualites\/wp-json\/wp\/v2\/posts\/33608\/revisions"}],"predecessor-version":[{"id":33610,"href":"https:\/\/footdavant.fr\/actualites\/wp-json\/wp\/v2\/posts\/33608\/revisions\/33610"}],"wp:featuredmedia":[{"embeddable":true,"href":"https:\/\/footdavant.fr\/actualites\/wp-json\/wp\/v2\/media\/33609"}],"wp:attachment":[{"href":"https:\/\/footdavant.fr\/actualites\/wp-json\/wp\/v2\/media?parent=33608"}],"wp:term":[{"taxonomy":"category","embeddable":true,"href":"https:\/\/footdavant.fr\/actualites\/wp-json\/wp\/v2\/categories?post=33608"},{"taxonomy":"post_tag","embeddable":true,"href":"https:\/\/footdavant.fr\/actualites\/wp-json\/wp\/v2\/tags?post=33608"}],"curies":[{"name":"wp","href":"https:\/\/api.w.org\/{rel}","templated":true}]}}