{"id":33616,"date":"2026-01-19T23:48:06","date_gmt":"2026-01-19T22:48:06","guid":{"rendered":"https:\/\/footdavant.fr\/actualites\/il-est-temps-de-faire-tirer-cette-ligne-avant\/"},"modified":"2026-01-19T23:48:08","modified_gmt":"2026-01-19T22:48:08","slug":"il-est-temps-de-faire-tirer-cette-ligne-avant","status":"publish","type":"post","link":"https:\/\/footdavant.fr\/actualites\/il-est-temps-de-faire-tirer-cette-ligne-avant\/","title":{"rendered":"Il est temps de faire tirer cette ligne avant"},"content":{"rendered":"<div>\n<p>Matin.<\/p>\n<p>Nous sommes donc lundi, le week-end est termin\u00e9 et cela s&#39;est finalement av\u00e9r\u00e9 \u00eatre un net positif pour Arsenal. Un seul point au lieu des trois que nous esp\u00e9rions, mais Man City et Aston Villa ont perdu. Objectivement, nous sommes en grande forme au sommet et comme je l&#39;ai dit assez souvent ces derniers temps, je pense toujours qu&#39;il y a encore place \u00e0 l&#39;am\u00e9lioration de la part de cette \u00e9quipe d&#39;Arsenal.<\/p>\n<p>Pas d\u00e9fensivement, m\u00eame si vous pensez que chaque fois que vous encaissez un but, mais d&#39;une mani\u00e8re g\u00e9n\u00e9rale, c&#39;est notre super pouvoir. M\u00eame si nous ne jouons pas aussi bien que possible, nous n&#39;avons pas l&#39;air d&#39;une \u00e9quipe qui va perdre beaucoup de matchs. Au milieu de terrain, comme je l&#39;ai dit hier, Mikel Arteta a plus d&#39;outils \u00e0 sa disposition qu&#39;il n&#39;en utilise souvent, et je pense qu&#39;il y a des jeux o\u00f9 nous pouvons nous appuyer davantage sur l&#39;artisanat que sur la puissance physique, m\u00eame si je pense que nous pouvons tous reconna\u00eetre les pr\u00e9f\u00e9rences du manager \u00e0 cet \u00e9gard.<\/p>\n<p>Cependant, devant, et je ne parle pas seulement de l&#39;avant-centre, nous avons une marge consid\u00e9rable pour faire mieux. Parfois, on a l&#39;impression d&#39;avoir un vrai probl\u00e8me de but, et je le comprends m\u00eame si la r\u00e9alit\u00e9 ne correspond pas toujours \u00e0 notre perception. Cette saison, Man City n&#39;a marqu\u00e9 que 5 buts de plus que nous, et mis \u00e0 part Liverpool qui s&#39;est fray\u00e9 un chemin vers le titre la saison derni\u00e8re, ils n&#39;en ont marqu\u00e9 que 3 de plus que nous alors que nous n&#39;avions pratiquement pas d&#39;attaquant pendant 4 ou 5 mois.<\/p>\n<p>Mais j\u2019ai l\u2019impression que marquer des buts est un travail plus difficile pour nous que pour les autres. C&#39;est peut-\u00eatre juste notre exp\u00e9rience v\u00e9cue en tant que fans d&#39;Arsenal, m\u00eame si les statistiques pr\u00e9sent\u00e9es par Orbinho sur BlueSky hier \u00e9taient vraiment int\u00e9ressantes. Je vais les pr\u00e9senter ici, mais allez le suivre @Orbinho pour en savoir plus.<\/p>\n<ul>\n<li>: un but (un penalty) et aucune passe d\u00e9cisive lors de ses 10 derniers matchs de Premier League.<\/li>\n<li>: un but et aucune passe d\u00e9cisive lors de ses huit derniers matchs de Premier League.<\/li>\n<li>: aucun but ni passe d\u00e9cisive lors de ses 24 derniers matchs de Premier League.<\/li>\n<li>: un but et aucune passe d\u00e9cisive lors de ses 19 derniers matchs de Premier League.<\/li>\n<li>: aucun but et deux passes d\u00e9cisives lors de ses huit derniers matchs de Premier League.<\/li>\n<li>: un but et une passe d\u00e9cisive lors de ses sept derniers matchs de Premier League.<\/li>\n<li>: un but et trois passes d\u00e9cisives lors de ses 16 derniers matchs de Premier League.<\/li>\n<\/ul>\n<p>Bien s\u00fbr, ces joueurs ont contribu\u00e9 aux buts et aux passes d\u00e9cisives dans d&#39;autres comp\u00e9titions, et les fourchettes sont un peu arbitraires (ce n&#39;est pas une critique, Orb !), mais je pense que cela d\u00e9montre tr\u00e8s clairement que nous avons un groupe d&#39;attaquants qui peuvent faire mieux en ce qui concerne la Premier League \u2013 qui est notre objectif principal cette saison.<\/p>\n<p>Sans vouloir redescendre sur Anxiety Lane ce matin, c&#39;est ma peur sous-jacente, si c&#39;est la bonne fa\u00e7on de la dire. Je crois absolument que si nous voulons continuer et gagner la ligue, nous avons besoin d&#39;au moins un de ces gars, plus potentiellement Kai Havertz s&#39;il peut revenir et se mettre suffisamment en forme pour le match, pour prendre feu en termes de buts. Je comprends qu&#39;Arteta, en l&#39;absence de ce buteur infaillible, se concentre sur une approche plus collective (Mikel Marxteta ?), et je comprends cela. Cela vous rend moins d\u00e9pendant d\u2019un joueur qui pourrait, si les choses tournent mal pour lui en termes de forme, de blessure ou de suspension, devenir un point d\u2019\u00e9chec unique.<\/p>\n<p>N\u00e9anmoins, nos meilleurs buteurs en Premier League sont actuellement Gyokeres et Trossard avec 5 chacun, suivis de Saka, Declan Rice et Eberechi Eze avec 4 (dont 3 lors de ce glorieux tripl\u00e9 dans le derby). Il nous reste 16 matchs \u00e0 jouer et personne n&#39;est m\u00eame proche des deux chiffres, ce qui est assez remarquable si l&#39;on consid\u00e8re que nous avons 7 points d&#39;avance en t\u00eate.<\/p>\n<p>Est-ce une inqui\u00e9tude ou un r\u00e9confort ? Nous sommes en retard dans un domaine cl\u00e9, mais nous sommes toujours en t\u00eate dans cette course au titre. Si nous parvenons \u00e0 r\u00e9soudre ce probl\u00e8me en pla\u00e7ant un ou deux joueurs devant le but, nous nous donnons une chance encore plus grande de tenir la distance. Je pense qu&#39;il y a une diff\u00e9rence de qualit\u00e9 avec ce groupe d&#39;attaquants, mais quelqu&#39;un pourrait-il affirmer qu&#39;il n&#39;y en a pas au moins quelques-uns qui sont capables de produire beaucoup plus que ce qu&#39;ils ont fait jusqu&#39;\u00e0 pr\u00e9sent ? Si nous faisons cela, cela am\u00e9liorera s\u00fbrement consid\u00e9rablement nos chances de titre.<\/p>\n<p>La question est : les num\u00e9ros de ces attaquants sont-ils d\u00e9sormais une fonctionnalit\u00e9, et non un bug, pour ainsi dire ? La fa\u00e7on dont cette \u00e9quipe est structur\u00e9e, pour avoir cette superpuissance d\u00e9fensive que j&#39;ai mentionn\u00e9e, est-elle la cause profonde de l&#39;inefficacit\u00e9 offensive, si c&#39;est la bonne fa\u00e7on de le dire ? Potentiellement, mais je pense aussi que nous laissons beaucoup de temps derri\u00e8re nous en ce qui concerne la finition. L&#39;occasion de Gabriel Martinelli contre Forest samedi est un excellent exemple de celle o\u00f9 lui, ou tout autre joueur de ce niveau, devrait marquer. C&#39;est un tr\u00e8s mauvais rat\u00e9, et comme nous le savons, marquer le premier but est souvent ce qui ouvre un match et en m\u00e8ne \u00e0 plus.<\/p>\n<p>Je ne pense pas qu&#39;on puisse appliquer une critique stylistique du football d&#39;un manager lorsqu&#39;un joueur commet une erreur comme celle-l\u00e0 devant le but. Ce n\u2019est pas une question de coaching ou de structure d\u2019\u00e9quipe, juste un moment o\u00f9 l\u2019on s\u2019attend \u00e0 ce que quelqu\u2019un fasse mieux. La seule chose que vous pourriez dire, c&#39;est que l&#39;am\u00e9lioration pourrait venir du march\u00e9 des transferts et du fait d&#39;avoir \u00e0 votre disposition un finisseur plus efficace, mais je ne veux pas entrer dans les d\u00e9tails de notre recrutement offensif parce que c&#39;est un vieux sujet poilu pour un autre jour. Nous avons ce que nous avons actuellement.<\/p>\n<p>En fin de compte, nous avons de bons joueurs qui ne marquent pas autant qu\u2019ils en sont capables. Si je devais en choisir un pour \u00ab passer au nucl\u00e9aire \u00bb, ce serait Saka, car nous savons qu\u2019il l\u2019a d\u00e9j\u00e0 fait, mais ce fardeau ne devrait pas incomber uniquement \u00e0 lui. Je pense que n\u2019importe lequel de ces attaquants reconna\u00eetrait qu\u2019il peut faire mieux, et s\u2019il le fait, ces d\u00e9placements sur Worry Street, apr\u00e8s avoir pris un raccourci vers Panic Boulevard, devraient devenir moins fr\u00e9quents \u00e0 mesure que la ligne d\u2019arriv\u00e9e se rapproche.<\/p>\n<p>Ok, je vais le laisser l\u00e0 ce matin. Attendez-vous \u00e0 un Arsecast Extra, comme toujours. Nous avons d\u00e9j\u00e0 lanc\u00e9 un appel \u00e0 questions sur @gunnerblog.bsky.social et @arseblog.com. Alors lancez-vous en utilisant le hashtag \u2013 ou si vous \u00eates membre d&#39;Arseblog sur Patreon, laissez votre question sur la cha\u00eene de notre serveur Discord. Le module devrait \u00eatre disponible vers midi aujourd&#39;hui.<\/p>\n<p>Pour l\u2019instant, passez-en un bon.<\/p>\n<\/div>\n","protected":false},"excerpt":{"rendered":"<p>Matin. Nous sommes donc lundi, le week-end est termin\u00e9 et cela s&#39;est finalement av\u00e9r\u00e9 \u00eatre un net positif pour Arsenal. Un seul point au lieu<\/p>\n","protected":false},"author":1,"featured_media":33617,"comment_status":"closed","ping_status":"","sticky":false,"template":"","format":"standard","meta":{"footnotes":""},"categories":[3],"tags":[491,1222,217,1423,405,168,1499],"yoast_head":"<!-- This site is optimized with the Yoast SEO plugin v21.0 - https:\/\/yoast.com\/wordpress\/plugins\/seo\/ -->\n<title>Il est temps de faire tirer cette ligne avant<\/title>\n<meta name=\"robots\" content=\"index, follow, max-snippet:-1, max-image-preview:large, max-video-preview:-1\" \/>\n<link rel=\"canonical\" href=\"https:\/\/footdavant.fr\/actualites\/il-est-temps-de-faire-tirer-cette-ligne-avant\/\" \/>\n<meta property=\"og:locale\" content=\"fr_FR\" \/>\n<meta property=\"og:type\" content=\"article\" \/>\n<meta property=\"og:title\" content=\"Il est temps de faire tirer cette ligne avant\" \/>\n<meta property=\"og:description\" content=\"Matin. Nous sommes donc lundi, le week-end est termin\u00e9 et cela s&#039;est finalement av\u00e9r\u00e9 \u00eatre un net positif pour Arsenal. Un seul point au lieu\" \/>\n<meta property=\"og:url\" content=\"https:\/\/footdavant.fr\/actualites\/il-est-temps-de-faire-tirer-cette-ligne-avant\/\" \/>\n<meta property=\"og:site_name\" content=\"Foot d&#039;avant\" \/>\n<meta property=\"article:publisher\" content=\"https:\/\/www.facebook.com\/Footdavant\/\" \/>\n<meta property=\"article:published_time\" content=\"2026-01-19T22:48:06+00:00\" \/>\n<meta property=\"article:modified_time\" content=\"2026-01-19T22:48:08+00:00\" \/>\n<meta property=\"og:image\" content=\"https:\/\/footdavant.fr\/actualites\/wp-content\/uploads\/2026\/01\/Il-est-temps-de-faire-tirer-cette-ligne-avant.jpg\" \/>\n\t<meta property=\"og:image:width\" content=\"1500\" \/>\n\t<meta property=\"og:image:height\" content=\"750\" \/>\n\t<meta property=\"og:image:type\" content=\"image\/jpeg\" \/>\n<meta name=\"author\" content=\"Cl\u00e9ment\" \/>\n<meta name=\"twitter:card\" content=\"summary_large_image\" \/>\n<meta name=\"twitter:creator\" content=\"@FootdavantFr\" \/>\n<meta name=\"twitter:site\" content=\"@FootdavantFr\" \/>\n<meta name=\"twitter:label1\" content=\"\u00c9crit par\" \/>\n\t<meta name=\"twitter:data1\" content=\"Cl\u00e9ment\" \/>\n\t<meta name=\"twitter:label2\" content=\"Dur\u00e9e de lecture estim\u00e9e\" \/>\n\t<meta name=\"twitter:data2\" content=\"6 minutes\" \/>\n<script type=\"application\/ld+json\" class=\"yoast-schema-graph\">{\"@context\":\"https:\/\/schema.org\",\"@graph\":[{\"@type\":\"Article\",\"@id\":\"https:\/\/footdavant.fr\/actualites\/il-est-temps-de-faire-tirer-cette-ligne-avant\/#article\",\"isPartOf\":{\"@id\":\"https:\/\/footdavant.fr\/actualites\/il-est-temps-de-faire-tirer-cette-ligne-avant\/\"},\"author\":{\"name\":\"Cl\u00e9ment\",\"@id\":\"https:\/\/footdavant.fr\/actualites\/#\/schema\/person\/bc222566d95871b37e597b3ed3ba5e1d\"},\"headline\":\"Il est temps de faire tirer cette ligne avant\",\"datePublished\":\"2026-01-19T22:48:06+00:00\",\"dateModified\":\"2026-01-19T22:48:08+00:00\",\"mainEntityOfPage\":{\"@id\":\"https:\/\/footdavant.fr\/actualites\/il-est-temps-de-faire-tirer-cette-ligne-avant\/\"},\"wordCount\":1290,\"publisher\":{\"@id\":\"https:\/\/footdavant.fr\/actualites\/#organization\"},\"keywords\":[\"avant\",\"cette\",\"est\",\"faire\",\"ligne\",\"temps\",\"tirer\"],\"articleSection\":[\"Football\"],\"inLanguage\":\"fr-FR\"},{\"@type\":\"WebPage\",\"@id\":\"https:\/\/footdavant.fr\/actualites\/il-est-temps-de-faire-tirer-cette-ligne-avant\/\",\"url\":\"https:\/\/footdavant.fr\/actualites\/il-est-temps-de-faire-tirer-cette-ligne-avant\/\",\"name\":\"Il est temps de faire tirer cette ligne avant\",\"isPartOf\":{\"@id\":\"https:\/\/footdavant.fr\/actualites\/#website\"},\"datePublished\":\"2026-01-19T22:48:06+00:00\",\"dateModified\":\"2026-01-19T22:48:08+00:00\",\"breadcrumb\":{\"@id\":\"https:\/\/footdavant.fr\/actualites\/il-est-temps-de-faire-tirer-cette-ligne-avant\/#breadcrumb\"},\"inLanguage\":\"fr-FR\",\"potentialAction\":[{\"@type\":\"ReadAction\",\"target\":[\"https:\/\/footdavant.fr\/actualites\/il-est-temps-de-faire-tirer-cette-ligne-avant\/\"]}]},{\"@type\":\"BreadcrumbList\",\"@id\":\"https:\/\/footdavant.fr\/actualites\/il-est-temps-de-faire-tirer-cette-ligne-avant\/#breadcrumb\",\"itemListElement\":[{\"@type\":\"ListItem\",\"position\":1,\"name\":\"Accueil\",\"item\":\"https:\/\/footdavant.fr\/actualites\/\"},{\"@type\":\"ListItem\",\"position\":2,\"name\":\"Il est temps de faire tirer cette ligne avant\"}]},{\"@type\":\"WebSite\",\"@id\":\"https:\/\/footdavant.fr\/actualites\/#website\",\"url\":\"https:\/\/footdavant.fr\/actualites\/\",\"name\":\"Foot d'avant\",\"description\":\"\",\"publisher\":{\"@id\":\"https:\/\/footdavant.fr\/actualites\/#organization\"},\"potentialAction\":[{\"@type\":\"SearchAction\",\"target\":{\"@type\":\"EntryPoint\",\"urlTemplate\":\"https:\/\/footdavant.fr\/actualites\/?s={search_term_string}\"},\"query-input\":\"required name=search_term_string\"}],\"inLanguage\":\"fr-FR\"},{\"@type\":\"Organization\",\"@id\":\"https:\/\/footdavant.fr\/actualites\/#organization\",\"name\":\"Foot d'avant\",\"url\":\"https:\/\/footdavant.fr\/actualites\/\",\"logo\":{\"@type\":\"ImageObject\",\"inLanguage\":\"fr-FR\",\"@id\":\"https:\/\/footdavant.fr\/actualites\/#\/schema\/logo\/image\/\",\"url\":\"https:\/\/footdavant.fr\/actualites\/wp-content\/uploads\/2023\/09\/Copy-of-FootDavant-Logo.png\",\"contentUrl\":\"https:\/\/footdavant.fr\/actualites\/wp-content\/uploads\/2023\/09\/Copy-of-FootDavant-Logo.png\",\"width\":936,\"height\":549,\"caption\":\"Foot d'avant\"},\"image\":{\"@id\":\"https:\/\/footdavant.fr\/actualites\/#\/schema\/logo\/image\/\"},\"sameAs\":[\"https:\/\/www.facebook.com\/Footdavant\/\",\"https:\/\/twitter.com\/FootdavantFr\",\"https:\/\/www.instagram.com\/footdavant.fr\/\"]},{\"@type\":\"Person\",\"@id\":\"https:\/\/footdavant.fr\/actualites\/#\/schema\/person\/bc222566d95871b37e597b3ed3ba5e1d\",\"name\":\"Cl\u00e9ment\",\"image\":{\"@type\":\"ImageObject\",\"inLanguage\":\"fr-FR\",\"@id\":\"https:\/\/footdavant.fr\/actualites\/#\/schema\/person\/image\/\",\"url\":\"https:\/\/secure.gravatar.com\/avatar\/7728b29aac2719421e1a9159b2254c44?s=96&d=mm&r=g\",\"contentUrl\":\"https:\/\/secure.gravatar.com\/avatar\/7728b29aac2719421e1a9159b2254c44?s=96&d=mm&r=g\",\"caption\":\"Cl\u00e9ment\"},\"sameAs\":[\"https:\/\/footdavant.fr\/\"]}]}<\/script>\n<!-- \/ Yoast SEO plugin. -->","yoast_head_json":{"title":"Il est temps de faire tirer cette ligne avant","robots":{"index":"index","follow":"follow","max-snippet":"max-snippet:-1","max-image-preview":"max-image-preview:large","max-video-preview":"max-video-preview:-1"},"canonical":"https:\/\/footdavant.fr\/actualites\/il-est-temps-de-faire-tirer-cette-ligne-avant\/","og_locale":"fr_FR","og_type":"article","og_title":"Il est temps de faire tirer cette ligne avant","og_description":"Matin. Nous sommes donc lundi, le week-end est termin\u00e9 et cela s&#39;est finalement av\u00e9r\u00e9 \u00eatre un net positif pour Arsenal. Un seul point au lieu","og_url":"https:\/\/footdavant.fr\/actualites\/il-est-temps-de-faire-tirer-cette-ligne-avant\/","og_site_name":"Foot d&#039;avant","article_publisher":"https:\/\/www.facebook.com\/Footdavant\/","article_published_time":"2026-01-19T22:48:06+00:00","article_modified_time":"2026-01-19T22:48:08+00:00","og_image":[{"width":1500,"height":750,"url":"https:\/\/footdavant.fr\/actualites\/wp-content\/uploads\/2026\/01\/Il-est-temps-de-faire-tirer-cette-ligne-avant.jpg","type":"image\/jpeg"}],"author":"Cl\u00e9ment","twitter_card":"summary_large_image","twitter_creator":"@FootdavantFr","twitter_site":"@FootdavantFr","twitter_misc":{"\u00c9crit par":"Cl\u00e9ment","Dur\u00e9e de lecture estim\u00e9e":"6 minutes"},"schema":{"@context":"https:\/\/schema.org","@graph":[{"@type":"Article","@id":"https:\/\/footdavant.fr\/actualites\/il-est-temps-de-faire-tirer-cette-ligne-avant\/#article","isPartOf":{"@id":"https:\/\/footdavant.fr\/actualites\/il-est-temps-de-faire-tirer-cette-ligne-avant\/"},"author":{"name":"Cl\u00e9ment","@id":"https:\/\/footdavant.fr\/actualites\/#\/schema\/person\/bc222566d95871b37e597b3ed3ba5e1d"},"headline":"Il est temps de faire tirer cette ligne avant","datePublished":"2026-01-19T22:48:06+00:00","dateModified":"2026-01-19T22:48:08+00:00","mainEntityOfPage":{"@id":"https:\/\/footdavant.fr\/actualites\/il-est-temps-de-faire-tirer-cette-ligne-avant\/"},"wordCount":1290,"publisher":{"@id":"https:\/\/footdavant.fr\/actualites\/#organization"},"keywords":["avant","cette","est","faire","ligne","temps","tirer"],"articleSection":["Football"],"inLanguage":"fr-FR"},{"@type":"WebPage","@id":"https:\/\/footdavant.fr\/actualites\/il-est-temps-de-faire-tirer-cette-ligne-avant\/","url":"https:\/\/footdavant.fr\/actualites\/il-est-temps-de-faire-tirer-cette-ligne-avant\/","name":"Il est temps de faire tirer cette ligne avant","isPartOf":{"@id":"https:\/\/footdavant.fr\/actualites\/#website"},"datePublished":"2026-01-19T22:48:06+00:00","dateModified":"2026-01-19T22:48:08+00:00","breadcrumb":{"@id":"https:\/\/footdavant.fr\/actualites\/il-est-temps-de-faire-tirer-cette-ligne-avant\/#breadcrumb"},"inLanguage":"fr-FR","potentialAction":[{"@type":"ReadAction","target":["https:\/\/footdavant.fr\/actualites\/il-est-temps-de-faire-tirer-cette-ligne-avant\/"]}]},{"@type":"BreadcrumbList","@id":"https:\/\/footdavant.fr\/actualites\/il-est-temps-de-faire-tirer-cette-ligne-avant\/#breadcrumb","itemListElement":[{"@type":"ListItem","position":1,"name":"Accueil","item":"https:\/\/footdavant.fr\/actualites\/"},{"@type":"ListItem","position":2,"name":"Il est temps de faire tirer cette ligne avant"}]},{"@type":"WebSite","@id":"https:\/\/footdavant.fr\/actualites\/#website","url":"https:\/\/footdavant.fr\/actualites\/","name":"Foot d'avant","description":"","publisher":{"@id":"https:\/\/footdavant.fr\/actualites\/#organization"},"potentialAction":[{"@type":"SearchAction","target":{"@type":"EntryPoint","urlTemplate":"https:\/\/footdavant.fr\/actualites\/?s={search_term_string}"},"query-input":"required name=search_term_string"}],"inLanguage":"fr-FR"},{"@type":"Organization","@id":"https:\/\/footdavant.fr\/actualites\/#organization","name":"Foot d'avant","url":"https:\/\/footdavant.fr\/actualites\/","logo":{"@type":"ImageObject","inLanguage":"fr-FR","@id":"https:\/\/footdavant.fr\/actualites\/#\/schema\/logo\/image\/","url":"https:\/\/footdavant.fr\/actualites\/wp-content\/uploads\/2023\/09\/Copy-of-FootDavant-Logo.png","contentUrl":"https:\/\/footdavant.fr\/actualites\/wp-content\/uploads\/2023\/09\/Copy-of-FootDavant-Logo.png","width":936,"height":549,"caption":"Foot d'avant"},"image":{"@id":"https:\/\/footdavant.fr\/actualites\/#\/schema\/logo\/image\/"},"sameAs":["https:\/\/www.facebook.com\/Footdavant\/","https:\/\/twitter.com\/FootdavantFr","https:\/\/www.instagram.com\/footdavant.fr\/"]},{"@type":"Person","@id":"https:\/\/footdavant.fr\/actualites\/#\/schema\/person\/bc222566d95871b37e597b3ed3ba5e1d","name":"Cl\u00e9ment","image":{"@type":"ImageObject","inLanguage":"fr-FR","@id":"https:\/\/footdavant.fr\/actualites\/#\/schema\/person\/image\/","url":"https:\/\/secure.gravatar.com\/avatar\/7728b29aac2719421e1a9159b2254c44?s=96&d=mm&r=g","contentUrl":"https:\/\/secure.gravatar.com\/avatar\/7728b29aac2719421e1a9159b2254c44?s=96&d=mm&r=g","caption":"Cl\u00e9ment"},"sameAs":["https:\/\/footdavant.fr\/"]}]}},"_links":{"self":[{"href":"https:\/\/footdavant.fr\/actualites\/wp-json\/wp\/v2\/posts\/33616"}],"collection":[{"href":"https:\/\/footdavant.fr\/actualites\/wp-json\/wp\/v2\/posts"}],"about":[{"href":"https:\/\/footdavant.fr\/actualites\/wp-json\/wp\/v2\/types\/post"}],"author":[{"embeddable":true,"href":"https:\/\/footdavant.fr\/actualites\/wp-json\/wp\/v2\/users\/1"}],"replies":[{"embeddable":true,"href":"https:\/\/footdavant.fr\/actualites\/wp-json\/wp\/v2\/comments?post=33616"}],"version-history":[{"count":1,"href":"https:\/\/footdavant.fr\/actualites\/wp-json\/wp\/v2\/posts\/33616\/revisions"}],"predecessor-version":[{"id":33618,"href":"https:\/\/footdavant.fr\/actualites\/wp-json\/wp\/v2\/posts\/33616\/revisions\/33618"}],"wp:featuredmedia":[{"embeddable":true,"href":"https:\/\/footdavant.fr\/actualites\/wp-json\/wp\/v2\/media\/33617"}],"wp:attachment":[{"href":"https:\/\/footdavant.fr\/actualites\/wp-json\/wp\/v2\/media?parent=33616"}],"wp:term":[{"taxonomy":"category","embeddable":true,"href":"https:\/\/footdavant.fr\/actualites\/wp-json\/wp\/v2\/categories?post=33616"},{"taxonomy":"post_tag","embeddable":true,"href":"https:\/\/footdavant.fr\/actualites\/wp-json\/wp\/v2\/tags?post=33616"}],"curies":[{"name":"wp","href":"https:\/\/api.w.org\/{rel}","templated":true}]}}