{"id":33622,"date":"2026-01-20T03:48:03","date_gmt":"2026-01-20T02:48:03","guid":{"rendered":"https:\/\/footdavant.fr\/actualites\/la-fouille-pointue-de-marc-guehi-a-liverpool-lors-de-la-premiere-interview-de-man-city\/"},"modified":"2026-01-20T03:48:08","modified_gmt":"2026-01-20T02:48:08","slug":"la-fouille-pointue-de-marc-guehi-a-liverpool-lors-de-la-premiere-interview-de-man-city","status":"publish","type":"post","link":"https:\/\/footdavant.fr\/actualites\/la-fouille-pointue-de-marc-guehi-a-liverpool-lors-de-la-premiere-interview-de-man-city\/","title":{"rendered":"La fouille pointue de Marc Guehi \u00e0 Liverpool lors de la premi\u00e8re interview de Man City"},"content":{"rendered":"<div id=\"article-body\">\n<!-- Article Start --><\/p>\n<p>La recherche de longue date par Liverpool d\u2019une solution d\u00e9fensive a pris une tournure inconfortable apr\u00e8s qu\u2019un nom familier ait fait surface \u00e0 Manchester plut\u00f4t que dans le Merseyside.<\/p>\n<p>Marc Guehi a maintenant \u00e9t\u00e9 officiellement annonc\u00e9 comme joueur de Manchester City, avec ses premiers mots via mancity.com, et le ton de ces commentaires persistera pour nous bien plus longtemps que le transfert lui-m\u00eame.<\/p>\n<p>L&#39;international anglais a d\u00e9clar\u00e9 : avant d&#39;ajouter, <\/p>\n<p>Pour une \u00e9quipe de Liverpool qui est championne en titre de la Premier League sous Arne Slot, cette ligne sp\u00e9cifique rev\u00eat un poids particulier.<\/p>\n<h2>Les commentaires de Marc Guehi ajoutent un avantage \u00e0 la d\u00e9ception de Liverpool<\/h2>\n<figure class=\"wp-caption alignnone\"><picture><source type=\"image\/webp\" data- data-><\/source><\/picture><\/figure>\n<p>C\u2019\u00e9tait le m\u00eame d\u00e9fenseur central qui semblait \u00e0 quelques minutes de nous rejoindre cet \u00e9t\u00e9, seulement pour que Crystal Palace d\u00e9branche tard le jour de la date limite.<\/p>\n<p>\u00c0 cette \u00e9poque, le joueur de 24 ans \u00e9tait consid\u00e9r\u00e9 comme un partenaire naturel \u00e0 long terme pour Virgil van Dijk, durable, exp\u00e9riment\u00e9 et \u00e9voluant d\u00e9j\u00e0 au niveau \u00e9lite de la Premier League.<\/p>\n<p>Au lieu de cela, il a maintenant rejoint un rival direct et lui a donn\u00e9 publiquement une description qui va choquer \u00e9tant donn\u00e9 que nous avons remport\u00e9 le titre il y a seulement quelques mois.<\/p>\n<p>Paul Joyce a confirm\u00e9 plus tard que le montage financier de City \u00e9tait d\u00e9cisif, avec un salaire hebdomadaire de 300 000 \u00a3 et des frais initiaux de 20 millions de \u00a3 formant une structure que Liverpool n&#39;\u00e9tait pas dispos\u00e9 \u00e0 \u00e9galer, m\u00eame s&#39;il esp\u00e9rait que le d\u00e9fenseur reconna\u00eetrait le travail effectu\u00e9 sur l&#39;accord plus t\u00f4t dans l&#39;ann\u00e9e.<\/p>\n<p>De notre point de vue, il ne s\u2019agit pas simplement de passer \u00e0 c\u00f4t\u00e9 d\u2019un acteur, mais plut\u00f4t de ce que le r\u00e9sultat repr\u00e9sente dans un march\u00e9 de plus en plus concurrentiel.<\/p>\n<h2>Ce que la d\u00e9cision de Guehi signifie pour la planification d\u00e9fensive de Liverpool<\/h2>\n<figure class=\"wp-caption alignnone\"><picture><source type=\"image\/webp\" data- data-><img loading=\"lazy\" decoding=\"async\" width=\"1500\" height=\"1000\" src=\"https:\/\/footdavant.fr\/actualites\/wp-content\/uploads\/2026\/01\/1768877283_269_La-fouille-pointue-de-Marc-Guehi-a-Liverpool-lors-de.jpg\" class=\"lazyload wp-image-277520 has-webp\" alt=\"Virgil van Dijk s&#39;entretient avec Arne Slot\"  data- style=\"aspect-ratio:1500\/1000;max-width:1500px\"\/><\/source><\/picture><\/figure>\n<p>Les cons\u00e9quences de la saga Guehi fa\u00e7onnent d\u00e9j\u00e0 nos prochaines \u00e9tapes.<\/p>\n<p>Avec Giovanni Leoni mis \u00e0 l&#39;\u00e9cart \u00e0 long terme, la situation contractuelle d&#39;Ibou Konate non r\u00e9solue et Joe Gomez luttant pour la coh\u00e9rence, la n\u00e9cessit\u00e9 d&#39;une autre option d\u00e9fensive centrale reste claire.<\/p>\n<p>L\u2019attention s\u2019est d\u00e9j\u00e0 tourn\u00e9e vers des alternatives, avec des joueurs comme Ousmane Diao proposant une solution de d\u00e9veloppement plus jeune plut\u00f4t qu\u2019un titre instantan\u00e9.<\/p>\n<p>Ce pivot souligne une r\u00e9alit\u00e9 plus large sous la direction de notre entra\u00eeneur-chef et de notre \u00e9quipe de recrutement, qui ont fait preuve d\u2019une volont\u00e9 d\u2019\u00eatre patients et pr\u00e9cis plut\u00f4t que r\u00e9actifs, m\u00eame lorsque les circonstances semblent frustrantes.<\/p>\n<p>La d\u00e9cision de Guehi pourrait se retourner contre nous si les blessures surviennent et si les renforts ne sont pas en place, mais elle renforce \u00e9galement le refus du club de se laisser entra\u00eener dans des accords qui compromettent la structure \u00e0 long terme.<\/p>\n<p>Pour l\u2019instant, ses paroles rappellent \u00e0 quel point les marges sont fines au sommet et \u00e0 quelle vitesse une occasion manqu\u00e9e peut devenir un sujet de discussion dans toute la ligue.<\/p>\n<p><!-- Article End -->\t\t\t\t<\/div>\n","protected":false},"excerpt":{"rendered":"<p>La recherche de longue date par Liverpool d\u2019une solution d\u00e9fensive a pris une tournure inconfortable apr\u00e8s qu\u2019un nom familier ait fait surface \u00e0 Manchester plut\u00f4t<\/p>\n","protected":false},"author":1,"featured_media":33623,"comment_status":"closed","ping_status":"","sticky":false,"template":"","format":"standard","meta":{"footnotes":""},"categories":[3],"tags":[27,3876,1679,1358,53,64,24,1678,7049,1024],"yoast_head":"<!-- This site is optimized with the Yoast SEO plugin v21.0 - https:\/\/yoast.com\/wordpress\/plugins\/seo\/ -->\n<title>La fouille pointue de Marc Guehi \u00e0 Liverpool lors de la premi\u00e8re interview de Man City<\/title>\n<meta name=\"robots\" content=\"index, follow, max-snippet:-1, max-image-preview:large, max-video-preview:-1\" \/>\n<link rel=\"canonical\" href=\"https:\/\/footdavant.fr\/actualites\/la-fouille-pointue-de-marc-guehi-a-liverpool-lors-de-la-premiere-interview-de-man-city\/\" \/>\n<meta property=\"og:locale\" content=\"fr_FR\" \/>\n<meta property=\"og:type\" content=\"article\" \/>\n<meta property=\"og:title\" content=\"La fouille pointue de Marc Guehi \u00e0 Liverpool lors de la premi\u00e8re interview de Man City\" \/>\n<meta property=\"og:description\" content=\"La recherche de longue date par Liverpool d\u2019une solution d\u00e9fensive a pris une tournure inconfortable apr\u00e8s qu\u2019un nom familier ait fait surface \u00e0 Manchester plut\u00f4t\" \/>\n<meta property=\"og:url\" content=\"https:\/\/footdavant.fr\/actualites\/la-fouille-pointue-de-marc-guehi-a-liverpool-lors-de-la-premiere-interview-de-man-city\/\" \/>\n<meta property=\"og:site_name\" content=\"Foot d&#039;avant\" \/>\n<meta property=\"article:publisher\" content=\"https:\/\/www.facebook.com\/Footdavant\/\" \/>\n<meta property=\"article:published_time\" content=\"2026-01-20T02:48:03+00:00\" \/>\n<meta property=\"article:modified_time\" content=\"2026-01-20T02:48:08+00:00\" \/>\n<meta property=\"og:image\" content=\"https:\/\/footdavant.fr\/actualites\/wp-content\/uploads\/2026\/01\/1768877284_La-fouille-pointue-de-Marc-Guehi-a-Liverpool-lors-de.jpg\" \/>\n\t<meta property=\"og:image:width\" content=\"1200\" \/>\n\t<meta property=\"og:image:height\" content=\"675\" \/>\n\t<meta property=\"og:image:type\" content=\"image\/jpeg\" \/>\n<meta name=\"author\" content=\"Cl\u00e9ment\" \/>\n<meta name=\"twitter:card\" content=\"summary_large_image\" \/>\n<meta name=\"twitter:creator\" content=\"@FootdavantFr\" \/>\n<meta name=\"twitter:site\" content=\"@FootdavantFr\" \/>\n<meta name=\"twitter:label1\" content=\"\u00c9crit par\" \/>\n\t<meta name=\"twitter:data1\" content=\"Cl\u00e9ment\" \/>\n\t<meta name=\"twitter:label2\" content=\"Dur\u00e9e de lecture estim\u00e9e\" \/>\n\t<meta name=\"twitter:data2\" content=\"3 minutes\" \/>\n<script type=\"application\/ld+json\" class=\"yoast-schema-graph\">{\"@context\":\"https:\/\/schema.org\",\"@graph\":[{\"@type\":\"Article\",\"@id\":\"https:\/\/footdavant.fr\/actualites\/la-fouille-pointue-de-marc-guehi-a-liverpool-lors-de-la-premiere-interview-de-man-city\/#article\",\"isPartOf\":{\"@id\":\"https:\/\/footdavant.fr\/actualites\/la-fouille-pointue-de-marc-guehi-a-liverpool-lors-de-la-premiere-interview-de-man-city\/\"},\"author\":{\"name\":\"Cl\u00e9ment\",\"@id\":\"https:\/\/footdavant.fr\/actualites\/#\/schema\/person\/bc222566d95871b37e597b3ed3ba5e1d\"},\"headline\":\"La fouille pointue de Marc Guehi \u00e0 Liverpool lors de la premi\u00e8re interview de Man City\",\"datePublished\":\"2026-01-20T02:48:03+00:00\",\"dateModified\":\"2026-01-20T02:48:08+00:00\",\"mainEntityOfPage\":{\"@id\":\"https:\/\/footdavant.fr\/actualites\/la-fouille-pointue-de-marc-guehi-a-liverpool-lors-de-la-premiere-interview-de-man-city\/\"},\"wordCount\":550,\"publisher\":{\"@id\":\"https:\/\/footdavant.fr\/actualites\/#organization\"},\"keywords\":[\"City\",\"fouille\",\"Guehi\",\"interview\",\"Liverpool\",\"lors\",\"Man\",\"Marc\",\"pointue\",\"premi\u00e8re\"],\"articleSection\":[\"Football\"],\"inLanguage\":\"fr-FR\"},{\"@type\":\"WebPage\",\"@id\":\"https:\/\/footdavant.fr\/actualites\/la-fouille-pointue-de-marc-guehi-a-liverpool-lors-de-la-premiere-interview-de-man-city\/\",\"url\":\"https:\/\/footdavant.fr\/actualites\/la-fouille-pointue-de-marc-guehi-a-liverpool-lors-de-la-premiere-interview-de-man-city\/\",\"name\":\"La fouille pointue de Marc Guehi \u00e0 Liverpool lors de la premi\u00e8re interview de Man City\",\"isPartOf\":{\"@id\":\"https:\/\/footdavant.fr\/actualites\/#website\"},\"datePublished\":\"2026-01-20T02:48:03+00:00\",\"dateModified\":\"2026-01-20T02:48:08+00:00\",\"breadcrumb\":{\"@id\":\"https:\/\/footdavant.fr\/actualites\/la-fouille-pointue-de-marc-guehi-a-liverpool-lors-de-la-premiere-interview-de-man-city\/#breadcrumb\"},\"inLanguage\":\"fr-FR\",\"potentialAction\":[{\"@type\":\"ReadAction\",\"target\":[\"https:\/\/footdavant.fr\/actualites\/la-fouille-pointue-de-marc-guehi-a-liverpool-lors-de-la-premiere-interview-de-man-city\/\"]}]},{\"@type\":\"BreadcrumbList\",\"@id\":\"https:\/\/footdavant.fr\/actualites\/la-fouille-pointue-de-marc-guehi-a-liverpool-lors-de-la-premiere-interview-de-man-city\/#breadcrumb\",\"itemListElement\":[{\"@type\":\"ListItem\",\"position\":1,\"name\":\"Accueil\",\"item\":\"https:\/\/footdavant.fr\/actualites\/\"},{\"@type\":\"ListItem\",\"position\":2,\"name\":\"La fouille pointue de Marc Guehi \u00e0 Liverpool lors de la premi\u00e8re interview de Man City\"}]},{\"@type\":\"WebSite\",\"@id\":\"https:\/\/footdavant.fr\/actualites\/#website\",\"url\":\"https:\/\/footdavant.fr\/actualites\/\",\"name\":\"Foot d'avant\",\"description\":\"\",\"publisher\":{\"@id\":\"https:\/\/footdavant.fr\/actualites\/#organization\"},\"potentialAction\":[{\"@type\":\"SearchAction\",\"target\":{\"@type\":\"EntryPoint\",\"urlTemplate\":\"https:\/\/footdavant.fr\/actualites\/?s={search_term_string}\"},\"query-input\":\"required name=search_term_string\"}],\"inLanguage\":\"fr-FR\"},{\"@type\":\"Organization\",\"@id\":\"https:\/\/footdavant.fr\/actualites\/#organization\",\"name\":\"Foot d'avant\",\"url\":\"https:\/\/footdavant.fr\/actualites\/\",\"logo\":{\"@type\":\"ImageObject\",\"inLanguage\":\"fr-FR\",\"@id\":\"https:\/\/footdavant.fr\/actualites\/#\/schema\/logo\/image\/\",\"url\":\"https:\/\/footdavant.fr\/actualites\/wp-content\/uploads\/2023\/09\/Copy-of-FootDavant-Logo.png\",\"contentUrl\":\"https:\/\/footdavant.fr\/actualites\/wp-content\/uploads\/2023\/09\/Copy-of-FootDavant-Logo.png\",\"width\":936,\"height\":549,\"caption\":\"Foot d'avant\"},\"image\":{\"@id\":\"https:\/\/footdavant.fr\/actualites\/#\/schema\/logo\/image\/\"},\"sameAs\":[\"https:\/\/www.facebook.com\/Footdavant\/\",\"https:\/\/twitter.com\/FootdavantFr\",\"https:\/\/www.instagram.com\/footdavant.fr\/\"]},{\"@type\":\"Person\",\"@id\":\"https:\/\/footdavant.fr\/actualites\/#\/schema\/person\/bc222566d95871b37e597b3ed3ba5e1d\",\"name\":\"Cl\u00e9ment\",\"image\":{\"@type\":\"ImageObject\",\"inLanguage\":\"fr-FR\",\"@id\":\"https:\/\/footdavant.fr\/actualites\/#\/schema\/person\/image\/\",\"url\":\"https:\/\/secure.gravatar.com\/avatar\/7728b29aac2719421e1a9159b2254c44?s=96&d=mm&r=g\",\"contentUrl\":\"https:\/\/secure.gravatar.com\/avatar\/7728b29aac2719421e1a9159b2254c44?s=96&d=mm&r=g\",\"caption\":\"Cl\u00e9ment\"},\"sameAs\":[\"https:\/\/footdavant.fr\/\"]}]}<\/script>\n<!-- \/ Yoast SEO plugin. -->","yoast_head_json":{"title":"La fouille pointue de Marc Guehi \u00e0 Liverpool lors de la premi\u00e8re interview de Man City","robots":{"index":"index","follow":"follow","max-snippet":"max-snippet:-1","max-image-preview":"max-image-preview:large","max-video-preview":"max-video-preview:-1"},"canonical":"https:\/\/footdavant.fr\/actualites\/la-fouille-pointue-de-marc-guehi-a-liverpool-lors-de-la-premiere-interview-de-man-city\/","og_locale":"fr_FR","og_type":"article","og_title":"La fouille pointue de Marc Guehi \u00e0 Liverpool lors de la premi\u00e8re interview de Man City","og_description":"La recherche de longue date par Liverpool d\u2019une solution d\u00e9fensive a pris une tournure inconfortable apr\u00e8s qu\u2019un nom familier ait fait surface \u00e0 Manchester plut\u00f4t","og_url":"https:\/\/footdavant.fr\/actualites\/la-fouille-pointue-de-marc-guehi-a-liverpool-lors-de-la-premiere-interview-de-man-city\/","og_site_name":"Foot d&#039;avant","article_publisher":"https:\/\/www.facebook.com\/Footdavant\/","article_published_time":"2026-01-20T02:48:03+00:00","article_modified_time":"2026-01-20T02:48:08+00:00","og_image":[{"width":1200,"height":675,"url":"https:\/\/footdavant.fr\/actualites\/wp-content\/uploads\/2026\/01\/1768877284_La-fouille-pointue-de-Marc-Guehi-a-Liverpool-lors-de.jpg","type":"image\/jpeg"}],"author":"Cl\u00e9ment","twitter_card":"summary_large_image","twitter_creator":"@FootdavantFr","twitter_site":"@FootdavantFr","twitter_misc":{"\u00c9crit par":"Cl\u00e9ment","Dur\u00e9e de lecture estim\u00e9e":"3 minutes"},"schema":{"@context":"https:\/\/schema.org","@graph":[{"@type":"Article","@id":"https:\/\/footdavant.fr\/actualites\/la-fouille-pointue-de-marc-guehi-a-liverpool-lors-de-la-premiere-interview-de-man-city\/#article","isPartOf":{"@id":"https:\/\/footdavant.fr\/actualites\/la-fouille-pointue-de-marc-guehi-a-liverpool-lors-de-la-premiere-interview-de-man-city\/"},"author":{"name":"Cl\u00e9ment","@id":"https:\/\/footdavant.fr\/actualites\/#\/schema\/person\/bc222566d95871b37e597b3ed3ba5e1d"},"headline":"La fouille pointue de Marc Guehi \u00e0 Liverpool lors de la premi\u00e8re interview de Man City","datePublished":"2026-01-20T02:48:03+00:00","dateModified":"2026-01-20T02:48:08+00:00","mainEntityOfPage":{"@id":"https:\/\/footdavant.fr\/actualites\/la-fouille-pointue-de-marc-guehi-a-liverpool-lors-de-la-premiere-interview-de-man-city\/"},"wordCount":550,"publisher":{"@id":"https:\/\/footdavant.fr\/actualites\/#organization"},"keywords":["City","fouille","Guehi","interview","Liverpool","lors","Man","Marc","pointue","premi\u00e8re"],"articleSection":["Football"],"inLanguage":"fr-FR"},{"@type":"WebPage","@id":"https:\/\/footdavant.fr\/actualites\/la-fouille-pointue-de-marc-guehi-a-liverpool-lors-de-la-premiere-interview-de-man-city\/","url":"https:\/\/footdavant.fr\/actualites\/la-fouille-pointue-de-marc-guehi-a-liverpool-lors-de-la-premiere-interview-de-man-city\/","name":"La fouille pointue de Marc Guehi \u00e0 Liverpool lors de la premi\u00e8re interview de Man City","isPartOf":{"@id":"https:\/\/footdavant.fr\/actualites\/#website"},"datePublished":"2026-01-20T02:48:03+00:00","dateModified":"2026-01-20T02:48:08+00:00","breadcrumb":{"@id":"https:\/\/footdavant.fr\/actualites\/la-fouille-pointue-de-marc-guehi-a-liverpool-lors-de-la-premiere-interview-de-man-city\/#breadcrumb"},"inLanguage":"fr-FR","potentialAction":[{"@type":"ReadAction","target":["https:\/\/footdavant.fr\/actualites\/la-fouille-pointue-de-marc-guehi-a-liverpool-lors-de-la-premiere-interview-de-man-city\/"]}]},{"@type":"BreadcrumbList","@id":"https:\/\/footdavant.fr\/actualites\/la-fouille-pointue-de-marc-guehi-a-liverpool-lors-de-la-premiere-interview-de-man-city\/#breadcrumb","itemListElement":[{"@type":"ListItem","position":1,"name":"Accueil","item":"https:\/\/footdavant.fr\/actualites\/"},{"@type":"ListItem","position":2,"name":"La fouille pointue de Marc Guehi \u00e0 Liverpool lors de la premi\u00e8re interview de Man City"}]},{"@type":"WebSite","@id":"https:\/\/footdavant.fr\/actualites\/#website","url":"https:\/\/footdavant.fr\/actualites\/","name":"Foot d'avant","description":"","publisher":{"@id":"https:\/\/footdavant.fr\/actualites\/#organization"},"potentialAction":[{"@type":"SearchAction","target":{"@type":"EntryPoint","urlTemplate":"https:\/\/footdavant.fr\/actualites\/?s={search_term_string}"},"query-input":"required name=search_term_string"}],"inLanguage":"fr-FR"},{"@type":"Organization","@id":"https:\/\/footdavant.fr\/actualites\/#organization","name":"Foot d'avant","url":"https:\/\/footdavant.fr\/actualites\/","logo":{"@type":"ImageObject","inLanguage":"fr-FR","@id":"https:\/\/footdavant.fr\/actualites\/#\/schema\/logo\/image\/","url":"https:\/\/footdavant.fr\/actualites\/wp-content\/uploads\/2023\/09\/Copy-of-FootDavant-Logo.png","contentUrl":"https:\/\/footdavant.fr\/actualites\/wp-content\/uploads\/2023\/09\/Copy-of-FootDavant-Logo.png","width":936,"height":549,"caption":"Foot d'avant"},"image":{"@id":"https:\/\/footdavant.fr\/actualites\/#\/schema\/logo\/image\/"},"sameAs":["https:\/\/www.facebook.com\/Footdavant\/","https:\/\/twitter.com\/FootdavantFr","https:\/\/www.instagram.com\/footdavant.fr\/"]},{"@type":"Person","@id":"https:\/\/footdavant.fr\/actualites\/#\/schema\/person\/bc222566d95871b37e597b3ed3ba5e1d","name":"Cl\u00e9ment","image":{"@type":"ImageObject","inLanguage":"fr-FR","@id":"https:\/\/footdavant.fr\/actualites\/#\/schema\/person\/image\/","url":"https:\/\/secure.gravatar.com\/avatar\/7728b29aac2719421e1a9159b2254c44?s=96&d=mm&r=g","contentUrl":"https:\/\/secure.gravatar.com\/avatar\/7728b29aac2719421e1a9159b2254c44?s=96&d=mm&r=g","caption":"Cl\u00e9ment"},"sameAs":["https:\/\/footdavant.fr\/"]}]}},"_links":{"self":[{"href":"https:\/\/footdavant.fr\/actualites\/wp-json\/wp\/v2\/posts\/33622"}],"collection":[{"href":"https:\/\/footdavant.fr\/actualites\/wp-json\/wp\/v2\/posts"}],"about":[{"href":"https:\/\/footdavant.fr\/actualites\/wp-json\/wp\/v2\/types\/post"}],"author":[{"embeddable":true,"href":"https:\/\/footdavant.fr\/actualites\/wp-json\/wp\/v2\/users\/1"}],"replies":[{"embeddable":true,"href":"https:\/\/footdavant.fr\/actualites\/wp-json\/wp\/v2\/comments?post=33622"}],"version-history":[{"count":1,"href":"https:\/\/footdavant.fr\/actualites\/wp-json\/wp\/v2\/posts\/33622\/revisions"}],"predecessor-version":[{"id":33624,"href":"https:\/\/footdavant.fr\/actualites\/wp-json\/wp\/v2\/posts\/33622\/revisions\/33624"}],"wp:featuredmedia":[{"embeddable":true,"href":"https:\/\/footdavant.fr\/actualites\/wp-json\/wp\/v2\/media\/33623"}],"wp:attachment":[{"href":"https:\/\/footdavant.fr\/actualites\/wp-json\/wp\/v2\/media?parent=33622"}],"wp:term":[{"taxonomy":"category","embeddable":true,"href":"https:\/\/footdavant.fr\/actualites\/wp-json\/wp\/v2\/categories?post=33622"},{"taxonomy":"post_tag","embeddable":true,"href":"https:\/\/footdavant.fr\/actualites\/wp-json\/wp\/v2\/tags?post=33622"}],"curies":[{"name":"wp","href":"https:\/\/api.w.org\/{rel}","templated":true}]}}