{"id":33625,"date":"2026-01-20T05:48:03","date_gmt":"2026-01-20T04:48:03","guid":{"rendered":"https:\/\/footdavant.fr\/actualites\/nouvelles-du-transfert-du-real-madrid-le-defenseur-des-blancos-recoit-une-offre-du-club-de-premier-league\/"},"modified":"2026-01-20T05:48:06","modified_gmt":"2026-01-20T04:48:06","slug":"nouvelles-du-transfert-du-real-madrid-le-defenseur-des-blancos-recoit-une-offre-du-club-de-premier-league","status":"publish","type":"post","link":"https:\/\/footdavant.fr\/actualites\/nouvelles-du-transfert-du-real-madrid-le-defenseur-des-blancos-recoit-une-offre-du-club-de-premier-league\/","title":{"rendered":"Nouvelles du transfert du Real Madrid: le d\u00e9fenseur des Blancos \u00ab\u00a0re\u00e7oit une offre\u00a0\u00bb du club de Premier League"},"content":{"rendered":"<div itemprop=\"articleBody\">\n<p>Le d\u00e9fenseur du Real Madrid, Ferland Mendy, serait recherch\u00e9 par le club de Premier League de Sunderland ce mois-ci.<\/p>\n<p>Les Black Cats sont \u00e9galement confront\u00e9s \u00e0 une multitude de sorties potentielles, avec deux h\u00e9ros du championnat pr\u00e9tendument recherch\u00e9s par les g\u00e9ants \u00e9cossais des Rangers.<\/p>\n<p>L&#39;\u00e9quipe de R\u00e9gis Le Bris a connu une excellente ouverture pour son retour en Premier League apr\u00e8s huit ans d&#39;absence.<\/p>\n<p>Beaucoup pr\u00e9disaient que Sunderland aurait du mal \u00e0 se retrouver en bas du classement face \u00e0 la rel\u00e9gation, mais ils sont actuellement dans la course pour une place dans la premi\u00e8re moiti\u00e9.<\/p>\n<p>Cela \u00e9tant dit, les Black Cats sont au milieu d\u2019une s\u00e9rie de cinq matchs sans victoire en Premier League avant l\u2019accueil de Crystal Palace samedi apr\u00e8s-midi.<\/p>\n<div>\n<div>\n<div>\n<p>\u00a9 Imago \/ Sportimage<\/p>\n<\/div>\n<\/div>\n<\/div>\n<h2>Le Real Madrid re\u00e7oit-il une offre de Sunderland pour Mendy ?<\/h2>\n<p>Selon un m\u00e9dia espagnol <em>Fiches<\/em>le Real Madrid a re\u00e7u une offre \u00ab\u00a0inattendue mais int\u00e9ressante\u00a0\u00bb d&#39;un nouveau venu en Premier League.<\/p>\n<p>Le rapport indique que Sunderland \u00e9tudie la possibilit\u00e9 de recruter le d\u00e9fenseur Mendy lors du mercato de janvier.<\/p>\n<p>Il est entendu que les Black Cats sont pr\u00eats \u00e0 d\u00e9bourser environ 9,5 millions de livres sterling pour les services du double vainqueur de la Ligue des champions.<\/p>\n<p>Le Real Madrid envisagerait cette offre, Mendy \u00e9tant aux prises avec des probl\u00e8mes de forme physique constants ces derniers temps.<\/p>\n<p>Le contrat du Fran\u00e7ais au Bernabeu expirant en 2027, Los Blancos pourraient choisir de tirer profit de l&#39;arri\u00e8re gauche ce mois-ci.<\/p>\n<div>\n<div>\n<div><img decoding=\"async\" data-img-id=\"156314\" class=\"lazy\" loading=\"lazy\" src=\"https:\/\/footdavant.fr\/actualites\/wp-content\/uploads\/2026\/01\/1768884483_494_Nouvelles-du-transfert-du-Real-Madrid-le-defenseur-des-Blancos.webp\"\/><\/p>\n<p>\u00a9 Imago \/ Chaque deuxi\u00e8me m\u00e9dia<\/p>\n<\/div>\n<\/div>\n<\/div>\n<h2>Le luxe de la Premier League<\/h2>\n<p>Il y a douze mois, Sunderland \u00e9tait la quatri\u00e8me meilleure \u00e9quipe du deuxi\u00e8me niveau du football anglais, une promotion via les s\u00e9ries \u00e9liminatoires semblant improbable.<\/p>\n<p>D\u00e9sormais, les Black Cats prosp\u00e8rent en Premier League \u2013 une division qui ouvre un club \u00e0 un monde de talents footballistiques.<\/p>\n<p>Le fait que Sunderland soit de s\u00e9rieux pr\u00e9tendants \u00e0 la signature de Mendy prouve \u00e0 quel point le c\u00f4t\u00e9 du Nord-Est a progress\u00e9 au cours de la derni\u00e8re ann\u00e9e.<\/p>\n<\/div>\n","protected":false},"excerpt":{"rendered":"<p>Le d\u00e9fenseur du Real Madrid, Ferland Mendy, serait recherch\u00e9 par le club de Premier League de Sunderland ce mois-ci. Les Black Cats sont \u00e9galement confront\u00e9s<\/p>\n","protected":false},"author":1,"featured_media":33626,"comment_status":"closed","ping_status":"","sticky":false,"template":"","format":"standard","meta":{"footnotes":""},"categories":[5],"tags":[4499,333,928,12,202,303,461,352,201,302,488,700,92],"yoast_head":"<!-- This site is optimized with the Yoast SEO plugin v21.0 - https:\/\/yoast.com\/wordpress\/plugins\/seo\/ -->\n<title>Nouvelles du transfert du Real Madrid: le d\u00e9fenseur des Blancos &quot;re\u00e7oit une offre&quot; du club de Premier League<\/title>\n<meta name=\"robots\" content=\"index, follow, max-snippet:-1, max-image-preview:large, max-video-preview:-1\" \/>\n<link rel=\"canonical\" href=\"https:\/\/footdavant.fr\/actualites\/nouvelles-du-transfert-du-real-madrid-le-defenseur-des-blancos-recoit-une-offre-du-club-de-premier-league\/\" \/>\n<meta property=\"og:locale\" content=\"fr_FR\" \/>\n<meta property=\"og:type\" content=\"article\" \/>\n<meta property=\"og:title\" content=\"Nouvelles du transfert du Real Madrid: le d\u00e9fenseur des Blancos &quot;re\u00e7oit une offre&quot; du club de Premier League\" \/>\n<meta property=\"og:description\" content=\"Le d\u00e9fenseur du Real Madrid, Ferland Mendy, serait recherch\u00e9 par le club de Premier League de Sunderland ce mois-ci. Les Black Cats sont \u00e9galement confront\u00e9s\" \/>\n<meta property=\"og:url\" content=\"https:\/\/footdavant.fr\/actualites\/nouvelles-du-transfert-du-real-madrid-le-defenseur-des-blancos-recoit-une-offre-du-club-de-premier-league\/\" \/>\n<meta property=\"og:site_name\" content=\"Foot d&#039;avant\" \/>\n<meta property=\"article:publisher\" content=\"https:\/\/www.facebook.com\/Footdavant\/\" \/>\n<meta property=\"article:published_time\" content=\"2026-01-20T04:48:03+00:00\" \/>\n<meta property=\"article:modified_time\" content=\"2026-01-20T04:48:06+00:00\" \/>\n<meta property=\"og:image\" content=\"https:\/\/footdavant.fr\/actualites\/wp-content\/uploads\/2026\/01\/Nouvelles-du-transfert-du-Real-Madrid-le-defenseur-des-Blancos.jpg\" \/>\n\t<meta property=\"og:image:width\" content=\"720\" \/>\n\t<meta property=\"og:image:height\" content=\"410\" \/>\n\t<meta property=\"og:image:type\" content=\"image\/jpeg\" \/>\n<meta name=\"author\" content=\"Cl\u00e9ment\" \/>\n<meta name=\"twitter:card\" content=\"summary_large_image\" \/>\n<meta name=\"twitter:creator\" content=\"@FootdavantFr\" \/>\n<meta name=\"twitter:site\" content=\"@FootdavantFr\" \/>\n<meta name=\"twitter:label1\" content=\"\u00c9crit par\" \/>\n\t<meta name=\"twitter:data1\" content=\"Cl\u00e9ment\" \/>\n\t<meta name=\"twitter:label2\" content=\"Dur\u00e9e de lecture estim\u00e9e\" \/>\n\t<meta name=\"twitter:data2\" content=\"2 minutes\" \/>\n<script type=\"application\/ld+json\" class=\"yoast-schema-graph\">{\"@context\":\"https:\/\/schema.org\",\"@graph\":[{\"@type\":\"Article\",\"@id\":\"https:\/\/footdavant.fr\/actualites\/nouvelles-du-transfert-du-real-madrid-le-defenseur-des-blancos-recoit-une-offre-du-club-de-premier-league\/#article\",\"isPartOf\":{\"@id\":\"https:\/\/footdavant.fr\/actualites\/nouvelles-du-transfert-du-real-madrid-le-defenseur-des-blancos-recoit-une-offre-du-club-de-premier-league\/\"},\"author\":{\"name\":\"Cl\u00e9ment\",\"@id\":\"https:\/\/footdavant.fr\/actualites\/#\/schema\/person\/bc222566d95871b37e597b3ed3ba5e1d\"},\"headline\":\"Nouvelles du transfert du Real Madrid: le d\u00e9fenseur des Blancos \u00ab\u00a0re\u00e7oit une offre\u00a0\u00bb du club de Premier League\",\"datePublished\":\"2026-01-20T04:48:03+00:00\",\"dateModified\":\"2026-01-20T04:48:06+00:00\",\"mainEntityOfPage\":{\"@id\":\"https:\/\/footdavant.fr\/actualites\/nouvelles-du-transfert-du-real-madrid-le-defenseur-des-blancos-recoit-une-offre-du-club-de-premier-league\/\"},\"wordCount\":377,\"publisher\":{\"@id\":\"https:\/\/footdavant.fr\/actualites\/#organization\"},\"keywords\":[\"Blancos\",\"club\",\"d\u00e9fenseur\",\"des\",\"League\",\"Madrid\",\"Nouvelles\",\"offre\",\"Premier\",\"Real\",\"re\u00e7oit\",\"transfert\",\"une\"],\"articleSection\":[\"Premier League\"],\"inLanguage\":\"fr-FR\"},{\"@type\":\"WebPage\",\"@id\":\"https:\/\/footdavant.fr\/actualites\/nouvelles-du-transfert-du-real-madrid-le-defenseur-des-blancos-recoit-une-offre-du-club-de-premier-league\/\",\"url\":\"https:\/\/footdavant.fr\/actualites\/nouvelles-du-transfert-du-real-madrid-le-defenseur-des-blancos-recoit-une-offre-du-club-de-premier-league\/\",\"name\":\"Nouvelles du transfert du Real Madrid: le d\u00e9fenseur des Blancos \\\"re\u00e7oit une offre\\\" du club de Premier League\",\"isPartOf\":{\"@id\":\"https:\/\/footdavant.fr\/actualites\/#website\"},\"datePublished\":\"2026-01-20T04:48:03+00:00\",\"dateModified\":\"2026-01-20T04:48:06+00:00\",\"breadcrumb\":{\"@id\":\"https:\/\/footdavant.fr\/actualites\/nouvelles-du-transfert-du-real-madrid-le-defenseur-des-blancos-recoit-une-offre-du-club-de-premier-league\/#breadcrumb\"},\"inLanguage\":\"fr-FR\",\"potentialAction\":[{\"@type\":\"ReadAction\",\"target\":[\"https:\/\/footdavant.fr\/actualites\/nouvelles-du-transfert-du-real-madrid-le-defenseur-des-blancos-recoit-une-offre-du-club-de-premier-league\/\"]}]},{\"@type\":\"BreadcrumbList\",\"@id\":\"https:\/\/footdavant.fr\/actualites\/nouvelles-du-transfert-du-real-madrid-le-defenseur-des-blancos-recoit-une-offre-du-club-de-premier-league\/#breadcrumb\",\"itemListElement\":[{\"@type\":\"ListItem\",\"position\":1,\"name\":\"Accueil\",\"item\":\"https:\/\/footdavant.fr\/actualites\/\"},{\"@type\":\"ListItem\",\"position\":2,\"name\":\"Nouvelles du transfert du Real Madrid: le d\u00e9fenseur des Blancos \u00ab\u00a0re\u00e7oit une offre\u00a0\u00bb du club de Premier League\"}]},{\"@type\":\"WebSite\",\"@id\":\"https:\/\/footdavant.fr\/actualites\/#website\",\"url\":\"https:\/\/footdavant.fr\/actualites\/\",\"name\":\"Foot d'avant\",\"description\":\"\",\"publisher\":{\"@id\":\"https:\/\/footdavant.fr\/actualites\/#organization\"},\"potentialAction\":[{\"@type\":\"SearchAction\",\"target\":{\"@type\":\"EntryPoint\",\"urlTemplate\":\"https:\/\/footdavant.fr\/actualites\/?s={search_term_string}\"},\"query-input\":\"required name=search_term_string\"}],\"inLanguage\":\"fr-FR\"},{\"@type\":\"Organization\",\"@id\":\"https:\/\/footdavant.fr\/actualites\/#organization\",\"name\":\"Foot d'avant\",\"url\":\"https:\/\/footdavant.fr\/actualites\/\",\"logo\":{\"@type\":\"ImageObject\",\"inLanguage\":\"fr-FR\",\"@id\":\"https:\/\/footdavant.fr\/actualites\/#\/schema\/logo\/image\/\",\"url\":\"https:\/\/footdavant.fr\/actualites\/wp-content\/uploads\/2023\/09\/Copy-of-FootDavant-Logo.png\",\"contentUrl\":\"https:\/\/footdavant.fr\/actualites\/wp-content\/uploads\/2023\/09\/Copy-of-FootDavant-Logo.png\",\"width\":936,\"height\":549,\"caption\":\"Foot d'avant\"},\"image\":{\"@id\":\"https:\/\/footdavant.fr\/actualites\/#\/schema\/logo\/image\/\"},\"sameAs\":[\"https:\/\/www.facebook.com\/Footdavant\/\",\"https:\/\/twitter.com\/FootdavantFr\",\"https:\/\/www.instagram.com\/footdavant.fr\/\"]},{\"@type\":\"Person\",\"@id\":\"https:\/\/footdavant.fr\/actualites\/#\/schema\/person\/bc222566d95871b37e597b3ed3ba5e1d\",\"name\":\"Cl\u00e9ment\",\"image\":{\"@type\":\"ImageObject\",\"inLanguage\":\"fr-FR\",\"@id\":\"https:\/\/footdavant.fr\/actualites\/#\/schema\/person\/image\/\",\"url\":\"https:\/\/secure.gravatar.com\/avatar\/7728b29aac2719421e1a9159b2254c44?s=96&d=mm&r=g\",\"contentUrl\":\"https:\/\/secure.gravatar.com\/avatar\/7728b29aac2719421e1a9159b2254c44?s=96&d=mm&r=g\",\"caption\":\"Cl\u00e9ment\"},\"sameAs\":[\"https:\/\/footdavant.fr\/\"]}]}<\/script>\n<!-- \/ Yoast SEO plugin. -->","yoast_head_json":{"title":"Nouvelles du transfert du Real Madrid: le d\u00e9fenseur des Blancos \"re\u00e7oit une offre\" du club de Premier League","robots":{"index":"index","follow":"follow","max-snippet":"max-snippet:-1","max-image-preview":"max-image-preview:large","max-video-preview":"max-video-preview:-1"},"canonical":"https:\/\/footdavant.fr\/actualites\/nouvelles-du-transfert-du-real-madrid-le-defenseur-des-blancos-recoit-une-offre-du-club-de-premier-league\/","og_locale":"fr_FR","og_type":"article","og_title":"Nouvelles du transfert du Real Madrid: le d\u00e9fenseur des Blancos \"re\u00e7oit une offre\" du club de Premier League","og_description":"Le d\u00e9fenseur du Real Madrid, Ferland Mendy, serait recherch\u00e9 par le club de Premier League de Sunderland ce mois-ci. Les Black Cats sont \u00e9galement confront\u00e9s","og_url":"https:\/\/footdavant.fr\/actualites\/nouvelles-du-transfert-du-real-madrid-le-defenseur-des-blancos-recoit-une-offre-du-club-de-premier-league\/","og_site_name":"Foot d&#039;avant","article_publisher":"https:\/\/www.facebook.com\/Footdavant\/","article_published_time":"2026-01-20T04:48:03+00:00","article_modified_time":"2026-01-20T04:48:06+00:00","og_image":[{"width":720,"height":410,"url":"https:\/\/footdavant.fr\/actualites\/wp-content\/uploads\/2026\/01\/Nouvelles-du-transfert-du-Real-Madrid-le-defenseur-des-Blancos.jpg","type":"image\/jpeg"}],"author":"Cl\u00e9ment","twitter_card":"summary_large_image","twitter_creator":"@FootdavantFr","twitter_site":"@FootdavantFr","twitter_misc":{"\u00c9crit par":"Cl\u00e9ment","Dur\u00e9e de lecture estim\u00e9e":"2 minutes"},"schema":{"@context":"https:\/\/schema.org","@graph":[{"@type":"Article","@id":"https:\/\/footdavant.fr\/actualites\/nouvelles-du-transfert-du-real-madrid-le-defenseur-des-blancos-recoit-une-offre-du-club-de-premier-league\/#article","isPartOf":{"@id":"https:\/\/footdavant.fr\/actualites\/nouvelles-du-transfert-du-real-madrid-le-defenseur-des-blancos-recoit-une-offre-du-club-de-premier-league\/"},"author":{"name":"Cl\u00e9ment","@id":"https:\/\/footdavant.fr\/actualites\/#\/schema\/person\/bc222566d95871b37e597b3ed3ba5e1d"},"headline":"Nouvelles du transfert du Real Madrid: le d\u00e9fenseur des Blancos \u00ab\u00a0re\u00e7oit une offre\u00a0\u00bb du club de Premier League","datePublished":"2026-01-20T04:48:03+00:00","dateModified":"2026-01-20T04:48:06+00:00","mainEntityOfPage":{"@id":"https:\/\/footdavant.fr\/actualites\/nouvelles-du-transfert-du-real-madrid-le-defenseur-des-blancos-recoit-une-offre-du-club-de-premier-league\/"},"wordCount":377,"publisher":{"@id":"https:\/\/footdavant.fr\/actualites\/#organization"},"keywords":["Blancos","club","d\u00e9fenseur","des","League","Madrid","Nouvelles","offre","Premier","Real","re\u00e7oit","transfert","une"],"articleSection":["Premier League"],"inLanguage":"fr-FR"},{"@type":"WebPage","@id":"https:\/\/footdavant.fr\/actualites\/nouvelles-du-transfert-du-real-madrid-le-defenseur-des-blancos-recoit-une-offre-du-club-de-premier-league\/","url":"https:\/\/footdavant.fr\/actualites\/nouvelles-du-transfert-du-real-madrid-le-defenseur-des-blancos-recoit-une-offre-du-club-de-premier-league\/","name":"Nouvelles du transfert du Real Madrid: le d\u00e9fenseur des Blancos \"re\u00e7oit une offre\" du club de Premier League","isPartOf":{"@id":"https:\/\/footdavant.fr\/actualites\/#website"},"datePublished":"2026-01-20T04:48:03+00:00","dateModified":"2026-01-20T04:48:06+00:00","breadcrumb":{"@id":"https:\/\/footdavant.fr\/actualites\/nouvelles-du-transfert-du-real-madrid-le-defenseur-des-blancos-recoit-une-offre-du-club-de-premier-league\/#breadcrumb"},"inLanguage":"fr-FR","potentialAction":[{"@type":"ReadAction","target":["https:\/\/footdavant.fr\/actualites\/nouvelles-du-transfert-du-real-madrid-le-defenseur-des-blancos-recoit-une-offre-du-club-de-premier-league\/"]}]},{"@type":"BreadcrumbList","@id":"https:\/\/footdavant.fr\/actualites\/nouvelles-du-transfert-du-real-madrid-le-defenseur-des-blancos-recoit-une-offre-du-club-de-premier-league\/#breadcrumb","itemListElement":[{"@type":"ListItem","position":1,"name":"Accueil","item":"https:\/\/footdavant.fr\/actualites\/"},{"@type":"ListItem","position":2,"name":"Nouvelles du transfert du Real Madrid: le d\u00e9fenseur des Blancos \u00ab\u00a0re\u00e7oit une offre\u00a0\u00bb du club de Premier League"}]},{"@type":"WebSite","@id":"https:\/\/footdavant.fr\/actualites\/#website","url":"https:\/\/footdavant.fr\/actualites\/","name":"Foot d'avant","description":"","publisher":{"@id":"https:\/\/footdavant.fr\/actualites\/#organization"},"potentialAction":[{"@type":"SearchAction","target":{"@type":"EntryPoint","urlTemplate":"https:\/\/footdavant.fr\/actualites\/?s={search_term_string}"},"query-input":"required name=search_term_string"}],"inLanguage":"fr-FR"},{"@type":"Organization","@id":"https:\/\/footdavant.fr\/actualites\/#organization","name":"Foot d'avant","url":"https:\/\/footdavant.fr\/actualites\/","logo":{"@type":"ImageObject","inLanguage":"fr-FR","@id":"https:\/\/footdavant.fr\/actualites\/#\/schema\/logo\/image\/","url":"https:\/\/footdavant.fr\/actualites\/wp-content\/uploads\/2023\/09\/Copy-of-FootDavant-Logo.png","contentUrl":"https:\/\/footdavant.fr\/actualites\/wp-content\/uploads\/2023\/09\/Copy-of-FootDavant-Logo.png","width":936,"height":549,"caption":"Foot d'avant"},"image":{"@id":"https:\/\/footdavant.fr\/actualites\/#\/schema\/logo\/image\/"},"sameAs":["https:\/\/www.facebook.com\/Footdavant\/","https:\/\/twitter.com\/FootdavantFr","https:\/\/www.instagram.com\/footdavant.fr\/"]},{"@type":"Person","@id":"https:\/\/footdavant.fr\/actualites\/#\/schema\/person\/bc222566d95871b37e597b3ed3ba5e1d","name":"Cl\u00e9ment","image":{"@type":"ImageObject","inLanguage":"fr-FR","@id":"https:\/\/footdavant.fr\/actualites\/#\/schema\/person\/image\/","url":"https:\/\/secure.gravatar.com\/avatar\/7728b29aac2719421e1a9159b2254c44?s=96&d=mm&r=g","contentUrl":"https:\/\/secure.gravatar.com\/avatar\/7728b29aac2719421e1a9159b2254c44?s=96&d=mm&r=g","caption":"Cl\u00e9ment"},"sameAs":["https:\/\/footdavant.fr\/"]}]}},"_links":{"self":[{"href":"https:\/\/footdavant.fr\/actualites\/wp-json\/wp\/v2\/posts\/33625"}],"collection":[{"href":"https:\/\/footdavant.fr\/actualites\/wp-json\/wp\/v2\/posts"}],"about":[{"href":"https:\/\/footdavant.fr\/actualites\/wp-json\/wp\/v2\/types\/post"}],"author":[{"embeddable":true,"href":"https:\/\/footdavant.fr\/actualites\/wp-json\/wp\/v2\/users\/1"}],"replies":[{"embeddable":true,"href":"https:\/\/footdavant.fr\/actualites\/wp-json\/wp\/v2\/comments?post=33625"}],"version-history":[{"count":1,"href":"https:\/\/footdavant.fr\/actualites\/wp-json\/wp\/v2\/posts\/33625\/revisions"}],"predecessor-version":[{"id":33627,"href":"https:\/\/footdavant.fr\/actualites\/wp-json\/wp\/v2\/posts\/33625\/revisions\/33627"}],"wp:featuredmedia":[{"embeddable":true,"href":"https:\/\/footdavant.fr\/actualites\/wp-json\/wp\/v2\/media\/33626"}],"wp:attachment":[{"href":"https:\/\/footdavant.fr\/actualites\/wp-json\/wp\/v2\/media?parent=33625"}],"wp:term":[{"taxonomy":"category","embeddable":true,"href":"https:\/\/footdavant.fr\/actualites\/wp-json\/wp\/v2\/categories?post=33625"},{"taxonomy":"post_tag","embeddable":true,"href":"https:\/\/footdavant.fr\/actualites\/wp-json\/wp\/v2\/tags?post=33625"}],"curies":[{"name":"wp","href":"https:\/\/api.w.org\/{rel}","templated":true}]}}