{"id":33658,"date":"2026-01-21T07:48:05","date_gmt":"2026-01-21T06:48:05","guid":{"rendered":"https:\/\/footdavant.fr\/actualites\/rasmus-hojlund-la-difficile-annee-2026-du-preteur-de-man-united-persiste\/"},"modified":"2026-01-21T07:48:05","modified_gmt":"2026-01-21T06:48:05","slug":"rasmus-hojlund-la-difficile-annee-2026-du-preteur-de-man-united-persiste","status":"publish","type":"post","link":"https:\/\/footdavant.fr\/actualites\/rasmus-hojlund-la-difficile-annee-2026-du-preteur-de-man-united-persiste\/","title":{"rendered":"Rasmus Hojlund: la difficile ann\u00e9e 2026 du pr\u00eateur de Man United persiste &#8211;"},"content":{"rendered":"<div id=\"penci-post-entry-inner\">\n<p>\t\t\t<i class=\"penci-post-countview-number-check\" style=\"display:none\">3<\/i><\/p>\n<p>Manchester United avait deux joueurs en pr\u00eat mardi soir.<\/p>\n<p>Pour savoir o\u00f9 tous les joueurs de United sont pr\u00eat\u00e9s cette saison, cliquez ici.<\/p>\n<h3>Rasmus Hojlund<\/h3>\n<p>Hojlund n&#39;a pas r\u00e9ussi \u00e0 marquer une nouvelle fois pour le SSC Napoli lors du match nul 1-1 de la Ligue des champions contre Copenhague.<\/p>\n<p>L&#39;attaquant revenait dans son ancien club, o\u00f9 il a marqu\u00e9 un doubl\u00e9 pour Manchester United en novembre 2023. Hojlund a jou\u00e9 les 90 minutes et a r\u00e9ussi deux tirs au but, dont l&#39;un a \u00e9t\u00e9 bloqu\u00e9 par la d\u00e9fense locale.<\/p>\n<p>Il n\u2019a r\u00e9ussi aucune passe cl\u00e9 ou tentative de centre au cours d\u2019une soir\u00e9e calme. Le Danois a cependant r\u00e9ussi sa seule tentative de dribble et a \u00e9t\u00e9 pr\u00e9cis avec 17 de ses 19 tentatives de passe dans le match.<\/p>\n<p>L&#39;attaquant a \u00e9galement \u00e9t\u00e9 m\u00e9diocre dans ses tentatives de duel, remportant une seule de ses six comp\u00e9titions au sol et n&#39;ayant particip\u00e9 \u00e0 aucune bataille a\u00e9rienne. Les grands matchs continuent de se d\u00e9rouler \u00e0 un rythme effr\u00e9n\u00e9 alors que Naples et Hojlund se rendront \u00e0 Turin pour affronter la Juventus dimanche soir. <\/p>\n<h2 id=\"tablepress-667-name\" class=\"tablepress-table-name tablepress-table-name-id-667\">Statistiques de Rasmus Hojlund contre Copenhague<\/h2>\n<table id=\"tablepress-667\" class=\"tablepress tablepress-id-667\" aria-labelledby=\"tablepress-667-name\">\n<thead>\n<tr class=\"row-1\">\n<th class=\"column-1\">Statistique<\/th>\n<th class=\"column-2\">Valeur<\/th>\n<\/tr>\n<\/thead>\n<tbody class=\"row-striping row-hover\">\n<tr class=\"row-2\">\n<td class=\"column-1\">Objectifs<\/td>\n<td class=\"column-2\">0<\/td>\n<\/tr>\n<tr class=\"row-3\">\n<td class=\"column-1\">Objectifs attendus (xG)<\/td>\n<td class=\"column-2\">0,11<\/td>\n<\/tr>\n<tr class=\"row-4\">\n<td class=\"column-1\">Aides<\/td>\n<td class=\"column-2\">0<\/td>\n<\/tr>\n<tr class=\"row-5\">\n<td class=\"column-1\">Aides attendues (xA)<\/td>\n<td class=\"column-2\">0,15<\/td>\n<\/tr>\n<tr class=\"row-6\">\n<td class=\"column-1\">Nombre total de tirs<\/td>\n<td class=\"column-2\">2<\/td>\n<\/tr>\n<tr class=\"row-7\">\n<td class=\"column-1\">Tirs cadr\u00e9s<\/td>\n<td class=\"column-2\">0<\/td>\n<\/tr>\n<tr class=\"row-8\">\n<td class=\"column-1\">Tirs bloqu\u00e9s<\/td>\n<td class=\"column-2\">1<\/td>\n<\/tr>\n<tr class=\"row-9\">\n<td class=\"column-1\">Touches<\/td>\n<td class=\"column-2\">29<\/td>\n<\/tr>\n<tr class=\"row-10\">\n<td class=\"column-1\">Touches infructueuses<\/td>\n<td class=\"column-2\">3<\/td>\n<\/tr>\n<tr class=\"row-11\">\n<td class=\"column-1\">Dribbles (r\u00e9ussis)<\/td>\n<td class=\"column-2\">1 (1)<\/td>\n<\/tr>\n<tr class=\"row-12\">\n<td class=\"column-1\">Possession perdue<\/td>\n<td class=\"column-2\">8<\/td>\n<\/tr>\n<tr class=\"row-13\">\n<td class=\"column-1\">Passes cl\u00e9s<\/td>\n<td class=\"column-2\">0<\/td>\n<\/tr>\n<tr class=\"row-14\">\n<td class=\"column-1\">Croix (pr\u00e9cises)<\/td>\n<td class=\"column-2\">0 (0)<\/td>\n<\/tr>\n<tr class=\"row-15\">\n<td class=\"column-1\">Passes pr\u00e9cises<\/td>\n<td class=\"column-2\">17\/19 (89%)<\/td>\n<\/tr>\n<tr class=\"row-16\">\n<td class=\"column-1\">Passe dans la moiti\u00e9 de terrain adverse (acc.)<\/td>\n<td class=\"column-2\">14\/12 (86%)<\/td>\n<\/tr>\n<tr class=\"row-17\">\n<td class=\"column-1\">Passe dans sa propre moiti\u00e9 de terrain (acc.)<\/td>\n<td class=\"column-2\">5\/5 (100%)<\/td>\n<\/tr>\n<tr class=\"row-18\">\n<td class=\"column-1\">Balles longues (pr\u00e9cises)<\/td>\n<td class=\"column-2\">1\/1 (100%)<\/td>\n<\/tr>\n<tr class=\"row-19\">\n<td class=\"column-1\">Contributions d\u00e9fensives<\/td>\n<td class=\"column-2\">0<\/td>\n<\/tr>\n<tr class=\"row-20\">\n<td class=\"column-1\">Tacles (gagn\u00e9s)<\/td>\n<td class=\"column-2\">0 (0)<\/td>\n<\/tr>\n<tr class=\"row-21\">\n<td class=\"column-1\">Interceptions<\/td>\n<td class=\"column-2\">0<\/td>\n<\/tr>\n<tr class=\"row-22\">\n<td class=\"column-1\">D\u00e9gagements<\/td>\n<td class=\"column-2\">0<\/td>\n<\/tr>\n<tr class=\"row-23\">\n<td class=\"column-1\">Tirs bloqu\u00e9s<\/td>\n<td class=\"column-2\">0<\/td>\n<\/tr>\n<tr class=\"row-24\">\n<td class=\"column-1\">R\u00e9cup\u00e9rations<\/td>\n<td class=\"column-2\">1<\/td>\n<\/tr>\n<tr class=\"row-25\">\n<td class=\"column-1\">Duels au sol (gagn\u00e9s)<\/td>\n<td class=\"column-2\">6 (1)<\/td>\n<\/tr>\n<tr class=\"row-26\">\n<td class=\"column-1\">Fautes<\/td>\n<td class=\"column-2\">3<\/td>\n<\/tr>\n<tr class=\"row-27\">\n<td class=\"column-1\">Pass\u00e9 dribbl\u00e9<\/td>\n<td class=\"column-2\">0<\/td>\n<\/tr>\n<\/tbody>\n<\/table>\n<p><!-- #tablepress-667 from cache --><\/p>\n<h3>Radek Vitek<\/h3>\n<p>Le gardien tch\u00e8que a fait son retour dans le onze de d\u00e9part ce week-end apr\u00e8s s&#39;\u00eatre remis d&#39;une blessure.<\/p>\n<p>Il \u00e9tait de retour dans le vif du sujet alors que Bristol City se rendait \u00e0 Ipswich Town. Les Robins ont perdu 0-2 alors qu&#39;il effectuait un arr\u00eat et une r\u00e9clamation importante dans le match.<\/p>\n<p>Le gardien sera un peu d\u00e9\u00e7u du premier but qu&#39;il a encaiss\u00e9, car il s&#39;est mis un peu en retard sur un effort qu&#39;il aurait peut-\u00eatre pu arr\u00eater avec des r\u00e9actions plus rapides.<\/p>\n<p>\u00c0 la 36e minute, il a n\u00e9anmoins r\u00e9ussi un arr\u00eat absolument \u00e9poustouflant.<\/p>\n<p>Le ballon a \u00e9t\u00e9 bloqu\u00e9 dans la surface et l&#39;attaquant d&#39;Ipswich a instinctivement pivot\u00e9 et tir\u00e9 vers le but \u00e0 bout portant. Vitek \u00e9tait cependant pr\u00eat \u00e0 bondir et a r\u00e9ussi un incroyable arr\u00eat \u00e0 une main pour faire basculer le ballon au-dessus de la barre transversale.<\/p>\n<p>Il ne pouvait pas faire grand-chose pour le deuxi\u00e8me d&#39;Ipswich en seconde p\u00e9riode, lorsque le ballon a \u00e9t\u00e9 balay\u00e9 dans le coin inf\u00e9rieur apr\u00e8s une contre-attaque rapide.<\/p>\n<p>Il a \u00e9galement remport\u00e9 son seul duel au sol, mais ses passes \u00e9taient m\u00e9diocres, compl\u00e9tant seulement 33 % de ses tentatives de passes dans le match.<\/p>\n<p>Bristol City et Vitek seront ensuite en action lorsqu&#39;ils accueilleront Sheffield mercredi en difficult\u00e9 samedi apr\u00e8s-midi.<\/p>\n<p><iframe loading=\"lazy\" title=\"Ipswich Town 2-0 Bristol City | Match Highlights\" width=\"1200\" height=\"675\" src=\"https:\/\/www.youtube.com\/embed\/mwbZWMaYm4A?feature=oembed\" frameborder=\"0\" allow=\"accelerometer; autoplay; clipboard-write; encrypted-media; gyroscope; picture-in-picture; web-share\" referrerpolicy=\"strict-origin-when-cross-origin\" allowfullscreen><\/iframe> <\/p>\n<\/p>\n<hr\/>\n<p>The Peoples Person est l&#39;un des principaux sites d&#39;information de Man United au monde depuis plus d&#39;une d\u00e9cennie. Suivez-nous sur Bluesky\u00a0: @peoplesperson.bsky.social<\/p>\n<p><!-- CONTENT END 2 --><\/p><\/div>\n","protected":false},"excerpt":{"rendered":"<p>3 Manchester United avait deux joueurs en pr\u00eat mardi soir. Pour savoir o\u00f9 tous les joueurs de United sont pr\u00eat\u00e9s cette saison, cliquez ici. Rasmus<\/p>\n","protected":false},"author":1,"featured_media":32244,"comment_status":"closed","ping_status":"","sticky":false,"template":"","format":"standard","meta":{"footnotes":""},"categories":[3],"tags":[2183,268,456,24,6589,2356,455,13],"yoast_head":"<!-- This site is optimized with the Yoast SEO plugin v21.0 - https:\/\/yoast.com\/wordpress\/plugins\/seo\/ -->\n<title>Rasmus Hojlund: la difficile ann\u00e9e 2026 du pr\u00eateur de Man United persiste -<\/title>\n<meta name=\"robots\" content=\"index, follow, max-snippet:-1, max-image-preview:large, max-video-preview:-1\" \/>\n<link rel=\"canonical\" href=\"https:\/\/footdavant.fr\/actualites\/rasmus-hojlund-la-difficile-annee-2026-du-preteur-de-man-united-persiste\/\" \/>\n<meta property=\"og:locale\" content=\"fr_FR\" \/>\n<meta property=\"og:type\" content=\"article\" \/>\n<meta property=\"og:title\" content=\"Rasmus Hojlund: la difficile ann\u00e9e 2026 du pr\u00eateur de Man United persiste -\" \/>\n<meta property=\"og:description\" content=\"3 Manchester United avait deux joueurs en pr\u00eat mardi soir. Pour savoir o\u00f9 tous les joueurs de United sont pr\u00eat\u00e9s cette saison, cliquez ici. Rasmus\" \/>\n<meta property=\"og:url\" content=\"https:\/\/footdavant.fr\/actualites\/rasmus-hojlund-la-difficile-annee-2026-du-preteur-de-man-united-persiste\/\" \/>\n<meta property=\"og:site_name\" content=\"Foot d&#039;avant\" \/>\n<meta property=\"article:publisher\" content=\"https:\/\/www.facebook.com\/Footdavant\/\" \/>\n<meta property=\"article:published_time\" content=\"2026-01-21T06:48:05+00:00\" \/>\n<meta property=\"og:image\" content=\"https:\/\/footdavant.fr\/actualites\/wp-content\/uploads\/2025\/12\/Rasmus-Hojlund-le-prete-de-Man-United-subit-une-soiree.jpg\" \/>\n\t<meta property=\"og:image:width\" content=\"1600\" \/>\n\t<meta property=\"og:image:height\" content=\"713\" \/>\n\t<meta property=\"og:image:type\" content=\"image\/jpeg\" \/>\n<meta name=\"author\" content=\"Cl\u00e9ment\" \/>\n<meta name=\"twitter:card\" content=\"summary_large_image\" \/>\n<meta name=\"twitter:creator\" content=\"@FootdavantFr\" \/>\n<meta name=\"twitter:site\" content=\"@FootdavantFr\" \/>\n<meta name=\"twitter:label1\" content=\"\u00c9crit par\" \/>\n\t<meta name=\"twitter:data1\" content=\"Cl\u00e9ment\" \/>\n\t<meta name=\"twitter:label2\" content=\"Dur\u00e9e de lecture estim\u00e9e\" \/>\n\t<meta name=\"twitter:data2\" content=\"3 minutes\" \/>\n<script type=\"application\/ld+json\" class=\"yoast-schema-graph\">{\"@context\":\"https:\/\/schema.org\",\"@graph\":[{\"@type\":\"Article\",\"@id\":\"https:\/\/footdavant.fr\/actualites\/rasmus-hojlund-la-difficile-annee-2026-du-preteur-de-man-united-persiste\/#article\",\"isPartOf\":{\"@id\":\"https:\/\/footdavant.fr\/actualites\/rasmus-hojlund-la-difficile-annee-2026-du-preteur-de-man-united-persiste\/\"},\"author\":{\"name\":\"Cl\u00e9ment\",\"@id\":\"https:\/\/footdavant.fr\/actualites\/#\/schema\/person\/bc222566d95871b37e597b3ed3ba5e1d\"},\"headline\":\"Rasmus Hojlund: la difficile ann\u00e9e 2026 du pr\u00eateur de Man United persiste &#8211;\",\"datePublished\":\"2026-01-21T06:48:05+00:00\",\"dateModified\":\"2026-01-21T06:48:05+00:00\",\"mainEntityOfPage\":{\"@id\":\"https:\/\/footdavant.fr\/actualites\/rasmus-hojlund-la-difficile-annee-2026-du-preteur-de-man-united-persiste\/\"},\"wordCount\":576,\"publisher\":{\"@id\":\"https:\/\/footdavant.fr\/actualites\/#organization\"},\"keywords\":[\"ann\u00e9e\",\"difficile\",\"Hojlund\",\"Man\",\"persiste\",\"pr\u00eateur\",\"Rasmus\",\"United\"],\"articleSection\":[\"Football\"],\"inLanguage\":\"fr-FR\"},{\"@type\":\"WebPage\",\"@id\":\"https:\/\/footdavant.fr\/actualites\/rasmus-hojlund-la-difficile-annee-2026-du-preteur-de-man-united-persiste\/\",\"url\":\"https:\/\/footdavant.fr\/actualites\/rasmus-hojlund-la-difficile-annee-2026-du-preteur-de-man-united-persiste\/\",\"name\":\"Rasmus Hojlund: la difficile ann\u00e9e 2026 du pr\u00eateur de Man United persiste -\",\"isPartOf\":{\"@id\":\"https:\/\/footdavant.fr\/actualites\/#website\"},\"datePublished\":\"2026-01-21T06:48:05+00:00\",\"dateModified\":\"2026-01-21T06:48:05+00:00\",\"breadcrumb\":{\"@id\":\"https:\/\/footdavant.fr\/actualites\/rasmus-hojlund-la-difficile-annee-2026-du-preteur-de-man-united-persiste\/#breadcrumb\"},\"inLanguage\":\"fr-FR\",\"potentialAction\":[{\"@type\":\"ReadAction\",\"target\":[\"https:\/\/footdavant.fr\/actualites\/rasmus-hojlund-la-difficile-annee-2026-du-preteur-de-man-united-persiste\/\"]}]},{\"@type\":\"BreadcrumbList\",\"@id\":\"https:\/\/footdavant.fr\/actualites\/rasmus-hojlund-la-difficile-annee-2026-du-preteur-de-man-united-persiste\/#breadcrumb\",\"itemListElement\":[{\"@type\":\"ListItem\",\"position\":1,\"name\":\"Accueil\",\"item\":\"https:\/\/footdavant.fr\/actualites\/\"},{\"@type\":\"ListItem\",\"position\":2,\"name\":\"Rasmus Hojlund: la difficile ann\u00e9e 2026 du pr\u00eateur de Man United persiste &#8211;\"}]},{\"@type\":\"WebSite\",\"@id\":\"https:\/\/footdavant.fr\/actualites\/#website\",\"url\":\"https:\/\/footdavant.fr\/actualites\/\",\"name\":\"Foot d'avant\",\"description\":\"\",\"publisher\":{\"@id\":\"https:\/\/footdavant.fr\/actualites\/#organization\"},\"potentialAction\":[{\"@type\":\"SearchAction\",\"target\":{\"@type\":\"EntryPoint\",\"urlTemplate\":\"https:\/\/footdavant.fr\/actualites\/?s={search_term_string}\"},\"query-input\":\"required name=search_term_string\"}],\"inLanguage\":\"fr-FR\"},{\"@type\":\"Organization\",\"@id\":\"https:\/\/footdavant.fr\/actualites\/#organization\",\"name\":\"Foot d'avant\",\"url\":\"https:\/\/footdavant.fr\/actualites\/\",\"logo\":{\"@type\":\"ImageObject\",\"inLanguage\":\"fr-FR\",\"@id\":\"https:\/\/footdavant.fr\/actualites\/#\/schema\/logo\/image\/\",\"url\":\"https:\/\/footdavant.fr\/actualites\/wp-content\/uploads\/2023\/09\/Copy-of-FootDavant-Logo.png\",\"contentUrl\":\"https:\/\/footdavant.fr\/actualites\/wp-content\/uploads\/2023\/09\/Copy-of-FootDavant-Logo.png\",\"width\":936,\"height\":549,\"caption\":\"Foot d'avant\"},\"image\":{\"@id\":\"https:\/\/footdavant.fr\/actualites\/#\/schema\/logo\/image\/\"},\"sameAs\":[\"https:\/\/www.facebook.com\/Footdavant\/\",\"https:\/\/twitter.com\/FootdavantFr\",\"https:\/\/www.instagram.com\/footdavant.fr\/\"]},{\"@type\":\"Person\",\"@id\":\"https:\/\/footdavant.fr\/actualites\/#\/schema\/person\/bc222566d95871b37e597b3ed3ba5e1d\",\"name\":\"Cl\u00e9ment\",\"image\":{\"@type\":\"ImageObject\",\"inLanguage\":\"fr-FR\",\"@id\":\"https:\/\/footdavant.fr\/actualites\/#\/schema\/person\/image\/\",\"url\":\"https:\/\/secure.gravatar.com\/avatar\/7728b29aac2719421e1a9159b2254c44?s=96&d=mm&r=g\",\"contentUrl\":\"https:\/\/secure.gravatar.com\/avatar\/7728b29aac2719421e1a9159b2254c44?s=96&d=mm&r=g\",\"caption\":\"Cl\u00e9ment\"},\"sameAs\":[\"https:\/\/footdavant.fr\/\"]}]}<\/script>\n<!-- \/ Yoast SEO plugin. -->","yoast_head_json":{"title":"Rasmus Hojlund: la difficile ann\u00e9e 2026 du pr\u00eateur de Man United persiste -","robots":{"index":"index","follow":"follow","max-snippet":"max-snippet:-1","max-image-preview":"max-image-preview:large","max-video-preview":"max-video-preview:-1"},"canonical":"https:\/\/footdavant.fr\/actualites\/rasmus-hojlund-la-difficile-annee-2026-du-preteur-de-man-united-persiste\/","og_locale":"fr_FR","og_type":"article","og_title":"Rasmus Hojlund: la difficile ann\u00e9e 2026 du pr\u00eateur de Man United persiste -","og_description":"3 Manchester United avait deux joueurs en pr\u00eat mardi soir. Pour savoir o\u00f9 tous les joueurs de United sont pr\u00eat\u00e9s cette saison, cliquez ici. Rasmus","og_url":"https:\/\/footdavant.fr\/actualites\/rasmus-hojlund-la-difficile-annee-2026-du-preteur-de-man-united-persiste\/","og_site_name":"Foot d&#039;avant","article_publisher":"https:\/\/www.facebook.com\/Footdavant\/","article_published_time":"2026-01-21T06:48:05+00:00","og_image":[{"width":1600,"height":713,"url":"https:\/\/footdavant.fr\/actualites\/wp-content\/uploads\/2025\/12\/Rasmus-Hojlund-le-prete-de-Man-United-subit-une-soiree.jpg","type":"image\/jpeg"}],"author":"Cl\u00e9ment","twitter_card":"summary_large_image","twitter_creator":"@FootdavantFr","twitter_site":"@FootdavantFr","twitter_misc":{"\u00c9crit par":"Cl\u00e9ment","Dur\u00e9e de lecture estim\u00e9e":"3 minutes"},"schema":{"@context":"https:\/\/schema.org","@graph":[{"@type":"Article","@id":"https:\/\/footdavant.fr\/actualites\/rasmus-hojlund-la-difficile-annee-2026-du-preteur-de-man-united-persiste\/#article","isPartOf":{"@id":"https:\/\/footdavant.fr\/actualites\/rasmus-hojlund-la-difficile-annee-2026-du-preteur-de-man-united-persiste\/"},"author":{"name":"Cl\u00e9ment","@id":"https:\/\/footdavant.fr\/actualites\/#\/schema\/person\/bc222566d95871b37e597b3ed3ba5e1d"},"headline":"Rasmus Hojlund: la difficile ann\u00e9e 2026 du pr\u00eateur de Man United persiste &#8211;","datePublished":"2026-01-21T06:48:05+00:00","dateModified":"2026-01-21T06:48:05+00:00","mainEntityOfPage":{"@id":"https:\/\/footdavant.fr\/actualites\/rasmus-hojlund-la-difficile-annee-2026-du-preteur-de-man-united-persiste\/"},"wordCount":576,"publisher":{"@id":"https:\/\/footdavant.fr\/actualites\/#organization"},"keywords":["ann\u00e9e","difficile","Hojlund","Man","persiste","pr\u00eateur","Rasmus","United"],"articleSection":["Football"],"inLanguage":"fr-FR"},{"@type":"WebPage","@id":"https:\/\/footdavant.fr\/actualites\/rasmus-hojlund-la-difficile-annee-2026-du-preteur-de-man-united-persiste\/","url":"https:\/\/footdavant.fr\/actualites\/rasmus-hojlund-la-difficile-annee-2026-du-preteur-de-man-united-persiste\/","name":"Rasmus Hojlund: la difficile ann\u00e9e 2026 du pr\u00eateur de Man United persiste -","isPartOf":{"@id":"https:\/\/footdavant.fr\/actualites\/#website"},"datePublished":"2026-01-21T06:48:05+00:00","dateModified":"2026-01-21T06:48:05+00:00","breadcrumb":{"@id":"https:\/\/footdavant.fr\/actualites\/rasmus-hojlund-la-difficile-annee-2026-du-preteur-de-man-united-persiste\/#breadcrumb"},"inLanguage":"fr-FR","potentialAction":[{"@type":"ReadAction","target":["https:\/\/footdavant.fr\/actualites\/rasmus-hojlund-la-difficile-annee-2026-du-preteur-de-man-united-persiste\/"]}]},{"@type":"BreadcrumbList","@id":"https:\/\/footdavant.fr\/actualites\/rasmus-hojlund-la-difficile-annee-2026-du-preteur-de-man-united-persiste\/#breadcrumb","itemListElement":[{"@type":"ListItem","position":1,"name":"Accueil","item":"https:\/\/footdavant.fr\/actualites\/"},{"@type":"ListItem","position":2,"name":"Rasmus Hojlund: la difficile ann\u00e9e 2026 du pr\u00eateur de Man United persiste &#8211;"}]},{"@type":"WebSite","@id":"https:\/\/footdavant.fr\/actualites\/#website","url":"https:\/\/footdavant.fr\/actualites\/","name":"Foot d'avant","description":"","publisher":{"@id":"https:\/\/footdavant.fr\/actualites\/#organization"},"potentialAction":[{"@type":"SearchAction","target":{"@type":"EntryPoint","urlTemplate":"https:\/\/footdavant.fr\/actualites\/?s={search_term_string}"},"query-input":"required name=search_term_string"}],"inLanguage":"fr-FR"},{"@type":"Organization","@id":"https:\/\/footdavant.fr\/actualites\/#organization","name":"Foot d'avant","url":"https:\/\/footdavant.fr\/actualites\/","logo":{"@type":"ImageObject","inLanguage":"fr-FR","@id":"https:\/\/footdavant.fr\/actualites\/#\/schema\/logo\/image\/","url":"https:\/\/footdavant.fr\/actualites\/wp-content\/uploads\/2023\/09\/Copy-of-FootDavant-Logo.png","contentUrl":"https:\/\/footdavant.fr\/actualites\/wp-content\/uploads\/2023\/09\/Copy-of-FootDavant-Logo.png","width":936,"height":549,"caption":"Foot d'avant"},"image":{"@id":"https:\/\/footdavant.fr\/actualites\/#\/schema\/logo\/image\/"},"sameAs":["https:\/\/www.facebook.com\/Footdavant\/","https:\/\/twitter.com\/FootdavantFr","https:\/\/www.instagram.com\/footdavant.fr\/"]},{"@type":"Person","@id":"https:\/\/footdavant.fr\/actualites\/#\/schema\/person\/bc222566d95871b37e597b3ed3ba5e1d","name":"Cl\u00e9ment","image":{"@type":"ImageObject","inLanguage":"fr-FR","@id":"https:\/\/footdavant.fr\/actualites\/#\/schema\/person\/image\/","url":"https:\/\/secure.gravatar.com\/avatar\/7728b29aac2719421e1a9159b2254c44?s=96&d=mm&r=g","contentUrl":"https:\/\/secure.gravatar.com\/avatar\/7728b29aac2719421e1a9159b2254c44?s=96&d=mm&r=g","caption":"Cl\u00e9ment"},"sameAs":["https:\/\/footdavant.fr\/"]}]}},"_links":{"self":[{"href":"https:\/\/footdavant.fr\/actualites\/wp-json\/wp\/v2\/posts\/33658"}],"collection":[{"href":"https:\/\/footdavant.fr\/actualites\/wp-json\/wp\/v2\/posts"}],"about":[{"href":"https:\/\/footdavant.fr\/actualites\/wp-json\/wp\/v2\/types\/post"}],"author":[{"embeddable":true,"href":"https:\/\/footdavant.fr\/actualites\/wp-json\/wp\/v2\/users\/1"}],"replies":[{"embeddable":true,"href":"https:\/\/footdavant.fr\/actualites\/wp-json\/wp\/v2\/comments?post=33658"}],"version-history":[{"count":1,"href":"https:\/\/footdavant.fr\/actualites\/wp-json\/wp\/v2\/posts\/33658\/revisions"}],"predecessor-version":[{"id":33659,"href":"https:\/\/footdavant.fr\/actualites\/wp-json\/wp\/v2\/posts\/33658\/revisions\/33659"}],"wp:featuredmedia":[{"embeddable":true,"href":"https:\/\/footdavant.fr\/actualites\/wp-json\/wp\/v2\/media\/32244"}],"wp:attachment":[{"href":"https:\/\/footdavant.fr\/actualites\/wp-json\/wp\/v2\/media?parent=33658"}],"wp:term":[{"taxonomy":"category","embeddable":true,"href":"https:\/\/footdavant.fr\/actualites\/wp-json\/wp\/v2\/categories?post=33658"},{"taxonomy":"post_tag","embeddable":true,"href":"https:\/\/footdavant.fr\/actualites\/wp-json\/wp\/v2\/tags?post=33658"}],"curies":[{"name":"wp","href":"https:\/\/api.w.org\/{rel}","templated":true}]}}