{"id":33660,"date":"2026-01-21T09:48:00","date_gmt":"2026-01-21T08:48:00","guid":{"rendered":"https:\/\/footdavant.fr\/actualites\/composition-daston-villa-contre-fenerbahce-xi-prevu-pour-le-match-de-la-ligue-europa\/"},"modified":"2026-01-21T09:48:00","modified_gmt":"2026-01-21T08:48:00","slug":"composition-daston-villa-contre-fenerbahce-xi-prevu-pour-le-match-de-la-ligue-europa","status":"publish","type":"post","link":"https:\/\/footdavant.fr\/actualites\/composition-daston-villa-contre-fenerbahce-xi-prevu-pour-le-match-de-la-ligue-europa\/","title":{"rendered":"Composition d&#39;Aston Villa contre Fenerbahce\u00a0: XI pr\u00e9vu pour le match de la Ligue Europa"},"content":{"rendered":"<div itemprop=\"articleBody\">\n<p style=\"margin-bottom:11px\">Aston Villa pourrait se retrouver sans six joueurs pour le choc de la Ligue Europa de jeudi avec Fenerbahce au stade Sukru Saracoglu.<\/p>\n<p>Le milieu de terrain cl\u00e9 John McGinn a \u00e9t\u00e9 retir\u00e9 en raison d&#39;une blessure au genou lors de la premi\u00e8re mi-temps de la d\u00e9faite 1-0 en Premier League dimanche contre Everton et rejoindra Boubacar Kamara, Ross Barkley (tous deux genoux) et Amadou Onana (cuisse) dans la salle de traitement.<\/p>\n<p>La recrue de janvier, Alysson, n&#39;est pas \u00e9ligible pour la Ligue Europa avant les huiti\u00e8mes de finale, tandis que Jadon Sancho sera \u00e9valu\u00e9 avant le coup d&#39;envoi apr\u00e8s avoir rat\u00e9 la d\u00e9faite contre Everton pour cause de maladie.<\/p>\n<p>L&#39;entra\u00eeneur-chef Unai Emery devrait nommer une formation assez solide, mais il envisagera de s\u00e9lectionner Marco Bizot entre les b\u00e2tons au d\u00e9triment du gardien de premier choix Emiliano Martinez.<\/p>\n<p>Matty Cash, qui n&#39;est qu&#39;\u00e0 un avertissement d&#39;une suspension, pourrait continuer \u00e0 l&#39;arri\u00e8re droit, mais le trio d\u00e9fensif Victor Lindelof, Tyrone Mings et Lucas Digne esp\u00e8rent tous se frayer un chemin dans le premier XI aux d\u00e9pens d&#39;Ezri Konsa, Pau Torres et Ian Maatsen.<\/p>\n<p>George Hemmings, 18 ans, n&#39;a fait que sa deuxi\u00e8me apparition senior en Premier League le week-end dernier et pourrait faire ses d\u00e9buts en Ligue Europa jeudi, m\u00eame si Emery restera probablement avec Youri Tielemans et Lamare Bogarde au milieu de terrain.<\/p>\n<p>En l&#39;absence de McGinn, Sancho &#8211; s&#39;il est en forme &#8211; ou Evann Guessand pourraient le remplacer sur le flanc droit, tandis qu&#39;Emiliano Buendia continue sur la gauche, tandis que Morgan Rogers devrait jouer un r\u00f4le avanc\u00e9 derri\u00e8re l&#39;attaquant Ollie Watkins, qui n&#39;a pas encore marqu\u00e9 lors de six matches de Ligue Europa cette saison.<\/p>\n<p>Aston Villa onze de d\u00e9part possible : Bizot ; Cash, Lindelof, Konsa, Digne ; Bogarde, Tielemans ; Guessand, Rogers, Buendia; Watkins<\/p>\n<\/div>\n","protected":false},"excerpt":{"rendered":"<p>Aston Villa pourrait se retrouver sans six joueurs pour le choc de la Ligue Europa de jeudi avec Fenerbahce au stade Sukru Saracoglu. Le milieu<\/p>\n","protected":false},"author":1,"featured_media":33661,"comment_status":"closed","ping_status":"","sticky":false,"template":"","format":"standard","meta":{"footnotes":""},"categories":[5],"tags":[2291,20,4823,761,1633,30,257,51,3924,370],"yoast_head":"<!-- This site is optimized with the Yoast SEO plugin v21.0 - https:\/\/yoast.com\/wordpress\/plugins\/seo\/ -->\n<title>Composition d&#039;Aston Villa contre Fenerbahce\u00a0: XI pr\u00e9vu pour le match de la Ligue Europa<\/title>\n<meta name=\"robots\" content=\"index, follow, max-snippet:-1, max-image-preview:large, max-video-preview:-1\" \/>\n<link rel=\"canonical\" href=\"https:\/\/footdavant.fr\/actualites\/composition-daston-villa-contre-fenerbahce-xi-prevu-pour-le-match-de-la-ligue-europa\/\" \/>\n<meta property=\"og:locale\" content=\"fr_FR\" \/>\n<meta property=\"og:type\" content=\"article\" \/>\n<meta property=\"og:title\" content=\"Composition d&#039;Aston Villa contre Fenerbahce\u00a0: XI pr\u00e9vu pour le match de la Ligue Europa\" \/>\n<meta property=\"og:description\" content=\"Aston Villa pourrait se retrouver sans six joueurs pour le choc de la Ligue Europa de jeudi avec Fenerbahce au stade Sukru Saracoglu. Le milieu\" \/>\n<meta property=\"og:url\" content=\"https:\/\/footdavant.fr\/actualites\/composition-daston-villa-contre-fenerbahce-xi-prevu-pour-le-match-de-la-ligue-europa\/\" \/>\n<meta property=\"og:site_name\" content=\"Foot d&#039;avant\" \/>\n<meta property=\"article:publisher\" content=\"https:\/\/www.facebook.com\/Footdavant\/\" \/>\n<meta property=\"article:published_time\" content=\"2026-01-21T08:48:00+00:00\" \/>\n<meta property=\"og:image\" content=\"https:\/\/footdavant.fr\/actualites\/wp-content\/uploads\/2026\/01\/Composition-d39Aston-Villa-contre-Fenerbahce-XI-prevu-pour-le-match.net2Fuploads2F20262F012Fmcginn-69591f7e8.webp\" \/>\n\t<meta property=\"og:image:width\" content=\"720\" \/>\n\t<meta property=\"og:image:height\" content=\"410\" \/>\n\t<meta property=\"og:image:type\" content=\"image\/webp\" \/>\n<meta name=\"author\" content=\"Cl\u00e9ment\" \/>\n<meta name=\"twitter:card\" content=\"summary_large_image\" \/>\n<meta name=\"twitter:creator\" content=\"@FootdavantFr\" \/>\n<meta name=\"twitter:site\" content=\"@FootdavantFr\" \/>\n<meta name=\"twitter:label1\" content=\"\u00c9crit par\" \/>\n\t<meta name=\"twitter:data1\" content=\"Cl\u00e9ment\" \/>\n\t<meta name=\"twitter:label2\" content=\"Dur\u00e9e de lecture estim\u00e9e\" \/>\n\t<meta name=\"twitter:data2\" content=\"2 minutes\" \/>\n<script type=\"application\/ld+json\" class=\"yoast-schema-graph\">{\"@context\":\"https:\/\/schema.org\",\"@graph\":[{\"@type\":\"Article\",\"@id\":\"https:\/\/footdavant.fr\/actualites\/composition-daston-villa-contre-fenerbahce-xi-prevu-pour-le-match-de-la-ligue-europa\/#article\",\"isPartOf\":{\"@id\":\"https:\/\/footdavant.fr\/actualites\/composition-daston-villa-contre-fenerbahce-xi-prevu-pour-le-match-de-la-ligue-europa\/\"},\"author\":{\"name\":\"Cl\u00e9ment\",\"@id\":\"https:\/\/footdavant.fr\/actualites\/#\/schema\/person\/bc222566d95871b37e597b3ed3ba5e1d\"},\"headline\":\"Composition d&#39;Aston Villa contre Fenerbahce\u00a0: XI pr\u00e9vu pour le match de la Ligue Europa\",\"datePublished\":\"2026-01-21T08:48:00+00:00\",\"dateModified\":\"2026-01-21T08:48:00+00:00\",\"mainEntityOfPage\":{\"@id\":\"https:\/\/footdavant.fr\/actualites\/composition-daston-villa-contre-fenerbahce-xi-prevu-pour-le-match-de-la-ligue-europa\/\"},\"wordCount\":342,\"publisher\":{\"@id\":\"https:\/\/footdavant.fr\/actualites\/#organization\"},\"keywords\":[\"composition\",\"contre\",\"d39Aston\",\"Europa\",\"Fenerbah\u00e7e\",\"Ligue\",\"match\",\"pour\",\"pr\u00e9vu\",\"Villa\"],\"articleSection\":[\"Premier League\"],\"inLanguage\":\"fr-FR\"},{\"@type\":\"WebPage\",\"@id\":\"https:\/\/footdavant.fr\/actualites\/composition-daston-villa-contre-fenerbahce-xi-prevu-pour-le-match-de-la-ligue-europa\/\",\"url\":\"https:\/\/footdavant.fr\/actualites\/composition-daston-villa-contre-fenerbahce-xi-prevu-pour-le-match-de-la-ligue-europa\/\",\"name\":\"Composition d&#39;Aston Villa contre Fenerbahce\u00a0: XI pr\u00e9vu pour le match de la Ligue Europa\",\"isPartOf\":{\"@id\":\"https:\/\/footdavant.fr\/actualites\/#website\"},\"datePublished\":\"2026-01-21T08:48:00+00:00\",\"dateModified\":\"2026-01-21T08:48:00+00:00\",\"breadcrumb\":{\"@id\":\"https:\/\/footdavant.fr\/actualites\/composition-daston-villa-contre-fenerbahce-xi-prevu-pour-le-match-de-la-ligue-europa\/#breadcrumb\"},\"inLanguage\":\"fr-FR\",\"potentialAction\":[{\"@type\":\"ReadAction\",\"target\":[\"https:\/\/footdavant.fr\/actualites\/composition-daston-villa-contre-fenerbahce-xi-prevu-pour-le-match-de-la-ligue-europa\/\"]}]},{\"@type\":\"BreadcrumbList\",\"@id\":\"https:\/\/footdavant.fr\/actualites\/composition-daston-villa-contre-fenerbahce-xi-prevu-pour-le-match-de-la-ligue-europa\/#breadcrumb\",\"itemListElement\":[{\"@type\":\"ListItem\",\"position\":1,\"name\":\"Accueil\",\"item\":\"https:\/\/footdavant.fr\/actualites\/\"},{\"@type\":\"ListItem\",\"position\":2,\"name\":\"Composition d&#39;Aston Villa contre Fenerbahce\u00a0: XI pr\u00e9vu pour le match de la Ligue Europa\"}]},{\"@type\":\"WebSite\",\"@id\":\"https:\/\/footdavant.fr\/actualites\/#website\",\"url\":\"https:\/\/footdavant.fr\/actualites\/\",\"name\":\"Foot d'avant\",\"description\":\"\",\"publisher\":{\"@id\":\"https:\/\/footdavant.fr\/actualites\/#organization\"},\"potentialAction\":[{\"@type\":\"SearchAction\",\"target\":{\"@type\":\"EntryPoint\",\"urlTemplate\":\"https:\/\/footdavant.fr\/actualites\/?s={search_term_string}\"},\"query-input\":\"required name=search_term_string\"}],\"inLanguage\":\"fr-FR\"},{\"@type\":\"Organization\",\"@id\":\"https:\/\/footdavant.fr\/actualites\/#organization\",\"name\":\"Foot d'avant\",\"url\":\"https:\/\/footdavant.fr\/actualites\/\",\"logo\":{\"@type\":\"ImageObject\",\"inLanguage\":\"fr-FR\",\"@id\":\"https:\/\/footdavant.fr\/actualites\/#\/schema\/logo\/image\/\",\"url\":\"https:\/\/footdavant.fr\/actualites\/wp-content\/uploads\/2023\/09\/Copy-of-FootDavant-Logo.png\",\"contentUrl\":\"https:\/\/footdavant.fr\/actualites\/wp-content\/uploads\/2023\/09\/Copy-of-FootDavant-Logo.png\",\"width\":936,\"height\":549,\"caption\":\"Foot d'avant\"},\"image\":{\"@id\":\"https:\/\/footdavant.fr\/actualites\/#\/schema\/logo\/image\/\"},\"sameAs\":[\"https:\/\/www.facebook.com\/Footdavant\/\",\"https:\/\/twitter.com\/FootdavantFr\",\"https:\/\/www.instagram.com\/footdavant.fr\/\"]},{\"@type\":\"Person\",\"@id\":\"https:\/\/footdavant.fr\/actualites\/#\/schema\/person\/bc222566d95871b37e597b3ed3ba5e1d\",\"name\":\"Cl\u00e9ment\",\"image\":{\"@type\":\"ImageObject\",\"inLanguage\":\"fr-FR\",\"@id\":\"https:\/\/footdavant.fr\/actualites\/#\/schema\/person\/image\/\",\"url\":\"https:\/\/secure.gravatar.com\/avatar\/7728b29aac2719421e1a9159b2254c44?s=96&d=mm&r=g\",\"contentUrl\":\"https:\/\/secure.gravatar.com\/avatar\/7728b29aac2719421e1a9159b2254c44?s=96&d=mm&r=g\",\"caption\":\"Cl\u00e9ment\"},\"sameAs\":[\"https:\/\/footdavant.fr\/\"]}]}<\/script>\n<!-- \/ Yoast SEO plugin. -->","yoast_head_json":{"title":"Composition d&#39;Aston Villa contre Fenerbahce\u00a0: XI pr\u00e9vu pour le match de la Ligue Europa","robots":{"index":"index","follow":"follow","max-snippet":"max-snippet:-1","max-image-preview":"max-image-preview:large","max-video-preview":"max-video-preview:-1"},"canonical":"https:\/\/footdavant.fr\/actualites\/composition-daston-villa-contre-fenerbahce-xi-prevu-pour-le-match-de-la-ligue-europa\/","og_locale":"fr_FR","og_type":"article","og_title":"Composition d&#39;Aston Villa contre Fenerbahce\u00a0: XI pr\u00e9vu pour le match de la Ligue Europa","og_description":"Aston Villa pourrait se retrouver sans six joueurs pour le choc de la Ligue Europa de jeudi avec Fenerbahce au stade Sukru Saracoglu. Le milieu","og_url":"https:\/\/footdavant.fr\/actualites\/composition-daston-villa-contre-fenerbahce-xi-prevu-pour-le-match-de-la-ligue-europa\/","og_site_name":"Foot d&#039;avant","article_publisher":"https:\/\/www.facebook.com\/Footdavant\/","article_published_time":"2026-01-21T08:48:00+00:00","og_image":[{"width":720,"height":410,"url":"https:\/\/footdavant.fr\/actualites\/wp-content\/uploads\/2026\/01\/Composition-d39Aston-Villa-contre-Fenerbahce-XI-prevu-pour-le-match.net2Fuploads2F20262F012Fmcginn-69591f7e8.webp","type":"image\/webp"}],"author":"Cl\u00e9ment","twitter_card":"summary_large_image","twitter_creator":"@FootdavantFr","twitter_site":"@FootdavantFr","twitter_misc":{"\u00c9crit par":"Cl\u00e9ment","Dur\u00e9e de lecture estim\u00e9e":"2 minutes"},"schema":{"@context":"https:\/\/schema.org","@graph":[{"@type":"Article","@id":"https:\/\/footdavant.fr\/actualites\/composition-daston-villa-contre-fenerbahce-xi-prevu-pour-le-match-de-la-ligue-europa\/#article","isPartOf":{"@id":"https:\/\/footdavant.fr\/actualites\/composition-daston-villa-contre-fenerbahce-xi-prevu-pour-le-match-de-la-ligue-europa\/"},"author":{"name":"Cl\u00e9ment","@id":"https:\/\/footdavant.fr\/actualites\/#\/schema\/person\/bc222566d95871b37e597b3ed3ba5e1d"},"headline":"Composition d&#39;Aston Villa contre Fenerbahce\u00a0: XI pr\u00e9vu pour le match de la Ligue Europa","datePublished":"2026-01-21T08:48:00+00:00","dateModified":"2026-01-21T08:48:00+00:00","mainEntityOfPage":{"@id":"https:\/\/footdavant.fr\/actualites\/composition-daston-villa-contre-fenerbahce-xi-prevu-pour-le-match-de-la-ligue-europa\/"},"wordCount":342,"publisher":{"@id":"https:\/\/footdavant.fr\/actualites\/#organization"},"keywords":["composition","contre","d39Aston","Europa","Fenerbah\u00e7e","Ligue","match","pour","pr\u00e9vu","Villa"],"articleSection":["Premier League"],"inLanguage":"fr-FR"},{"@type":"WebPage","@id":"https:\/\/footdavant.fr\/actualites\/composition-daston-villa-contre-fenerbahce-xi-prevu-pour-le-match-de-la-ligue-europa\/","url":"https:\/\/footdavant.fr\/actualites\/composition-daston-villa-contre-fenerbahce-xi-prevu-pour-le-match-de-la-ligue-europa\/","name":"Composition d&#39;Aston Villa contre Fenerbahce\u00a0: XI pr\u00e9vu pour le match de la Ligue Europa","isPartOf":{"@id":"https:\/\/footdavant.fr\/actualites\/#website"},"datePublished":"2026-01-21T08:48:00+00:00","dateModified":"2026-01-21T08:48:00+00:00","breadcrumb":{"@id":"https:\/\/footdavant.fr\/actualites\/composition-daston-villa-contre-fenerbahce-xi-prevu-pour-le-match-de-la-ligue-europa\/#breadcrumb"},"inLanguage":"fr-FR","potentialAction":[{"@type":"ReadAction","target":["https:\/\/footdavant.fr\/actualites\/composition-daston-villa-contre-fenerbahce-xi-prevu-pour-le-match-de-la-ligue-europa\/"]}]},{"@type":"BreadcrumbList","@id":"https:\/\/footdavant.fr\/actualites\/composition-daston-villa-contre-fenerbahce-xi-prevu-pour-le-match-de-la-ligue-europa\/#breadcrumb","itemListElement":[{"@type":"ListItem","position":1,"name":"Accueil","item":"https:\/\/footdavant.fr\/actualites\/"},{"@type":"ListItem","position":2,"name":"Composition d&#39;Aston Villa contre Fenerbahce\u00a0: XI pr\u00e9vu pour le match de la Ligue Europa"}]},{"@type":"WebSite","@id":"https:\/\/footdavant.fr\/actualites\/#website","url":"https:\/\/footdavant.fr\/actualites\/","name":"Foot d'avant","description":"","publisher":{"@id":"https:\/\/footdavant.fr\/actualites\/#organization"},"potentialAction":[{"@type":"SearchAction","target":{"@type":"EntryPoint","urlTemplate":"https:\/\/footdavant.fr\/actualites\/?s={search_term_string}"},"query-input":"required name=search_term_string"}],"inLanguage":"fr-FR"},{"@type":"Organization","@id":"https:\/\/footdavant.fr\/actualites\/#organization","name":"Foot d'avant","url":"https:\/\/footdavant.fr\/actualites\/","logo":{"@type":"ImageObject","inLanguage":"fr-FR","@id":"https:\/\/footdavant.fr\/actualites\/#\/schema\/logo\/image\/","url":"https:\/\/footdavant.fr\/actualites\/wp-content\/uploads\/2023\/09\/Copy-of-FootDavant-Logo.png","contentUrl":"https:\/\/footdavant.fr\/actualites\/wp-content\/uploads\/2023\/09\/Copy-of-FootDavant-Logo.png","width":936,"height":549,"caption":"Foot d'avant"},"image":{"@id":"https:\/\/footdavant.fr\/actualites\/#\/schema\/logo\/image\/"},"sameAs":["https:\/\/www.facebook.com\/Footdavant\/","https:\/\/twitter.com\/FootdavantFr","https:\/\/www.instagram.com\/footdavant.fr\/"]},{"@type":"Person","@id":"https:\/\/footdavant.fr\/actualites\/#\/schema\/person\/bc222566d95871b37e597b3ed3ba5e1d","name":"Cl\u00e9ment","image":{"@type":"ImageObject","inLanguage":"fr-FR","@id":"https:\/\/footdavant.fr\/actualites\/#\/schema\/person\/image\/","url":"https:\/\/secure.gravatar.com\/avatar\/7728b29aac2719421e1a9159b2254c44?s=96&d=mm&r=g","contentUrl":"https:\/\/secure.gravatar.com\/avatar\/7728b29aac2719421e1a9159b2254c44?s=96&d=mm&r=g","caption":"Cl\u00e9ment"},"sameAs":["https:\/\/footdavant.fr\/"]}]}},"_links":{"self":[{"href":"https:\/\/footdavant.fr\/actualites\/wp-json\/wp\/v2\/posts\/33660"}],"collection":[{"href":"https:\/\/footdavant.fr\/actualites\/wp-json\/wp\/v2\/posts"}],"about":[{"href":"https:\/\/footdavant.fr\/actualites\/wp-json\/wp\/v2\/types\/post"}],"author":[{"embeddable":true,"href":"https:\/\/footdavant.fr\/actualites\/wp-json\/wp\/v2\/users\/1"}],"replies":[{"embeddable":true,"href":"https:\/\/footdavant.fr\/actualites\/wp-json\/wp\/v2\/comments?post=33660"}],"version-history":[{"count":1,"href":"https:\/\/footdavant.fr\/actualites\/wp-json\/wp\/v2\/posts\/33660\/revisions"}],"predecessor-version":[{"id":33662,"href":"https:\/\/footdavant.fr\/actualites\/wp-json\/wp\/v2\/posts\/33660\/revisions\/33662"}],"wp:featuredmedia":[{"embeddable":true,"href":"https:\/\/footdavant.fr\/actualites\/wp-json\/wp\/v2\/media\/33661"}],"wp:attachment":[{"href":"https:\/\/footdavant.fr\/actualites\/wp-json\/wp\/v2\/media?parent=33660"}],"wp:term":[{"taxonomy":"category","embeddable":true,"href":"https:\/\/footdavant.fr\/actualites\/wp-json\/wp\/v2\/categories?post=33660"},{"taxonomy":"post_tag","embeddable":true,"href":"https:\/\/footdavant.fr\/actualites\/wp-json\/wp\/v2\/tags?post=33660"}],"curies":[{"name":"wp","href":"https:\/\/api.w.org\/{rel}","templated":true}]}}