{"id":33663,"date":"2026-01-21T11:48:13","date_gmt":"2026-01-21T10:48:13","guid":{"rendered":"https:\/\/footdavant.fr\/actualites\/lancien-attaquant-de-chelsea-a-de-grandes-attentes-a-legard-de-son-nouveau-patron\/"},"modified":"2026-01-21T11:48:15","modified_gmt":"2026-01-21T10:48:15","slug":"lancien-attaquant-de-chelsea-a-de-grandes-attentes-a-legard-de-son-nouveau-patron","status":"publish","type":"post","link":"https:\/\/footdavant.fr\/actualites\/lancien-attaquant-de-chelsea-a-de-grandes-attentes-a-legard-de-son-nouveau-patron\/","title":{"rendered":"L&#39;ancien attaquant de Chelsea a de \u00ab\u00a0grandes attentes\u00a0\u00bb \u00e0 l&#39;\u00e9gard de son nouveau patron"},"content":{"rendered":"<div>\n<p>Carlton Cole est un gars de la vieille \u00e9cole de Chelsea, et c&#39;\u00e9tait vraiment int\u00e9ressant d&#39;entendre son opinion sur le nouveau manager Liam Rosenior.<\/p>\n<p><span style=\"font-weight: 400\">\u00ab\u00a0J&#39;ai de grandes attentes \u00e0 son \u00e9gard car son souci du d\u00e9tail en tant que manager, d&#39;apr\u00e8s ce que j&#39;ai vu, est incroyable\u00a0\u00bb, a d\u00e9clar\u00e9 Cole lors d&#39;une interview avec 10bet \u2013 le meilleur football <\/span><span style=\"font-weight: 400\">paris en direct<\/span><span style=\"font-weight: 400\"> site.<\/span><\/p>\n<p><span style=\"font-weight: 400\">\u00ab\u00a0Il a \u00e9galement confiance en ses capacit\u00e9s, et c&#39;est ce que vous voulez voir en tant que joueur, vous voulez voir votre leader confiant dans toutes ses actions. Je sais que la situation de Maresca n&#39;\u00e9tait pas id\u00e9ale pour les joueurs, mais maintenant ils doivent aller dans une direction diff\u00e9rente et je pense qu&#39;ils donneront tout pour lui.\u00a0\u00bb<\/span><\/p>\n<p><span style=\"font-weight: 400\">Si vous croyez autant que Carlton au battage m\u00e9diatique de Rosenior, vous pouvez parier sur les Blues <\/span><span style=\"font-weight: 400\">faire une petite course ici<\/span><span style=\"font-weight: 400\">. Ils ont Brentford et Pafos \u00e0 domicile, puis Crystal Palace \u00e0 l&#39;ext\u00e9rieur, juste apr\u00e8s avoir perdu leur capitaine et homme cl\u00e9 Marc Guehi. Tentant, non ?<\/span><\/p>\n<p><span style=\"font-weight: 400\">Vous pourriez \u00e9galement envisager <\/span><span style=\"font-weight: 400\">paris en direct<\/span><span style=\"font-weight: 400\"> pendant les jeux. Compte tenu de notre bilan ridicule de perte de points apr\u00e8s des positions gagnantes \u00e0 domicile cette saison, la d\u00e9cision serait d&#39;attendre que nous prenions l&#39;avantage, puis de mettre la maison sur le fait que nous avons g\u00e2ch\u00e9 en seconde p\u00e9riode avec une d\u00e9fense douteuse.<\/span><\/p>\n<p><span style=\"font-weight: 400\">M\u00eame si Rosenior se r\u00e9v\u00e8le \u00eatre un coach de g\u00e9nie, cela va lui prendre du temps <\/span><span style=\"font-weight: 400\">pour r\u00e9gler ce d\u00e9faut<\/span><span style=\"font-weight: 400\">d&#39;autant plus que nous jouons actuellement deux matchs par semaine, donc son temps avec les joueurs sur le terrain d&#39;entra\u00eenement est tr\u00e8s limit\u00e9. Comme le souligne Cole, sa priorit\u00e9 est simplement de rallier le groupe avant de trop se soucier de la tactique\u00a0:<\/span><\/p>\n<p><span style=\"font-weight: 400\">\u00ab\u00a0Je pense qu&#39;il doit d&#39;abord gagner la confiance des joueurs. Les joueurs sont les personnes les plus importantes dans le b\u00e2timent en ce moment et il doit gagner leur confiance, les faire jouer pour lui. Je pense qu&#39;il s&#39;en sortira bien \u00e0 long terme.\u00a0\u00bb<\/span><\/p>\n<p><span style=\"font-weight: 400\">C&#39;est prometteur d&#39;entendre \u00e7a. Les conf\u00e9rences de presse passionn\u00e9es et bien prononc\u00e9es de Rosenior ont certainement intrigu\u00e9 les journalistes, mais il est souvent difficile de dire comment cela se passe dans le vestiaire.<\/span><\/p>\n<p><span style=\"font-weight: 400\">Cole semble convaincu que ce genre d\u2019attitude et de personnalit\u00e9 peut convaincre le groupe \u2013 et en tant que personne ayant jou\u00e9 sous Jose Mourinho, Cole a vraiment vu un ma\u00eetre \u00e0 l\u2019\u0153uvre.<\/span><\/p>\n<p><span style=\"font-weight: 400\">\u00ab\u00a0Mourinho est d\u00e9finitivement l&#39;un de ces personnages qu&#39;il faut respecter car il fera les choses \u00e0 sa mani\u00e8re\u00a0\u00bb, a expliqu\u00e9 Cole.<\/span><\/p>\n<p><span style=\"font-weight: 400\">\u00ab\u00a0S&#39;il est boulevers\u00e9, m\u00eame s&#39;il l&#39;est dans sa vie personnelle, il pourrait venir s&#39;en prendre \u00e0 vous. Vous devez donc faire tr\u00e8s attention \u00e0 la fa\u00e7on dont vous vous d\u00e9placez autour de Mourinho.\u00a0\u00bb<\/span><\/p>\n<p><span style=\"font-weight: 400\">\u00c0 tout le moins, Rosenior semble un peu plus raisonnable que \u00e7a.<\/span><\/p>\n<section class=\"cs-read-next\">\n<h2>\n<p>\t\t\t\t\tLire ensuite\t\t\t\t<\/h2>\n<\/p>\n<\/section><\/div>\n","protected":false},"excerpt":{"rendered":"<p>Carlton Cole est un gars de la vieille \u00e9cole de Chelsea, et c&#39;\u00e9tait vraiment int\u00e9ressant d&#39;entendre son opinion sur le nouveau manager Liam Rosenior. \u00ab\u00a0J&#39;ai<\/p>\n","protected":false},"author":1,"featured_media":32914,"comment_status":"closed","ping_status":"","sticky":false,"template":"","format":"standard","meta":{"footnotes":""},"categories":[3],"tags":[778,1650,171,5747,4404,6844,199,231,86],"yoast_head":"<!-- This site is optimized with the Yoast SEO plugin v21.0 - https:\/\/yoast.com\/wordpress\/plugins\/seo\/ -->\n<title>L&#039;ancien attaquant de Chelsea a de &quot;grandes attentes&quot; \u00e0 l&#039;\u00e9gard de son nouveau patron<\/title>\n<meta name=\"robots\" content=\"index, follow, max-snippet:-1, max-image-preview:large, max-video-preview:-1\" \/>\n<link rel=\"canonical\" href=\"https:\/\/footdavant.fr\/actualites\/lancien-attaquant-de-chelsea-a-de-grandes-attentes-a-legard-de-son-nouveau-patron\/\" \/>\n<meta property=\"og:locale\" content=\"fr_FR\" \/>\n<meta property=\"og:type\" content=\"article\" \/>\n<meta property=\"og:title\" content=\"L&#039;ancien attaquant de Chelsea a de &quot;grandes attentes&quot; \u00e0 l&#039;\u00e9gard de son nouveau patron\" \/>\n<meta property=\"og:description\" content=\"Carlton Cole est un gars de la vieille \u00e9cole de Chelsea, et c&#039;\u00e9tait vraiment int\u00e9ressant d&#039;entendre son opinion sur le nouveau manager Liam Rosenior. \u00ab\u00a0J&#039;ai\" \/>\n<meta property=\"og:url\" content=\"https:\/\/footdavant.fr\/actualites\/lancien-attaquant-de-chelsea-a-de-grandes-attentes-a-legard-de-son-nouveau-patron\/\" \/>\n<meta property=\"og:site_name\" content=\"Foot d&#039;avant\" \/>\n<meta property=\"article:publisher\" content=\"https:\/\/www.facebook.com\/Footdavant\/\" \/>\n<meta property=\"article:published_time\" content=\"2026-01-21T10:48:13+00:00\" \/>\n<meta property=\"article:modified_time\" content=\"2026-01-21T10:48:15+00:00\" \/>\n<meta property=\"og:image\" content=\"https:\/\/footdavant.fr\/actualites\/wp-content\/uploads\/2025\/12\/Chelsea-etant-plus-proche-de-la-16e-que-de-la.webp\" \/>\n\t<meta property=\"og:image:width\" content=\"2560\" \/>\n\t<meta property=\"og:image:height\" content=\"1708\" \/>\n\t<meta property=\"og:image:type\" content=\"image\/webp\" \/>\n<meta name=\"author\" content=\"Cl\u00e9ment\" \/>\n<meta name=\"twitter:card\" content=\"summary_large_image\" \/>\n<meta name=\"twitter:creator\" content=\"@FootdavantFr\" \/>\n<meta name=\"twitter:site\" content=\"@FootdavantFr\" \/>\n<meta name=\"twitter:label1\" content=\"\u00c9crit par\" \/>\n\t<meta name=\"twitter:data1\" content=\"Cl\u00e9ment\" \/>\n\t<meta name=\"twitter:label2\" content=\"Dur\u00e9e de lecture estim\u00e9e\" \/>\n\t<meta name=\"twitter:data2\" content=\"3 minutes\" \/>\n<script type=\"application\/ld+json\" class=\"yoast-schema-graph\">{\"@context\":\"https:\/\/schema.org\",\"@graph\":[{\"@type\":\"Article\",\"@id\":\"https:\/\/footdavant.fr\/actualites\/lancien-attaquant-de-chelsea-a-de-grandes-attentes-a-legard-de-son-nouveau-patron\/#article\",\"isPartOf\":{\"@id\":\"https:\/\/footdavant.fr\/actualites\/lancien-attaquant-de-chelsea-a-de-grandes-attentes-a-legard-de-son-nouveau-patron\/\"},\"author\":{\"name\":\"Cl\u00e9ment\",\"@id\":\"https:\/\/footdavant.fr\/actualites\/#\/schema\/person\/bc222566d95871b37e597b3ed3ba5e1d\"},\"headline\":\"L&#39;ancien attaquant de Chelsea a de \u00ab\u00a0grandes attentes\u00a0\u00bb \u00e0 l&#39;\u00e9gard de son nouveau patron\",\"datePublished\":\"2026-01-21T10:48:13+00:00\",\"dateModified\":\"2026-01-21T10:48:15+00:00\",\"mainEntityOfPage\":{\"@id\":\"https:\/\/footdavant.fr\/actualites\/lancien-attaquant-de-chelsea-a-de-grandes-attentes-a-legard-de-son-nouveau-patron\/\"},\"wordCount\":529,\"publisher\":{\"@id\":\"https:\/\/footdavant.fr\/actualites\/#organization\"},\"keywords\":[\"attaquant\",\"attentes\",\"Chelsea\",\"grandes\",\"l39ancien\",\"l39\u00e9gard\",\"nouveau\",\"patron\",\"son\"],\"articleSection\":[\"Football\"],\"inLanguage\":\"fr-FR\"},{\"@type\":\"WebPage\",\"@id\":\"https:\/\/footdavant.fr\/actualites\/lancien-attaquant-de-chelsea-a-de-grandes-attentes-a-legard-de-son-nouveau-patron\/\",\"url\":\"https:\/\/footdavant.fr\/actualites\/lancien-attaquant-de-chelsea-a-de-grandes-attentes-a-legard-de-son-nouveau-patron\/\",\"name\":\"L&#39;ancien attaquant de Chelsea a de \\\"grandes attentes\\\" \u00e0 l&#39;\u00e9gard de son nouveau patron\",\"isPartOf\":{\"@id\":\"https:\/\/footdavant.fr\/actualites\/#website\"},\"datePublished\":\"2026-01-21T10:48:13+00:00\",\"dateModified\":\"2026-01-21T10:48:15+00:00\",\"breadcrumb\":{\"@id\":\"https:\/\/footdavant.fr\/actualites\/lancien-attaquant-de-chelsea-a-de-grandes-attentes-a-legard-de-son-nouveau-patron\/#breadcrumb\"},\"inLanguage\":\"fr-FR\",\"potentialAction\":[{\"@type\":\"ReadAction\",\"target\":[\"https:\/\/footdavant.fr\/actualites\/lancien-attaquant-de-chelsea-a-de-grandes-attentes-a-legard-de-son-nouveau-patron\/\"]}]},{\"@type\":\"BreadcrumbList\",\"@id\":\"https:\/\/footdavant.fr\/actualites\/lancien-attaquant-de-chelsea-a-de-grandes-attentes-a-legard-de-son-nouveau-patron\/#breadcrumb\",\"itemListElement\":[{\"@type\":\"ListItem\",\"position\":1,\"name\":\"Accueil\",\"item\":\"https:\/\/footdavant.fr\/actualites\/\"},{\"@type\":\"ListItem\",\"position\":2,\"name\":\"L&#39;ancien attaquant de Chelsea a de \u00ab\u00a0grandes attentes\u00a0\u00bb \u00e0 l&#39;\u00e9gard de son nouveau patron\"}]},{\"@type\":\"WebSite\",\"@id\":\"https:\/\/footdavant.fr\/actualites\/#website\",\"url\":\"https:\/\/footdavant.fr\/actualites\/\",\"name\":\"Foot d'avant\",\"description\":\"\",\"publisher\":{\"@id\":\"https:\/\/footdavant.fr\/actualites\/#organization\"},\"potentialAction\":[{\"@type\":\"SearchAction\",\"target\":{\"@type\":\"EntryPoint\",\"urlTemplate\":\"https:\/\/footdavant.fr\/actualites\/?s={search_term_string}\"},\"query-input\":\"required name=search_term_string\"}],\"inLanguage\":\"fr-FR\"},{\"@type\":\"Organization\",\"@id\":\"https:\/\/footdavant.fr\/actualites\/#organization\",\"name\":\"Foot d'avant\",\"url\":\"https:\/\/footdavant.fr\/actualites\/\",\"logo\":{\"@type\":\"ImageObject\",\"inLanguage\":\"fr-FR\",\"@id\":\"https:\/\/footdavant.fr\/actualites\/#\/schema\/logo\/image\/\",\"url\":\"https:\/\/footdavant.fr\/actualites\/wp-content\/uploads\/2023\/09\/Copy-of-FootDavant-Logo.png\",\"contentUrl\":\"https:\/\/footdavant.fr\/actualites\/wp-content\/uploads\/2023\/09\/Copy-of-FootDavant-Logo.png\",\"width\":936,\"height\":549,\"caption\":\"Foot d'avant\"},\"image\":{\"@id\":\"https:\/\/footdavant.fr\/actualites\/#\/schema\/logo\/image\/\"},\"sameAs\":[\"https:\/\/www.facebook.com\/Footdavant\/\",\"https:\/\/twitter.com\/FootdavantFr\",\"https:\/\/www.instagram.com\/footdavant.fr\/\"]},{\"@type\":\"Person\",\"@id\":\"https:\/\/footdavant.fr\/actualites\/#\/schema\/person\/bc222566d95871b37e597b3ed3ba5e1d\",\"name\":\"Cl\u00e9ment\",\"image\":{\"@type\":\"ImageObject\",\"inLanguage\":\"fr-FR\",\"@id\":\"https:\/\/footdavant.fr\/actualites\/#\/schema\/person\/image\/\",\"url\":\"https:\/\/secure.gravatar.com\/avatar\/7728b29aac2719421e1a9159b2254c44?s=96&d=mm&r=g\",\"contentUrl\":\"https:\/\/secure.gravatar.com\/avatar\/7728b29aac2719421e1a9159b2254c44?s=96&d=mm&r=g\",\"caption\":\"Cl\u00e9ment\"},\"sameAs\":[\"https:\/\/footdavant.fr\/\"]}]}<\/script>\n<!-- \/ Yoast SEO plugin. -->","yoast_head_json":{"title":"L&#39;ancien attaquant de Chelsea a de \"grandes attentes\" \u00e0 l&#39;\u00e9gard de son nouveau patron","robots":{"index":"index","follow":"follow","max-snippet":"max-snippet:-1","max-image-preview":"max-image-preview:large","max-video-preview":"max-video-preview:-1"},"canonical":"https:\/\/footdavant.fr\/actualites\/lancien-attaquant-de-chelsea-a-de-grandes-attentes-a-legard-de-son-nouveau-patron\/","og_locale":"fr_FR","og_type":"article","og_title":"L&#39;ancien attaquant de Chelsea a de \"grandes attentes\" \u00e0 l&#39;\u00e9gard de son nouveau patron","og_description":"Carlton Cole est un gars de la vieille \u00e9cole de Chelsea, et c&#39;\u00e9tait vraiment int\u00e9ressant d&#39;entendre son opinion sur le nouveau manager Liam Rosenior. \u00ab\u00a0J&#39;ai","og_url":"https:\/\/footdavant.fr\/actualites\/lancien-attaquant-de-chelsea-a-de-grandes-attentes-a-legard-de-son-nouveau-patron\/","og_site_name":"Foot d&#039;avant","article_publisher":"https:\/\/www.facebook.com\/Footdavant\/","article_published_time":"2026-01-21T10:48:13+00:00","article_modified_time":"2026-01-21T10:48:15+00:00","og_image":[{"width":2560,"height":1708,"url":"https:\/\/footdavant.fr\/actualites\/wp-content\/uploads\/2025\/12\/Chelsea-etant-plus-proche-de-la-16e-que-de-la.webp","type":"image\/webp"}],"author":"Cl\u00e9ment","twitter_card":"summary_large_image","twitter_creator":"@FootdavantFr","twitter_site":"@FootdavantFr","twitter_misc":{"\u00c9crit par":"Cl\u00e9ment","Dur\u00e9e de lecture estim\u00e9e":"3 minutes"},"schema":{"@context":"https:\/\/schema.org","@graph":[{"@type":"Article","@id":"https:\/\/footdavant.fr\/actualites\/lancien-attaquant-de-chelsea-a-de-grandes-attentes-a-legard-de-son-nouveau-patron\/#article","isPartOf":{"@id":"https:\/\/footdavant.fr\/actualites\/lancien-attaquant-de-chelsea-a-de-grandes-attentes-a-legard-de-son-nouveau-patron\/"},"author":{"name":"Cl\u00e9ment","@id":"https:\/\/footdavant.fr\/actualites\/#\/schema\/person\/bc222566d95871b37e597b3ed3ba5e1d"},"headline":"L&#39;ancien attaquant de Chelsea a de \u00ab\u00a0grandes attentes\u00a0\u00bb \u00e0 l&#39;\u00e9gard de son nouveau patron","datePublished":"2026-01-21T10:48:13+00:00","dateModified":"2026-01-21T10:48:15+00:00","mainEntityOfPage":{"@id":"https:\/\/footdavant.fr\/actualites\/lancien-attaquant-de-chelsea-a-de-grandes-attentes-a-legard-de-son-nouveau-patron\/"},"wordCount":529,"publisher":{"@id":"https:\/\/footdavant.fr\/actualites\/#organization"},"keywords":["attaquant","attentes","Chelsea","grandes","l39ancien","l39\u00e9gard","nouveau","patron","son"],"articleSection":["Football"],"inLanguage":"fr-FR"},{"@type":"WebPage","@id":"https:\/\/footdavant.fr\/actualites\/lancien-attaquant-de-chelsea-a-de-grandes-attentes-a-legard-de-son-nouveau-patron\/","url":"https:\/\/footdavant.fr\/actualites\/lancien-attaquant-de-chelsea-a-de-grandes-attentes-a-legard-de-son-nouveau-patron\/","name":"L&#39;ancien attaquant de Chelsea a de \"grandes attentes\" \u00e0 l&#39;\u00e9gard de son nouveau patron","isPartOf":{"@id":"https:\/\/footdavant.fr\/actualites\/#website"},"datePublished":"2026-01-21T10:48:13+00:00","dateModified":"2026-01-21T10:48:15+00:00","breadcrumb":{"@id":"https:\/\/footdavant.fr\/actualites\/lancien-attaquant-de-chelsea-a-de-grandes-attentes-a-legard-de-son-nouveau-patron\/#breadcrumb"},"inLanguage":"fr-FR","potentialAction":[{"@type":"ReadAction","target":["https:\/\/footdavant.fr\/actualites\/lancien-attaquant-de-chelsea-a-de-grandes-attentes-a-legard-de-son-nouveau-patron\/"]}]},{"@type":"BreadcrumbList","@id":"https:\/\/footdavant.fr\/actualites\/lancien-attaquant-de-chelsea-a-de-grandes-attentes-a-legard-de-son-nouveau-patron\/#breadcrumb","itemListElement":[{"@type":"ListItem","position":1,"name":"Accueil","item":"https:\/\/footdavant.fr\/actualites\/"},{"@type":"ListItem","position":2,"name":"L&#39;ancien attaquant de Chelsea a de \u00ab\u00a0grandes attentes\u00a0\u00bb \u00e0 l&#39;\u00e9gard de son nouveau patron"}]},{"@type":"WebSite","@id":"https:\/\/footdavant.fr\/actualites\/#website","url":"https:\/\/footdavant.fr\/actualites\/","name":"Foot d'avant","description":"","publisher":{"@id":"https:\/\/footdavant.fr\/actualites\/#organization"},"potentialAction":[{"@type":"SearchAction","target":{"@type":"EntryPoint","urlTemplate":"https:\/\/footdavant.fr\/actualites\/?s={search_term_string}"},"query-input":"required name=search_term_string"}],"inLanguage":"fr-FR"},{"@type":"Organization","@id":"https:\/\/footdavant.fr\/actualites\/#organization","name":"Foot d'avant","url":"https:\/\/footdavant.fr\/actualites\/","logo":{"@type":"ImageObject","inLanguage":"fr-FR","@id":"https:\/\/footdavant.fr\/actualites\/#\/schema\/logo\/image\/","url":"https:\/\/footdavant.fr\/actualites\/wp-content\/uploads\/2023\/09\/Copy-of-FootDavant-Logo.png","contentUrl":"https:\/\/footdavant.fr\/actualites\/wp-content\/uploads\/2023\/09\/Copy-of-FootDavant-Logo.png","width":936,"height":549,"caption":"Foot d'avant"},"image":{"@id":"https:\/\/footdavant.fr\/actualites\/#\/schema\/logo\/image\/"},"sameAs":["https:\/\/www.facebook.com\/Footdavant\/","https:\/\/twitter.com\/FootdavantFr","https:\/\/www.instagram.com\/footdavant.fr\/"]},{"@type":"Person","@id":"https:\/\/footdavant.fr\/actualites\/#\/schema\/person\/bc222566d95871b37e597b3ed3ba5e1d","name":"Cl\u00e9ment","image":{"@type":"ImageObject","inLanguage":"fr-FR","@id":"https:\/\/footdavant.fr\/actualites\/#\/schema\/person\/image\/","url":"https:\/\/secure.gravatar.com\/avatar\/7728b29aac2719421e1a9159b2254c44?s=96&d=mm&r=g","contentUrl":"https:\/\/secure.gravatar.com\/avatar\/7728b29aac2719421e1a9159b2254c44?s=96&d=mm&r=g","caption":"Cl\u00e9ment"},"sameAs":["https:\/\/footdavant.fr\/"]}]}},"_links":{"self":[{"href":"https:\/\/footdavant.fr\/actualites\/wp-json\/wp\/v2\/posts\/33663"}],"collection":[{"href":"https:\/\/footdavant.fr\/actualites\/wp-json\/wp\/v2\/posts"}],"about":[{"href":"https:\/\/footdavant.fr\/actualites\/wp-json\/wp\/v2\/types\/post"}],"author":[{"embeddable":true,"href":"https:\/\/footdavant.fr\/actualites\/wp-json\/wp\/v2\/users\/1"}],"replies":[{"embeddable":true,"href":"https:\/\/footdavant.fr\/actualites\/wp-json\/wp\/v2\/comments?post=33663"}],"version-history":[{"count":1,"href":"https:\/\/footdavant.fr\/actualites\/wp-json\/wp\/v2\/posts\/33663\/revisions"}],"predecessor-version":[{"id":33664,"href":"https:\/\/footdavant.fr\/actualites\/wp-json\/wp\/v2\/posts\/33663\/revisions\/33664"}],"wp:featuredmedia":[{"embeddable":true,"href":"https:\/\/footdavant.fr\/actualites\/wp-json\/wp\/v2\/media\/32914"}],"wp:attachment":[{"href":"https:\/\/footdavant.fr\/actualites\/wp-json\/wp\/v2\/media?parent=33663"}],"wp:term":[{"taxonomy":"category","embeddable":true,"href":"https:\/\/footdavant.fr\/actualites\/wp-json\/wp\/v2\/categories?post=33663"},{"taxonomy":"post_tag","embeddable":true,"href":"https:\/\/footdavant.fr\/actualites\/wp-json\/wp\/v2\/tags?post=33663"}],"curies":[{"name":"wp","href":"https:\/\/api.w.org\/{rel}","templated":true}]}}