{"id":33665,"date":"2026-01-21T13:48:03","date_gmt":"2026-01-21T12:48:03","guid":{"rendered":"https:\/\/footdavant.fr\/actualites\/apercu-fenerbahce-vs-aston-villa-pronostics-actualites-de-lequipe-compositions\/"},"modified":"2026-01-21T13:48:06","modified_gmt":"2026-01-21T12:48:06","slug":"apercu-fenerbahce-vs-aston-villa-pronostics-actualites-de-lequipe-compositions","status":"publish","type":"post","link":"https:\/\/footdavant.fr\/actualites\/apercu-fenerbahce-vs-aston-villa-pronostics-actualites-de-lequipe-compositions\/","title":{"rendered":"Aper\u00e7u : Fenerbahce vs Aston Villa \u2013 pronostics, actualit\u00e9s de l&#39;\u00e9quipe, compositions"},"content":{"rendered":"<div itemprop=\"articleBody\">\n<p style=\"margin-bottom:11px\">Apr\u00e8s le revers du week-end dernier en Premier League, Aston Villa s&#39;efforcera de retrouver le chemin de la victoire lorsqu&#39;elle se rendra en Turquie pour affronter Fenerbahce lors de son avant-dernier match de la phase de championnat de la Ligue Europa jeudi soir.<\/p>\n<p>Les deux \u00e9quipes s&#39;affrontent pour la premi\u00e8re fois depuis le premier tour de la Coupe UEFA 1977-78, lorsque Villa a remport\u00e9 une victoire cat\u00e9gorique 6-0 sur l&#39;ensemble des deux matches avant d&#39;atteindre les quarts de finale.<\/p>\n<hr class=\"divide\"\/>\n<h2>Aper\u00e7u du match<\/h2>\n<p style=\"margin-bottom:11px\">Apr\u00e8s avoir remport\u00e9 11 matches cons\u00e9cutifs \u00e0 Villa Park toutes comp\u00e9titions confondues et marqu\u00e9 23 buts au passage, Aston Villa a \u00e9chou\u00e9 lors d&#39;une d\u00e9cevante d\u00e9faite 1-0 \u00e0 domicile contre Everton dimanche et a rat\u00e9 l&#39;occasion de se rapprocher \u00e0 quatre points du leader de la Premier League, Arsenal.<\/p>\n<p>Villa n&#39;a r\u00e9ussi \u00e0 convertir aucun de ses 18 tirs au but lors d&#39;un match de Premier League pour la premi\u00e8re fois depuis octobre 2022 et peu de gens auraient \u00e9t\u00e9 surpris de voir Unai Emery visiblement d\u00e9prim\u00e9 apr\u00e8s le coup de sifflet \u00e0 temps plein. Cependant, nombreux sont ceux qui ont \u00e9t\u00e9 perplexes face aux commentaires de l&#39;Espagnol d&#39;apr\u00e8s-match, affirmant que son \u00e9quipe n&#39;\u00e9tait \u00ab\u00a0pas pr\u00e9tendante\u00a0\u00bb au top cinq car il y avait \u00ab\u00a0d&#39;autres \u00e9quipes avec plus de potentiel que nous\u00a0\u00bb.<\/p>\n<p>Troisi\u00e8me du classement et neuf points devant Chelsea en sixi\u00e8me position, Villa se rendra \u00e0 Newcastle pour son prochain match de haut niveau ce week-end, mais ils doivent d&#39;abord se concentrer sur leur bataille de Ligue Europa avec Fenerbahce, alors qu&#39;ils tentent d&#39;obtenir presque une qualification automatique pour les huiti\u00e8mes de finale avec un match \u00e0 jouer (face au Red Bull Salzbourg lors de la huiti\u00e8me journ\u00e9e \u00e0 la fin du mois).<\/p>\n<p>Villa est d\u00e9j\u00e0 l&#39;une des six \u00e9quipes de la Ligue Europa qui ont la garantie d&#39;au moins une place pour les s\u00e9ries \u00e9liminatoires des huiti\u00e8mes de finale, car elles occupent actuellement la troisi\u00e8me place du classement des 36 \u00e9quipes &#8211; \u00e0 \u00e9galit\u00e9 de points avec Lyon, en t\u00eate du classement, et Midtjylland, deuxi\u00e8me &#8211; apr\u00e8s avoir accumul\u00e9 15 points lors de leurs six premiers matchs (5 victoires, 1 d\u00e9faite).<\/p>\n<p>Les hommes d&#39;Emery ont r\u00e9cemment battu B\u00e2le 2-1 en Suisse le 11 d\u00e9cembre et Villa s&#39;efforcera de remporter trois points suppl\u00e9mentaires jeudi, puisqu&#39;ils ont remport\u00e9 quatre de leurs six pr\u00e9c\u00e9dentes confrontations avec un adversaire turc, marquant 11 buts et n&#39;en encaissant que trois dans le processus.<\/p>\n<div>\n<div>\n<div>\n<div>\n<p>\u00a9 Imago \/ Seskim Photo TR<\/p>\n<\/div>\n<\/div>\n<\/div>\n<\/div>\n<p>Apr\u00e8s avoir conclu l&#39;ann\u00e9e 2025 avec une d\u00e9faite 2-1 \u00e0 domicile contre Besiktas en Coupe de Turquie, Fenerbahce a d\u00e9marr\u00e9 2026 sur une note positive avec quatre victoires sur quatre toutes comp\u00e9titions confondues, dont une victoire 2-0 contre Galatasaray en finale de la Super Coupe de Turquie.<\/p>\n<p>Les Canaries jaunes restent en lice pour remporter leur premier titre de Super Lig depuis 2014, apr\u00e8s une victoire 3-2 contre Alanyaspor dimanche qui les a rapproch\u00e9s \u00e0 un point du leader Galatasaray, tout en pr\u00e9servant leur impressionnante invincibilit\u00e9 dans la division apr\u00e8s 18 matchs cette saison (12 victoires, 6 d\u00e9faites).<\/p>\n<p>En Ligue Europa, l&#39;\u00e9quipe de Domenico Tedesco a r\u00e9colt\u00e9 11 points lors de ses six matches de phase de championnat, avec une d\u00e9faite lors de la premi\u00e8re journ\u00e9e contre le Dinamo Zagreb (3-1) suivie de trois victoires et de deux nuls pour leur donner de fortes chances de se classer au moins parmi les 24 premiers.<\/p>\n<p>La qualification automatique pour les huiti\u00e8mes de finale n&#39;est pas non plus hors de port\u00e9e de Fenerbahce, apr\u00e8s qu&#39;une victoire \u00e9crasante 4-0 contre Brann le 11 d\u00e9cembre les a aid\u00e9s \u00e0 se hisser \u00e0 la 12e place du tableau des 36 \u00e9quipes, \u00e0 seulement deux points du top huit avec deux matchs contre Aston Villa et le FCSB \u00e0 jouer.<\/p>\n<p>Fenerbahce a affront\u00e9 des adversaires anglais 20 fois dans son histoire et n&#39;a c\u00e9l\u00e9br\u00e9 la victoire que quatre fois (2 nuls, 11 d\u00e9faites), la derni\u00e8re fois en battant Manchester United 2-1 \u00e0 domicile lors de la phase de groupes de la Ligue Europa 2016-17.<\/p>\n<p class=\"bM8\">Forme de la Ligue Europa de Fenerbah\u00e7e\u00a0:<\/p>\n<p class=\"bM8\">Forme Fenerbahce (toutes comp\u00e9titions) :<\/p>\n<p class=\"bM8\">Forme Aston Villa Ligue Europa :<\/p>\n<p class=\"bM8\">Forme Aston Villa (toutes comp\u00e9titions) :<\/p>\n<hr class=\"divide\"\/>\n<h2>Nouvelles de l&#39;\u00e9quipe<\/h2>\n<div>\n<div>\n<div>\n<div><img decoding=\"async\" data-img-id=\"156850\" class=\"lazy\" loading=\"lazy\" src=\"https:\/\/footdavant.fr\/actualites\/wp-content\/uploads\/2026\/01\/1768956499_369_Premier-League-GW23-actualites-sur-les-blessures-actualites-des-equipes.webp\"\/><\/p>\n<p>\u00a9 Imago \/ Sportimage<\/p>\n<\/div>\n<\/div>\n<\/div>\n<\/div>\n<p style=\"margin-bottom:11px\">Le trio de Fenerbahce Archie Brown (orteil), Levent Mercan (muscle) et Sebastian Szymanski (aine) restent tous bless\u00e9s, tandis que les recrues de janvier Matteo Guendouzi, Anthony Musaba et Mert Gunok sont tous in\u00e9ligibles pour la Ligue Europa jusqu&#39;aux huiti\u00e8mes de finale.<\/p>\n<p>Les h\u00f4tes pourraient aligner deux anciens joueurs d&#39;Aston Villa dans leur premier XI, car Jhon Duran est en lice pour mener la ligne, ce qui permettrait \u00e0 Talisca de revenir au milieu de terrain, tandis que Marco Asensio pourrait \u00eatre d\u00e9ploy\u00e9 dans un r\u00f4le central ou \u00e0 l&#39;ext\u00e9rieur.<\/p>\n<p>Les anciens joueurs de Premier League Ederson, Nelson Semedo, Fred et Edson Alvarez sont \u00e9galement disponibles pour commencer, tandis que l&#39;ailier vedette Kerem Akturkoglu devrait conserver sa place de titulaire apr\u00e8s avoir marqu\u00e9 quatre buts, un sommet pour l&#39;\u00e9quipe, en six matchs de Ligue Europa cette saison.<\/p>\n<p>Quant \u00e0 Aston Villa, John McGinn a \u00e9t\u00e9 expuls\u00e9 en raison d&#39;une blessure au genou lors de la premi\u00e8re mi-temps de la d\u00e9faite de dimanche contre Everton et rejoindra Boubacar Kamara, Ross Barkley (tous deux genoux) et Amadou Onana (cuisse) dans la salle de soins.<\/p>\n<p>La recrue de janvier, Alysson, n&#39;est pas \u00e9ligible pour la Ligue Europa avant les huiti\u00e8mes de finale, tandis que Jadon Sancho sera \u00e9valu\u00e9 avant le coup d&#39;envoi apr\u00e8s avoir rat\u00e9 la d\u00e9faite contre Everton pour cause de maladie.<\/p>\n<p>Emery se demandera s&#39;il doit titulariser Marco Bizot entre les b\u00e2tons aux d\u00e9pens du gardien de premier choix Emiliano Martinez, tandis que le trio d\u00e9fensif Victor Lindelof, Tyrone Mings et Lucas Digne esp\u00e8rent tous se frayer un chemin dans le premier XI aux d\u00e9pens d&#39;Ezri Konsa, Pau Torres et Ian Maatsen.<\/p>\n<p>En l&#39;absence de McGinn, Sancho &#8211; s&#39;il est en forme &#8211; ou Evann Guessand pourraient le remplacer sur le flanc droit, tandis qu&#39;Emiliano Buendia continue sur la gauche, tandis que Morgan Rogers devrait jouer un r\u00f4le avanc\u00e9 derri\u00e8re l&#39;attaquant Ollie Watkins, qui n&#39;a pas encore marqu\u00e9 lors de six matches de Ligue Europa cette saison.<\/p>\n<p>Fenerbahce composition de d\u00e9part possible :<\/p>\n<p>Ederson\u00a0; Semedo, Skriniar, Oosterwolde, Muldur\u00a0; Fred, Yuksek, Talisca\u00a0; Asensio, Duran, Akturkoglu<\/p>\n<p>Aston Villa composition de d\u00e9part possible :<\/p>\n<p>Bizot; Cash, Lindelof, Konsa, Digne ; Bogarde, Tielemans ; Guessand, Rogers, Buendia; Watkins<\/p>\n<hr class=\"divide\"\/>\n<p class=\"sm_center\">\n<div>\n<div>\n<div>\n<div><img decoding=\"async\" data-img-id=\"76176\" class=\"lazy custom-size\" loading=\"lazy\" data-img-sz=\"210x53\" src=\"https:\/\/footdavant.fr\/actualites\/wp-content\/uploads\/2025\/06\/Apercu-Flamengo-vs-Chelsea-Prediction-nouvelles-d39equipe-alignements.png\"\/><\/div>\n<\/div>\n<\/div>\n<\/div>\n<h2 class=\"sm_center\">Nous disons : Fenerbahce 2-2 Aston Villa<\/h2>\n<p>&#13;<br \/>\n\u00a0&#13;<br \/>\n&#13;\n<\/p>\n<p style=\"margin-bottom:11px\">Une comp\u00e9tition intrigante entre deux des \u00e9quipes les plus fortes de la Ligue Europa devrait se jouer \u00e0 Istanbul, et la r\u00e9cente forme de Fenerbahce devrait leur fournir un v\u00e9ritable regain de confiance dans un match dont ils ont sans doute besoin pour gagner plus que leurs adversaires.<\/p>\n<p>Villa est peut-\u00eatre aux prises avec un peu de fatigue, mais ils devraient encore avoir suffisamment de qualit\u00e9 en d\u00e9monstration pour r\u00e9clamer au moins un point sur un score nul divertissant.<\/p>\n<p>Pour l\u2019analyse des donn\u00e9es des r\u00e9sultats les plus probables, des scores et plus encore pour ce match, veuillez cliquer ici.<\/p>\n<hr class=\"divide\"\/>\n<hr class=\"divide\"\/>\n<\/div>\n","protected":false},"excerpt":{"rendered":"<p>Apr\u00e8s le revers du week-end dernier en Premier League, Aston Villa s&#39;efforcera de retrouver le chemin de la victoire lorsqu&#39;elle se rendra en Turquie pour<\/p>\n","protected":false},"author":1,"featured_media":33666,"comment_status":"closed","ping_status":"","sticky":false,"template":"","format":"standard","meta":{"footnotes":""},"categories":[5],"tags":[7,284,369,383,1633,4219,382,370],"yoast_head":"<!-- This site is optimized with the Yoast SEO plugin v21.0 - https:\/\/yoast.com\/wordpress\/plugins\/seo\/ -->\n<title>Aper\u00e7u : Fenerbahce vs Aston Villa \u2013 pronostics, actualit\u00e9s de l&#039;\u00e9quipe, compositions<\/title>\n<meta name=\"robots\" content=\"index, follow, max-snippet:-1, max-image-preview:large, max-video-preview:-1\" \/>\n<link rel=\"canonical\" href=\"https:\/\/footdavant.fr\/actualites\/apercu-fenerbahce-vs-aston-villa-pronostics-actualites-de-lequipe-compositions\/\" \/>\n<meta property=\"og:locale\" content=\"fr_FR\" \/>\n<meta property=\"og:type\" content=\"article\" \/>\n<meta property=\"og:title\" content=\"Aper\u00e7u : Fenerbahce vs Aston Villa \u2013 pronostics, actualit\u00e9s de l&#039;\u00e9quipe, compositions\" \/>\n<meta property=\"og:description\" content=\"Apr\u00e8s le revers du week-end dernier en Premier League, Aston Villa s&#039;efforcera de retrouver le chemin de la victoire lorsqu&#039;elle se rendra en Turquie pour\" \/>\n<meta property=\"og:url\" content=\"https:\/\/footdavant.fr\/actualites\/apercu-fenerbahce-vs-aston-villa-pronostics-actualites-de-lequipe-compositions\/\" \/>\n<meta property=\"og:site_name\" content=\"Foot d&#039;avant\" \/>\n<meta property=\"article:publisher\" content=\"https:\/\/www.facebook.com\/Footdavant\/\" \/>\n<meta property=\"article:published_time\" content=\"2026-01-21T12:48:03+00:00\" \/>\n<meta property=\"article:modified_time\" content=\"2026-01-21T12:48:06+00:00\" \/>\n<meta property=\"og:image\" content=\"https:\/\/footdavant.fr\/actualites\/wp-content\/uploads\/2026\/01\/Apercu-Fenerbahce-vs-Aston-Villa-\u2013-pronostics-actualites-de.jpg\" \/>\n\t<meta property=\"og:image:width\" content=\"720\" \/>\n\t<meta property=\"og:image:height\" content=\"410\" \/>\n\t<meta property=\"og:image:type\" content=\"image\/jpeg\" \/>\n<meta name=\"author\" content=\"Cl\u00e9ment\" \/>\n<meta name=\"twitter:card\" content=\"summary_large_image\" \/>\n<meta name=\"twitter:creator\" content=\"@FootdavantFr\" \/>\n<meta name=\"twitter:site\" content=\"@FootdavantFr\" \/>\n<meta name=\"twitter:label1\" content=\"\u00c9crit par\" \/>\n\t<meta name=\"twitter:data1\" content=\"Cl\u00e9ment\" \/>\n\t<meta name=\"twitter:label2\" content=\"Dur\u00e9e de lecture estim\u00e9e\" \/>\n\t<meta name=\"twitter:data2\" content=\"6 minutes\" \/>\n<script type=\"application\/ld+json\" class=\"yoast-schema-graph\">{\"@context\":\"https:\/\/schema.org\",\"@graph\":[{\"@type\":\"Article\",\"@id\":\"https:\/\/footdavant.fr\/actualites\/apercu-fenerbahce-vs-aston-villa-pronostics-actualites-de-lequipe-compositions\/#article\",\"isPartOf\":{\"@id\":\"https:\/\/footdavant.fr\/actualites\/apercu-fenerbahce-vs-aston-villa-pronostics-actualites-de-lequipe-compositions\/\"},\"author\":{\"name\":\"Cl\u00e9ment\",\"@id\":\"https:\/\/footdavant.fr\/actualites\/#\/schema\/person\/bc222566d95871b37e597b3ed3ba5e1d\"},\"headline\":\"Aper\u00e7u : Fenerbahce vs Aston Villa \u2013 pronostics, actualit\u00e9s de l&#39;\u00e9quipe, compositions\",\"datePublished\":\"2026-01-21T12:48:03+00:00\",\"dateModified\":\"2026-01-21T12:48:06+00:00\",\"mainEntityOfPage\":{\"@id\":\"https:\/\/footdavant.fr\/actualites\/apercu-fenerbahce-vs-aston-villa-pronostics-actualites-de-lequipe-compositions\/\"},\"wordCount\":1255,\"publisher\":{\"@id\":\"https:\/\/footdavant.fr\/actualites\/#organization\"},\"keywords\":[\"Actualit\u00e9s\",\"Aper\u00e7u\",\"Aston\",\"compositions\",\"Fenerbah\u00e7e\",\"l39\u00e9quipe\",\"pronostics\",\"Villa\"],\"articleSection\":[\"Premier League\"],\"inLanguage\":\"fr-FR\"},{\"@type\":\"WebPage\",\"@id\":\"https:\/\/footdavant.fr\/actualites\/apercu-fenerbahce-vs-aston-villa-pronostics-actualites-de-lequipe-compositions\/\",\"url\":\"https:\/\/footdavant.fr\/actualites\/apercu-fenerbahce-vs-aston-villa-pronostics-actualites-de-lequipe-compositions\/\",\"name\":\"Aper\u00e7u : Fenerbahce vs Aston Villa \u2013 pronostics, actualit\u00e9s de l&#39;\u00e9quipe, compositions\",\"isPartOf\":{\"@id\":\"https:\/\/footdavant.fr\/actualites\/#website\"},\"datePublished\":\"2026-01-21T12:48:03+00:00\",\"dateModified\":\"2026-01-21T12:48:06+00:00\",\"breadcrumb\":{\"@id\":\"https:\/\/footdavant.fr\/actualites\/apercu-fenerbahce-vs-aston-villa-pronostics-actualites-de-lequipe-compositions\/#breadcrumb\"},\"inLanguage\":\"fr-FR\",\"potentialAction\":[{\"@type\":\"ReadAction\",\"target\":[\"https:\/\/footdavant.fr\/actualites\/apercu-fenerbahce-vs-aston-villa-pronostics-actualites-de-lequipe-compositions\/\"]}]},{\"@type\":\"BreadcrumbList\",\"@id\":\"https:\/\/footdavant.fr\/actualites\/apercu-fenerbahce-vs-aston-villa-pronostics-actualites-de-lequipe-compositions\/#breadcrumb\",\"itemListElement\":[{\"@type\":\"ListItem\",\"position\":1,\"name\":\"Accueil\",\"item\":\"https:\/\/footdavant.fr\/actualites\/\"},{\"@type\":\"ListItem\",\"position\":2,\"name\":\"Aper\u00e7u : Fenerbahce vs Aston Villa \u2013 pronostics, actualit\u00e9s de l&#39;\u00e9quipe, compositions\"}]},{\"@type\":\"WebSite\",\"@id\":\"https:\/\/footdavant.fr\/actualites\/#website\",\"url\":\"https:\/\/footdavant.fr\/actualites\/\",\"name\":\"Foot d'avant\",\"description\":\"\",\"publisher\":{\"@id\":\"https:\/\/footdavant.fr\/actualites\/#organization\"},\"potentialAction\":[{\"@type\":\"SearchAction\",\"target\":{\"@type\":\"EntryPoint\",\"urlTemplate\":\"https:\/\/footdavant.fr\/actualites\/?s={search_term_string}\"},\"query-input\":\"required name=search_term_string\"}],\"inLanguage\":\"fr-FR\"},{\"@type\":\"Organization\",\"@id\":\"https:\/\/footdavant.fr\/actualites\/#organization\",\"name\":\"Foot d'avant\",\"url\":\"https:\/\/footdavant.fr\/actualites\/\",\"logo\":{\"@type\":\"ImageObject\",\"inLanguage\":\"fr-FR\",\"@id\":\"https:\/\/footdavant.fr\/actualites\/#\/schema\/logo\/image\/\",\"url\":\"https:\/\/footdavant.fr\/actualites\/wp-content\/uploads\/2023\/09\/Copy-of-FootDavant-Logo.png\",\"contentUrl\":\"https:\/\/footdavant.fr\/actualites\/wp-content\/uploads\/2023\/09\/Copy-of-FootDavant-Logo.png\",\"width\":936,\"height\":549,\"caption\":\"Foot d'avant\"},\"image\":{\"@id\":\"https:\/\/footdavant.fr\/actualites\/#\/schema\/logo\/image\/\"},\"sameAs\":[\"https:\/\/www.facebook.com\/Footdavant\/\",\"https:\/\/twitter.com\/FootdavantFr\",\"https:\/\/www.instagram.com\/footdavant.fr\/\"]},{\"@type\":\"Person\",\"@id\":\"https:\/\/footdavant.fr\/actualites\/#\/schema\/person\/bc222566d95871b37e597b3ed3ba5e1d\",\"name\":\"Cl\u00e9ment\",\"image\":{\"@type\":\"ImageObject\",\"inLanguage\":\"fr-FR\",\"@id\":\"https:\/\/footdavant.fr\/actualites\/#\/schema\/person\/image\/\",\"url\":\"https:\/\/secure.gravatar.com\/avatar\/7728b29aac2719421e1a9159b2254c44?s=96&d=mm&r=g\",\"contentUrl\":\"https:\/\/secure.gravatar.com\/avatar\/7728b29aac2719421e1a9159b2254c44?s=96&d=mm&r=g\",\"caption\":\"Cl\u00e9ment\"},\"sameAs\":[\"https:\/\/footdavant.fr\/\"]}]}<\/script>\n<!-- \/ Yoast SEO plugin. -->","yoast_head_json":{"title":"Aper\u00e7u : Fenerbahce vs Aston Villa \u2013 pronostics, actualit\u00e9s de l&#39;\u00e9quipe, compositions","robots":{"index":"index","follow":"follow","max-snippet":"max-snippet:-1","max-image-preview":"max-image-preview:large","max-video-preview":"max-video-preview:-1"},"canonical":"https:\/\/footdavant.fr\/actualites\/apercu-fenerbahce-vs-aston-villa-pronostics-actualites-de-lequipe-compositions\/","og_locale":"fr_FR","og_type":"article","og_title":"Aper\u00e7u : Fenerbahce vs Aston Villa \u2013 pronostics, actualit\u00e9s de l&#39;\u00e9quipe, compositions","og_description":"Apr\u00e8s le revers du week-end dernier en Premier League, Aston Villa s&#39;efforcera de retrouver le chemin de la victoire lorsqu&#39;elle se rendra en Turquie pour","og_url":"https:\/\/footdavant.fr\/actualites\/apercu-fenerbahce-vs-aston-villa-pronostics-actualites-de-lequipe-compositions\/","og_site_name":"Foot d&#039;avant","article_publisher":"https:\/\/www.facebook.com\/Footdavant\/","article_published_time":"2026-01-21T12:48:03+00:00","article_modified_time":"2026-01-21T12:48:06+00:00","og_image":[{"width":720,"height":410,"url":"https:\/\/footdavant.fr\/actualites\/wp-content\/uploads\/2026\/01\/Apercu-Fenerbahce-vs-Aston-Villa-\u2013-pronostics-actualites-de.jpg","type":"image\/jpeg"}],"author":"Cl\u00e9ment","twitter_card":"summary_large_image","twitter_creator":"@FootdavantFr","twitter_site":"@FootdavantFr","twitter_misc":{"\u00c9crit par":"Cl\u00e9ment","Dur\u00e9e de lecture estim\u00e9e":"6 minutes"},"schema":{"@context":"https:\/\/schema.org","@graph":[{"@type":"Article","@id":"https:\/\/footdavant.fr\/actualites\/apercu-fenerbahce-vs-aston-villa-pronostics-actualites-de-lequipe-compositions\/#article","isPartOf":{"@id":"https:\/\/footdavant.fr\/actualites\/apercu-fenerbahce-vs-aston-villa-pronostics-actualites-de-lequipe-compositions\/"},"author":{"name":"Cl\u00e9ment","@id":"https:\/\/footdavant.fr\/actualites\/#\/schema\/person\/bc222566d95871b37e597b3ed3ba5e1d"},"headline":"Aper\u00e7u : Fenerbahce vs Aston Villa \u2013 pronostics, actualit\u00e9s de l&#39;\u00e9quipe, compositions","datePublished":"2026-01-21T12:48:03+00:00","dateModified":"2026-01-21T12:48:06+00:00","mainEntityOfPage":{"@id":"https:\/\/footdavant.fr\/actualites\/apercu-fenerbahce-vs-aston-villa-pronostics-actualites-de-lequipe-compositions\/"},"wordCount":1255,"publisher":{"@id":"https:\/\/footdavant.fr\/actualites\/#organization"},"keywords":["Actualit\u00e9s","Aper\u00e7u","Aston","compositions","Fenerbah\u00e7e","l39\u00e9quipe","pronostics","Villa"],"articleSection":["Premier League"],"inLanguage":"fr-FR"},{"@type":"WebPage","@id":"https:\/\/footdavant.fr\/actualites\/apercu-fenerbahce-vs-aston-villa-pronostics-actualites-de-lequipe-compositions\/","url":"https:\/\/footdavant.fr\/actualites\/apercu-fenerbahce-vs-aston-villa-pronostics-actualites-de-lequipe-compositions\/","name":"Aper\u00e7u : Fenerbahce vs Aston Villa \u2013 pronostics, actualit\u00e9s de l&#39;\u00e9quipe, compositions","isPartOf":{"@id":"https:\/\/footdavant.fr\/actualites\/#website"},"datePublished":"2026-01-21T12:48:03+00:00","dateModified":"2026-01-21T12:48:06+00:00","breadcrumb":{"@id":"https:\/\/footdavant.fr\/actualites\/apercu-fenerbahce-vs-aston-villa-pronostics-actualites-de-lequipe-compositions\/#breadcrumb"},"inLanguage":"fr-FR","potentialAction":[{"@type":"ReadAction","target":["https:\/\/footdavant.fr\/actualites\/apercu-fenerbahce-vs-aston-villa-pronostics-actualites-de-lequipe-compositions\/"]}]},{"@type":"BreadcrumbList","@id":"https:\/\/footdavant.fr\/actualites\/apercu-fenerbahce-vs-aston-villa-pronostics-actualites-de-lequipe-compositions\/#breadcrumb","itemListElement":[{"@type":"ListItem","position":1,"name":"Accueil","item":"https:\/\/footdavant.fr\/actualites\/"},{"@type":"ListItem","position":2,"name":"Aper\u00e7u : Fenerbahce vs Aston Villa \u2013 pronostics, actualit\u00e9s de l&#39;\u00e9quipe, compositions"}]},{"@type":"WebSite","@id":"https:\/\/footdavant.fr\/actualites\/#website","url":"https:\/\/footdavant.fr\/actualites\/","name":"Foot d'avant","description":"","publisher":{"@id":"https:\/\/footdavant.fr\/actualites\/#organization"},"potentialAction":[{"@type":"SearchAction","target":{"@type":"EntryPoint","urlTemplate":"https:\/\/footdavant.fr\/actualites\/?s={search_term_string}"},"query-input":"required name=search_term_string"}],"inLanguage":"fr-FR"},{"@type":"Organization","@id":"https:\/\/footdavant.fr\/actualites\/#organization","name":"Foot d'avant","url":"https:\/\/footdavant.fr\/actualites\/","logo":{"@type":"ImageObject","inLanguage":"fr-FR","@id":"https:\/\/footdavant.fr\/actualites\/#\/schema\/logo\/image\/","url":"https:\/\/footdavant.fr\/actualites\/wp-content\/uploads\/2023\/09\/Copy-of-FootDavant-Logo.png","contentUrl":"https:\/\/footdavant.fr\/actualites\/wp-content\/uploads\/2023\/09\/Copy-of-FootDavant-Logo.png","width":936,"height":549,"caption":"Foot d'avant"},"image":{"@id":"https:\/\/footdavant.fr\/actualites\/#\/schema\/logo\/image\/"},"sameAs":["https:\/\/www.facebook.com\/Footdavant\/","https:\/\/twitter.com\/FootdavantFr","https:\/\/www.instagram.com\/footdavant.fr\/"]},{"@type":"Person","@id":"https:\/\/footdavant.fr\/actualites\/#\/schema\/person\/bc222566d95871b37e597b3ed3ba5e1d","name":"Cl\u00e9ment","image":{"@type":"ImageObject","inLanguage":"fr-FR","@id":"https:\/\/footdavant.fr\/actualites\/#\/schema\/person\/image\/","url":"https:\/\/secure.gravatar.com\/avatar\/7728b29aac2719421e1a9159b2254c44?s=96&d=mm&r=g","contentUrl":"https:\/\/secure.gravatar.com\/avatar\/7728b29aac2719421e1a9159b2254c44?s=96&d=mm&r=g","caption":"Cl\u00e9ment"},"sameAs":["https:\/\/footdavant.fr\/"]}]}},"_links":{"self":[{"href":"https:\/\/footdavant.fr\/actualites\/wp-json\/wp\/v2\/posts\/33665"}],"collection":[{"href":"https:\/\/footdavant.fr\/actualites\/wp-json\/wp\/v2\/posts"}],"about":[{"href":"https:\/\/footdavant.fr\/actualites\/wp-json\/wp\/v2\/types\/post"}],"author":[{"embeddable":true,"href":"https:\/\/footdavant.fr\/actualites\/wp-json\/wp\/v2\/users\/1"}],"replies":[{"embeddable":true,"href":"https:\/\/footdavant.fr\/actualites\/wp-json\/wp\/v2\/comments?post=33665"}],"version-history":[{"count":1,"href":"https:\/\/footdavant.fr\/actualites\/wp-json\/wp\/v2\/posts\/33665\/revisions"}],"predecessor-version":[{"id":33667,"href":"https:\/\/footdavant.fr\/actualites\/wp-json\/wp\/v2\/posts\/33665\/revisions\/33667"}],"wp:featuredmedia":[{"embeddable":true,"href":"https:\/\/footdavant.fr\/actualites\/wp-json\/wp\/v2\/media\/33666"}],"wp:attachment":[{"href":"https:\/\/footdavant.fr\/actualites\/wp-json\/wp\/v2\/media?parent=33665"}],"wp:term":[{"taxonomy":"category","embeddable":true,"href":"https:\/\/footdavant.fr\/actualites\/wp-json\/wp\/v2\/categories?post=33665"},{"taxonomy":"post_tag","embeddable":true,"href":"https:\/\/footdavant.fr\/actualites\/wp-json\/wp\/v2\/tags?post=33665"}],"curies":[{"name":"wp","href":"https:\/\/api.w.org\/{rel}","templated":true}]}}