{"id":33668,"date":"2026-01-21T15:48:08","date_gmt":"2026-01-21T14:48:08","guid":{"rendered":"https:\/\/footdavant.fr\/actualites\/inter-milan-1-3-arsenal-les-gunners-lancent-leurs-attaquants\/"},"modified":"2026-01-21T15:48:10","modified_gmt":"2026-01-21T14:48:10","slug":"inter-milan-1-3-arsenal-les-gunners-lancent-leurs-attaquants","status":"publish","type":"post","link":"https:\/\/footdavant.fr\/actualites\/inter-milan-1-3-arsenal-les-gunners-lancent-leurs-attaquants\/","title":{"rendered":"Inter Milan 1-3 Arsenal : les Gunners lancent leurs attaquants"},"content":{"rendered":"<div>\n<h4><span style=\"color: #339966;\">Rapport de match<\/span> \u2013 <span style=\"color: #339966;\">Notes des joueurs<\/span> \u2013 <span style=\"color: #339966;\">R\u00e9action d&#39;Arteta<\/span> \u2013 <span style=\"color: #339966;\">Tour d\u2019horizon des citations<\/span><\/h4>\n<p>Arsenal a marqu\u00e9 7 sur 7 en Ligue des champions jusqu&#39;\u00e0 pr\u00e9sent cette saison avec une victoire 3-1 sur l&#39;Inter Milan \u00e0 San Siro hier soir.<\/p>\n<p>Mikel Arteta a effectu\u00e9 7 changements par rapport \u00e0 l&#39;\u00e9quipe qui a fait match nul avec Nottingham Forest samedi, parmi lesquels un retour de Cristhian Mosquera \u00e0 l&#39;arri\u00e8re, un d\u00e9part pour Eberechi Eze au milieu de terrain et Gabriel Jesus obtenant le feu vert \u00e0 l&#39;avant. J&#39;ai trouv\u00e9 que nous avions tr\u00e8s bien commenc\u00e9, en jouant haut du terrain avec \u00e9nergie et intensit\u00e9, et d\u00e8s la 10e minute, nous avons pris l&#39;avantage.<\/p>\n<p>Le tir de Jurrien Timber juste \u00e0 l&#39;ext\u00e9rieur de la surface n&#39;\u00e9tait pas le coup le plus net qu&#39;il ait jamais r\u00e9alis\u00e9, mais il a trouv\u00e9 Jesus dans une position centrale et il lui a donn\u00e9 un coup de main pour porter le score \u00e0 1-0. Il y a eu \u00e9galement un bon travail de pr\u00e9paration de la part de William Saliba et d&#39;Eze, et ce n&#39;\u00e9tait que le d\u00e9but que vous voudriez loin de chez vous.<\/p>\n<p>Cependant, c&#39;\u00e9tait loin d&#39;\u00eatre un trafic \u00e0 sens unique, l&#39;Inter repr\u00e9sentait une certaine menace et est rapidement entr\u00e9 dans le match apr\u00e8s que nous ayons marqu\u00e9. En 8 minutes, ils \u00e9taient \u00e0 \u00e9galit\u00e9, peut-\u00eatre un peu de chance en termes de fa\u00e7on dont le ballon est arriv\u00e9 \u00e0 Petar Sucic juste \u00e0 l&#39;ext\u00e9rieur de la surface, mais n&#39;enl\u00e8ve rien \u00e0 la premi\u00e8re fois pour porter le score \u00e0 1-1. Je pense que Martin Zubimendi pourrait probablement faire un peu plus pour bloquer le tir, mais la finition elle-m\u00eame \u00e9tait excellente.<\/p>\n<p>De l&#39;autre c\u00f4t\u00e9, Eze a d\u00e9coch\u00e9 un tir large apr\u00e8s que Leandro Trossard se soit fray\u00e9 un chemin dans la surface, Marcus Thuram a tir\u00e9 au-dessus apr\u00e8s que nous ayons perdu le ballon en haut du terrain et l&#39;Inter a bien cass\u00e9 le terrain, mais juste apr\u00e8s la demi-heure, nous \u00e9tions \u00e0 nouveau devant. Bukayo Saka les a tourment\u00e9s sur la droite toute la nuit, une de ces performances implacables dont nous savons qu&#39;il est capable, et lorsqu&#39;il est entr\u00e9 dans la surface, son centre a \u00e9t\u00e9 bloqu\u00e9 en corner. Il l&#39;a fait flotter jusqu&#39;au poteau arri\u00e8re, Trossard l&#39;a renvoy\u00e9 dans le mixeur, il a heurt\u00e9 la barre et est tomb\u00e9 pour que J\u00e9sus hoche la t\u00eate \u00e0 bout portant.<\/p>\n<p>Peut-\u00eatre que les deux buts pourraient \u00eatre class\u00e9s plus dans la cat\u00e9gorie des d\u00e9cousus que des brillants, mais je pense que le Br\u00e9silien a r\u00e9alis\u00e9 un match fantastique dans l&#39;ensemble. La fa\u00e7on dont le ballon lui collait \u00e9tait la bienvenue, sa capacit\u00e9 \u00e0 le prendre et \u00e0 le garder dans des espaces restreints \u00e9tait vraiment importante, et il l&#39;utilisait bien quand il l&#39;avait dans les pieds. Je pense qu&#39;il s&#39;est probablement int\u00e9gr\u00e9 dans le onze de d\u00e9part dimanche avec cette performance.<\/p>\n<p>En seconde p\u00e9riode, Saka a continu\u00e9 \u00e0 courir contre Dimarco qui est devenu plus chauve \u00e0 cause du stress qui lui \u00e9tait caus\u00e9 ; Eze a eu une occasion sur son pied gauche mais a opt\u00e9 pour le pied lat\u00e9ral plut\u00f4t que sur les lacets ; et le centre de Saka a vu Trossard voler \u00e0 des kilom\u00e8tres au-del\u00e0 du deuxi\u00e8me poteau. L&#39;excellente passe de Jesus a donn\u00e9 une chance \u00e0 Saka, mais il a juste retard\u00e9 assez longtemps pour permettre \u00e0 un d\u00e9fenseur de faire un blocage, et Arteta a ensuite apport\u00e9 des changements, avec Ben White et Declan Rice rempla\u00e7ant Timber et Eze n&#39;ayant pas l&#39;air particuli\u00e8rement heureux.<\/p>\n<p>L&#39;Inter a \u00e9galement apport\u00e9 des changements, et il y a eu une bataille int\u00e9ressante entre Mosquera et Esposito qui a vu l&#39;Italien tirer un tir pas trop loin de l&#39;int\u00e9rieur de notre surface. Cela a provoqu\u00e9 d&#39;autres modifications de la part d&#39;Arteta, Gabriel rempla\u00e7ant le jeune Espagnol, tandis que Viktor Gyokeres a remplac\u00e9 Jesus par Gabriel Martinelli rempla\u00e7ant Trossard quelques minutes plus tard. Un corner de l&#39;Inter a ensuite provoqu\u00e9 le but qui a scell\u00e9 le match.<\/p>\n<p>Nous l&#39;avons d\u00e9gag\u00e9, Martinelli a fait une passe exceptionnelle de l&#39;ext\u00e9rieur de son pied pour envoyer Gyokeres dans le dos, et il a cherch\u00e9 \u00e0 son tour la course de soutien de Saka. Il n&#39;a pas r\u00e9ussi \u00e0 le contr\u00f4ler, mais c&#39;est tomb\u00e9 bien pour le Su\u00e9dois dont le premier tir a touch\u00e9 le fond des filets via une main douce du gardien de but, mais c&#39;\u00e9tait vraiment un but bien marqu\u00e9 pour porter le score \u00e0 3-1. Gyokeres en aurait peut-\u00eatre m\u00eame eu un autre, mais apr\u00e8s avoir bien r\u00e9ussi \u00e0 faire de la place pour un tir depuis le bord de la surface, il l&#39;a envoy\u00e9 dans le centre-ville de Milan.<\/p>\n<p>Il y a eu des avertissements pour Rice et Merino qui semblaient presque d\u00e9lib\u00e9r\u00e9s (Rice en particulier), ce qui signifie qu&#39;ils sont tous les deux suspendus pour notre dernier match contre le FC Kairat la semaine prochaine, mais au final, c&#39;\u00e9tait une autre performance impressionnante sur la sc\u00e8ne europ\u00e9enne d&#39;une \u00e9quipe d&#39;Arsenal qui a \u00e9t\u00e9 sans faille en termes de r\u00e9sultats en Ligue des champions cette saison.<\/p>\n<p>Ensuite, Mikel Arteta a d\u00e9clar\u00e9 :<\/p>\n<blockquote>\n<p>Nous sommes tr\u00e8s fiers, non seulement du match de ce soir, mais aussi de ce que nous avons fait dans la comp\u00e9tition en sept matches jusqu&#39;\u00e0 pr\u00e9sent. A un match de la fin, \u00eatre d\u00e9j\u00e0 dans la position que nous voulons \u00eatre est une \u00e9norme r\u00e9compense pour l&#39;\u00e9quipe, car nous savons \u00e0 quel point c&#39;est difficile, et puis ce soir, c&#39;\u00e9tait un test. Nous n&#39;en avions probablement pas besoin en termes de points, mais nous avions vraiment la faim et le d\u00e9sir d&#39;arriver dans un endroit comme celui-ci, contre une \u00e9quipe de tr\u00e8s haut niveau, et de prouver ce que nous sommes et ce que nous pouvons faire. Je suis vraiment content de ce que j&#39;ai vu.<\/p>\n<\/blockquote>\n<p>Et tandis que J\u00e9sus parlait de sa propre fiert\u00e9 d&#39;\u00eatre arriv\u00e9 deux fois sur le score de San Siro, il a pris un moment pour saluer ses camarades en gr\u00e8ve :<\/p>\n<blockquote>\n<p>J&#39;\u00e9tais tellement heureux que Vik soit entr\u00e9 en jeu et ait marqu\u00e9 un but, car un attaquant sans but est toujours difficile. Je me suis battu contre \u00e7a toute ma carri\u00e8re, mais je suis quand m\u00eame si heureux d&#39;avoir marqu\u00e9, Vik a marqu\u00e9, et je suis s\u00fbr \u00e0 100% que lorsque Kai en aura l&#39;occasion, il marquera et nous aidera \u00e9galement.<\/p>\n<\/blockquote>\n<p>Comme je l&#39;ai dit plus haut, la performance de Jesus \u00e9tait un v\u00e9ritable retour \u00e0 ces jours heureux o\u00f9 il avait sign\u00e9 pour la premi\u00e8re fois et nous a vraiment donn\u00e9 quelque chose de plus d\u00e8s le d\u00e9part, bas\u00e9 sur ce que nous avions eu auparavant. Bien s\u00fbr, ce n&#39;est qu&#39;un match, mais c&#39;est le genre d&#39;affichage qui vous fait gagner une place pour le prochain match, et j&#39;esp\u00e8re que c&#39;est un match sur lequel il pourra \u00e9galement s&#39;appuyer. Le but de Gyokeres \u00e9tait justement le tonique dont il avait besoin apr\u00e8s des moments difficiles ces derniers temps, et peut-\u00eatre que l&#39;opposition et le stade sur lequel il a marqu\u00e9 \u00e9taient juste le regain de confiance dont il avait besoin.<\/p>\n<p>Ailleurs, j&#39;ai mentionn\u00e9 Saka, qui \u00e9tait exceptionnel, et j&#39;ai aussi pens\u00e9 que Zubimendi au milieu de terrain \u00e9tait \u00e0 nouveau exceptionnel. Aucun joueur d&#39;Arsenal n&#39;a fait plus de passes ou n&#39;a eu plus de touches de balle, et la connectivit\u00e9 m\u00e9tronomique qu&#39;il nous offre au milieu de terrain est de plus en plus importante \u00e0 mesure que la saison avance. Donc, de quoi plaire au manager de ce que son \u00e9quipe a fait collectivement en plus de performances individuelles impressionnantes.<\/p>\n<p>Cette victoire signifie \u00e9galement que nous sommes assur\u00e9s \u00e0 100 % d&#39;une place dans le top 2, ce qui pr\u00e9sente les avantages que j&#39;ai d\u00e9crits dans l&#39;aper\u00e7u d&#39;hier : les matchs \u00e0 domicile du match retour jusqu&#39;\u00e0 la finale si nous faisons ce genre de progr\u00e8s. Le match \u00e0 domicile de la semaine prochaine contre Kairat est l&#39;occasion de vraiment tourner, mais l&#39;attention se tourne d\u00e9sormais vers dimanche et la visite de Man Utd.<\/p>\n<p>D&#39;accord, je vais en rester l\u00e0, mais nous aurons un Arsecast d&#39;apr\u00e8s-match pour vous un peu plus tard ce matin, alors attendez-vous \u00e0 cela. Pour l\u2019instant, passez-en un bon.<\/p>\n<\/div>\n","protected":false},"excerpt":{"rendered":"<p>Rapport de match \u2013 Notes des joueurs \u2013 R\u00e9action d&#39;Arteta \u2013 Tour d\u2019horizon des citations Arsenal a marqu\u00e9 7 sur 7 en Ligue des champions<\/p>\n","protected":false},"author":1,"featured_media":33669,"comment_status":"closed","ping_status":"","sticky":false,"template":"","format":"standard","meta":{"footnotes":""},"categories":[3],"tags":[67,1431,997,535,7097,93,1434,250],"yoast_head":"<!-- This site is optimized with the Yoast SEO plugin v21.0 - https:\/\/yoast.com\/wordpress\/plugins\/seo\/ -->\n<title>Inter Milan 1-3 Arsenal : les Gunners lancent leurs attaquants<\/title>\n<meta name=\"robots\" content=\"index, follow, max-snippet:-1, max-image-preview:large, max-video-preview:-1\" \/>\n<link rel=\"canonical\" href=\"https:\/\/footdavant.fr\/actualites\/inter-milan-1-3-arsenal-les-gunners-lancent-leurs-attaquants\/\" \/>\n<meta property=\"og:locale\" content=\"fr_FR\" \/>\n<meta property=\"og:type\" content=\"article\" \/>\n<meta property=\"og:title\" content=\"Inter Milan 1-3 Arsenal : les Gunners lancent leurs attaquants\" \/>\n<meta property=\"og:description\" content=\"Rapport de match \u2013 Notes des joueurs \u2013 R\u00e9action d&#039;Arteta \u2013 Tour d\u2019horizon des citations Arsenal a marqu\u00e9 7 sur 7 en Ligue des champions\" \/>\n<meta property=\"og:url\" content=\"https:\/\/footdavant.fr\/actualites\/inter-milan-1-3-arsenal-les-gunners-lancent-leurs-attaquants\/\" \/>\n<meta property=\"og:site_name\" content=\"Foot d&#039;avant\" \/>\n<meta property=\"article:publisher\" content=\"https:\/\/www.facebook.com\/Footdavant\/\" \/>\n<meta property=\"article:published_time\" content=\"2026-01-21T14:48:08+00:00\" \/>\n<meta property=\"article:modified_time\" content=\"2026-01-21T14:48:10+00:00\" \/>\n<meta property=\"og:image\" content=\"https:\/\/footdavant.fr\/actualites\/wp-content\/uploads\/2026\/01\/Inter-Milan-1-3-Arsenal-les-Gunners-lancent-leurs-attaquants.jpg\" \/>\n\t<meta property=\"og:image:width\" content=\"1500\" \/>\n\t<meta property=\"og:image:height\" content=\"750\" \/>\n\t<meta property=\"og:image:type\" content=\"image\/jpeg\" \/>\n<meta name=\"author\" content=\"Cl\u00e9ment\" \/>\n<meta name=\"twitter:card\" content=\"summary_large_image\" \/>\n<meta name=\"twitter:creator\" content=\"@FootdavantFr\" \/>\n<meta name=\"twitter:site\" content=\"@FootdavantFr\" \/>\n<meta name=\"twitter:label1\" content=\"\u00c9crit par\" \/>\n\t<meta name=\"twitter:data1\" content=\"Cl\u00e9ment\" \/>\n\t<meta name=\"twitter:label2\" content=\"Dur\u00e9e de lecture estim\u00e9e\" \/>\n\t<meta name=\"twitter:data2\" content=\"7 minutes\" \/>\n<script type=\"application\/ld+json\" class=\"yoast-schema-graph\">{\"@context\":\"https:\/\/schema.org\",\"@graph\":[{\"@type\":\"Article\",\"@id\":\"https:\/\/footdavant.fr\/actualites\/inter-milan-1-3-arsenal-les-gunners-lancent-leurs-attaquants\/#article\",\"isPartOf\":{\"@id\":\"https:\/\/footdavant.fr\/actualites\/inter-milan-1-3-arsenal-les-gunners-lancent-leurs-attaquants\/\"},\"author\":{\"name\":\"Cl\u00e9ment\",\"@id\":\"https:\/\/footdavant.fr\/actualites\/#\/schema\/person\/bc222566d95871b37e597b3ed3ba5e1d\"},\"headline\":\"Inter Milan 1-3 Arsenal : les Gunners lancent leurs attaquants\",\"datePublished\":\"2026-01-21T14:48:08+00:00\",\"dateModified\":\"2026-01-21T14:48:10+00:00\",\"mainEntityOfPage\":{\"@id\":\"https:\/\/footdavant.fr\/actualites\/inter-milan-1-3-arsenal-les-gunners-lancent-leurs-attaquants\/\"},\"wordCount\":1500,\"publisher\":{\"@id\":\"https:\/\/footdavant.fr\/actualites\/#organization\"},\"keywords\":[\"Arsenal\",\"attaquants\",\"Gunners\",\"Inter\",\"lancent\",\"les\",\"leurs\",\"Milan\"],\"articleSection\":[\"Football\"],\"inLanguage\":\"fr-FR\"},{\"@type\":\"WebPage\",\"@id\":\"https:\/\/footdavant.fr\/actualites\/inter-milan-1-3-arsenal-les-gunners-lancent-leurs-attaquants\/\",\"url\":\"https:\/\/footdavant.fr\/actualites\/inter-milan-1-3-arsenal-les-gunners-lancent-leurs-attaquants\/\",\"name\":\"Inter Milan 1-3 Arsenal : les Gunners lancent leurs attaquants\",\"isPartOf\":{\"@id\":\"https:\/\/footdavant.fr\/actualites\/#website\"},\"datePublished\":\"2026-01-21T14:48:08+00:00\",\"dateModified\":\"2026-01-21T14:48:10+00:00\",\"breadcrumb\":{\"@id\":\"https:\/\/footdavant.fr\/actualites\/inter-milan-1-3-arsenal-les-gunners-lancent-leurs-attaquants\/#breadcrumb\"},\"inLanguage\":\"fr-FR\",\"potentialAction\":[{\"@type\":\"ReadAction\",\"target\":[\"https:\/\/footdavant.fr\/actualites\/inter-milan-1-3-arsenal-les-gunners-lancent-leurs-attaquants\/\"]}]},{\"@type\":\"BreadcrumbList\",\"@id\":\"https:\/\/footdavant.fr\/actualites\/inter-milan-1-3-arsenal-les-gunners-lancent-leurs-attaquants\/#breadcrumb\",\"itemListElement\":[{\"@type\":\"ListItem\",\"position\":1,\"name\":\"Accueil\",\"item\":\"https:\/\/footdavant.fr\/actualites\/\"},{\"@type\":\"ListItem\",\"position\":2,\"name\":\"Inter Milan 1-3 Arsenal : les Gunners lancent leurs attaquants\"}]},{\"@type\":\"WebSite\",\"@id\":\"https:\/\/footdavant.fr\/actualites\/#website\",\"url\":\"https:\/\/footdavant.fr\/actualites\/\",\"name\":\"Foot d'avant\",\"description\":\"\",\"publisher\":{\"@id\":\"https:\/\/footdavant.fr\/actualites\/#organization\"},\"potentialAction\":[{\"@type\":\"SearchAction\",\"target\":{\"@type\":\"EntryPoint\",\"urlTemplate\":\"https:\/\/footdavant.fr\/actualites\/?s={search_term_string}\"},\"query-input\":\"required name=search_term_string\"}],\"inLanguage\":\"fr-FR\"},{\"@type\":\"Organization\",\"@id\":\"https:\/\/footdavant.fr\/actualites\/#organization\",\"name\":\"Foot d'avant\",\"url\":\"https:\/\/footdavant.fr\/actualites\/\",\"logo\":{\"@type\":\"ImageObject\",\"inLanguage\":\"fr-FR\",\"@id\":\"https:\/\/footdavant.fr\/actualites\/#\/schema\/logo\/image\/\",\"url\":\"https:\/\/footdavant.fr\/actualites\/wp-content\/uploads\/2023\/09\/Copy-of-FootDavant-Logo.png\",\"contentUrl\":\"https:\/\/footdavant.fr\/actualites\/wp-content\/uploads\/2023\/09\/Copy-of-FootDavant-Logo.png\",\"width\":936,\"height\":549,\"caption\":\"Foot d'avant\"},\"image\":{\"@id\":\"https:\/\/footdavant.fr\/actualites\/#\/schema\/logo\/image\/\"},\"sameAs\":[\"https:\/\/www.facebook.com\/Footdavant\/\",\"https:\/\/twitter.com\/FootdavantFr\",\"https:\/\/www.instagram.com\/footdavant.fr\/\"]},{\"@type\":\"Person\",\"@id\":\"https:\/\/footdavant.fr\/actualites\/#\/schema\/person\/bc222566d95871b37e597b3ed3ba5e1d\",\"name\":\"Cl\u00e9ment\",\"image\":{\"@type\":\"ImageObject\",\"inLanguage\":\"fr-FR\",\"@id\":\"https:\/\/footdavant.fr\/actualites\/#\/schema\/person\/image\/\",\"url\":\"https:\/\/secure.gravatar.com\/avatar\/7728b29aac2719421e1a9159b2254c44?s=96&d=mm&r=g\",\"contentUrl\":\"https:\/\/secure.gravatar.com\/avatar\/7728b29aac2719421e1a9159b2254c44?s=96&d=mm&r=g\",\"caption\":\"Cl\u00e9ment\"},\"sameAs\":[\"https:\/\/footdavant.fr\/\"]}]}<\/script>\n<!-- \/ Yoast SEO plugin. -->","yoast_head_json":{"title":"Inter Milan 1-3 Arsenal : les Gunners lancent leurs attaquants","robots":{"index":"index","follow":"follow","max-snippet":"max-snippet:-1","max-image-preview":"max-image-preview:large","max-video-preview":"max-video-preview:-1"},"canonical":"https:\/\/footdavant.fr\/actualites\/inter-milan-1-3-arsenal-les-gunners-lancent-leurs-attaquants\/","og_locale":"fr_FR","og_type":"article","og_title":"Inter Milan 1-3 Arsenal : les Gunners lancent leurs attaquants","og_description":"Rapport de match \u2013 Notes des joueurs \u2013 R\u00e9action d&#39;Arteta \u2013 Tour d\u2019horizon des citations Arsenal a marqu\u00e9 7 sur 7 en Ligue des champions","og_url":"https:\/\/footdavant.fr\/actualites\/inter-milan-1-3-arsenal-les-gunners-lancent-leurs-attaquants\/","og_site_name":"Foot d&#039;avant","article_publisher":"https:\/\/www.facebook.com\/Footdavant\/","article_published_time":"2026-01-21T14:48:08+00:00","article_modified_time":"2026-01-21T14:48:10+00:00","og_image":[{"width":1500,"height":750,"url":"https:\/\/footdavant.fr\/actualites\/wp-content\/uploads\/2026\/01\/Inter-Milan-1-3-Arsenal-les-Gunners-lancent-leurs-attaquants.jpg","type":"image\/jpeg"}],"author":"Cl\u00e9ment","twitter_card":"summary_large_image","twitter_creator":"@FootdavantFr","twitter_site":"@FootdavantFr","twitter_misc":{"\u00c9crit par":"Cl\u00e9ment","Dur\u00e9e de lecture estim\u00e9e":"7 minutes"},"schema":{"@context":"https:\/\/schema.org","@graph":[{"@type":"Article","@id":"https:\/\/footdavant.fr\/actualites\/inter-milan-1-3-arsenal-les-gunners-lancent-leurs-attaquants\/#article","isPartOf":{"@id":"https:\/\/footdavant.fr\/actualites\/inter-milan-1-3-arsenal-les-gunners-lancent-leurs-attaquants\/"},"author":{"name":"Cl\u00e9ment","@id":"https:\/\/footdavant.fr\/actualites\/#\/schema\/person\/bc222566d95871b37e597b3ed3ba5e1d"},"headline":"Inter Milan 1-3 Arsenal : les Gunners lancent leurs attaquants","datePublished":"2026-01-21T14:48:08+00:00","dateModified":"2026-01-21T14:48:10+00:00","mainEntityOfPage":{"@id":"https:\/\/footdavant.fr\/actualites\/inter-milan-1-3-arsenal-les-gunners-lancent-leurs-attaquants\/"},"wordCount":1500,"publisher":{"@id":"https:\/\/footdavant.fr\/actualites\/#organization"},"keywords":["Arsenal","attaquants","Gunners","Inter","lancent","les","leurs","Milan"],"articleSection":["Football"],"inLanguage":"fr-FR"},{"@type":"WebPage","@id":"https:\/\/footdavant.fr\/actualites\/inter-milan-1-3-arsenal-les-gunners-lancent-leurs-attaquants\/","url":"https:\/\/footdavant.fr\/actualites\/inter-milan-1-3-arsenal-les-gunners-lancent-leurs-attaquants\/","name":"Inter Milan 1-3 Arsenal : les Gunners lancent leurs attaquants","isPartOf":{"@id":"https:\/\/footdavant.fr\/actualites\/#website"},"datePublished":"2026-01-21T14:48:08+00:00","dateModified":"2026-01-21T14:48:10+00:00","breadcrumb":{"@id":"https:\/\/footdavant.fr\/actualites\/inter-milan-1-3-arsenal-les-gunners-lancent-leurs-attaquants\/#breadcrumb"},"inLanguage":"fr-FR","potentialAction":[{"@type":"ReadAction","target":["https:\/\/footdavant.fr\/actualites\/inter-milan-1-3-arsenal-les-gunners-lancent-leurs-attaquants\/"]}]},{"@type":"BreadcrumbList","@id":"https:\/\/footdavant.fr\/actualites\/inter-milan-1-3-arsenal-les-gunners-lancent-leurs-attaquants\/#breadcrumb","itemListElement":[{"@type":"ListItem","position":1,"name":"Accueil","item":"https:\/\/footdavant.fr\/actualites\/"},{"@type":"ListItem","position":2,"name":"Inter Milan 1-3 Arsenal : les Gunners lancent leurs attaquants"}]},{"@type":"WebSite","@id":"https:\/\/footdavant.fr\/actualites\/#website","url":"https:\/\/footdavant.fr\/actualites\/","name":"Foot d'avant","description":"","publisher":{"@id":"https:\/\/footdavant.fr\/actualites\/#organization"},"potentialAction":[{"@type":"SearchAction","target":{"@type":"EntryPoint","urlTemplate":"https:\/\/footdavant.fr\/actualites\/?s={search_term_string}"},"query-input":"required name=search_term_string"}],"inLanguage":"fr-FR"},{"@type":"Organization","@id":"https:\/\/footdavant.fr\/actualites\/#organization","name":"Foot d'avant","url":"https:\/\/footdavant.fr\/actualites\/","logo":{"@type":"ImageObject","inLanguage":"fr-FR","@id":"https:\/\/footdavant.fr\/actualites\/#\/schema\/logo\/image\/","url":"https:\/\/footdavant.fr\/actualites\/wp-content\/uploads\/2023\/09\/Copy-of-FootDavant-Logo.png","contentUrl":"https:\/\/footdavant.fr\/actualites\/wp-content\/uploads\/2023\/09\/Copy-of-FootDavant-Logo.png","width":936,"height":549,"caption":"Foot d'avant"},"image":{"@id":"https:\/\/footdavant.fr\/actualites\/#\/schema\/logo\/image\/"},"sameAs":["https:\/\/www.facebook.com\/Footdavant\/","https:\/\/twitter.com\/FootdavantFr","https:\/\/www.instagram.com\/footdavant.fr\/"]},{"@type":"Person","@id":"https:\/\/footdavant.fr\/actualites\/#\/schema\/person\/bc222566d95871b37e597b3ed3ba5e1d","name":"Cl\u00e9ment","image":{"@type":"ImageObject","inLanguage":"fr-FR","@id":"https:\/\/footdavant.fr\/actualites\/#\/schema\/person\/image\/","url":"https:\/\/secure.gravatar.com\/avatar\/7728b29aac2719421e1a9159b2254c44?s=96&d=mm&r=g","contentUrl":"https:\/\/secure.gravatar.com\/avatar\/7728b29aac2719421e1a9159b2254c44?s=96&d=mm&r=g","caption":"Cl\u00e9ment"},"sameAs":["https:\/\/footdavant.fr\/"]}]}},"_links":{"self":[{"href":"https:\/\/footdavant.fr\/actualites\/wp-json\/wp\/v2\/posts\/33668"}],"collection":[{"href":"https:\/\/footdavant.fr\/actualites\/wp-json\/wp\/v2\/posts"}],"about":[{"href":"https:\/\/footdavant.fr\/actualites\/wp-json\/wp\/v2\/types\/post"}],"author":[{"embeddable":true,"href":"https:\/\/footdavant.fr\/actualites\/wp-json\/wp\/v2\/users\/1"}],"replies":[{"embeddable":true,"href":"https:\/\/footdavant.fr\/actualites\/wp-json\/wp\/v2\/comments?post=33668"}],"version-history":[{"count":1,"href":"https:\/\/footdavant.fr\/actualites\/wp-json\/wp\/v2\/posts\/33668\/revisions"}],"predecessor-version":[{"id":33670,"href":"https:\/\/footdavant.fr\/actualites\/wp-json\/wp\/v2\/posts\/33668\/revisions\/33670"}],"wp:featuredmedia":[{"embeddable":true,"href":"https:\/\/footdavant.fr\/actualites\/wp-json\/wp\/v2\/media\/33669"}],"wp:attachment":[{"href":"https:\/\/footdavant.fr\/actualites\/wp-json\/wp\/v2\/media?parent=33668"}],"wp:term":[{"taxonomy":"category","embeddable":true,"href":"https:\/\/footdavant.fr\/actualites\/wp-json\/wp\/v2\/categories?post=33668"},{"taxonomy":"post_tag","embeddable":true,"href":"https:\/\/footdavant.fr\/actualites\/wp-json\/wp\/v2\/tags?post=33668"}],"curies":[{"name":"wp","href":"https:\/\/api.w.org\/{rel}","templated":true}]}}