{"id":33674,"date":"2026-01-21T19:48:02","date_gmt":"2026-01-21T18:48:02","guid":{"rendered":"https:\/\/footdavant.fr\/actualites\/une-mise-a-jour-de-tsimikas-qui-pourrait-cimenter-lavenir-de-robertson-a-liverpool\/"},"modified":"2026-01-21T19:48:04","modified_gmt":"2026-01-21T18:48:04","slug":"une-mise-a-jour-de-tsimikas-qui-pourrait-cimenter-lavenir-de-robertson-a-liverpool","status":"publish","type":"post","link":"https:\/\/footdavant.fr\/actualites\/une-mise-a-jour-de-tsimikas-qui-pourrait-cimenter-lavenir-de-robertson-a-liverpool\/","title":{"rendered":"Une mise \u00e0 jour de Tsimikas qui pourrait cimenter l&#39;avenir de Robertson \u00e0 Liverpool"},"content":{"rendered":"<div id=\"article-body\">\n<!-- Article Start --><\/p>\n<p>La rumeur court \u00e0 nouveau sur la situation de l&#39;arri\u00e8re gauche de Liverpool. Kostas Tsimikas, actuellement pr\u00eat\u00e9 \u00e0 la Roma, a \u00e9t\u00e9 li\u00e9 \u00e0 un transfert \u00e0 Nottingham Forest alors que le d\u00e9fenseur grec se d\u00e9bat pendant quelques minutes en Italie.<\/p>\n<p>Paul Taylor pour The Athletic note : <\/p>\n<\/p>\n<h2>La sortie du pr\u00eat de Tsimikas suscite une discussion avec l&#39;arri\u00e8re gauche<\/h2>\n<figure class=\"wp-caption alignnone\"><picture><source type=\"image\/webp\" data- data-><\/source><\/picture><\/figure>\n<p>Les statistiques de SofaScore soulignent son impact limit\u00e9 en Serie A cette saison : Tsimikas n&#39;a d\u00e9but\u00e9 que quatre matchs, jou\u00e9 386 minutes en 11 apparitions et n&#39;a contribu\u00e9 aucun but ou passe d\u00e9cisive.<\/p>\n<p>Avec seulement 78 % de pr\u00e9cision de passe et aucune implication dans les feuilles blanches, il est clair que son passage \u00e0 Rome n&#39;a pas renforc\u00e9 ses arguments en faveur de son retour en tant qu&#39;arri\u00e8re gauche de premier choix de Liverpool.<\/p>\n<p>Cela confirme ce que Paul Joyce a dit, \u00e0 savoir que Liverpool pourrait ne pas consid\u00e9rer Tsimikas comme faisant partie du plan \u00e0 long terme, ce qui rendrait le r\u00f4le de Robertson plus central, non seulement sur le terrain mais dans le vestiaire.<\/p>\n<h2>Robertson : vice-capitaine, leader et premier choix de Liverpool<\/h2>\n<figure class=\"wp-caption alignnone\"><picture><source type=\"image\/webp\" data- data-><img loading=\"lazy\" decoding=\"async\" width=\"1500\" height=\"1000\" src=\"https:\/\/footdavant.fr\/actualites\/wp-content\/uploads\/2026\/01\/1769021282_62_Une-mise-a-jour-de-Tsimikas-qui-pourrait-cimenter-l39avenir.jpg\" class=\"lazyload wp-image-280448 has-webp\" alt=\"Andy Robertson en action contre Manchester City\"  data- style=\"aspect-ratio:1500\/1000;max-width:1500px\"\/><\/source><\/picture><\/figure>\n<p>Andy Robertson reste vice-capitaine, une voix cl\u00e9 dans notre \u00e9quipe sous Arne Slot.<\/p>\n<p>Bien qu&#39;il n&#39;ait d\u00e9but\u00e9 que quatre matches de Premier League cette saison, Robertson a montr\u00e9 sa volont\u00e9 de s&#39;adapter en attendant des minutes coh\u00e9rentes.<\/p>\n<p>S&#39;adressant \u00e0 BBC Sport, l&#39;\u00c9cossais a d\u00e9clar\u00e9 : <\/p>\n<p>Alors que Robertson entre dans les derniers mois de son contrat, des rumeurs ont circul\u00e9 sur des mouvements potentiels.<\/p>\n<p>Pourtant, le possible d\u00e9part de Tsimikas renforce le fait que Robertson est l&#39;option de remplacement pr\u00e9f\u00e9r\u00e9e pour nous, non seulement en raison de ses qualit\u00e9s sur le terrain, mais aussi de son leadership et de sa long\u00e9vit\u00e9.<\/p>\n<p>La deuxi\u00e8me saison de Slot a d\u00e9j\u00e0 vu une \u00e9volution dans la fa\u00e7on dont nous g\u00e9rons la dynamique des \u00e9quipes, et garder Robertson garantit la continuit\u00e9 alors que nous naviguons dans cette nouvelle \u00e8re.<\/p>\n<p>Le dilemme de l&#39;arri\u00e8re gauche de Liverpool se r\u00e9duit : Tsimikas n&#39;est pas recherch\u00e9, Robertson reste engag\u00e9 et notre voie de premier choix est libre pour Milos Kerkez.<\/p>\n<p>M\u00eame s\u2019il est triste de voir le \u00ab Greek Scouser \u00bb potentiellement partir, le timing s\u2019aligne parfois \u00e0 la fois pour le club et pour le joueur. Pour Robertson, cela pourrait \u00eatre le bon moment pour r\u00e9affirmer sa position de pilier arri\u00e8re gauche.<\/p>\n<\/p>\n<p><!-- Article End -->\t\t\t\t<\/div>\n","protected":false},"excerpt":{"rendered":"<p>La rumeur court \u00e0 nouveau sur la situation de l&#39;arri\u00e8re gauche de Liverpool. Kostas Tsimikas, actuellement pr\u00eat\u00e9 \u00e0 la Roma, a \u00e9t\u00e9 li\u00e9 \u00e0 un<\/p>\n","protected":false},"author":1,"featured_media":33675,"comment_status":"closed","ping_status":"","sticky":false,"template":"","format":"standard","meta":{"footnotes":""},"categories":[3],"tags":[11362,328,4309,53,327,269,243,3364,1466,92],"yoast_head":"<!-- This site is optimized with the Yoast SEO plugin v21.0 - https:\/\/yoast.com\/wordpress\/plugins\/seo\/ -->\n<title>Une mise \u00e0 jour de Tsimikas qui pourrait cimenter l&#039;avenir de Robertson \u00e0 Liverpool<\/title>\n<meta name=\"robots\" content=\"index, follow, max-snippet:-1, max-image-preview:large, max-video-preview:-1\" \/>\n<link rel=\"canonical\" href=\"https:\/\/footdavant.fr\/actualites\/une-mise-a-jour-de-tsimikas-qui-pourrait-cimenter-lavenir-de-robertson-a-liverpool\/\" \/>\n<meta property=\"og:locale\" content=\"fr_FR\" \/>\n<meta property=\"og:type\" content=\"article\" \/>\n<meta property=\"og:title\" content=\"Une mise \u00e0 jour de Tsimikas qui pourrait cimenter l&#039;avenir de Robertson \u00e0 Liverpool\" \/>\n<meta property=\"og:description\" content=\"La rumeur court \u00e0 nouveau sur la situation de l&#039;arri\u00e8re gauche de Liverpool. Kostas Tsimikas, actuellement pr\u00eat\u00e9 \u00e0 la Roma, a \u00e9t\u00e9 li\u00e9 \u00e0 un\" \/>\n<meta property=\"og:url\" content=\"https:\/\/footdavant.fr\/actualites\/une-mise-a-jour-de-tsimikas-qui-pourrait-cimenter-lavenir-de-robertson-a-liverpool\/\" \/>\n<meta property=\"og:site_name\" content=\"Foot d&#039;avant\" \/>\n<meta property=\"article:publisher\" content=\"https:\/\/www.facebook.com\/Footdavant\/\" \/>\n<meta property=\"article:published_time\" content=\"2026-01-21T18:48:02+00:00\" \/>\n<meta property=\"article:modified_time\" content=\"2026-01-21T18:48:04+00:00\" \/>\n<meta property=\"og:image\" content=\"https:\/\/footdavant.fr\/actualites\/wp-content\/uploads\/2026\/01\/1769021283_Une-mise-a-jour-de-Tsimikas-qui-pourrait-cimenter-l39avenir.jpg\" \/>\n\t<meta property=\"og:image:width\" content=\"1200\" \/>\n\t<meta property=\"og:image:height\" content=\"675\" \/>\n\t<meta property=\"og:image:type\" content=\"image\/jpeg\" \/>\n<meta name=\"author\" content=\"Cl\u00e9ment\" \/>\n<meta name=\"twitter:card\" content=\"summary_large_image\" \/>\n<meta name=\"twitter:creator\" content=\"@FootdavantFr\" \/>\n<meta name=\"twitter:site\" content=\"@FootdavantFr\" \/>\n<meta name=\"twitter:label1\" content=\"\u00c9crit par\" \/>\n\t<meta name=\"twitter:data1\" content=\"Cl\u00e9ment\" \/>\n\t<meta name=\"twitter:label2\" content=\"Dur\u00e9e de lecture estim\u00e9e\" \/>\n\t<meta name=\"twitter:data2\" content=\"2 minutes\" \/>\n<script type=\"application\/ld+json\" class=\"yoast-schema-graph\">{\"@context\":\"https:\/\/schema.org\",\"@graph\":[{\"@type\":\"Article\",\"@id\":\"https:\/\/footdavant.fr\/actualites\/une-mise-a-jour-de-tsimikas-qui-pourrait-cimenter-lavenir-de-robertson-a-liverpool\/#article\",\"isPartOf\":{\"@id\":\"https:\/\/footdavant.fr\/actualites\/une-mise-a-jour-de-tsimikas-qui-pourrait-cimenter-lavenir-de-robertson-a-liverpool\/\"},\"author\":{\"name\":\"Cl\u00e9ment\",\"@id\":\"https:\/\/footdavant.fr\/actualites\/#\/schema\/person\/bc222566d95871b37e597b3ed3ba5e1d\"},\"headline\":\"Une mise \u00e0 jour de Tsimikas qui pourrait cimenter l&#39;avenir de Robertson \u00e0 Liverpool\",\"datePublished\":\"2026-01-21T18:48:02+00:00\",\"dateModified\":\"2026-01-21T18:48:04+00:00\",\"mainEntityOfPage\":{\"@id\":\"https:\/\/footdavant.fr\/actualites\/une-mise-a-jour-de-tsimikas-qui-pourrait-cimenter-lavenir-de-robertson-a-liverpool\/\"},\"wordCount\":433,\"publisher\":{\"@id\":\"https:\/\/footdavant.fr\/actualites\/#organization\"},\"keywords\":[\"cimenter\",\"jour\",\"l39avenir\",\"Liverpool\",\"mise\",\"pourrait\",\"qui\",\"Robertson\",\"Tsimikas\",\"une\"],\"articleSection\":[\"Football\"],\"inLanguage\":\"fr-FR\"},{\"@type\":\"WebPage\",\"@id\":\"https:\/\/footdavant.fr\/actualites\/une-mise-a-jour-de-tsimikas-qui-pourrait-cimenter-lavenir-de-robertson-a-liverpool\/\",\"url\":\"https:\/\/footdavant.fr\/actualites\/une-mise-a-jour-de-tsimikas-qui-pourrait-cimenter-lavenir-de-robertson-a-liverpool\/\",\"name\":\"Une mise \u00e0 jour de Tsimikas qui pourrait cimenter l&#39;avenir de Robertson \u00e0 Liverpool\",\"isPartOf\":{\"@id\":\"https:\/\/footdavant.fr\/actualites\/#website\"},\"datePublished\":\"2026-01-21T18:48:02+00:00\",\"dateModified\":\"2026-01-21T18:48:04+00:00\",\"breadcrumb\":{\"@id\":\"https:\/\/footdavant.fr\/actualites\/une-mise-a-jour-de-tsimikas-qui-pourrait-cimenter-lavenir-de-robertson-a-liverpool\/#breadcrumb\"},\"inLanguage\":\"fr-FR\",\"potentialAction\":[{\"@type\":\"ReadAction\",\"target\":[\"https:\/\/footdavant.fr\/actualites\/une-mise-a-jour-de-tsimikas-qui-pourrait-cimenter-lavenir-de-robertson-a-liverpool\/\"]}]},{\"@type\":\"BreadcrumbList\",\"@id\":\"https:\/\/footdavant.fr\/actualites\/une-mise-a-jour-de-tsimikas-qui-pourrait-cimenter-lavenir-de-robertson-a-liverpool\/#breadcrumb\",\"itemListElement\":[{\"@type\":\"ListItem\",\"position\":1,\"name\":\"Accueil\",\"item\":\"https:\/\/footdavant.fr\/actualites\/\"},{\"@type\":\"ListItem\",\"position\":2,\"name\":\"Une mise \u00e0 jour de Tsimikas qui pourrait cimenter l&#39;avenir de Robertson \u00e0 Liverpool\"}]},{\"@type\":\"WebSite\",\"@id\":\"https:\/\/footdavant.fr\/actualites\/#website\",\"url\":\"https:\/\/footdavant.fr\/actualites\/\",\"name\":\"Foot d'avant\",\"description\":\"\",\"publisher\":{\"@id\":\"https:\/\/footdavant.fr\/actualites\/#organization\"},\"potentialAction\":[{\"@type\":\"SearchAction\",\"target\":{\"@type\":\"EntryPoint\",\"urlTemplate\":\"https:\/\/footdavant.fr\/actualites\/?s={search_term_string}\"},\"query-input\":\"required name=search_term_string\"}],\"inLanguage\":\"fr-FR\"},{\"@type\":\"Organization\",\"@id\":\"https:\/\/footdavant.fr\/actualites\/#organization\",\"name\":\"Foot d'avant\",\"url\":\"https:\/\/footdavant.fr\/actualites\/\",\"logo\":{\"@type\":\"ImageObject\",\"inLanguage\":\"fr-FR\",\"@id\":\"https:\/\/footdavant.fr\/actualites\/#\/schema\/logo\/image\/\",\"url\":\"https:\/\/footdavant.fr\/actualites\/wp-content\/uploads\/2023\/09\/Copy-of-FootDavant-Logo.png\",\"contentUrl\":\"https:\/\/footdavant.fr\/actualites\/wp-content\/uploads\/2023\/09\/Copy-of-FootDavant-Logo.png\",\"width\":936,\"height\":549,\"caption\":\"Foot d'avant\"},\"image\":{\"@id\":\"https:\/\/footdavant.fr\/actualites\/#\/schema\/logo\/image\/\"},\"sameAs\":[\"https:\/\/www.facebook.com\/Footdavant\/\",\"https:\/\/twitter.com\/FootdavantFr\",\"https:\/\/www.instagram.com\/footdavant.fr\/\"]},{\"@type\":\"Person\",\"@id\":\"https:\/\/footdavant.fr\/actualites\/#\/schema\/person\/bc222566d95871b37e597b3ed3ba5e1d\",\"name\":\"Cl\u00e9ment\",\"image\":{\"@type\":\"ImageObject\",\"inLanguage\":\"fr-FR\",\"@id\":\"https:\/\/footdavant.fr\/actualites\/#\/schema\/person\/image\/\",\"url\":\"https:\/\/secure.gravatar.com\/avatar\/7728b29aac2719421e1a9159b2254c44?s=96&d=mm&r=g\",\"contentUrl\":\"https:\/\/secure.gravatar.com\/avatar\/7728b29aac2719421e1a9159b2254c44?s=96&d=mm&r=g\",\"caption\":\"Cl\u00e9ment\"},\"sameAs\":[\"https:\/\/footdavant.fr\/\"]}]}<\/script>\n<!-- \/ Yoast SEO plugin. -->","yoast_head_json":{"title":"Une mise \u00e0 jour de Tsimikas qui pourrait cimenter l&#39;avenir de Robertson \u00e0 Liverpool","robots":{"index":"index","follow":"follow","max-snippet":"max-snippet:-1","max-image-preview":"max-image-preview:large","max-video-preview":"max-video-preview:-1"},"canonical":"https:\/\/footdavant.fr\/actualites\/une-mise-a-jour-de-tsimikas-qui-pourrait-cimenter-lavenir-de-robertson-a-liverpool\/","og_locale":"fr_FR","og_type":"article","og_title":"Une mise \u00e0 jour de Tsimikas qui pourrait cimenter l&#39;avenir de Robertson \u00e0 Liverpool","og_description":"La rumeur court \u00e0 nouveau sur la situation de l&#39;arri\u00e8re gauche de Liverpool. Kostas Tsimikas, actuellement pr\u00eat\u00e9 \u00e0 la Roma, a \u00e9t\u00e9 li\u00e9 \u00e0 un","og_url":"https:\/\/footdavant.fr\/actualites\/une-mise-a-jour-de-tsimikas-qui-pourrait-cimenter-lavenir-de-robertson-a-liverpool\/","og_site_name":"Foot d&#039;avant","article_publisher":"https:\/\/www.facebook.com\/Footdavant\/","article_published_time":"2026-01-21T18:48:02+00:00","article_modified_time":"2026-01-21T18:48:04+00:00","og_image":[{"width":1200,"height":675,"url":"https:\/\/footdavant.fr\/actualites\/wp-content\/uploads\/2026\/01\/1769021283_Une-mise-a-jour-de-Tsimikas-qui-pourrait-cimenter-l39avenir.jpg","type":"image\/jpeg"}],"author":"Cl\u00e9ment","twitter_card":"summary_large_image","twitter_creator":"@FootdavantFr","twitter_site":"@FootdavantFr","twitter_misc":{"\u00c9crit par":"Cl\u00e9ment","Dur\u00e9e de lecture estim\u00e9e":"2 minutes"},"schema":{"@context":"https:\/\/schema.org","@graph":[{"@type":"Article","@id":"https:\/\/footdavant.fr\/actualites\/une-mise-a-jour-de-tsimikas-qui-pourrait-cimenter-lavenir-de-robertson-a-liverpool\/#article","isPartOf":{"@id":"https:\/\/footdavant.fr\/actualites\/une-mise-a-jour-de-tsimikas-qui-pourrait-cimenter-lavenir-de-robertson-a-liverpool\/"},"author":{"name":"Cl\u00e9ment","@id":"https:\/\/footdavant.fr\/actualites\/#\/schema\/person\/bc222566d95871b37e597b3ed3ba5e1d"},"headline":"Une mise \u00e0 jour de Tsimikas qui pourrait cimenter l&#39;avenir de Robertson \u00e0 Liverpool","datePublished":"2026-01-21T18:48:02+00:00","dateModified":"2026-01-21T18:48:04+00:00","mainEntityOfPage":{"@id":"https:\/\/footdavant.fr\/actualites\/une-mise-a-jour-de-tsimikas-qui-pourrait-cimenter-lavenir-de-robertson-a-liverpool\/"},"wordCount":433,"publisher":{"@id":"https:\/\/footdavant.fr\/actualites\/#organization"},"keywords":["cimenter","jour","l39avenir","Liverpool","mise","pourrait","qui","Robertson","Tsimikas","une"],"articleSection":["Football"],"inLanguage":"fr-FR"},{"@type":"WebPage","@id":"https:\/\/footdavant.fr\/actualites\/une-mise-a-jour-de-tsimikas-qui-pourrait-cimenter-lavenir-de-robertson-a-liverpool\/","url":"https:\/\/footdavant.fr\/actualites\/une-mise-a-jour-de-tsimikas-qui-pourrait-cimenter-lavenir-de-robertson-a-liverpool\/","name":"Une mise \u00e0 jour de Tsimikas qui pourrait cimenter l&#39;avenir de Robertson \u00e0 Liverpool","isPartOf":{"@id":"https:\/\/footdavant.fr\/actualites\/#website"},"datePublished":"2026-01-21T18:48:02+00:00","dateModified":"2026-01-21T18:48:04+00:00","breadcrumb":{"@id":"https:\/\/footdavant.fr\/actualites\/une-mise-a-jour-de-tsimikas-qui-pourrait-cimenter-lavenir-de-robertson-a-liverpool\/#breadcrumb"},"inLanguage":"fr-FR","potentialAction":[{"@type":"ReadAction","target":["https:\/\/footdavant.fr\/actualites\/une-mise-a-jour-de-tsimikas-qui-pourrait-cimenter-lavenir-de-robertson-a-liverpool\/"]}]},{"@type":"BreadcrumbList","@id":"https:\/\/footdavant.fr\/actualites\/une-mise-a-jour-de-tsimikas-qui-pourrait-cimenter-lavenir-de-robertson-a-liverpool\/#breadcrumb","itemListElement":[{"@type":"ListItem","position":1,"name":"Accueil","item":"https:\/\/footdavant.fr\/actualites\/"},{"@type":"ListItem","position":2,"name":"Une mise \u00e0 jour de Tsimikas qui pourrait cimenter l&#39;avenir de Robertson \u00e0 Liverpool"}]},{"@type":"WebSite","@id":"https:\/\/footdavant.fr\/actualites\/#website","url":"https:\/\/footdavant.fr\/actualites\/","name":"Foot d'avant","description":"","publisher":{"@id":"https:\/\/footdavant.fr\/actualites\/#organization"},"potentialAction":[{"@type":"SearchAction","target":{"@type":"EntryPoint","urlTemplate":"https:\/\/footdavant.fr\/actualites\/?s={search_term_string}"},"query-input":"required name=search_term_string"}],"inLanguage":"fr-FR"},{"@type":"Organization","@id":"https:\/\/footdavant.fr\/actualites\/#organization","name":"Foot d'avant","url":"https:\/\/footdavant.fr\/actualites\/","logo":{"@type":"ImageObject","inLanguage":"fr-FR","@id":"https:\/\/footdavant.fr\/actualites\/#\/schema\/logo\/image\/","url":"https:\/\/footdavant.fr\/actualites\/wp-content\/uploads\/2023\/09\/Copy-of-FootDavant-Logo.png","contentUrl":"https:\/\/footdavant.fr\/actualites\/wp-content\/uploads\/2023\/09\/Copy-of-FootDavant-Logo.png","width":936,"height":549,"caption":"Foot d'avant"},"image":{"@id":"https:\/\/footdavant.fr\/actualites\/#\/schema\/logo\/image\/"},"sameAs":["https:\/\/www.facebook.com\/Footdavant\/","https:\/\/twitter.com\/FootdavantFr","https:\/\/www.instagram.com\/footdavant.fr\/"]},{"@type":"Person","@id":"https:\/\/footdavant.fr\/actualites\/#\/schema\/person\/bc222566d95871b37e597b3ed3ba5e1d","name":"Cl\u00e9ment","image":{"@type":"ImageObject","inLanguage":"fr-FR","@id":"https:\/\/footdavant.fr\/actualites\/#\/schema\/person\/image\/","url":"https:\/\/secure.gravatar.com\/avatar\/7728b29aac2719421e1a9159b2254c44?s=96&d=mm&r=g","contentUrl":"https:\/\/secure.gravatar.com\/avatar\/7728b29aac2719421e1a9159b2254c44?s=96&d=mm&r=g","caption":"Cl\u00e9ment"},"sameAs":["https:\/\/footdavant.fr\/"]}]}},"_links":{"self":[{"href":"https:\/\/footdavant.fr\/actualites\/wp-json\/wp\/v2\/posts\/33674"}],"collection":[{"href":"https:\/\/footdavant.fr\/actualites\/wp-json\/wp\/v2\/posts"}],"about":[{"href":"https:\/\/footdavant.fr\/actualites\/wp-json\/wp\/v2\/types\/post"}],"author":[{"embeddable":true,"href":"https:\/\/footdavant.fr\/actualites\/wp-json\/wp\/v2\/users\/1"}],"replies":[{"embeddable":true,"href":"https:\/\/footdavant.fr\/actualites\/wp-json\/wp\/v2\/comments?post=33674"}],"version-history":[{"count":1,"href":"https:\/\/footdavant.fr\/actualites\/wp-json\/wp\/v2\/posts\/33674\/revisions"}],"predecessor-version":[{"id":33676,"href":"https:\/\/footdavant.fr\/actualites\/wp-json\/wp\/v2\/posts\/33674\/revisions\/33676"}],"wp:featuredmedia":[{"embeddable":true,"href":"https:\/\/footdavant.fr\/actualites\/wp-json\/wp\/v2\/media\/33675"}],"wp:attachment":[{"href":"https:\/\/footdavant.fr\/actualites\/wp-json\/wp\/v2\/media?parent=33674"}],"wp:term":[{"taxonomy":"category","embeddable":true,"href":"https:\/\/footdavant.fr\/actualites\/wp-json\/wp\/v2\/categories?post=33674"},{"taxonomy":"post_tag","embeddable":true,"href":"https:\/\/footdavant.fr\/actualites\/wp-json\/wp\/v2\/tags?post=33674"}],"curies":[{"name":"wp","href":"https:\/\/api.w.org\/{rel}","templated":true}]}}