{"id":33693,"date":"2026-01-22T09:48:09","date_gmt":"2026-01-22T08:48:09","guid":{"rendered":"https:\/\/footdavant.fr\/actualites\/marc-andre-ter-stegen-quitte-barcelone-au-stade-cest-parti-alors-que-le-gardien-accepte-le-transfert-de-la-liga\/"},"modified":"2026-01-22T09:48:10","modified_gmt":"2026-01-22T08:48:10","slug":"marc-andre-ter-stegen-quitte-barcelone-au-stade-cest-parti-alors-que-le-gardien-accepte-le-transfert-de-la-liga","status":"publish","type":"post","link":"https:\/\/footdavant.fr\/actualites\/marc-andre-ter-stegen-quitte-barcelone-au-stade-cest-parti-alors-que-le-gardien-accepte-le-transfert-de-la-liga\/","title":{"rendered":"Marc-Andre ter Stegen quitte Barcelone au stade \u00ab\u00a0c&#39;est parti\u00a0\u00bb alors que le gardien accepte le transfert de la Liga"},"content":{"rendered":"<div itemprop=\"articleBody\">\n<p style=\"margin-bottom:11px\">Barcelone aurait conclu un accord avec son compatriote de la Liga, G\u00e9rone, pour pr\u00eater le gardien Marc-Andre ter Stegen.<\/p>\n<p>L&#39;international allemand a fait un total de 423 apparitions pour Barcelone toutes comp\u00e9titions confondues depuis qu&#39;il a rejoint le club en provenance du Borussia M\u00f6nchengladbach en 2014, mais il n&#39;a jou\u00e9 que 10 fois depuis la fin de la campagne 2023-24 en raison d&#39;une blessure.<\/p>\n<p>Ter Stegen a subi une op\u00e9ration au dos cet \u00e9t\u00e9 et n&#39;a depuis fait qu&#39;une seule apparition en \u00e9quipe premi\u00e8re pour les g\u00e9ants catalans, gardant sa cage inviol\u00e9e lors de la victoire 2-0 de la Copa del Rey contre le CD Guadalajara \u00e0 la mi-d\u00e9cembre.<\/p>\n<p>Le joueur de 33 ans a \u00e9galement \u00e9t\u00e9 rempla\u00e7ant inutilis\u00e9 lors de six matches dans tous les tournois depuis son retour de blessure, l&#39;entra\u00eeneur-chef Hansi Flick ayant choisi de s&#39;en tenir au nouveau gardien de premier choix Joan Garcia.<\/p>\n<p>Ter Stegen a ensuite \u00e9t\u00e9 pressenti pour quitter Barcelone \u00e0 la recherche d&#39;un temps de jeu r\u00e9gulier, plusieurs clubs \u00e0 travers l&#39;Europe ayant exprim\u00e9 leur int\u00e9r\u00eat pour ses services.<\/p>\n<p>Le mois dernier, l&#39;entra\u00eeneur-chef de l&#39;Allemagne, Julian Nagelsmann, a d\u00e9clar\u00e9 qu&#39;il \u00e9tait \u00ab\u00a0confiant qu&#39;un club ferait un pas\u00a0\u00bb pour Ter Stegen lors du mercato de janvier, le football en \u00e9quipe premi\u00e8re au niveau des clubs \u00e9tant n\u00e9cessaire pour consolider sa place dans l&#39;\u00e9quipe nationale pour la Coupe du monde 2026.<\/p>\n<div>\n<div>\n<div>\n<div>\n<div>\n<p>\u00a9 Imago \/ IMAGO \/ Images de lecteurs photo<\/p>\n<\/div>\n<\/div>\n<\/div>\n<\/div>\n<\/div>\n<h2>G\u00e9rone accepte verbalement le pr\u00eat du gardien du Bar\u00e7a, Ter Stegen<\/h2>\n<p>Les g\u00e9ants turcs Besiktas auraient fait une offre pour signer Ter Stegen vers la fin de l&#39;ann\u00e9e derni\u00e8re, tandis que Galatasaray, Chelsea et Manchester United auraient \u00e9galement \u00e9t\u00e9 li\u00e9s au gardien.<\/p>\n<p>Cependant, G\u00e9rone est r\u00e9cemment devenu le favori pour remporter la course pour Ter Stegen et le journaliste Fabrizio Romano affirme qu&#39;un accord verbal est d\u00e9sormais en place sur un pr\u00eat jusqu&#39;\u00e0 la fin de la saison.<\/p>\n<p>Romano, qui a donn\u00e9 sa marque de fabrique \u00ab\u00a0C&#39;est parti\u00a0\u00bb sur l&#39;accord, a \u00e9galement r\u00e9v\u00e9l\u00e9 que Ter Stegen lui-m\u00eame avait donn\u00e9 son feu vert pour finaliser un transfert temporaire \u00e0 G\u00e9rone.<\/p>\n<p>L&#39;entra\u00eeneur de G\u00e9rone, Michel, a r\u00e9cemment \u00e9voqu\u00e9 une d\u00e9cision pour Ter Stegen, d\u00e9clarant aux journalistes : \u00ab\u00a0J&#39;adorerais avoir ter Stegen avec nous ! C&#39;est le meilleur gardien de but. Chaque club veut Marc dans son \u00e9quipe.\u00a0\u00bb<\/p>\n<p>Ter Stegen pourrait bient\u00f4t devenir la deuxi\u00e8me recrue de G\u00e9rone pour la fen\u00eatre de janvier apr\u00e8s l&#39;attaquant de 20 ans Claudio Echeverri, r\u00e9cemment pr\u00eat\u00e9 par Manchester City.<\/p>\n<p>L&#39;Allemand devrait rivaliser avec Paulo Gazzaniga et Dominik Livakovic pour le maillot n\u00b01 \u00e0 G\u00e9rone, qui occupe actuellement la 11e place du classement de la Liga mais \u00e0 seulement cinq points au-dessus de la zone de rel\u00e9gation.<\/p>\n<\/div>\n","protected":false},"excerpt":{"rendered":"<p>Barcelone aurait conclu un accord avec son compatriote de la Liga, G\u00e9rone, pour pr\u00eater le gardien Marc-Andre ter Stegen. L&#39;international allemand a fait un total<\/p>\n","protected":false},"author":1,"featured_media":33694,"comment_status":"closed","ping_status":"","sticky":false,"template":"","format":"standard","meta":{"footnotes":""},"categories":[5],"tags":[1111,318,130,4417,1488,1704,9725,1500,3137,3173,9727,9726,700],"yoast_head":"<!-- This site is optimized with the Yoast SEO plugin v21.0 - https:\/\/yoast.com\/wordpress\/plugins\/seo\/ -->\n<title>Marc-Andre ter Stegen quitte Barcelone au stade &quot;c&#039;est parti&quot; alors que le gardien accepte le transfert de la Liga<\/title>\n<meta name=\"robots\" content=\"index, follow, max-snippet:-1, max-image-preview:large, max-video-preview:-1\" \/>\n<link rel=\"canonical\" href=\"https:\/\/footdavant.fr\/actualites\/marc-andre-ter-stegen-quitte-barcelone-au-stade-cest-parti-alors-que-le-gardien-accepte-le-transfert-de-la-liga\/\" \/>\n<meta property=\"og:locale\" content=\"fr_FR\" \/>\n<meta property=\"og:type\" content=\"article\" \/>\n<meta property=\"og:title\" content=\"Marc-Andre ter Stegen quitte Barcelone au stade &quot;c&#039;est parti&quot; alors que le gardien accepte le transfert de la Liga\" \/>\n<meta property=\"og:description\" content=\"Barcelone aurait conclu un accord avec son compatriote de la Liga, G\u00e9rone, pour pr\u00eater le gardien Marc-Andre ter Stegen. L&#039;international allemand a fait un total\" \/>\n<meta property=\"og:url\" content=\"https:\/\/footdavant.fr\/actualites\/marc-andre-ter-stegen-quitte-barcelone-au-stade-cest-parti-alors-que-le-gardien-accepte-le-transfert-de-la-liga\/\" \/>\n<meta property=\"og:site_name\" content=\"Foot d&#039;avant\" \/>\n<meta property=\"article:publisher\" content=\"https:\/\/www.facebook.com\/Footdavant\/\" \/>\n<meta property=\"article:published_time\" content=\"2026-01-22T08:48:09+00:00\" \/>\n<meta property=\"article:modified_time\" content=\"2026-01-22T08:48:10+00:00\" \/>\n<meta property=\"og:image\" content=\"https:\/\/footdavant.fr\/actualites\/wp-content\/uploads\/2026\/01\/Marc-Andre-ter-Stegen-quitte-Barcelone-au-stade-c39est-parti-alors.net2Fuploads2F20252F122Fsm-azzuu-ter-ste.webp\" \/>\n\t<meta property=\"og:image:width\" content=\"720\" \/>\n\t<meta property=\"og:image:height\" content=\"410\" \/>\n\t<meta property=\"og:image:type\" content=\"image\/webp\" \/>\n<meta name=\"author\" content=\"Cl\u00e9ment\" \/>\n<meta name=\"twitter:card\" content=\"summary_large_image\" \/>\n<meta name=\"twitter:creator\" content=\"@FootdavantFr\" \/>\n<meta name=\"twitter:site\" content=\"@FootdavantFr\" \/>\n<meta name=\"twitter:label1\" content=\"\u00c9crit par\" \/>\n\t<meta name=\"twitter:data1\" content=\"Cl\u00e9ment\" \/>\n\t<meta name=\"twitter:label2\" content=\"Dur\u00e9e de lecture estim\u00e9e\" \/>\n\t<meta name=\"twitter:data2\" content=\"2 minutes\" \/>\n<script type=\"application\/ld+json\" class=\"yoast-schema-graph\">{\"@context\":\"https:\/\/schema.org\",\"@graph\":[{\"@type\":\"Article\",\"@id\":\"https:\/\/footdavant.fr\/actualites\/marc-andre-ter-stegen-quitte-barcelone-au-stade-cest-parti-alors-que-le-gardien-accepte-le-transfert-de-la-liga\/#article\",\"isPartOf\":{\"@id\":\"https:\/\/footdavant.fr\/actualites\/marc-andre-ter-stegen-quitte-barcelone-au-stade-cest-parti-alors-que-le-gardien-accepte-le-transfert-de-la-liga\/\"},\"author\":{\"name\":\"Cl\u00e9ment\",\"@id\":\"https:\/\/footdavant.fr\/actualites\/#\/schema\/person\/bc222566d95871b37e597b3ed3ba5e1d\"},\"headline\":\"Marc-Andre ter Stegen quitte Barcelone au stade \u00ab\u00a0c&#39;est parti\u00a0\u00bb alors que le gardien accepte le transfert de la Liga\",\"datePublished\":\"2026-01-22T08:48:09+00:00\",\"dateModified\":\"2026-01-22T08:48:10+00:00\",\"mainEntityOfPage\":{\"@id\":\"https:\/\/footdavant.fr\/actualites\/marc-andre-ter-stegen-quitte-barcelone-au-stade-cest-parti-alors-que-le-gardien-accepte-le-transfert-de-la-liga\/\"},\"wordCount\":519,\"publisher\":{\"@id\":\"https:\/\/footdavant.fr\/actualites\/#organization\"},\"keywords\":[\"accepte\",\"alors\",\"Barcelone\",\"C39est\",\"gardien\",\"Liga\",\"MarcAndr\u00e9\",\"parti\",\"quitte\",\"stade\",\"Stegen\",\"Ter\",\"transfert\"],\"articleSection\":[\"Premier League\"],\"inLanguage\":\"fr-FR\"},{\"@type\":\"WebPage\",\"@id\":\"https:\/\/footdavant.fr\/actualites\/marc-andre-ter-stegen-quitte-barcelone-au-stade-cest-parti-alors-que-le-gardien-accepte-le-transfert-de-la-liga\/\",\"url\":\"https:\/\/footdavant.fr\/actualites\/marc-andre-ter-stegen-quitte-barcelone-au-stade-cest-parti-alors-que-le-gardien-accepte-le-transfert-de-la-liga\/\",\"name\":\"Marc-Andre ter Stegen quitte Barcelone au stade \\\"c&#39;est parti\\\" alors que le gardien accepte le transfert de la Liga\",\"isPartOf\":{\"@id\":\"https:\/\/footdavant.fr\/actualites\/#website\"},\"datePublished\":\"2026-01-22T08:48:09+00:00\",\"dateModified\":\"2026-01-22T08:48:10+00:00\",\"breadcrumb\":{\"@id\":\"https:\/\/footdavant.fr\/actualites\/marc-andre-ter-stegen-quitte-barcelone-au-stade-cest-parti-alors-que-le-gardien-accepte-le-transfert-de-la-liga\/#breadcrumb\"},\"inLanguage\":\"fr-FR\",\"potentialAction\":[{\"@type\":\"ReadAction\",\"target\":[\"https:\/\/footdavant.fr\/actualites\/marc-andre-ter-stegen-quitte-barcelone-au-stade-cest-parti-alors-que-le-gardien-accepte-le-transfert-de-la-liga\/\"]}]},{\"@type\":\"BreadcrumbList\",\"@id\":\"https:\/\/footdavant.fr\/actualites\/marc-andre-ter-stegen-quitte-barcelone-au-stade-cest-parti-alors-que-le-gardien-accepte-le-transfert-de-la-liga\/#breadcrumb\",\"itemListElement\":[{\"@type\":\"ListItem\",\"position\":1,\"name\":\"Accueil\",\"item\":\"https:\/\/footdavant.fr\/actualites\/\"},{\"@type\":\"ListItem\",\"position\":2,\"name\":\"Marc-Andre ter Stegen quitte Barcelone au stade \u00ab\u00a0c&#39;est parti\u00a0\u00bb alors que le gardien accepte le transfert de la Liga\"}]},{\"@type\":\"WebSite\",\"@id\":\"https:\/\/footdavant.fr\/actualites\/#website\",\"url\":\"https:\/\/footdavant.fr\/actualites\/\",\"name\":\"Foot d'avant\",\"description\":\"\",\"publisher\":{\"@id\":\"https:\/\/footdavant.fr\/actualites\/#organization\"},\"potentialAction\":[{\"@type\":\"SearchAction\",\"target\":{\"@type\":\"EntryPoint\",\"urlTemplate\":\"https:\/\/footdavant.fr\/actualites\/?s={search_term_string}\"},\"query-input\":\"required name=search_term_string\"}],\"inLanguage\":\"fr-FR\"},{\"@type\":\"Organization\",\"@id\":\"https:\/\/footdavant.fr\/actualites\/#organization\",\"name\":\"Foot d'avant\",\"url\":\"https:\/\/footdavant.fr\/actualites\/\",\"logo\":{\"@type\":\"ImageObject\",\"inLanguage\":\"fr-FR\",\"@id\":\"https:\/\/footdavant.fr\/actualites\/#\/schema\/logo\/image\/\",\"url\":\"https:\/\/footdavant.fr\/actualites\/wp-content\/uploads\/2023\/09\/Copy-of-FootDavant-Logo.png\",\"contentUrl\":\"https:\/\/footdavant.fr\/actualites\/wp-content\/uploads\/2023\/09\/Copy-of-FootDavant-Logo.png\",\"width\":936,\"height\":549,\"caption\":\"Foot d'avant\"},\"image\":{\"@id\":\"https:\/\/footdavant.fr\/actualites\/#\/schema\/logo\/image\/\"},\"sameAs\":[\"https:\/\/www.facebook.com\/Footdavant\/\",\"https:\/\/twitter.com\/FootdavantFr\",\"https:\/\/www.instagram.com\/footdavant.fr\/\"]},{\"@type\":\"Person\",\"@id\":\"https:\/\/footdavant.fr\/actualites\/#\/schema\/person\/bc222566d95871b37e597b3ed3ba5e1d\",\"name\":\"Cl\u00e9ment\",\"image\":{\"@type\":\"ImageObject\",\"inLanguage\":\"fr-FR\",\"@id\":\"https:\/\/footdavant.fr\/actualites\/#\/schema\/person\/image\/\",\"url\":\"https:\/\/secure.gravatar.com\/avatar\/7728b29aac2719421e1a9159b2254c44?s=96&d=mm&r=g\",\"contentUrl\":\"https:\/\/secure.gravatar.com\/avatar\/7728b29aac2719421e1a9159b2254c44?s=96&d=mm&r=g\",\"caption\":\"Cl\u00e9ment\"},\"sameAs\":[\"https:\/\/footdavant.fr\/\"]}]}<\/script>\n<!-- \/ Yoast SEO plugin. -->","yoast_head_json":{"title":"Marc-Andre ter Stegen quitte Barcelone au stade \"c&#39;est parti\" alors que le gardien accepte le transfert de la Liga","robots":{"index":"index","follow":"follow","max-snippet":"max-snippet:-1","max-image-preview":"max-image-preview:large","max-video-preview":"max-video-preview:-1"},"canonical":"https:\/\/footdavant.fr\/actualites\/marc-andre-ter-stegen-quitte-barcelone-au-stade-cest-parti-alors-que-le-gardien-accepte-le-transfert-de-la-liga\/","og_locale":"fr_FR","og_type":"article","og_title":"Marc-Andre ter Stegen quitte Barcelone au stade \"c&#39;est parti\" alors que le gardien accepte le transfert de la Liga","og_description":"Barcelone aurait conclu un accord avec son compatriote de la Liga, G\u00e9rone, pour pr\u00eater le gardien Marc-Andre ter Stegen. L&#39;international allemand a fait un total","og_url":"https:\/\/footdavant.fr\/actualites\/marc-andre-ter-stegen-quitte-barcelone-au-stade-cest-parti-alors-que-le-gardien-accepte-le-transfert-de-la-liga\/","og_site_name":"Foot d&#039;avant","article_publisher":"https:\/\/www.facebook.com\/Footdavant\/","article_published_time":"2026-01-22T08:48:09+00:00","article_modified_time":"2026-01-22T08:48:10+00:00","og_image":[{"width":720,"height":410,"url":"https:\/\/footdavant.fr\/actualites\/wp-content\/uploads\/2026\/01\/Marc-Andre-ter-Stegen-quitte-Barcelone-au-stade-c39est-parti-alors.net2Fuploads2F20252F122Fsm-azzuu-ter-ste.webp","type":"image\/webp"}],"author":"Cl\u00e9ment","twitter_card":"summary_large_image","twitter_creator":"@FootdavantFr","twitter_site":"@FootdavantFr","twitter_misc":{"\u00c9crit par":"Cl\u00e9ment","Dur\u00e9e de lecture estim\u00e9e":"2 minutes"},"schema":{"@context":"https:\/\/schema.org","@graph":[{"@type":"Article","@id":"https:\/\/footdavant.fr\/actualites\/marc-andre-ter-stegen-quitte-barcelone-au-stade-cest-parti-alors-que-le-gardien-accepte-le-transfert-de-la-liga\/#article","isPartOf":{"@id":"https:\/\/footdavant.fr\/actualites\/marc-andre-ter-stegen-quitte-barcelone-au-stade-cest-parti-alors-que-le-gardien-accepte-le-transfert-de-la-liga\/"},"author":{"name":"Cl\u00e9ment","@id":"https:\/\/footdavant.fr\/actualites\/#\/schema\/person\/bc222566d95871b37e597b3ed3ba5e1d"},"headline":"Marc-Andre ter Stegen quitte Barcelone au stade \u00ab\u00a0c&#39;est parti\u00a0\u00bb alors que le gardien accepte le transfert de la Liga","datePublished":"2026-01-22T08:48:09+00:00","dateModified":"2026-01-22T08:48:10+00:00","mainEntityOfPage":{"@id":"https:\/\/footdavant.fr\/actualites\/marc-andre-ter-stegen-quitte-barcelone-au-stade-cest-parti-alors-que-le-gardien-accepte-le-transfert-de-la-liga\/"},"wordCount":519,"publisher":{"@id":"https:\/\/footdavant.fr\/actualites\/#organization"},"keywords":["accepte","alors","Barcelone","C39est","gardien","Liga","MarcAndr\u00e9","parti","quitte","stade","Stegen","Ter","transfert"],"articleSection":["Premier League"],"inLanguage":"fr-FR"},{"@type":"WebPage","@id":"https:\/\/footdavant.fr\/actualites\/marc-andre-ter-stegen-quitte-barcelone-au-stade-cest-parti-alors-que-le-gardien-accepte-le-transfert-de-la-liga\/","url":"https:\/\/footdavant.fr\/actualites\/marc-andre-ter-stegen-quitte-barcelone-au-stade-cest-parti-alors-que-le-gardien-accepte-le-transfert-de-la-liga\/","name":"Marc-Andre ter Stegen quitte Barcelone au stade \"c&#39;est parti\" alors que le gardien accepte le transfert de la Liga","isPartOf":{"@id":"https:\/\/footdavant.fr\/actualites\/#website"},"datePublished":"2026-01-22T08:48:09+00:00","dateModified":"2026-01-22T08:48:10+00:00","breadcrumb":{"@id":"https:\/\/footdavant.fr\/actualites\/marc-andre-ter-stegen-quitte-barcelone-au-stade-cest-parti-alors-que-le-gardien-accepte-le-transfert-de-la-liga\/#breadcrumb"},"inLanguage":"fr-FR","potentialAction":[{"@type":"ReadAction","target":["https:\/\/footdavant.fr\/actualites\/marc-andre-ter-stegen-quitte-barcelone-au-stade-cest-parti-alors-que-le-gardien-accepte-le-transfert-de-la-liga\/"]}]},{"@type":"BreadcrumbList","@id":"https:\/\/footdavant.fr\/actualites\/marc-andre-ter-stegen-quitte-barcelone-au-stade-cest-parti-alors-que-le-gardien-accepte-le-transfert-de-la-liga\/#breadcrumb","itemListElement":[{"@type":"ListItem","position":1,"name":"Accueil","item":"https:\/\/footdavant.fr\/actualites\/"},{"@type":"ListItem","position":2,"name":"Marc-Andre ter Stegen quitte Barcelone au stade \u00ab\u00a0c&#39;est parti\u00a0\u00bb alors que le gardien accepte le transfert de la Liga"}]},{"@type":"WebSite","@id":"https:\/\/footdavant.fr\/actualites\/#website","url":"https:\/\/footdavant.fr\/actualites\/","name":"Foot d'avant","description":"","publisher":{"@id":"https:\/\/footdavant.fr\/actualites\/#organization"},"potentialAction":[{"@type":"SearchAction","target":{"@type":"EntryPoint","urlTemplate":"https:\/\/footdavant.fr\/actualites\/?s={search_term_string}"},"query-input":"required name=search_term_string"}],"inLanguage":"fr-FR"},{"@type":"Organization","@id":"https:\/\/footdavant.fr\/actualites\/#organization","name":"Foot d'avant","url":"https:\/\/footdavant.fr\/actualites\/","logo":{"@type":"ImageObject","inLanguage":"fr-FR","@id":"https:\/\/footdavant.fr\/actualites\/#\/schema\/logo\/image\/","url":"https:\/\/footdavant.fr\/actualites\/wp-content\/uploads\/2023\/09\/Copy-of-FootDavant-Logo.png","contentUrl":"https:\/\/footdavant.fr\/actualites\/wp-content\/uploads\/2023\/09\/Copy-of-FootDavant-Logo.png","width":936,"height":549,"caption":"Foot d'avant"},"image":{"@id":"https:\/\/footdavant.fr\/actualites\/#\/schema\/logo\/image\/"},"sameAs":["https:\/\/www.facebook.com\/Footdavant\/","https:\/\/twitter.com\/FootdavantFr","https:\/\/www.instagram.com\/footdavant.fr\/"]},{"@type":"Person","@id":"https:\/\/footdavant.fr\/actualites\/#\/schema\/person\/bc222566d95871b37e597b3ed3ba5e1d","name":"Cl\u00e9ment","image":{"@type":"ImageObject","inLanguage":"fr-FR","@id":"https:\/\/footdavant.fr\/actualites\/#\/schema\/person\/image\/","url":"https:\/\/secure.gravatar.com\/avatar\/7728b29aac2719421e1a9159b2254c44?s=96&d=mm&r=g","contentUrl":"https:\/\/secure.gravatar.com\/avatar\/7728b29aac2719421e1a9159b2254c44?s=96&d=mm&r=g","caption":"Cl\u00e9ment"},"sameAs":["https:\/\/footdavant.fr\/"]}]}},"_links":{"self":[{"href":"https:\/\/footdavant.fr\/actualites\/wp-json\/wp\/v2\/posts\/33693"}],"collection":[{"href":"https:\/\/footdavant.fr\/actualites\/wp-json\/wp\/v2\/posts"}],"about":[{"href":"https:\/\/footdavant.fr\/actualites\/wp-json\/wp\/v2\/types\/post"}],"author":[{"embeddable":true,"href":"https:\/\/footdavant.fr\/actualites\/wp-json\/wp\/v2\/users\/1"}],"replies":[{"embeddable":true,"href":"https:\/\/footdavant.fr\/actualites\/wp-json\/wp\/v2\/comments?post=33693"}],"version-history":[{"count":1,"href":"https:\/\/footdavant.fr\/actualites\/wp-json\/wp\/v2\/posts\/33693\/revisions"}],"predecessor-version":[{"id":33695,"href":"https:\/\/footdavant.fr\/actualites\/wp-json\/wp\/v2\/posts\/33693\/revisions\/33695"}],"wp:featuredmedia":[{"embeddable":true,"href":"https:\/\/footdavant.fr\/actualites\/wp-json\/wp\/v2\/media\/33694"}],"wp:attachment":[{"href":"https:\/\/footdavant.fr\/actualites\/wp-json\/wp\/v2\/media?parent=33693"}],"wp:term":[{"taxonomy":"category","embeddable":true,"href":"https:\/\/footdavant.fr\/actualites\/wp-json\/wp\/v2\/categories?post=33693"},{"taxonomy":"post_tag","embeddable":true,"href":"https:\/\/footdavant.fr\/actualites\/wp-json\/wp\/v2\/tags?post=33693"}],"curies":[{"name":"wp","href":"https:\/\/api.w.org\/{rel}","templated":true}]}}