{"id":33696,"date":"2026-01-22T11:48:12","date_gmt":"2026-01-22T10:48:12","guid":{"rendered":"https:\/\/footdavant.fr\/actualites\/gyokeres-havertz-et-le-pret-de-nwaneri\/"},"modified":"2026-01-22T11:48:14","modified_gmt":"2026-01-22T10:48:14","slug":"gyokeres-havertz-et-le-pret-de-nwaneri","status":"publish","type":"post","link":"https:\/\/footdavant.fr\/actualites\/gyokeres-havertz-et-le-pret-de-nwaneri\/","title":{"rendered":"Gyokeres, Havertz et le pr\u00eat de Nwaneri"},"content":{"rendered":"<div>\n<p>Matin.<\/p>\n<p>Je pense que nous avons tous droit \u00e0 une journ\u00e9e relativement calme (du moins en termes de football) apr\u00e8s le r\u00e9cent calendrier charg\u00e9. Quatre matchs \u00e0 l&#39;ext\u00e9rieur ont apport\u00e9 trois victoires et un match nul, et nous attendons d\u00e9sormais avec impatience un peu de \u00ab r\u00e9confort \u00bb \u00e0 domicile pour les deux prochains. \u00c9videmment, Man United dimanche est le plus important, mais nous avons \u00e9galement un match nul en Ligue des champions contre le FC Kairat mercredi, ce qui devrait \u00eatre un match dans lequel Mikel Arteta peut faire une forte rotation avant de repartir.<\/p>\n<p>J&#39;\u00e9tais content pour Viktor Gyokeres apr\u00e8s son but contre l&#39;Inter. Quelle que soit l&#39;\u00e9valuation que vous faites de lui, je pense que presque tout le monde conviendra qu&#39;il semble \u00eatre un joueur un peu en manque de confiance, le grand intangible lorsqu&#39;il s&#39;agit d&#39;attaquants en particulier. Je sais qu&#39;il a marqu\u00e9 et obtenu une passe d\u00e9cisive contre Chelsea la semaine derni\u00e8re, mais un but d\u00e9cousu d&#39;un m\u00e8tre apr\u00e8s que le gardien ait fait un hurlement absolu n&#39;est pas la m\u00eame chose que d&#39;en marquer un \u00e0 25 m\u00e8tres \u00e0 San Siro. Je pense que l&#39;on pouvait voir \u00e0 quel point les deux c\u00e9l\u00e9brations \u00e9taient distinctes, laquelle signifiait le plus pour lui.<\/p>\n<p>Il ne s&#39;agit pas du tout de minimiser un but important en demi-finale d&#39;une coupe contre un rival londonien, mais demandez-vous sur lequel vous pensez qu&#39;il tirerait le plus en tant que joueur, et ce doit \u00eatre le but de cette semaine. Ce que nous avons, c&#39;est un joueur qui ne sera jamais aussi \u00e9l\u00e9gant ou aussi audacieux que notre vision id\u00e9ale d&#39;un attaquant d&#39;Arsenal, mais s&#39;il peut marquer des buts plus fr\u00e9quemment qu&#39;il ne l&#39;a \u00e9t\u00e9, nos chances de gagner augmentent de fa\u00e7on exponentielle. J\u2019esp\u00e8re donc que cela lui a vraiment donn\u00e9 un coup de pouce et que nous en verrons les avantages \u00e0 l\u2019avenir.<\/p>\n<p>Je regarde \u00e9galement cette semaine et les deux prochains matchs pour voir ce qu&#39;ils nous disent sur Kai Havertz. Je pense qu&#39;il y avait probablement de bonnes raisons de faire valoir qu&#39;il aurait d\u00fb remplacer Gabriel Jesus pour les 15 \u00e0 20 derni\u00e8res minutes, alors que nous essayons de le remettre en action. Peut-\u00eatre que le fait que le match ait \u00e9t\u00e9 serr\u00e9 \u00e0 ce moment-l\u00e0 (2-1) a jou\u00e9 un r\u00f4le dans la r\u00e9flexion de Mikel Arteta, mais cela m&#39;a fait me demander s&#39;il n&#39;est pas aussi pr\u00eat que nous le souhaiterions. United dimanche est un match pour les joueurs les plus en bonne forme physique et les plus performants, et apr\u00e8s si longtemps d&#39;absence, \u00e0 moins que nous l&#39;ayons dans le sac, ou que nous ayons d\u00e9sesp\u00e9r\u00e9ment besoin de quelque chose tard, je ne sais pas \u00e0 quel point il sera impliqu\u00e9.<\/p>\n<p>Kairat mercredi, c&#39;est le genre de match o\u00f9, s&#39;il est pr\u00eat, vous pouvez le titulariser, ou au moins lui donner des minutes substantielles en seconde p\u00e9riode. J&#39;esp\u00e8re que nous pourrons y parvenir, car nous avons besoin de tout le monde sur le pont d&#39;ici mai, surtout si l&#39;\u00e9quipe veut \u00eatre un homme l\u00e9ger par rapport \u00e0 l\u00e0 o\u00f9 elle se trouve actuellement avec le d\u00e9part en pr\u00eat d&#39;Ethan Nwaneri \u00e0 Marseille.<\/p>\n<p>En parlant de \u00e7a, il s&#39;est rendu en France hier pour finaliser son transfert, et je dois dire que je pense que c&#39;est important pour lui d&#39;aller jouer \u00e0 ce stade de sa carri\u00e8re. Arteta a d\u00e9clar\u00e9 apr\u00e8s le match de l&#39;Inter :<\/p>\n<blockquote>\n<p>Ethan ne joue pas les minutes qu&#39;il m\u00e9rite probablement et dont il a besoin \u00e0 son \u00e2ge. Nous avons un \u00e9norme talent l\u00e0-bas et nous devons vraiment en prendre soin.<\/p>\n<\/blockquote>\n<p>Les reportages \u00e0 ce sujet sugg\u00e8rent qu&#39;ils consid\u00e8rent les besoins de Marseille et le style de Roberto de Zerbi comme des facteurs importants, et la r\u00e9alit\u00e9 est que lorsque quelqu&#39;un comme Eberechi Eze se bat pendant quelques minutes ces derniers temps, il n&#39;est pas du tout inhabituel qu&#39;un joueur de 18 ans \u2013 aussi talentueux soit-il \u2013 se retrouve un peu p\u00e9riph\u00e9rique quand nous avons une \u00e9quipe aussi nombreuse.<\/p>\n<p>Il y a donc avant tout le temps de jeu dont il a besoin pour poursuivre son d\u00e9veloppement. Esp\u00e9rons qu\u2019il puisse revendiquer une place l\u00e0-bas et se comporter suffisamment bien pour \u00eatre s\u00e9lectionn\u00e9 r\u00e9guli\u00e8rement. Plus il joue, mieux c\u2019est, mais il y a aussi d\u2019autres avantages. Il devra faire face \u00e0 un autre type de pression de la part d&#39;une base de fans, qui est certainement\u2026 euh\u2026 stridente, parfois, et je suis convaincu qu&#39;une partie de la raison pour laquelle cet accord est d&#39;\u00e9largir un peu les horizons de Nwaneri.<\/p>\n<p>Il n&#39;a que 18 ans, il a pass\u00e9 toute sa vie \u00e0 Arsenal et, m\u00eame si je n&#39;appellerais pas cela une \u00ab zone de confort \u00bb, il y a une certaine familiarit\u00e9 en termes d&#39;emploi du temps, de routine et de style de vie qui sera d\u00e9sormais remise en question. Arteta, en tant que jeune joueur, a quitt\u00e9 son domicile \u00e0 Saint-S\u00e9bastien pour vivre \u00e0 La Masia dans le cadre de l&#39;\u00e9quipe de Barcelone, puis est parti pour rejoindre le PSG en France, avant de retourner en Espagne, d&#39;aller en \u00c9cosse, puis en Angleterre. Je pense qu&#39;il sera tr\u00e8s attach\u00e9 \u00e0 l&#39;exp\u00e9rience de vie que cela offrira \u00e0 Ethan, un pays diff\u00e9rent, une culture diff\u00e9rente, une nouvelle langue que je suis s\u00fbr qu&#39;il sera invit\u00e9 \u00e0 apprendre malgr\u00e9 le fait qu&#39;il y aura beaucoup d&#39;anglophones l\u00e0-bas.<\/p>\n<p>J&#39;ai vu des citations circuler sur la fa\u00e7on dont William Saliba, qui avait \u00e9galement \u00e9t\u00e9 pr\u00eat\u00e9 \u00e0 Marseille, avait dit \u00e0 Nwaneri \u00e0 quoi s&#39;attendre de ce club et de ces fans. Il arrive certainement les yeux ouverts, et m\u00eame si je ne pense pas qu&#39;Arsenal en tant que club ait \u00e9t\u00e9 particuli\u00e8rement bon dans la gestion de nos joueurs pr\u00eat\u00e9s ces derni\u00e8res ann\u00e9es, je peux voir comment celui-ci pourrait potentiellement lui \u00eatre vraiment b\u00e9n\u00e9fique en tant que joueur et en tant que personne, et en fin de compte, si cela se produit, cela profitera \u00e0 nous en tant que club lorsqu&#39;il reviendra pour vraiment pousser \u00e0 une plus grande implication la saison prochaine.<\/p>\n<p>Bon, c&#39;est tout pour aujourd&#39;hui. Je vais passer le reste \u00e0 voir si je peux comprendre la diff\u00e9rence entre le vert et la glace. Bonne journ\u00e9e les amis !<\/p>\n<\/div>\n","protected":false},"excerpt":{"rendered":"<p>Matin. Je pense que nous avons tous droit \u00e0 une journ\u00e9e relativement calme (du moins en termes de football) apr\u00e8s le r\u00e9cent calendrier charg\u00e9. Quatre<\/p>\n","protected":false},"author":1,"featured_media":33697,"comment_status":"closed","ping_status":"","sticky":false,"template":"","format":"standard","meta":{"footnotes":""},"categories":[3],"tags":[2304,1307,2144,165],"yoast_head":"<!-- This site is optimized with the Yoast SEO plugin v21.0 - https:\/\/yoast.com\/wordpress\/plugins\/seo\/ -->\n<title>Gyokeres, Havertz et le pr\u00eat de Nwaneri<\/title>\n<meta name=\"robots\" content=\"index, follow, max-snippet:-1, max-image-preview:large, max-video-preview:-1\" \/>\n<link rel=\"canonical\" href=\"https:\/\/footdavant.fr\/actualites\/gyokeres-havertz-et-le-pret-de-nwaneri\/\" \/>\n<meta property=\"og:locale\" content=\"fr_FR\" \/>\n<meta property=\"og:type\" content=\"article\" \/>\n<meta property=\"og:title\" content=\"Gyokeres, Havertz et le pr\u00eat de Nwaneri\" \/>\n<meta property=\"og:description\" content=\"Matin. Je pense que nous avons tous droit \u00e0 une journ\u00e9e relativement calme (du moins en termes de football) apr\u00e8s le r\u00e9cent calendrier charg\u00e9. Quatre\" \/>\n<meta property=\"og:url\" content=\"https:\/\/footdavant.fr\/actualites\/gyokeres-havertz-et-le-pret-de-nwaneri\/\" \/>\n<meta property=\"og:site_name\" content=\"Foot d&#039;avant\" \/>\n<meta property=\"article:publisher\" content=\"https:\/\/www.facebook.com\/Footdavant\/\" \/>\n<meta property=\"article:published_time\" content=\"2026-01-22T10:48:12+00:00\" \/>\n<meta property=\"article:modified_time\" content=\"2026-01-22T10:48:14+00:00\" \/>\n<meta property=\"og:image\" content=\"https:\/\/footdavant.fr\/actualites\/wp-content\/uploads\/2026\/01\/Gyokeres-Havertz-et-le-pret-de-Nwaneri.jpg\" \/>\n\t<meta property=\"og:image:width\" content=\"1500\" \/>\n\t<meta property=\"og:image:height\" content=\"750\" \/>\n\t<meta property=\"og:image:type\" content=\"image\/jpeg\" \/>\n<meta name=\"author\" content=\"Cl\u00e9ment\" \/>\n<meta name=\"twitter:card\" content=\"summary_large_image\" \/>\n<meta name=\"twitter:creator\" content=\"@FootdavantFr\" \/>\n<meta name=\"twitter:site\" content=\"@FootdavantFr\" \/>\n<meta name=\"twitter:label1\" content=\"\u00c9crit par\" \/>\n\t<meta name=\"twitter:data1\" content=\"Cl\u00e9ment\" \/>\n\t<meta name=\"twitter:label2\" content=\"Dur\u00e9e de lecture estim\u00e9e\" \/>\n\t<meta name=\"twitter:data2\" content=\"6 minutes\" \/>\n<script type=\"application\/ld+json\" class=\"yoast-schema-graph\">{\"@context\":\"https:\/\/schema.org\",\"@graph\":[{\"@type\":\"Article\",\"@id\":\"https:\/\/footdavant.fr\/actualites\/gyokeres-havertz-et-le-pret-de-nwaneri\/#article\",\"isPartOf\":{\"@id\":\"https:\/\/footdavant.fr\/actualites\/gyokeres-havertz-et-le-pret-de-nwaneri\/\"},\"author\":{\"name\":\"Cl\u00e9ment\",\"@id\":\"https:\/\/footdavant.fr\/actualites\/#\/schema\/person\/bc222566d95871b37e597b3ed3ba5e1d\"},\"headline\":\"Gyokeres, Havertz et le pr\u00eat de Nwaneri\",\"datePublished\":\"2026-01-22T10:48:12+00:00\",\"dateModified\":\"2026-01-22T10:48:14+00:00\",\"mainEntityOfPage\":{\"@id\":\"https:\/\/footdavant.fr\/actualites\/gyokeres-havertz-et-le-pret-de-nwaneri\/\"},\"wordCount\":1146,\"publisher\":{\"@id\":\"https:\/\/footdavant.fr\/actualites\/#organization\"},\"keywords\":[\"Gyokeres\",\"Havertz\",\"Nwaneri\",\"pr\u00eat\"],\"articleSection\":[\"Football\"],\"inLanguage\":\"fr-FR\"},{\"@type\":\"WebPage\",\"@id\":\"https:\/\/footdavant.fr\/actualites\/gyokeres-havertz-et-le-pret-de-nwaneri\/\",\"url\":\"https:\/\/footdavant.fr\/actualites\/gyokeres-havertz-et-le-pret-de-nwaneri\/\",\"name\":\"Gyokeres, Havertz et le pr\u00eat de Nwaneri\",\"isPartOf\":{\"@id\":\"https:\/\/footdavant.fr\/actualites\/#website\"},\"datePublished\":\"2026-01-22T10:48:12+00:00\",\"dateModified\":\"2026-01-22T10:48:14+00:00\",\"breadcrumb\":{\"@id\":\"https:\/\/footdavant.fr\/actualites\/gyokeres-havertz-et-le-pret-de-nwaneri\/#breadcrumb\"},\"inLanguage\":\"fr-FR\",\"potentialAction\":[{\"@type\":\"ReadAction\",\"target\":[\"https:\/\/footdavant.fr\/actualites\/gyokeres-havertz-et-le-pret-de-nwaneri\/\"]}]},{\"@type\":\"BreadcrumbList\",\"@id\":\"https:\/\/footdavant.fr\/actualites\/gyokeres-havertz-et-le-pret-de-nwaneri\/#breadcrumb\",\"itemListElement\":[{\"@type\":\"ListItem\",\"position\":1,\"name\":\"Accueil\",\"item\":\"https:\/\/footdavant.fr\/actualites\/\"},{\"@type\":\"ListItem\",\"position\":2,\"name\":\"Gyokeres, Havertz et le pr\u00eat de Nwaneri\"}]},{\"@type\":\"WebSite\",\"@id\":\"https:\/\/footdavant.fr\/actualites\/#website\",\"url\":\"https:\/\/footdavant.fr\/actualites\/\",\"name\":\"Foot d'avant\",\"description\":\"\",\"publisher\":{\"@id\":\"https:\/\/footdavant.fr\/actualites\/#organization\"},\"potentialAction\":[{\"@type\":\"SearchAction\",\"target\":{\"@type\":\"EntryPoint\",\"urlTemplate\":\"https:\/\/footdavant.fr\/actualites\/?s={search_term_string}\"},\"query-input\":\"required name=search_term_string\"}],\"inLanguage\":\"fr-FR\"},{\"@type\":\"Organization\",\"@id\":\"https:\/\/footdavant.fr\/actualites\/#organization\",\"name\":\"Foot d'avant\",\"url\":\"https:\/\/footdavant.fr\/actualites\/\",\"logo\":{\"@type\":\"ImageObject\",\"inLanguage\":\"fr-FR\",\"@id\":\"https:\/\/footdavant.fr\/actualites\/#\/schema\/logo\/image\/\",\"url\":\"https:\/\/footdavant.fr\/actualites\/wp-content\/uploads\/2023\/09\/Copy-of-FootDavant-Logo.png\",\"contentUrl\":\"https:\/\/footdavant.fr\/actualites\/wp-content\/uploads\/2023\/09\/Copy-of-FootDavant-Logo.png\",\"width\":936,\"height\":549,\"caption\":\"Foot d'avant\"},\"image\":{\"@id\":\"https:\/\/footdavant.fr\/actualites\/#\/schema\/logo\/image\/\"},\"sameAs\":[\"https:\/\/www.facebook.com\/Footdavant\/\",\"https:\/\/twitter.com\/FootdavantFr\",\"https:\/\/www.instagram.com\/footdavant.fr\/\"]},{\"@type\":\"Person\",\"@id\":\"https:\/\/footdavant.fr\/actualites\/#\/schema\/person\/bc222566d95871b37e597b3ed3ba5e1d\",\"name\":\"Cl\u00e9ment\",\"image\":{\"@type\":\"ImageObject\",\"inLanguage\":\"fr-FR\",\"@id\":\"https:\/\/footdavant.fr\/actualites\/#\/schema\/person\/image\/\",\"url\":\"https:\/\/secure.gravatar.com\/avatar\/7728b29aac2719421e1a9159b2254c44?s=96&d=mm&r=g\",\"contentUrl\":\"https:\/\/secure.gravatar.com\/avatar\/7728b29aac2719421e1a9159b2254c44?s=96&d=mm&r=g\",\"caption\":\"Cl\u00e9ment\"},\"sameAs\":[\"https:\/\/footdavant.fr\/\"]}]}<\/script>\n<!-- \/ Yoast SEO plugin. -->","yoast_head_json":{"title":"Gyokeres, Havertz et le pr\u00eat de Nwaneri","robots":{"index":"index","follow":"follow","max-snippet":"max-snippet:-1","max-image-preview":"max-image-preview:large","max-video-preview":"max-video-preview:-1"},"canonical":"https:\/\/footdavant.fr\/actualites\/gyokeres-havertz-et-le-pret-de-nwaneri\/","og_locale":"fr_FR","og_type":"article","og_title":"Gyokeres, Havertz et le pr\u00eat de Nwaneri","og_description":"Matin. Je pense que nous avons tous droit \u00e0 une journ\u00e9e relativement calme (du moins en termes de football) apr\u00e8s le r\u00e9cent calendrier charg\u00e9. Quatre","og_url":"https:\/\/footdavant.fr\/actualites\/gyokeres-havertz-et-le-pret-de-nwaneri\/","og_site_name":"Foot d&#039;avant","article_publisher":"https:\/\/www.facebook.com\/Footdavant\/","article_published_time":"2026-01-22T10:48:12+00:00","article_modified_time":"2026-01-22T10:48:14+00:00","og_image":[{"width":1500,"height":750,"url":"https:\/\/footdavant.fr\/actualites\/wp-content\/uploads\/2026\/01\/Gyokeres-Havertz-et-le-pret-de-Nwaneri.jpg","type":"image\/jpeg"}],"author":"Cl\u00e9ment","twitter_card":"summary_large_image","twitter_creator":"@FootdavantFr","twitter_site":"@FootdavantFr","twitter_misc":{"\u00c9crit par":"Cl\u00e9ment","Dur\u00e9e de lecture estim\u00e9e":"6 minutes"},"schema":{"@context":"https:\/\/schema.org","@graph":[{"@type":"Article","@id":"https:\/\/footdavant.fr\/actualites\/gyokeres-havertz-et-le-pret-de-nwaneri\/#article","isPartOf":{"@id":"https:\/\/footdavant.fr\/actualites\/gyokeres-havertz-et-le-pret-de-nwaneri\/"},"author":{"name":"Cl\u00e9ment","@id":"https:\/\/footdavant.fr\/actualites\/#\/schema\/person\/bc222566d95871b37e597b3ed3ba5e1d"},"headline":"Gyokeres, Havertz et le pr\u00eat de Nwaneri","datePublished":"2026-01-22T10:48:12+00:00","dateModified":"2026-01-22T10:48:14+00:00","mainEntityOfPage":{"@id":"https:\/\/footdavant.fr\/actualites\/gyokeres-havertz-et-le-pret-de-nwaneri\/"},"wordCount":1146,"publisher":{"@id":"https:\/\/footdavant.fr\/actualites\/#organization"},"keywords":["Gyokeres","Havertz","Nwaneri","pr\u00eat"],"articleSection":["Football"],"inLanguage":"fr-FR"},{"@type":"WebPage","@id":"https:\/\/footdavant.fr\/actualites\/gyokeres-havertz-et-le-pret-de-nwaneri\/","url":"https:\/\/footdavant.fr\/actualites\/gyokeres-havertz-et-le-pret-de-nwaneri\/","name":"Gyokeres, Havertz et le pr\u00eat de Nwaneri","isPartOf":{"@id":"https:\/\/footdavant.fr\/actualites\/#website"},"datePublished":"2026-01-22T10:48:12+00:00","dateModified":"2026-01-22T10:48:14+00:00","breadcrumb":{"@id":"https:\/\/footdavant.fr\/actualites\/gyokeres-havertz-et-le-pret-de-nwaneri\/#breadcrumb"},"inLanguage":"fr-FR","potentialAction":[{"@type":"ReadAction","target":["https:\/\/footdavant.fr\/actualites\/gyokeres-havertz-et-le-pret-de-nwaneri\/"]}]},{"@type":"BreadcrumbList","@id":"https:\/\/footdavant.fr\/actualites\/gyokeres-havertz-et-le-pret-de-nwaneri\/#breadcrumb","itemListElement":[{"@type":"ListItem","position":1,"name":"Accueil","item":"https:\/\/footdavant.fr\/actualites\/"},{"@type":"ListItem","position":2,"name":"Gyokeres, Havertz et le pr\u00eat de Nwaneri"}]},{"@type":"WebSite","@id":"https:\/\/footdavant.fr\/actualites\/#website","url":"https:\/\/footdavant.fr\/actualites\/","name":"Foot d'avant","description":"","publisher":{"@id":"https:\/\/footdavant.fr\/actualites\/#organization"},"potentialAction":[{"@type":"SearchAction","target":{"@type":"EntryPoint","urlTemplate":"https:\/\/footdavant.fr\/actualites\/?s={search_term_string}"},"query-input":"required name=search_term_string"}],"inLanguage":"fr-FR"},{"@type":"Organization","@id":"https:\/\/footdavant.fr\/actualites\/#organization","name":"Foot d'avant","url":"https:\/\/footdavant.fr\/actualites\/","logo":{"@type":"ImageObject","inLanguage":"fr-FR","@id":"https:\/\/footdavant.fr\/actualites\/#\/schema\/logo\/image\/","url":"https:\/\/footdavant.fr\/actualites\/wp-content\/uploads\/2023\/09\/Copy-of-FootDavant-Logo.png","contentUrl":"https:\/\/footdavant.fr\/actualites\/wp-content\/uploads\/2023\/09\/Copy-of-FootDavant-Logo.png","width":936,"height":549,"caption":"Foot d'avant"},"image":{"@id":"https:\/\/footdavant.fr\/actualites\/#\/schema\/logo\/image\/"},"sameAs":["https:\/\/www.facebook.com\/Footdavant\/","https:\/\/twitter.com\/FootdavantFr","https:\/\/www.instagram.com\/footdavant.fr\/"]},{"@type":"Person","@id":"https:\/\/footdavant.fr\/actualites\/#\/schema\/person\/bc222566d95871b37e597b3ed3ba5e1d","name":"Cl\u00e9ment","image":{"@type":"ImageObject","inLanguage":"fr-FR","@id":"https:\/\/footdavant.fr\/actualites\/#\/schema\/person\/image\/","url":"https:\/\/secure.gravatar.com\/avatar\/7728b29aac2719421e1a9159b2254c44?s=96&d=mm&r=g","contentUrl":"https:\/\/secure.gravatar.com\/avatar\/7728b29aac2719421e1a9159b2254c44?s=96&d=mm&r=g","caption":"Cl\u00e9ment"},"sameAs":["https:\/\/footdavant.fr\/"]}]}},"_links":{"self":[{"href":"https:\/\/footdavant.fr\/actualites\/wp-json\/wp\/v2\/posts\/33696"}],"collection":[{"href":"https:\/\/footdavant.fr\/actualites\/wp-json\/wp\/v2\/posts"}],"about":[{"href":"https:\/\/footdavant.fr\/actualites\/wp-json\/wp\/v2\/types\/post"}],"author":[{"embeddable":true,"href":"https:\/\/footdavant.fr\/actualites\/wp-json\/wp\/v2\/users\/1"}],"replies":[{"embeddable":true,"href":"https:\/\/footdavant.fr\/actualites\/wp-json\/wp\/v2\/comments?post=33696"}],"version-history":[{"count":1,"href":"https:\/\/footdavant.fr\/actualites\/wp-json\/wp\/v2\/posts\/33696\/revisions"}],"predecessor-version":[{"id":33698,"href":"https:\/\/footdavant.fr\/actualites\/wp-json\/wp\/v2\/posts\/33696\/revisions\/33698"}],"wp:featuredmedia":[{"embeddable":true,"href":"https:\/\/footdavant.fr\/actualites\/wp-json\/wp\/v2\/media\/33697"}],"wp:attachment":[{"href":"https:\/\/footdavant.fr\/actualites\/wp-json\/wp\/v2\/media?parent=33696"}],"wp:term":[{"taxonomy":"category","embeddable":true,"href":"https:\/\/footdavant.fr\/actualites\/wp-json\/wp\/v2\/categories?post=33696"},{"taxonomy":"post_tag","embeddable":true,"href":"https:\/\/footdavant.fr\/actualites\/wp-json\/wp\/v2\/tags?post=33696"}],"curies":[{"name":"wp","href":"https:\/\/api.w.org\/{rel}","templated":true}]}}