{"id":33713,"date":"2026-01-22T23:48:22","date_gmt":"2026-01-22T22:48:22","guid":{"rendered":"https:\/\/footdavant.fr\/actualites\/van-de-ven-united-se-lance-dans-la-course-pour-recruter-le-defenseur-vedette-de-tottenham\/"},"modified":"2026-01-22T23:48:24","modified_gmt":"2026-01-22T22:48:24","slug":"van-de-ven-united-se-lance-dans-la-course-pour-recruter-le-defenseur-vedette-de-tottenham","status":"publish","type":"post","link":"https:\/\/footdavant.fr\/actualites\/van-de-ven-united-se-lance-dans-la-course-pour-recruter-le-defenseur-vedette-de-tottenham\/","title":{"rendered":"Van de Ven: United se lance dans la course pour recruter le d\u00e9fenseur vedette de Tottenham \u2013"},"content":{"rendered":"<div id=\"penci-post-entry-inner\">\n<p>\t\t\t<i class=\"penci-post-countview-number-check\" style=\"display:none\">3<\/i><\/p>\n<p>Au cours des 12 derniers mois, Tottenham Hotspur a pris le dessus sur Manchester United sur et en dehors du terrain.<\/p>\n<p>Les Spurs ont battu United en Ligue Europa pour mettre fin \u00e0 17 ans d&#39;attente pour un troph\u00e9e majeur.<\/p>\n<p>Le d\u00e9part de Ruben Amorim a apparemment eu un impact sur les projets de transfert de United pour le mercato hivernal. On pensait que l\u2019entra\u00eeneur-chef portugais souhaitait recruter Conor Gallagher. Plus t\u00f4t ce mois-ci, le club du nord de Londres a agi rapidement pour s&#39;assurer les services de Gallagher aupr\u00e8s de l&#39;Atletico Madrid.<\/p>\n<p>Cependant, on pense que United envisage un projet ambitieux pour l&#39;un des meilleurs joueurs de Tottenham.<\/p>\n<h3>Manchester United int\u00e9ress\u00e9 par Micky van de Ven<\/h3>\n<p>Selon Teamtalk, Tottenham Hotspur est conscient de l&#39;int\u00e9r\u00eat de Manchester United pour son d\u00e9fenseur central Micky van de Ven.<\/p>\n<p>L&#39;international n\u00e9erlandais, qui a rejoint les Spurs en provenance du VfL Wolfsburg en 2023, s&#39;est impos\u00e9 comme l&#39;un des titulaires incontest\u00e9s et l&#39;un des joueurs les plus constants de l&#39;\u00e9quipe.<\/p>\n<p>Tottenham souhaite lier le joueur de 24 ans \u00e0 un nouvel accord \u00e0 long terme, qui verrait son salaire doubler. Son contrat actuel court jusqu&#39;\u00e0 l&#39;\u00e9t\u00e9 2029.<\/p>\n<p>Cependant, l&#39;\u00e9quipe de Thomas Frank croupit \u00e0 la 14e place de la Premier League. La hi\u00e9rarchie du club sait qu&#39;il y a \u00ab peu de chances de convaincre \u00bb le N\u00e9erlandais de renouveler. En tant que tel, les discussions sur un nouvel accord \u00ab ne progressent pas \u00e0 un rythme quelconque \u00bb.<\/p>\n<h3>Tottenham exigera des frais record pour Van de Ven<\/h3>\n<p>Au milieu de cette situation, United et Liverpool garderaient un \u0153il sur Van de Ven.<\/p>\n<p>On pr\u00e9tend que United \u00ab suit le d\u00e9fenseur central depuis ses ann\u00e9es \u00e0 Wolfsburg \u00bb et le consid\u00e8re comme \u00ab un profil id\u00e9al pour leur reconstruction \u00bb.<\/p>\n<p>Le rapport ajoute en outre : \u00ab Les deux clubs admirent son m\u00e9lange de rythme de r\u00e9cup\u00e9ration, de sang-froid et d\u2019\u00e9quilibre du c\u00f4t\u00e9 gauche \u2013 des attributs qui sont de plus en plus rares et, en fin de compte, extr\u00eamement co\u00fbteux. \u00bb<\/p>\n<p>Compte tenu de l&#39;int\u00e9r\u00eat croissant, les Lilywhites auraient impos\u00e9 un prix \u00e9norme de 100 millions de livres sterling sur la t\u00eate de Van de Ven.<\/p>\n<p>Ce chiffre ferait de la star de Tottenham le d\u00e9fenseur le plus cher de l&#39;histoire du football, d\u00e9passant Harry Maguire qui a rejoint United dans le cadre d&#39;un accord d&#39;une valeur de 80 millions de livres sterling avec Leicester City en 2019.<\/p>\n<p>Maguire a entam\u00e9 les six derniers mois de son contrat \u00e0 Old Trafford et devrait partir cet \u00e9t\u00e9, intensifiant ainsi la recherche par United d&#39;un nouveau leader d\u00e9fensif.<\/p>\n<\/p>\n<hr\/>\n<p>The Peoples Person est l&#39;un des principaux sites d&#39;information de Man United au monde depuis plus d&#39;une d\u00e9cennie. Suivez-nous sur Bluesky\u00a0: @peoplesperson.bsky.social<\/p>\n<p><!-- CONTENT END 2 --><\/p><\/div>\n","protected":false},"excerpt":{"rendered":"<p>3 Au cours des 12 derniers mois, Tottenham Hotspur a pris le dessus sur Manchester United sur et en dehors du terrain. Les Spurs ont<\/p>\n","protected":false},"author":1,"featured_media":33714,"comment_status":"closed","ping_status":"","sticky":false,"template":"","format":"standard","meta":{"footnotes":""},"categories":[3],"tags":[19,928,4464,51,1284,68,13,783,4554,930],"yoast_head":"<!-- This site is optimized with the Yoast SEO plugin v21.0 - https:\/\/yoast.com\/wordpress\/plugins\/seo\/ -->\n<title>Van de Ven: United se lance dans la course pour recruter le d\u00e9fenseur vedette de Tottenham \u2013<\/title>\n<meta name=\"robots\" content=\"index, follow, max-snippet:-1, max-image-preview:large, max-video-preview:-1\" \/>\n<link rel=\"canonical\" href=\"https:\/\/footdavant.fr\/actualites\/van-de-ven-united-se-lance-dans-la-course-pour-recruter-le-defenseur-vedette-de-tottenham\/\" \/>\n<meta property=\"og:locale\" content=\"fr_FR\" \/>\n<meta property=\"og:type\" content=\"article\" \/>\n<meta property=\"og:title\" content=\"Van de Ven: United se lance dans la course pour recruter le d\u00e9fenseur vedette de Tottenham \u2013\" \/>\n<meta property=\"og:description\" content=\"3 Au cours des 12 derniers mois, Tottenham Hotspur a pris le dessus sur Manchester United sur et en dehors du terrain. Les Spurs ont\" \/>\n<meta property=\"og:url\" content=\"https:\/\/footdavant.fr\/actualites\/van-de-ven-united-se-lance-dans-la-course-pour-recruter-le-defenseur-vedette-de-tottenham\/\" \/>\n<meta property=\"og:site_name\" content=\"Foot d&#039;avant\" \/>\n<meta property=\"article:publisher\" content=\"https:\/\/www.facebook.com\/Footdavant\/\" \/>\n<meta property=\"article:published_time\" content=\"2026-01-22T22:48:22+00:00\" \/>\n<meta property=\"article:modified_time\" content=\"2026-01-22T22:48:24+00:00\" \/>\n<meta property=\"og:image\" content=\"https:\/\/footdavant.fr\/actualites\/wp-content\/uploads\/2026\/01\/Van-de-Ven-United-se-lance-dans-la-course-pour.jpg\" \/>\n\t<meta property=\"og:image:width\" content=\"1600\" \/>\n\t<meta property=\"og:image:height\" content=\"700\" \/>\n\t<meta property=\"og:image:type\" content=\"image\/jpeg\" \/>\n<meta name=\"author\" content=\"Cl\u00e9ment\" \/>\n<meta name=\"twitter:card\" content=\"summary_large_image\" \/>\n<meta name=\"twitter:creator\" content=\"@FootdavantFr\" \/>\n<meta name=\"twitter:site\" content=\"@FootdavantFr\" \/>\n<meta name=\"twitter:label1\" content=\"\u00c9crit par\" \/>\n\t<meta name=\"twitter:data1\" content=\"Cl\u00e9ment\" \/>\n\t<meta name=\"twitter:label2\" content=\"Dur\u00e9e de lecture estim\u00e9e\" \/>\n\t<meta name=\"twitter:data2\" content=\"2 minutes\" \/>\n<script type=\"application\/ld+json\" class=\"yoast-schema-graph\">{\"@context\":\"https:\/\/schema.org\",\"@graph\":[{\"@type\":\"Article\",\"@id\":\"https:\/\/footdavant.fr\/actualites\/van-de-ven-united-se-lance-dans-la-course-pour-recruter-le-defenseur-vedette-de-tottenham\/#article\",\"isPartOf\":{\"@id\":\"https:\/\/footdavant.fr\/actualites\/van-de-ven-united-se-lance-dans-la-course-pour-recruter-le-defenseur-vedette-de-tottenham\/\"},\"author\":{\"name\":\"Cl\u00e9ment\",\"@id\":\"https:\/\/footdavant.fr\/actualites\/#\/schema\/person\/bc222566d95871b37e597b3ed3ba5e1d\"},\"headline\":\"Van de Ven: United se lance dans la course pour recruter le d\u00e9fenseur vedette de Tottenham \u2013\",\"datePublished\":\"2026-01-22T22:48:22+00:00\",\"dateModified\":\"2026-01-22T22:48:24+00:00\",\"mainEntityOfPage\":{\"@id\":\"https:\/\/footdavant.fr\/actualites\/van-de-ven-united-se-lance-dans-la-course-pour-recruter-le-defenseur-vedette-de-tottenham\/\"},\"wordCount\":501,\"publisher\":{\"@id\":\"https:\/\/footdavant.fr\/actualites\/#organization\"},\"keywords\":[\"dans\",\"d\u00e9fenseur\",\"lance\",\"pour\",\"recruter\",\"Tottenham\",\"United\",\"van\",\"vedette\",\"Ven\"],\"articleSection\":[\"Football\"],\"inLanguage\":\"fr-FR\"},{\"@type\":\"WebPage\",\"@id\":\"https:\/\/footdavant.fr\/actualites\/van-de-ven-united-se-lance-dans-la-course-pour-recruter-le-defenseur-vedette-de-tottenham\/\",\"url\":\"https:\/\/footdavant.fr\/actualites\/van-de-ven-united-se-lance-dans-la-course-pour-recruter-le-defenseur-vedette-de-tottenham\/\",\"name\":\"Van de Ven: United se lance dans la course pour recruter le d\u00e9fenseur vedette de Tottenham \u2013\",\"isPartOf\":{\"@id\":\"https:\/\/footdavant.fr\/actualites\/#website\"},\"datePublished\":\"2026-01-22T22:48:22+00:00\",\"dateModified\":\"2026-01-22T22:48:24+00:00\",\"breadcrumb\":{\"@id\":\"https:\/\/footdavant.fr\/actualites\/van-de-ven-united-se-lance-dans-la-course-pour-recruter-le-defenseur-vedette-de-tottenham\/#breadcrumb\"},\"inLanguage\":\"fr-FR\",\"potentialAction\":[{\"@type\":\"ReadAction\",\"target\":[\"https:\/\/footdavant.fr\/actualites\/van-de-ven-united-se-lance-dans-la-course-pour-recruter-le-defenseur-vedette-de-tottenham\/\"]}]},{\"@type\":\"BreadcrumbList\",\"@id\":\"https:\/\/footdavant.fr\/actualites\/van-de-ven-united-se-lance-dans-la-course-pour-recruter-le-defenseur-vedette-de-tottenham\/#breadcrumb\",\"itemListElement\":[{\"@type\":\"ListItem\",\"position\":1,\"name\":\"Accueil\",\"item\":\"https:\/\/footdavant.fr\/actualites\/\"},{\"@type\":\"ListItem\",\"position\":2,\"name\":\"Van de Ven: United se lance dans la course pour recruter le d\u00e9fenseur vedette de Tottenham \u2013\"}]},{\"@type\":\"WebSite\",\"@id\":\"https:\/\/footdavant.fr\/actualites\/#website\",\"url\":\"https:\/\/footdavant.fr\/actualites\/\",\"name\":\"Foot d'avant\",\"description\":\"\",\"publisher\":{\"@id\":\"https:\/\/footdavant.fr\/actualites\/#organization\"},\"potentialAction\":[{\"@type\":\"SearchAction\",\"target\":{\"@type\":\"EntryPoint\",\"urlTemplate\":\"https:\/\/footdavant.fr\/actualites\/?s={search_term_string}\"},\"query-input\":\"required name=search_term_string\"}],\"inLanguage\":\"fr-FR\"},{\"@type\":\"Organization\",\"@id\":\"https:\/\/footdavant.fr\/actualites\/#organization\",\"name\":\"Foot d'avant\",\"url\":\"https:\/\/footdavant.fr\/actualites\/\",\"logo\":{\"@type\":\"ImageObject\",\"inLanguage\":\"fr-FR\",\"@id\":\"https:\/\/footdavant.fr\/actualites\/#\/schema\/logo\/image\/\",\"url\":\"https:\/\/footdavant.fr\/actualites\/wp-content\/uploads\/2023\/09\/Copy-of-FootDavant-Logo.png\",\"contentUrl\":\"https:\/\/footdavant.fr\/actualites\/wp-content\/uploads\/2023\/09\/Copy-of-FootDavant-Logo.png\",\"width\":936,\"height\":549,\"caption\":\"Foot d'avant\"},\"image\":{\"@id\":\"https:\/\/footdavant.fr\/actualites\/#\/schema\/logo\/image\/\"},\"sameAs\":[\"https:\/\/www.facebook.com\/Footdavant\/\",\"https:\/\/twitter.com\/FootdavantFr\",\"https:\/\/www.instagram.com\/footdavant.fr\/\"]},{\"@type\":\"Person\",\"@id\":\"https:\/\/footdavant.fr\/actualites\/#\/schema\/person\/bc222566d95871b37e597b3ed3ba5e1d\",\"name\":\"Cl\u00e9ment\",\"image\":{\"@type\":\"ImageObject\",\"inLanguage\":\"fr-FR\",\"@id\":\"https:\/\/footdavant.fr\/actualites\/#\/schema\/person\/image\/\",\"url\":\"https:\/\/secure.gravatar.com\/avatar\/7728b29aac2719421e1a9159b2254c44?s=96&d=mm&r=g\",\"contentUrl\":\"https:\/\/secure.gravatar.com\/avatar\/7728b29aac2719421e1a9159b2254c44?s=96&d=mm&r=g\",\"caption\":\"Cl\u00e9ment\"},\"sameAs\":[\"https:\/\/footdavant.fr\/\"]}]}<\/script>\n<!-- \/ Yoast SEO plugin. -->","yoast_head_json":{"title":"Van de Ven: United se lance dans la course pour recruter le d\u00e9fenseur vedette de Tottenham \u2013","robots":{"index":"index","follow":"follow","max-snippet":"max-snippet:-1","max-image-preview":"max-image-preview:large","max-video-preview":"max-video-preview:-1"},"canonical":"https:\/\/footdavant.fr\/actualites\/van-de-ven-united-se-lance-dans-la-course-pour-recruter-le-defenseur-vedette-de-tottenham\/","og_locale":"fr_FR","og_type":"article","og_title":"Van de Ven: United se lance dans la course pour recruter le d\u00e9fenseur vedette de Tottenham \u2013","og_description":"3 Au cours des 12 derniers mois, Tottenham Hotspur a pris le dessus sur Manchester United sur et en dehors du terrain. Les Spurs ont","og_url":"https:\/\/footdavant.fr\/actualites\/van-de-ven-united-se-lance-dans-la-course-pour-recruter-le-defenseur-vedette-de-tottenham\/","og_site_name":"Foot d&#039;avant","article_publisher":"https:\/\/www.facebook.com\/Footdavant\/","article_published_time":"2026-01-22T22:48:22+00:00","article_modified_time":"2026-01-22T22:48:24+00:00","og_image":[{"width":1600,"height":700,"url":"https:\/\/footdavant.fr\/actualites\/wp-content\/uploads\/2026\/01\/Van-de-Ven-United-se-lance-dans-la-course-pour.jpg","type":"image\/jpeg"}],"author":"Cl\u00e9ment","twitter_card":"summary_large_image","twitter_creator":"@FootdavantFr","twitter_site":"@FootdavantFr","twitter_misc":{"\u00c9crit par":"Cl\u00e9ment","Dur\u00e9e de lecture estim\u00e9e":"2 minutes"},"schema":{"@context":"https:\/\/schema.org","@graph":[{"@type":"Article","@id":"https:\/\/footdavant.fr\/actualites\/van-de-ven-united-se-lance-dans-la-course-pour-recruter-le-defenseur-vedette-de-tottenham\/#article","isPartOf":{"@id":"https:\/\/footdavant.fr\/actualites\/van-de-ven-united-se-lance-dans-la-course-pour-recruter-le-defenseur-vedette-de-tottenham\/"},"author":{"name":"Cl\u00e9ment","@id":"https:\/\/footdavant.fr\/actualites\/#\/schema\/person\/bc222566d95871b37e597b3ed3ba5e1d"},"headline":"Van de Ven: United se lance dans la course pour recruter le d\u00e9fenseur vedette de Tottenham \u2013","datePublished":"2026-01-22T22:48:22+00:00","dateModified":"2026-01-22T22:48:24+00:00","mainEntityOfPage":{"@id":"https:\/\/footdavant.fr\/actualites\/van-de-ven-united-se-lance-dans-la-course-pour-recruter-le-defenseur-vedette-de-tottenham\/"},"wordCount":501,"publisher":{"@id":"https:\/\/footdavant.fr\/actualites\/#organization"},"keywords":["dans","d\u00e9fenseur","lance","pour","recruter","Tottenham","United","van","vedette","Ven"],"articleSection":["Football"],"inLanguage":"fr-FR"},{"@type":"WebPage","@id":"https:\/\/footdavant.fr\/actualites\/van-de-ven-united-se-lance-dans-la-course-pour-recruter-le-defenseur-vedette-de-tottenham\/","url":"https:\/\/footdavant.fr\/actualites\/van-de-ven-united-se-lance-dans-la-course-pour-recruter-le-defenseur-vedette-de-tottenham\/","name":"Van de Ven: United se lance dans la course pour recruter le d\u00e9fenseur vedette de Tottenham \u2013","isPartOf":{"@id":"https:\/\/footdavant.fr\/actualites\/#website"},"datePublished":"2026-01-22T22:48:22+00:00","dateModified":"2026-01-22T22:48:24+00:00","breadcrumb":{"@id":"https:\/\/footdavant.fr\/actualites\/van-de-ven-united-se-lance-dans-la-course-pour-recruter-le-defenseur-vedette-de-tottenham\/#breadcrumb"},"inLanguage":"fr-FR","potentialAction":[{"@type":"ReadAction","target":["https:\/\/footdavant.fr\/actualites\/van-de-ven-united-se-lance-dans-la-course-pour-recruter-le-defenseur-vedette-de-tottenham\/"]}]},{"@type":"BreadcrumbList","@id":"https:\/\/footdavant.fr\/actualites\/van-de-ven-united-se-lance-dans-la-course-pour-recruter-le-defenseur-vedette-de-tottenham\/#breadcrumb","itemListElement":[{"@type":"ListItem","position":1,"name":"Accueil","item":"https:\/\/footdavant.fr\/actualites\/"},{"@type":"ListItem","position":2,"name":"Van de Ven: United se lance dans la course pour recruter le d\u00e9fenseur vedette de Tottenham \u2013"}]},{"@type":"WebSite","@id":"https:\/\/footdavant.fr\/actualites\/#website","url":"https:\/\/footdavant.fr\/actualites\/","name":"Foot d'avant","description":"","publisher":{"@id":"https:\/\/footdavant.fr\/actualites\/#organization"},"potentialAction":[{"@type":"SearchAction","target":{"@type":"EntryPoint","urlTemplate":"https:\/\/footdavant.fr\/actualites\/?s={search_term_string}"},"query-input":"required name=search_term_string"}],"inLanguage":"fr-FR"},{"@type":"Organization","@id":"https:\/\/footdavant.fr\/actualites\/#organization","name":"Foot d'avant","url":"https:\/\/footdavant.fr\/actualites\/","logo":{"@type":"ImageObject","inLanguage":"fr-FR","@id":"https:\/\/footdavant.fr\/actualites\/#\/schema\/logo\/image\/","url":"https:\/\/footdavant.fr\/actualites\/wp-content\/uploads\/2023\/09\/Copy-of-FootDavant-Logo.png","contentUrl":"https:\/\/footdavant.fr\/actualites\/wp-content\/uploads\/2023\/09\/Copy-of-FootDavant-Logo.png","width":936,"height":549,"caption":"Foot d'avant"},"image":{"@id":"https:\/\/footdavant.fr\/actualites\/#\/schema\/logo\/image\/"},"sameAs":["https:\/\/www.facebook.com\/Footdavant\/","https:\/\/twitter.com\/FootdavantFr","https:\/\/www.instagram.com\/footdavant.fr\/"]},{"@type":"Person","@id":"https:\/\/footdavant.fr\/actualites\/#\/schema\/person\/bc222566d95871b37e597b3ed3ba5e1d","name":"Cl\u00e9ment","image":{"@type":"ImageObject","inLanguage":"fr-FR","@id":"https:\/\/footdavant.fr\/actualites\/#\/schema\/person\/image\/","url":"https:\/\/secure.gravatar.com\/avatar\/7728b29aac2719421e1a9159b2254c44?s=96&d=mm&r=g","contentUrl":"https:\/\/secure.gravatar.com\/avatar\/7728b29aac2719421e1a9159b2254c44?s=96&d=mm&r=g","caption":"Cl\u00e9ment"},"sameAs":["https:\/\/footdavant.fr\/"]}]}},"_links":{"self":[{"href":"https:\/\/footdavant.fr\/actualites\/wp-json\/wp\/v2\/posts\/33713"}],"collection":[{"href":"https:\/\/footdavant.fr\/actualites\/wp-json\/wp\/v2\/posts"}],"about":[{"href":"https:\/\/footdavant.fr\/actualites\/wp-json\/wp\/v2\/types\/post"}],"author":[{"embeddable":true,"href":"https:\/\/footdavant.fr\/actualites\/wp-json\/wp\/v2\/users\/1"}],"replies":[{"embeddable":true,"href":"https:\/\/footdavant.fr\/actualites\/wp-json\/wp\/v2\/comments?post=33713"}],"version-history":[{"count":1,"href":"https:\/\/footdavant.fr\/actualites\/wp-json\/wp\/v2\/posts\/33713\/revisions"}],"predecessor-version":[{"id":33715,"href":"https:\/\/footdavant.fr\/actualites\/wp-json\/wp\/v2\/posts\/33713\/revisions\/33715"}],"wp:featuredmedia":[{"embeddable":true,"href":"https:\/\/footdavant.fr\/actualites\/wp-json\/wp\/v2\/media\/33714"}],"wp:attachment":[{"href":"https:\/\/footdavant.fr\/actualites\/wp-json\/wp\/v2\/media?parent=33713"}],"wp:term":[{"taxonomy":"category","embeddable":true,"href":"https:\/\/footdavant.fr\/actualites\/wp-json\/wp\/v2\/categories?post=33713"},{"taxonomy":"post_tag","embeddable":true,"href":"https:\/\/footdavant.fr\/actualites\/wp-json\/wp\/v2\/tags?post=33713"}],"curies":[{"name":"wp","href":"https:\/\/api.w.org\/{rel}","templated":true}]}}