{"id":33716,"date":"2026-01-23T01:48:11","date_gmt":"2026-01-23T00:48:11","guid":{"rendered":"https:\/\/footdavant.fr\/actualites\/mise-a-jour-du-transfert-de-kobbie-mainoo-le-milieu-de-terrain-de-man-utd-fait-face-a-une-decision-majeure-sur-son-avenir\/"},"modified":"2026-01-23T01:48:12","modified_gmt":"2026-01-23T00:48:12","slug":"mise-a-jour-du-transfert-de-kobbie-mainoo-le-milieu-de-terrain-de-man-utd-fait-face-a-une-decision-majeure-sur-son-avenir","status":"publish","type":"post","link":"https:\/\/footdavant.fr\/actualites\/mise-a-jour-du-transfert-de-kobbie-mainoo-le-milieu-de-terrain-de-man-utd-fait-face-a-une-decision-majeure-sur-son-avenir\/","title":{"rendered":"Mise \u00e0 jour du transfert de Kobbie Mainoo : le milieu de terrain de Man Utd fait face \u00e0 une \u00ab d\u00e9cision majeure \u00bb sur son avenir"},"content":{"rendered":"<div itemprop=\"articleBody\">\n<p>L&#39;avenir de Kobbie Mainoo \u00e0 Manchester United reste incertain malgr\u00e9 le d\u00e9part de Ruben Amorim d&#39;Old Trafford. <\/p>\n<p>Le jeune milieu de terrain a \u00e9t\u00e9 effectivement exclu de l&#39;\u00e9quipe des Diables Rouges pendant une grande partie de la premi\u00e8re moiti\u00e9 de la saison et aurait probablement quitt\u00e9 temporairement ce mois-ci si Amorim \u00e9tait rest\u00e9. <\/p>\n<p>Cependant, alors que les g\u00e9ants de Manchester entrent d\u00e9sormais dans une nouvelle \u00e8re sous la direction de l\u2019ancien milieu de terrain Michael Carrick, Mainoo pourrait se voir remettre une bou\u00e9e de sauvetage \u00e0 Old Trafford. <\/p>\n<p>Le club serait devenu pr\u00e9occup\u00e9 par les talents locaux qui semblaient \u00eatre au point mort sous l&#39;\u00e9quipe d&#39;entra\u00eeneurs pr\u00e9c\u00e9dente. <\/p>\n<p>Plusieurs dipl\u00f4m\u00e9s de l\u2019acad\u00e9mie auraient exprim\u00e9 leur frustration face \u00e0 leur manque d\u2019opportunit\u00e9s en \u00e9quipe premi\u00e8re au cours de la premi\u00e8re moiti\u00e9 de la saison, parmi lesquels Mainoo. <\/p>\n<h2>Actualit\u00e9s du transfert Mainoo : le milieu de terrain pourrait-il d\u00e9sormais rester \u00e0 Man Utd ?<\/h2>\n<div>\n<div>\n<p>\u00a9 Imago \/ APL<\/p>\n<\/div>\n<\/div>\n<p>Selon <em>Courrier Sport<\/em>le joueur de 20 ans devrait d\u00e9sormais rester au club pour le reste de la campagne. <\/p>\n<p>Mainoo cherchait auparavant un pr\u00eat \u00e0 Naples apr\u00e8s s&#39;\u00eatre retrouv\u00e9 en marge de l&#39;\u00e9quipe sous Amorim. <\/p>\n<p>Le manager portugais avait limit\u00e9 l&#39;international anglais \u00e0 une seule titularisation en Coupe Carabao contre Grimsby Town plus t\u00f4t cette saison. <\/p>\n<p>Cependant, Carrick a confi\u00e9 au jeune un r\u00f4le de titulaire dans le milieu de terrain pour le choc tr\u00e8s m\u00e9diatis\u00e9 de samedi \u00e0 Old Trafford. <\/p>\n<p>Le joueur aurait \u00e9t\u00e9 encourag\u00e9 \u00e0 jouer un r\u00f4le majeur dans l&#39;\u00e9quipe s&#39;il conserve sa forme actuelle.<\/p>\n<h2>Carrick construira-t-il le milieu de terrain de United autour de Mainoo ?<\/h2>\n<div>\n<div><img decoding=\"async\" data-img-id=\"156635\" class=\"lazy\" loading=\"lazy\" src=\"https:\/\/footdavant.fr\/actualites\/wp-content\/uploads\/2026\/01\/1769129291_384_Mise-a-jour-du-transfert-de-Kobbie-Mainoo-le.webp\"\/><\/p>\n<p>\u00a9 Imago \/ Images de sports professionnels<\/p>\n<\/div>\n<\/div>\n<p>Le nouvel entra\u00eeneur-chef a d\u00e9j\u00e0 insist\u00e9 sur le fait que le club devait construire autour de produits acad\u00e9miques qui comprennent les valeurs de l\u2019institution. <\/p>\n<p>S&#39;adressant \u00e0 son ancien co\u00e9quipier Rio Ferdinand en septembre, Carrick a d\u00e9clar\u00e9 qu&#39;il pensait que son meilleur travail \u00e9tait r\u00e9alis\u00e9 dans un r\u00f4le cr\u00e9atif plus avanc\u00e9. <\/p>\n<p>\u00ab\u00a0Il y a d\u00e9finitivement une place pour lui (Mainoo) l\u00e0-bas, c&#39;est s\u00fbr\u00a0\u00bb, avait d\u00e9clar\u00e9 Carrick \u00e0 l&#39;\u00e9poque. \u00ab\u00a0C&#39;est plut\u00f4t un attaquant. Je ne le vois pas comme un milieu de terrain d\u00e9fensif. <\/p>\n<p>\u00ab\u00a0Il est cette ligne au-dessus o\u00f9 il a besoin d&#39;un peu plus de libert\u00e9. Il peut d\u00e9fendre la ligne sup\u00e9rieure mais je pense que c&#39;est un peu plus profond, autour des d\u00e9fenseurs centraux, c&#39;est une chose compl\u00e8tement diff\u00e9rente. Je le vois jouer un peu plus haut et cr\u00e9er.   <\/p>\n<p>\u00ab\u00a0Je pense qu&#39;il a un immense avenir. Je l&#39;aime vraiment, il a juste besoin de patience et d&#39;un peu de pause.\u00a0\u00bb<\/p>\n<p>Lors de la victoire du derby, il a d\u00e9montr\u00e9 son rythme de travail d\u00e9fensif en enregistrant un nombre impressionnant de 77 pressions contre les champions en titre. <\/p>\n<p>Avec Mainoo apparemment de retour en faveur, le joueur de 20 ans pourrait d\u00e9sormais rester \u00e0 Old Trafford pour le reste de cette saison.<\/p>\n<\/div>\n","protected":false},"excerpt":{"rendered":"<p>L&#39;avenir de Kobbie Mainoo \u00e0 Manchester United reste incertain malgr\u00e9 le d\u00e9part de Ruben Amorim d&#39;Old Trafford. Le jeune milieu de terrain a \u00e9t\u00e9 effectivement<\/p>\n","protected":false},"author":1,"featured_media":33717,"comment_status":"closed","ping_status":"","sticky":false,"template":"","format":"standard","meta":{"footnotes":""},"categories":[5],"tags":[2212,497,1062,152,328,1727,1728,1628,24,441,327,86,103,442,700,92,296],"yoast_head":"<!-- This site is optimized with the Yoast SEO plugin v21.0 - https:\/\/yoast.com\/wordpress\/plugins\/seo\/ -->\n<title>Mise \u00e0 jour du transfert de Kobbie Mainoo : le milieu de terrain de Man Utd fait face \u00e0 une \u00ab d\u00e9cision majeure \u00bb sur son avenir<\/title>\n<meta name=\"robots\" content=\"index, follow, max-snippet:-1, max-image-preview:large, max-video-preview:-1\" \/>\n<link rel=\"canonical\" href=\"https:\/\/footdavant.fr\/actualites\/mise-a-jour-du-transfert-de-kobbie-mainoo-le-milieu-de-terrain-de-man-utd-fait-face-a-une-decision-majeure-sur-son-avenir\/\" \/>\n<meta property=\"og:locale\" content=\"fr_FR\" \/>\n<meta property=\"og:type\" content=\"article\" \/>\n<meta property=\"og:title\" content=\"Mise \u00e0 jour du transfert de Kobbie Mainoo : le milieu de terrain de Man Utd fait face \u00e0 une \u00ab d\u00e9cision majeure \u00bb sur son avenir\" \/>\n<meta property=\"og:description\" content=\"L&#039;avenir de Kobbie Mainoo \u00e0 Manchester United reste incertain malgr\u00e9 le d\u00e9part de Ruben Amorim d&#039;Old Trafford. Le jeune milieu de terrain a \u00e9t\u00e9 effectivement\" \/>\n<meta property=\"og:url\" content=\"https:\/\/footdavant.fr\/actualites\/mise-a-jour-du-transfert-de-kobbie-mainoo-le-milieu-de-terrain-de-man-utd-fait-face-a-une-decision-majeure-sur-son-avenir\/\" \/>\n<meta property=\"og:site_name\" content=\"Foot d&#039;avant\" \/>\n<meta property=\"article:publisher\" content=\"https:\/\/www.facebook.com\/Footdavant\/\" \/>\n<meta property=\"article:published_time\" content=\"2026-01-23T00:48:11+00:00\" \/>\n<meta property=\"article:modified_time\" content=\"2026-01-23T00:48:12+00:00\" \/>\n<meta property=\"og:image\" content=\"https:\/\/footdavant.fr\/actualites\/wp-content\/uploads\/2026\/01\/Mise-a-jour-du-transfert-de-Kobbie-Mainoo-le.net2Fuploads2F20252F092Fmainoo-1-68cea25.webp\" \/>\n\t<meta property=\"og:image:width\" content=\"720\" \/>\n\t<meta property=\"og:image:height\" content=\"410\" \/>\n\t<meta property=\"og:image:type\" content=\"image\/webp\" \/>\n<meta name=\"author\" content=\"Cl\u00e9ment\" \/>\n<meta name=\"twitter:card\" content=\"summary_large_image\" \/>\n<meta name=\"twitter:creator\" content=\"@FootdavantFr\" \/>\n<meta name=\"twitter:site\" content=\"@FootdavantFr\" \/>\n<meta name=\"twitter:label1\" content=\"\u00c9crit par\" \/>\n\t<meta name=\"twitter:data1\" content=\"Cl\u00e9ment\" \/>\n\t<meta name=\"twitter:label2\" content=\"Dur\u00e9e de lecture estim\u00e9e\" \/>\n\t<meta name=\"twitter:data2\" content=\"3 minutes\" \/>\n<script type=\"application\/ld+json\" class=\"yoast-schema-graph\">{\"@context\":\"https:\/\/schema.org\",\"@graph\":[{\"@type\":\"Article\",\"@id\":\"https:\/\/footdavant.fr\/actualites\/mise-a-jour-du-transfert-de-kobbie-mainoo-le-milieu-de-terrain-de-man-utd-fait-face-a-une-decision-majeure-sur-son-avenir\/#article\",\"isPartOf\":{\"@id\":\"https:\/\/footdavant.fr\/actualites\/mise-a-jour-du-transfert-de-kobbie-mainoo-le-milieu-de-terrain-de-man-utd-fait-face-a-une-decision-majeure-sur-son-avenir\/\"},\"author\":{\"name\":\"Cl\u00e9ment\",\"@id\":\"https:\/\/footdavant.fr\/actualites\/#\/schema\/person\/bc222566d95871b37e597b3ed3ba5e1d\"},\"headline\":\"Mise \u00e0 jour du transfert de Kobbie Mainoo : le milieu de terrain de Man Utd fait face \u00e0 une \u00ab d\u00e9cision majeure \u00bb sur son avenir\",\"datePublished\":\"2026-01-23T00:48:11+00:00\",\"dateModified\":\"2026-01-23T00:48:12+00:00\",\"mainEntityOfPage\":{\"@id\":\"https:\/\/footdavant.fr\/actualites\/mise-a-jour-du-transfert-de-kobbie-mainoo-le-milieu-de-terrain-de-man-utd-fait-face-a-une-decision-majeure-sur-son-avenir\/\"},\"wordCount\":548,\"publisher\":{\"@id\":\"https:\/\/footdavant.fr\/actualites\/#organization\"},\"keywords\":[\"avenir\",\"d\u00e9cision\",\"face\",\"fait\",\"jour\",\"Kobbie\",\"Mainoo\",\"majeure\",\"Man\",\"milieu\",\"mise\",\"son\",\"sur\",\"terrain\",\"transfert\",\"une\",\"Utd\"],\"articleSection\":[\"Premier League\"],\"inLanguage\":\"fr-FR\"},{\"@type\":\"WebPage\",\"@id\":\"https:\/\/footdavant.fr\/actualites\/mise-a-jour-du-transfert-de-kobbie-mainoo-le-milieu-de-terrain-de-man-utd-fait-face-a-une-decision-majeure-sur-son-avenir\/\",\"url\":\"https:\/\/footdavant.fr\/actualites\/mise-a-jour-du-transfert-de-kobbie-mainoo-le-milieu-de-terrain-de-man-utd-fait-face-a-une-decision-majeure-sur-son-avenir\/\",\"name\":\"Mise \u00e0 jour du transfert de Kobbie Mainoo : le milieu de terrain de Man Utd fait face \u00e0 une \u00ab d\u00e9cision majeure \u00bb sur son avenir\",\"isPartOf\":{\"@id\":\"https:\/\/footdavant.fr\/actualites\/#website\"},\"datePublished\":\"2026-01-23T00:48:11+00:00\",\"dateModified\":\"2026-01-23T00:48:12+00:00\",\"breadcrumb\":{\"@id\":\"https:\/\/footdavant.fr\/actualites\/mise-a-jour-du-transfert-de-kobbie-mainoo-le-milieu-de-terrain-de-man-utd-fait-face-a-une-decision-majeure-sur-son-avenir\/#breadcrumb\"},\"inLanguage\":\"fr-FR\",\"potentialAction\":[{\"@type\":\"ReadAction\",\"target\":[\"https:\/\/footdavant.fr\/actualites\/mise-a-jour-du-transfert-de-kobbie-mainoo-le-milieu-de-terrain-de-man-utd-fait-face-a-une-decision-majeure-sur-son-avenir\/\"]}]},{\"@type\":\"BreadcrumbList\",\"@id\":\"https:\/\/footdavant.fr\/actualites\/mise-a-jour-du-transfert-de-kobbie-mainoo-le-milieu-de-terrain-de-man-utd-fait-face-a-une-decision-majeure-sur-son-avenir\/#breadcrumb\",\"itemListElement\":[{\"@type\":\"ListItem\",\"position\":1,\"name\":\"Accueil\",\"item\":\"https:\/\/footdavant.fr\/actualites\/\"},{\"@type\":\"ListItem\",\"position\":2,\"name\":\"Mise \u00e0 jour du transfert de Kobbie Mainoo : le milieu de terrain de Man Utd fait face \u00e0 une \u00ab d\u00e9cision majeure \u00bb sur son avenir\"}]},{\"@type\":\"WebSite\",\"@id\":\"https:\/\/footdavant.fr\/actualites\/#website\",\"url\":\"https:\/\/footdavant.fr\/actualites\/\",\"name\":\"Foot d'avant\",\"description\":\"\",\"publisher\":{\"@id\":\"https:\/\/footdavant.fr\/actualites\/#organization\"},\"potentialAction\":[{\"@type\":\"SearchAction\",\"target\":{\"@type\":\"EntryPoint\",\"urlTemplate\":\"https:\/\/footdavant.fr\/actualites\/?s={search_term_string}\"},\"query-input\":\"required name=search_term_string\"}],\"inLanguage\":\"fr-FR\"},{\"@type\":\"Organization\",\"@id\":\"https:\/\/footdavant.fr\/actualites\/#organization\",\"name\":\"Foot d'avant\",\"url\":\"https:\/\/footdavant.fr\/actualites\/\",\"logo\":{\"@type\":\"ImageObject\",\"inLanguage\":\"fr-FR\",\"@id\":\"https:\/\/footdavant.fr\/actualites\/#\/schema\/logo\/image\/\",\"url\":\"https:\/\/footdavant.fr\/actualites\/wp-content\/uploads\/2023\/09\/Copy-of-FootDavant-Logo.png\",\"contentUrl\":\"https:\/\/footdavant.fr\/actualites\/wp-content\/uploads\/2023\/09\/Copy-of-FootDavant-Logo.png\",\"width\":936,\"height\":549,\"caption\":\"Foot d'avant\"},\"image\":{\"@id\":\"https:\/\/footdavant.fr\/actualites\/#\/schema\/logo\/image\/\"},\"sameAs\":[\"https:\/\/www.facebook.com\/Footdavant\/\",\"https:\/\/twitter.com\/FootdavantFr\",\"https:\/\/www.instagram.com\/footdavant.fr\/\"]},{\"@type\":\"Person\",\"@id\":\"https:\/\/footdavant.fr\/actualites\/#\/schema\/person\/bc222566d95871b37e597b3ed3ba5e1d\",\"name\":\"Cl\u00e9ment\",\"image\":{\"@type\":\"ImageObject\",\"inLanguage\":\"fr-FR\",\"@id\":\"https:\/\/footdavant.fr\/actualites\/#\/schema\/person\/image\/\",\"url\":\"https:\/\/secure.gravatar.com\/avatar\/7728b29aac2719421e1a9159b2254c44?s=96&d=mm&r=g\",\"contentUrl\":\"https:\/\/secure.gravatar.com\/avatar\/7728b29aac2719421e1a9159b2254c44?s=96&d=mm&r=g\",\"caption\":\"Cl\u00e9ment\"},\"sameAs\":[\"https:\/\/footdavant.fr\/\"]}]}<\/script>\n<!-- \/ Yoast SEO plugin. -->","yoast_head_json":{"title":"Mise \u00e0 jour du transfert de Kobbie Mainoo : le milieu de terrain de Man Utd fait face \u00e0 une \u00ab d\u00e9cision majeure \u00bb sur son avenir","robots":{"index":"index","follow":"follow","max-snippet":"max-snippet:-1","max-image-preview":"max-image-preview:large","max-video-preview":"max-video-preview:-1"},"canonical":"https:\/\/footdavant.fr\/actualites\/mise-a-jour-du-transfert-de-kobbie-mainoo-le-milieu-de-terrain-de-man-utd-fait-face-a-une-decision-majeure-sur-son-avenir\/","og_locale":"fr_FR","og_type":"article","og_title":"Mise \u00e0 jour du transfert de Kobbie Mainoo : le milieu de terrain de Man Utd fait face \u00e0 une \u00ab d\u00e9cision majeure \u00bb sur son avenir","og_description":"L&#39;avenir de Kobbie Mainoo \u00e0 Manchester United reste incertain malgr\u00e9 le d\u00e9part de Ruben Amorim d&#39;Old Trafford. Le jeune milieu de terrain a \u00e9t\u00e9 effectivement","og_url":"https:\/\/footdavant.fr\/actualites\/mise-a-jour-du-transfert-de-kobbie-mainoo-le-milieu-de-terrain-de-man-utd-fait-face-a-une-decision-majeure-sur-son-avenir\/","og_site_name":"Foot d&#039;avant","article_publisher":"https:\/\/www.facebook.com\/Footdavant\/","article_published_time":"2026-01-23T00:48:11+00:00","article_modified_time":"2026-01-23T00:48:12+00:00","og_image":[{"width":720,"height":410,"url":"https:\/\/footdavant.fr\/actualites\/wp-content\/uploads\/2026\/01\/Mise-a-jour-du-transfert-de-Kobbie-Mainoo-le.net2Fuploads2F20252F092Fmainoo-1-68cea25.webp","type":"image\/webp"}],"author":"Cl\u00e9ment","twitter_card":"summary_large_image","twitter_creator":"@FootdavantFr","twitter_site":"@FootdavantFr","twitter_misc":{"\u00c9crit par":"Cl\u00e9ment","Dur\u00e9e de lecture estim\u00e9e":"3 minutes"},"schema":{"@context":"https:\/\/schema.org","@graph":[{"@type":"Article","@id":"https:\/\/footdavant.fr\/actualites\/mise-a-jour-du-transfert-de-kobbie-mainoo-le-milieu-de-terrain-de-man-utd-fait-face-a-une-decision-majeure-sur-son-avenir\/#article","isPartOf":{"@id":"https:\/\/footdavant.fr\/actualites\/mise-a-jour-du-transfert-de-kobbie-mainoo-le-milieu-de-terrain-de-man-utd-fait-face-a-une-decision-majeure-sur-son-avenir\/"},"author":{"name":"Cl\u00e9ment","@id":"https:\/\/footdavant.fr\/actualites\/#\/schema\/person\/bc222566d95871b37e597b3ed3ba5e1d"},"headline":"Mise \u00e0 jour du transfert de Kobbie Mainoo : le milieu de terrain de Man Utd fait face \u00e0 une \u00ab d\u00e9cision majeure \u00bb sur son avenir","datePublished":"2026-01-23T00:48:11+00:00","dateModified":"2026-01-23T00:48:12+00:00","mainEntityOfPage":{"@id":"https:\/\/footdavant.fr\/actualites\/mise-a-jour-du-transfert-de-kobbie-mainoo-le-milieu-de-terrain-de-man-utd-fait-face-a-une-decision-majeure-sur-son-avenir\/"},"wordCount":548,"publisher":{"@id":"https:\/\/footdavant.fr\/actualites\/#organization"},"keywords":["avenir","d\u00e9cision","face","fait","jour","Kobbie","Mainoo","majeure","Man","milieu","mise","son","sur","terrain","transfert","une","Utd"],"articleSection":["Premier League"],"inLanguage":"fr-FR"},{"@type":"WebPage","@id":"https:\/\/footdavant.fr\/actualites\/mise-a-jour-du-transfert-de-kobbie-mainoo-le-milieu-de-terrain-de-man-utd-fait-face-a-une-decision-majeure-sur-son-avenir\/","url":"https:\/\/footdavant.fr\/actualites\/mise-a-jour-du-transfert-de-kobbie-mainoo-le-milieu-de-terrain-de-man-utd-fait-face-a-une-decision-majeure-sur-son-avenir\/","name":"Mise \u00e0 jour du transfert de Kobbie Mainoo : le milieu de terrain de Man Utd fait face \u00e0 une \u00ab d\u00e9cision majeure \u00bb sur son avenir","isPartOf":{"@id":"https:\/\/footdavant.fr\/actualites\/#website"},"datePublished":"2026-01-23T00:48:11+00:00","dateModified":"2026-01-23T00:48:12+00:00","breadcrumb":{"@id":"https:\/\/footdavant.fr\/actualites\/mise-a-jour-du-transfert-de-kobbie-mainoo-le-milieu-de-terrain-de-man-utd-fait-face-a-une-decision-majeure-sur-son-avenir\/#breadcrumb"},"inLanguage":"fr-FR","potentialAction":[{"@type":"ReadAction","target":["https:\/\/footdavant.fr\/actualites\/mise-a-jour-du-transfert-de-kobbie-mainoo-le-milieu-de-terrain-de-man-utd-fait-face-a-une-decision-majeure-sur-son-avenir\/"]}]},{"@type":"BreadcrumbList","@id":"https:\/\/footdavant.fr\/actualites\/mise-a-jour-du-transfert-de-kobbie-mainoo-le-milieu-de-terrain-de-man-utd-fait-face-a-une-decision-majeure-sur-son-avenir\/#breadcrumb","itemListElement":[{"@type":"ListItem","position":1,"name":"Accueil","item":"https:\/\/footdavant.fr\/actualites\/"},{"@type":"ListItem","position":2,"name":"Mise \u00e0 jour du transfert de Kobbie Mainoo : le milieu de terrain de Man Utd fait face \u00e0 une \u00ab d\u00e9cision majeure \u00bb sur son avenir"}]},{"@type":"WebSite","@id":"https:\/\/footdavant.fr\/actualites\/#website","url":"https:\/\/footdavant.fr\/actualites\/","name":"Foot d'avant","description":"","publisher":{"@id":"https:\/\/footdavant.fr\/actualites\/#organization"},"potentialAction":[{"@type":"SearchAction","target":{"@type":"EntryPoint","urlTemplate":"https:\/\/footdavant.fr\/actualites\/?s={search_term_string}"},"query-input":"required name=search_term_string"}],"inLanguage":"fr-FR"},{"@type":"Organization","@id":"https:\/\/footdavant.fr\/actualites\/#organization","name":"Foot d'avant","url":"https:\/\/footdavant.fr\/actualites\/","logo":{"@type":"ImageObject","inLanguage":"fr-FR","@id":"https:\/\/footdavant.fr\/actualites\/#\/schema\/logo\/image\/","url":"https:\/\/footdavant.fr\/actualites\/wp-content\/uploads\/2023\/09\/Copy-of-FootDavant-Logo.png","contentUrl":"https:\/\/footdavant.fr\/actualites\/wp-content\/uploads\/2023\/09\/Copy-of-FootDavant-Logo.png","width":936,"height":549,"caption":"Foot d'avant"},"image":{"@id":"https:\/\/footdavant.fr\/actualites\/#\/schema\/logo\/image\/"},"sameAs":["https:\/\/www.facebook.com\/Footdavant\/","https:\/\/twitter.com\/FootdavantFr","https:\/\/www.instagram.com\/footdavant.fr\/"]},{"@type":"Person","@id":"https:\/\/footdavant.fr\/actualites\/#\/schema\/person\/bc222566d95871b37e597b3ed3ba5e1d","name":"Cl\u00e9ment","image":{"@type":"ImageObject","inLanguage":"fr-FR","@id":"https:\/\/footdavant.fr\/actualites\/#\/schema\/person\/image\/","url":"https:\/\/secure.gravatar.com\/avatar\/7728b29aac2719421e1a9159b2254c44?s=96&d=mm&r=g","contentUrl":"https:\/\/secure.gravatar.com\/avatar\/7728b29aac2719421e1a9159b2254c44?s=96&d=mm&r=g","caption":"Cl\u00e9ment"},"sameAs":["https:\/\/footdavant.fr\/"]}]}},"_links":{"self":[{"href":"https:\/\/footdavant.fr\/actualites\/wp-json\/wp\/v2\/posts\/33716"}],"collection":[{"href":"https:\/\/footdavant.fr\/actualites\/wp-json\/wp\/v2\/posts"}],"about":[{"href":"https:\/\/footdavant.fr\/actualites\/wp-json\/wp\/v2\/types\/post"}],"author":[{"embeddable":true,"href":"https:\/\/footdavant.fr\/actualites\/wp-json\/wp\/v2\/users\/1"}],"replies":[{"embeddable":true,"href":"https:\/\/footdavant.fr\/actualites\/wp-json\/wp\/v2\/comments?post=33716"}],"version-history":[{"count":1,"href":"https:\/\/footdavant.fr\/actualites\/wp-json\/wp\/v2\/posts\/33716\/revisions"}],"predecessor-version":[{"id":33718,"href":"https:\/\/footdavant.fr\/actualites\/wp-json\/wp\/v2\/posts\/33716\/revisions\/33718"}],"wp:featuredmedia":[{"embeddable":true,"href":"https:\/\/footdavant.fr\/actualites\/wp-json\/wp\/v2\/media\/33717"}],"wp:attachment":[{"href":"https:\/\/footdavant.fr\/actualites\/wp-json\/wp\/v2\/media?parent=33716"}],"wp:term":[{"taxonomy":"category","embeddable":true,"href":"https:\/\/footdavant.fr\/actualites\/wp-json\/wp\/v2\/categories?post=33716"},{"taxonomy":"post_tag","embeddable":true,"href":"https:\/\/footdavant.fr\/actualites\/wp-json\/wp\/v2\/tags?post=33716"}],"curies":[{"name":"wp","href":"https:\/\/api.w.org\/{rel}","templated":true}]}}