{"id":33719,"date":"2026-01-23T03:48:08","date_gmt":"2026-01-23T02:48:08","guid":{"rendered":"https:\/\/footdavant.fr\/actualites\/chelsea-semble-bientot-entreprendre-une-reconstruction-defensive\/"},"modified":"2026-01-23T03:48:11","modified_gmt":"2026-01-23T02:48:11","slug":"chelsea-semble-bientot-entreprendre-une-reconstruction-defensive","status":"publish","type":"post","link":"https:\/\/footdavant.fr\/actualites\/chelsea-semble-bientot-entreprendre-une-reconstruction-defensive\/","title":{"rendered":"Chelsea semble bient\u00f4t entreprendre une reconstruction d\u00e9fensive"},"content":{"rendered":"<div>\n<p>Je pense que nous allons assister \u00e0 une l\u00e9g\u00e8re reconstruction d\u00e9fensive \u00e0 Chelsea au cours des deux prochaines fen\u00eatres de transfert.<\/p>\n<p>J&#39;inclus cette fen\u00eatre parce que Chelsea essaie d&#39;acheter un centre en janvier, mais je vois que la plupart de ces efforts se produiront cet \u00e9t\u00e9.<\/p>\n<p>Nous avons entendu hier parler des moments charni\u00e8res pour Trevoh Chalobah et Tosin Adabrabioyo cet \u00e9t\u00e9, tous deux \u00e0 deux ans de leur contrat. Mais il y a d\u2019autres d\u00e9fenseurs qui, je pense, pourraient partir tr\u00e8s bient\u00f4t. Si ce n\u2019est pas l\u2019\u00e9t\u00e9 2026, ce sera tr\u00e8s peu de temps apr\u00e8s.<\/p>\n<p>Wesley Fofana envisage un retour \u00e0 Marseille et est sujet aux blessures. Ce n&#39;est pas vraiment du c\u00f4t\u00e9 de Chelsea, car je pense qu&#39;ils seraient d&#39;accord pour le garder pour le moment. Mais je le vois faire pression pour d\u00e9m\u00e9nager cet \u00e9t\u00e9.<\/p>\n<p>Nous avons parl\u00e9 de Chalobah et de Tosin et je vois que les deux sont vendus. Benoit Badiashile n&#39;est tout simplement pas assez bon et doit \u00eatre vendu, et je pense qu&#39;il le sera.<\/p>\n<p>Et Marc Cucurella est l&#39;autre. J&#39;ai signal\u00e9 l&#39;int\u00e9r\u00eat suscit\u00e9 pour lui pour l&#39;\u00e9t\u00e9, et je peux effectivement le voir \u00eatre vendu et remplac\u00e9 au cours de l&#39;\u00e9t\u00e9. Juste un sentiment.<\/p>\n<p>Il y a m\u00eame encore des points d&#39;interrogation sur le gardien de but et sur la question de savoir si Chelsea en choisira un nouveau. Nous pourrions donc envisager une \u00e9norme reconstruction d\u00e9fensive.<\/p>\n<p>Malo Gusto suscite \u00e9galement l&#39;int\u00e9r\u00eat du Bayern Munich et d&#39;autres clubs, mais je n&#39;ai encore rien entendu sugg\u00e9rant que Chelsea envisagerait une vente.<\/p>\n<p>Chelsea essaie \u00e9videmment de faire signer Jeremy Jacquet cette fen\u00eatre. Cela pourrait donc \u00eatre lui qui arrive, puis vous avez Mamadou Sarr qui est tr\u00e8s bien not\u00e9 au club, qui viendra cet \u00e9t\u00e9 pour faire partie de l&#39;\u00e9quipe premi\u00e8re. Aaron Anselmino s&#39;en sort tr\u00e8s bien cette saison, il pourrait donc \u00e9galement se battre pour une place. Notre propre Josh Acheampong aussi, dont on me dit sans cesse qu&#39;il est un \u00e9l\u00e9ment cl\u00e9 du projet et des plans de notre premi\u00e8re \u00e9quipe. Et puis Levi Colwill qui revient de blessure, qui sera le fer de lance de cette potentiellement nouvelle ligne arri\u00e8re.<\/p>\n<p>Je ne dis pas \u00e0 quoi ressemblera notre nouvelle d\u00e9fense, c&#39;est juste ce que je peux voir se produire et nommer ceux d\u00e9j\u00e0 inscrits dans nos livres pour lesquels le club a de grands espoirs.<\/p>\n<p>Voyons ce qui se passera cet \u00e9t\u00e9, tout cela est bien s\u00fbr tr\u00e8s sp\u00e9culatif de ma part.<\/p>\n<\/p><\/div>\n","protected":false},"excerpt":{"rendered":"<p>Je pense que nous allons assister \u00e0 une l\u00e9g\u00e8re reconstruction d\u00e9fensive \u00e0 Chelsea au cours des deux prochaines fen\u00eatres de transfert. J&#39;inclus cette fen\u00eatre parce<\/p>\n","protected":false},"author":1,"featured_media":33720,"comment_status":"closed","ping_status":"","sticky":false,"template":"","format":"standard","meta":{"footnotes":""},"categories":[3],"tags":[1999,171,3539,11364,2659,2862,92],"yoast_head":"<!-- This site is optimized with the Yoast SEO plugin v21.0 - https:\/\/yoast.com\/wordpress\/plugins\/seo\/ -->\n<title>Chelsea semble bient\u00f4t entreprendre une reconstruction d\u00e9fensive<\/title>\n<meta name=\"robots\" content=\"index, follow, max-snippet:-1, max-image-preview:large, max-video-preview:-1\" \/>\n<link rel=\"canonical\" href=\"https:\/\/footdavant.fr\/actualites\/chelsea-semble-bientot-entreprendre-une-reconstruction-defensive\/\" \/>\n<meta property=\"og:locale\" content=\"fr_FR\" \/>\n<meta property=\"og:type\" content=\"article\" \/>\n<meta property=\"og:title\" content=\"Chelsea semble bient\u00f4t entreprendre une reconstruction d\u00e9fensive\" \/>\n<meta property=\"og:description\" content=\"Je pense que nous allons assister \u00e0 une l\u00e9g\u00e8re reconstruction d\u00e9fensive \u00e0 Chelsea au cours des deux prochaines fen\u00eatres de transfert. J&#039;inclus cette fen\u00eatre parce\" \/>\n<meta property=\"og:url\" content=\"https:\/\/footdavant.fr\/actualites\/chelsea-semble-bientot-entreprendre-une-reconstruction-defensive\/\" \/>\n<meta property=\"og:site_name\" content=\"Foot d&#039;avant\" \/>\n<meta property=\"article:publisher\" content=\"https:\/\/www.facebook.com\/Footdavant\/\" \/>\n<meta property=\"article:published_time\" content=\"2026-01-23T02:48:08+00:00\" \/>\n<meta property=\"article:modified_time\" content=\"2026-01-23T02:48:11+00:00\" \/>\n<meta property=\"og:image\" content=\"https:\/\/footdavant.fr\/actualites\/wp-content\/uploads\/2026\/01\/Chelsea-semble-bientot-entreprendre-une-reconstruction-defensive.jpg\" \/>\n\t<meta property=\"og:image:width\" content=\"2560\" \/>\n\t<meta property=\"og:image:height\" content=\"1698\" \/>\n\t<meta property=\"og:image:type\" content=\"image\/jpeg\" \/>\n<meta name=\"author\" content=\"Cl\u00e9ment\" \/>\n<meta name=\"twitter:card\" content=\"summary_large_image\" \/>\n<meta name=\"twitter:creator\" content=\"@FootdavantFr\" \/>\n<meta name=\"twitter:site\" content=\"@FootdavantFr\" \/>\n<meta name=\"twitter:label1\" content=\"\u00c9crit par\" \/>\n\t<meta name=\"twitter:data1\" content=\"Cl\u00e9ment\" \/>\n\t<meta name=\"twitter:label2\" content=\"Dur\u00e9e de lecture estim\u00e9e\" \/>\n\t<meta name=\"twitter:data2\" content=\"2 minutes\" \/>\n<script type=\"application\/ld+json\" class=\"yoast-schema-graph\">{\"@context\":\"https:\/\/schema.org\",\"@graph\":[{\"@type\":\"Article\",\"@id\":\"https:\/\/footdavant.fr\/actualites\/chelsea-semble-bientot-entreprendre-une-reconstruction-defensive\/#article\",\"isPartOf\":{\"@id\":\"https:\/\/footdavant.fr\/actualites\/chelsea-semble-bientot-entreprendre-une-reconstruction-defensive\/\"},\"author\":{\"name\":\"Cl\u00e9ment\",\"@id\":\"https:\/\/footdavant.fr\/actualites\/#\/schema\/person\/bc222566d95871b37e597b3ed3ba5e1d\"},\"headline\":\"Chelsea semble bient\u00f4t entreprendre une reconstruction d\u00e9fensive\",\"datePublished\":\"2026-01-23T02:48:08+00:00\",\"dateModified\":\"2026-01-23T02:48:11+00:00\",\"mainEntityOfPage\":{\"@id\":\"https:\/\/footdavant.fr\/actualites\/chelsea-semble-bientot-entreprendre-une-reconstruction-defensive\/\"},\"wordCount\":470,\"publisher\":{\"@id\":\"https:\/\/footdavant.fr\/actualites\/#organization\"},\"keywords\":[\"bient\u00f4t\",\"Chelsea\",\"d\u00e9fensive\",\"entreprendre\",\"reconstruction\",\"semble\",\"une\"],\"articleSection\":[\"Football\"],\"inLanguage\":\"fr-FR\"},{\"@type\":\"WebPage\",\"@id\":\"https:\/\/footdavant.fr\/actualites\/chelsea-semble-bientot-entreprendre-une-reconstruction-defensive\/\",\"url\":\"https:\/\/footdavant.fr\/actualites\/chelsea-semble-bientot-entreprendre-une-reconstruction-defensive\/\",\"name\":\"Chelsea semble bient\u00f4t entreprendre une reconstruction d\u00e9fensive\",\"isPartOf\":{\"@id\":\"https:\/\/footdavant.fr\/actualites\/#website\"},\"datePublished\":\"2026-01-23T02:48:08+00:00\",\"dateModified\":\"2026-01-23T02:48:11+00:00\",\"breadcrumb\":{\"@id\":\"https:\/\/footdavant.fr\/actualites\/chelsea-semble-bientot-entreprendre-une-reconstruction-defensive\/#breadcrumb\"},\"inLanguage\":\"fr-FR\",\"potentialAction\":[{\"@type\":\"ReadAction\",\"target\":[\"https:\/\/footdavant.fr\/actualites\/chelsea-semble-bientot-entreprendre-une-reconstruction-defensive\/\"]}]},{\"@type\":\"BreadcrumbList\",\"@id\":\"https:\/\/footdavant.fr\/actualites\/chelsea-semble-bientot-entreprendre-une-reconstruction-defensive\/#breadcrumb\",\"itemListElement\":[{\"@type\":\"ListItem\",\"position\":1,\"name\":\"Accueil\",\"item\":\"https:\/\/footdavant.fr\/actualites\/\"},{\"@type\":\"ListItem\",\"position\":2,\"name\":\"Chelsea semble bient\u00f4t entreprendre une reconstruction d\u00e9fensive\"}]},{\"@type\":\"WebSite\",\"@id\":\"https:\/\/footdavant.fr\/actualites\/#website\",\"url\":\"https:\/\/footdavant.fr\/actualites\/\",\"name\":\"Foot d'avant\",\"description\":\"\",\"publisher\":{\"@id\":\"https:\/\/footdavant.fr\/actualites\/#organization\"},\"potentialAction\":[{\"@type\":\"SearchAction\",\"target\":{\"@type\":\"EntryPoint\",\"urlTemplate\":\"https:\/\/footdavant.fr\/actualites\/?s={search_term_string}\"},\"query-input\":\"required name=search_term_string\"}],\"inLanguage\":\"fr-FR\"},{\"@type\":\"Organization\",\"@id\":\"https:\/\/footdavant.fr\/actualites\/#organization\",\"name\":\"Foot d'avant\",\"url\":\"https:\/\/footdavant.fr\/actualites\/\",\"logo\":{\"@type\":\"ImageObject\",\"inLanguage\":\"fr-FR\",\"@id\":\"https:\/\/footdavant.fr\/actualites\/#\/schema\/logo\/image\/\",\"url\":\"https:\/\/footdavant.fr\/actualites\/wp-content\/uploads\/2023\/09\/Copy-of-FootDavant-Logo.png\",\"contentUrl\":\"https:\/\/footdavant.fr\/actualites\/wp-content\/uploads\/2023\/09\/Copy-of-FootDavant-Logo.png\",\"width\":936,\"height\":549,\"caption\":\"Foot d'avant\"},\"image\":{\"@id\":\"https:\/\/footdavant.fr\/actualites\/#\/schema\/logo\/image\/\"},\"sameAs\":[\"https:\/\/www.facebook.com\/Footdavant\/\",\"https:\/\/twitter.com\/FootdavantFr\",\"https:\/\/www.instagram.com\/footdavant.fr\/\"]},{\"@type\":\"Person\",\"@id\":\"https:\/\/footdavant.fr\/actualites\/#\/schema\/person\/bc222566d95871b37e597b3ed3ba5e1d\",\"name\":\"Cl\u00e9ment\",\"image\":{\"@type\":\"ImageObject\",\"inLanguage\":\"fr-FR\",\"@id\":\"https:\/\/footdavant.fr\/actualites\/#\/schema\/person\/image\/\",\"url\":\"https:\/\/secure.gravatar.com\/avatar\/7728b29aac2719421e1a9159b2254c44?s=96&d=mm&r=g\",\"contentUrl\":\"https:\/\/secure.gravatar.com\/avatar\/7728b29aac2719421e1a9159b2254c44?s=96&d=mm&r=g\",\"caption\":\"Cl\u00e9ment\"},\"sameAs\":[\"https:\/\/footdavant.fr\/\"]}]}<\/script>\n<!-- \/ Yoast SEO plugin. -->","yoast_head_json":{"title":"Chelsea semble bient\u00f4t entreprendre une reconstruction d\u00e9fensive","robots":{"index":"index","follow":"follow","max-snippet":"max-snippet:-1","max-image-preview":"max-image-preview:large","max-video-preview":"max-video-preview:-1"},"canonical":"https:\/\/footdavant.fr\/actualites\/chelsea-semble-bientot-entreprendre-une-reconstruction-defensive\/","og_locale":"fr_FR","og_type":"article","og_title":"Chelsea semble bient\u00f4t entreprendre une reconstruction d\u00e9fensive","og_description":"Je pense que nous allons assister \u00e0 une l\u00e9g\u00e8re reconstruction d\u00e9fensive \u00e0 Chelsea au cours des deux prochaines fen\u00eatres de transfert. J&#39;inclus cette fen\u00eatre parce","og_url":"https:\/\/footdavant.fr\/actualites\/chelsea-semble-bientot-entreprendre-une-reconstruction-defensive\/","og_site_name":"Foot d&#039;avant","article_publisher":"https:\/\/www.facebook.com\/Footdavant\/","article_published_time":"2026-01-23T02:48:08+00:00","article_modified_time":"2026-01-23T02:48:11+00:00","og_image":[{"width":2560,"height":1698,"url":"https:\/\/footdavant.fr\/actualites\/wp-content\/uploads\/2026\/01\/Chelsea-semble-bientot-entreprendre-une-reconstruction-defensive.jpg","type":"image\/jpeg"}],"author":"Cl\u00e9ment","twitter_card":"summary_large_image","twitter_creator":"@FootdavantFr","twitter_site":"@FootdavantFr","twitter_misc":{"\u00c9crit par":"Cl\u00e9ment","Dur\u00e9e de lecture estim\u00e9e":"2 minutes"},"schema":{"@context":"https:\/\/schema.org","@graph":[{"@type":"Article","@id":"https:\/\/footdavant.fr\/actualites\/chelsea-semble-bientot-entreprendre-une-reconstruction-defensive\/#article","isPartOf":{"@id":"https:\/\/footdavant.fr\/actualites\/chelsea-semble-bientot-entreprendre-une-reconstruction-defensive\/"},"author":{"name":"Cl\u00e9ment","@id":"https:\/\/footdavant.fr\/actualites\/#\/schema\/person\/bc222566d95871b37e597b3ed3ba5e1d"},"headline":"Chelsea semble bient\u00f4t entreprendre une reconstruction d\u00e9fensive","datePublished":"2026-01-23T02:48:08+00:00","dateModified":"2026-01-23T02:48:11+00:00","mainEntityOfPage":{"@id":"https:\/\/footdavant.fr\/actualites\/chelsea-semble-bientot-entreprendre-une-reconstruction-defensive\/"},"wordCount":470,"publisher":{"@id":"https:\/\/footdavant.fr\/actualites\/#organization"},"keywords":["bient\u00f4t","Chelsea","d\u00e9fensive","entreprendre","reconstruction","semble","une"],"articleSection":["Football"],"inLanguage":"fr-FR"},{"@type":"WebPage","@id":"https:\/\/footdavant.fr\/actualites\/chelsea-semble-bientot-entreprendre-une-reconstruction-defensive\/","url":"https:\/\/footdavant.fr\/actualites\/chelsea-semble-bientot-entreprendre-une-reconstruction-defensive\/","name":"Chelsea semble bient\u00f4t entreprendre une reconstruction d\u00e9fensive","isPartOf":{"@id":"https:\/\/footdavant.fr\/actualites\/#website"},"datePublished":"2026-01-23T02:48:08+00:00","dateModified":"2026-01-23T02:48:11+00:00","breadcrumb":{"@id":"https:\/\/footdavant.fr\/actualites\/chelsea-semble-bientot-entreprendre-une-reconstruction-defensive\/#breadcrumb"},"inLanguage":"fr-FR","potentialAction":[{"@type":"ReadAction","target":["https:\/\/footdavant.fr\/actualites\/chelsea-semble-bientot-entreprendre-une-reconstruction-defensive\/"]}]},{"@type":"BreadcrumbList","@id":"https:\/\/footdavant.fr\/actualites\/chelsea-semble-bientot-entreprendre-une-reconstruction-defensive\/#breadcrumb","itemListElement":[{"@type":"ListItem","position":1,"name":"Accueil","item":"https:\/\/footdavant.fr\/actualites\/"},{"@type":"ListItem","position":2,"name":"Chelsea semble bient\u00f4t entreprendre une reconstruction d\u00e9fensive"}]},{"@type":"WebSite","@id":"https:\/\/footdavant.fr\/actualites\/#website","url":"https:\/\/footdavant.fr\/actualites\/","name":"Foot d'avant","description":"","publisher":{"@id":"https:\/\/footdavant.fr\/actualites\/#organization"},"potentialAction":[{"@type":"SearchAction","target":{"@type":"EntryPoint","urlTemplate":"https:\/\/footdavant.fr\/actualites\/?s={search_term_string}"},"query-input":"required name=search_term_string"}],"inLanguage":"fr-FR"},{"@type":"Organization","@id":"https:\/\/footdavant.fr\/actualites\/#organization","name":"Foot d'avant","url":"https:\/\/footdavant.fr\/actualites\/","logo":{"@type":"ImageObject","inLanguage":"fr-FR","@id":"https:\/\/footdavant.fr\/actualites\/#\/schema\/logo\/image\/","url":"https:\/\/footdavant.fr\/actualites\/wp-content\/uploads\/2023\/09\/Copy-of-FootDavant-Logo.png","contentUrl":"https:\/\/footdavant.fr\/actualites\/wp-content\/uploads\/2023\/09\/Copy-of-FootDavant-Logo.png","width":936,"height":549,"caption":"Foot d'avant"},"image":{"@id":"https:\/\/footdavant.fr\/actualites\/#\/schema\/logo\/image\/"},"sameAs":["https:\/\/www.facebook.com\/Footdavant\/","https:\/\/twitter.com\/FootdavantFr","https:\/\/www.instagram.com\/footdavant.fr\/"]},{"@type":"Person","@id":"https:\/\/footdavant.fr\/actualites\/#\/schema\/person\/bc222566d95871b37e597b3ed3ba5e1d","name":"Cl\u00e9ment","image":{"@type":"ImageObject","inLanguage":"fr-FR","@id":"https:\/\/footdavant.fr\/actualites\/#\/schema\/person\/image\/","url":"https:\/\/secure.gravatar.com\/avatar\/7728b29aac2719421e1a9159b2254c44?s=96&d=mm&r=g","contentUrl":"https:\/\/secure.gravatar.com\/avatar\/7728b29aac2719421e1a9159b2254c44?s=96&d=mm&r=g","caption":"Cl\u00e9ment"},"sameAs":["https:\/\/footdavant.fr\/"]}]}},"_links":{"self":[{"href":"https:\/\/footdavant.fr\/actualites\/wp-json\/wp\/v2\/posts\/33719"}],"collection":[{"href":"https:\/\/footdavant.fr\/actualites\/wp-json\/wp\/v2\/posts"}],"about":[{"href":"https:\/\/footdavant.fr\/actualites\/wp-json\/wp\/v2\/types\/post"}],"author":[{"embeddable":true,"href":"https:\/\/footdavant.fr\/actualites\/wp-json\/wp\/v2\/users\/1"}],"replies":[{"embeddable":true,"href":"https:\/\/footdavant.fr\/actualites\/wp-json\/wp\/v2\/comments?post=33719"}],"version-history":[{"count":1,"href":"https:\/\/footdavant.fr\/actualites\/wp-json\/wp\/v2\/posts\/33719\/revisions"}],"predecessor-version":[{"id":33721,"href":"https:\/\/footdavant.fr\/actualites\/wp-json\/wp\/v2\/posts\/33719\/revisions\/33721"}],"wp:featuredmedia":[{"embeddable":true,"href":"https:\/\/footdavant.fr\/actualites\/wp-json\/wp\/v2\/media\/33720"}],"wp:attachment":[{"href":"https:\/\/footdavant.fr\/actualites\/wp-json\/wp\/v2\/media?parent=33719"}],"wp:term":[{"taxonomy":"category","embeddable":true,"href":"https:\/\/footdavant.fr\/actualites\/wp-json\/wp\/v2\/categories?post=33719"},{"taxonomy":"post_tag","embeddable":true,"href":"https:\/\/footdavant.fr\/actualites\/wp-json\/wp\/v2\/tags?post=33719"}],"curies":[{"name":"wp","href":"https:\/\/api.w.org\/{rel}","templated":true}]}}