{"id":33722,"date":"2026-01-23T05:48:07","date_gmt":"2026-01-23T04:48:07","guid":{"rendered":"https:\/\/footdavant.fr\/actualites\/retombees-du-derby-de-manchester-les-legendes-de-man-utd-refusent-de-reculer-alors-que-la-dispute-avec-lisandro-martinez-sintensifie\/"},"modified":"2026-01-23T05:48:09","modified_gmt":"2026-01-23T04:48:09","slug":"retombees-du-derby-de-manchester-les-legendes-de-man-utd-refusent-de-reculer-alors-que-la-dispute-avec-lisandro-martinez-sintensifie","status":"publish","type":"post","link":"https:\/\/footdavant.fr\/actualites\/retombees-du-derby-de-manchester-les-legendes-de-man-utd-refusent-de-reculer-alors-que-la-dispute-avec-lisandro-martinez-sintensifie\/","title":{"rendered":"Retomb\u00e9es du derby de Manchester : les l\u00e9gendes de Man Utd refusent de reculer alors que la dispute avec Lisandro Martinez s&#39;intensifie"},"content":{"rendered":"<div itemprop=\"articleBody\">\n<p><span style=\"font-family: var(--bs-body-font-family); font-size: var(--bs-body-font-size); text-align: var(--bs-body-text-align);\">La dispute en cours entre Lisandro Martinez et les l\u00e9gendes de Manchester United, Paul Scholes et Nicky Butt, ne montre aucun signe de ralentissement apr\u00e8s les derniers commentaires des anciens joueurs au d\u00e9fenseur central.<\/span><\/p>\n<p><span style=\"font-family: var(--bs-body-font-family); font-size: var(--bs-body-font-size); text-align: var(--bs-body-text-align);\">Martinez a \u00e9t\u00e9 largement f\u00e9licit\u00e9 pour sa performance lors de la victoire 2-0 de Man Utd sur Manchester City lors du derby, en particulier pour son r\u00f4le dans la d\u00e9monstration d\u00e9fensive disciplin\u00e9e des Red Devils qui a annul\u00e9 l&#39;\u00e9quipe de Pep Guardiola.<\/span><\/p>\n<p>L&#39;international argentin a \u00e9t\u00e9 f\u00e9licit\u00e9 pour avoir ma\u00eetris\u00e9 le meilleur buteur de la ligue, Erling Haaland, apr\u00e8s des commentaires d&#39;avant-match de la paire selon lesquels Haaland \u00ab prendrait Martinez et courrait avec lui \u00bb.<\/p>\n<p>Martinez ne s&#39;est pas retenu apr\u00e8s le match, lan\u00e7ant une r\u00e9ponse cinglante et affirmant que cela lui servait de motivation suppl\u00e9mentaire.<\/p>\n<p>\u00ab\u00a0Honn\u00eatement, il peut dire ce qu&#39;il veut\u00a0\u00bb, a d\u00e9clar\u00e9 Martinez apr\u00e8s la victoire dans le derby de la semaine derni\u00e8re. Je lui ai d\u00e9j\u00e0 dit que s&#39;il veut me dire quelque chose, il peut venir o\u00f9 il veut. Chez moi, n&#39;importe o\u00f9. Je m&#39;en fiche.<\/p>\n<p>\u00ab\u00a0Et je pense que pour moi, je respecte les relations quand ils veulent aider le club parce que tout le monde peut parler \u00e0 la t\u00e9l\u00e9vision, mais quand vous (les voyez) ici face \u00e0 face, personne ne vous dit rien en face.<\/p>\n<p>\u00ab\u00a0Donc pour moi, je me fiche de ce qu&#39;ils disent. Je me concentre juste sur ma performance, la performance de l&#39;\u00e9quipe et je donne tout \u00e0 ce club jusqu&#39;\u00e0 mon dernier jour.\u00a0\u00bb<\/p>\n<p>Aujourd&#39;hui, les anciens joueurs ont r\u00e9pondu aux remarques du vainqueur de la Coupe du monde.<\/p>\n<h2>Butt dit \u00e0 Martinez de \u00ab\u00a0grandir\u00a0\u00bb apr\u00e8s la r\u00e9ponse du derby<\/h2>\n<div>\n<div>\n<div>\n<div>\n<div>\n<p>\u00a9 Imago \/ Chaque deuxi\u00e8me m\u00e9dia<\/p>\n<\/div>\n<\/div>\n<\/div>\n<\/div>\n<\/div>\n<p>S&#39;exprimant sur la derni\u00e8re \u00e9dition de <em>Le bon, la brute et le football<\/em> podcast via <em>Actualit\u00e9s Sky Sports<\/em>Butt a pr\u00e9cis\u00e9 que sa remarque pr\u00e9c\u00e9dente sur l&#39;attaquant norv\u00e9gien r\u00e9cup\u00e9rant le d\u00e9fenseur n&#39;\u00e9tait qu&#39;une figure de style.<\/p>\n<p>L&#39;ancien milieu de terrain de United et de Newcastle United a sugg\u00e9r\u00e9 que les joueurs des grands clubs doivent \u00eatre capables de g\u00e9rer les critiques des m\u00e9dias sans devenir trop \u00e9motifs.<\/p>\n<p>\u00ab\u00a0C&#39;est ironique, il est \u00e9vident que Haaland ne va pas vraiment le chercher et courir avec lui, c&#39;est une figure de style\u00a0\u00bb, a-t-il d\u00e9clar\u00e9.<\/p>\n<p>\u00ab\u00a0Je pense que quand quelqu&#39;un est tellement boulevers\u00e9 par quelque chose dans les m\u00e9dias ou un podcast\u2026 pour sortir et dire : &#39;Viens chez moi&#39;, putain, grandis.<\/p>\n<p>\u00ab\u00a0Litt\u00e9ralement, si vous devenez si \u00e9mu \u00e0 l&#39;id\u00e9e que quelqu&#39;un dise quelque chose sur vous, vous ne devriez pas \u00eatre dans un grand club de football, car vous l&#39;obtiendrez pour le reste de votre carri\u00e8re \u00e0 Man United.<\/p>\n<p>\u00ab\u00a0J&#39;ai eu tellement de conneries quand j&#39;ai jou\u00e9 \u00e0 United et \u00e0 Newcastle, mais la semaine suivante, vous recevez des applaudissements et des applaudissements. Il n&#39;y a pas de probl\u00e8me personnel entre nous et Martinez, aucun.\u00a0\u00bb<\/p>\n<h2>Scholes maintient ses doutes sur Martinez malgr\u00e9 une performance impressionnante<\/h2>\n<div>\n<div>\n<div>\n<div>\n<div><img decoding=\"async\" data-img-id=\"141411\" class=\"lazy\" loading=\"lazy\" src=\"https:\/\/footdavant.fr\/actualites\/wp-content\/uploads\/2025\/06\/Man-United-Transfer-News-Signature-couteuse-parmi-ceux-qui-sont.jpg\"\/><\/p>\n<p>\u00a9 Imago<\/p>\n<\/div>\n<\/div>\n<\/div>\n<\/div>\n<\/div>\n<p>Scholes a ensuite salu\u00e9 la performance individuelle du d\u00e9fenseur central samedi, mais a insist\u00e9 sur le fait qu&#39;il avait encore des r\u00e9serves quant \u00e0 son impact \u00e0 long terme. <\/p>\n<p>Le l\u00e9gendaire milieu de terrain a averti qu&#39;un match brillant ne garantit pas le succ\u00e8s et qu&#39;il faut de la coh\u00e9rence sur une p\u00e9riode plus longue. <\/p>\n<p>\u00ab\u00a0Cela alimente les gens\u00a0\u00bb, a-t-il d\u00e9clar\u00e9 \u00e0 propos des critiques. \u00ab\u00a0Je pense que nous devons nous attribuer un peu le m\u00e9rite de la performance de Martinez samedi!\u00a0\u00bb<\/p>\n<p>\u00ab\u00a0Il a r\u00e9alis\u00e9 un match brillant, mais lorsque vous commencez \u00e0 parler et \u00e0 crier, ce jeu a l&#39;habitude de venir vous mordre en retour.<\/p>\n<p>\u00ab\u00a0Je n&#39;ai pas encore chang\u00e9 d&#39;avis. Je ne suis toujours pas s\u00fbr qu&#39;on puisse gagner un championnat avec lui. Il doit le faire sur une p\u00e9riode de temps. Ce qu&#39;il a fait samedi est g\u00e9nial, mais il faut le faire sur une p\u00e9riode de temps.\u00a0\u00bb<\/p>\n<p>Les dipl\u00f4m\u00e9s de la promotion 92 ont ensuite soulign\u00e9 leurs propres exp\u00e9riences face aux critiques au d\u00e9but de leur carri\u00e8re \u00e0 Old Trafford.<\/p>\n<\/div>\n","protected":false},"excerpt":{"rendered":"<p>La dispute en cours entre Lisandro Martinez et les l\u00e9gendes de Manchester United, Paul Scholes et Nicky Butt, ne montre aucun signe de ralentissement apr\u00e8s<\/p>\n","protected":false},"author":1,"featured_media":33723,"comment_status":"closed","ping_status":"","sticky":false,"template":"","format":"standard","meta":{"footnotes":""},"categories":[5],"tags":[318,91,203,4766,532,93,948,24,11,949,9891,11028,5474,4589,296],"yoast_head":"<!-- This site is optimized with the Yoast SEO plugin v21.0 - https:\/\/yoast.com\/wordpress\/plugins\/seo\/ -->\n<title>Retomb\u00e9es du derby de Manchester : les l\u00e9gendes de Man Utd refusent de reculer alors que la dispute avec Lisandro Martinez s&#039;intensifie<\/title>\n<meta name=\"robots\" content=\"index, follow, max-snippet:-1, max-image-preview:large, max-video-preview:-1\" \/>\n<link rel=\"canonical\" href=\"https:\/\/footdavant.fr\/actualites\/retombees-du-derby-de-manchester-les-legendes-de-man-utd-refusent-de-reculer-alors-que-la-dispute-avec-lisandro-martinez-sintensifie\/\" \/>\n<meta property=\"og:locale\" content=\"fr_FR\" \/>\n<meta property=\"og:type\" content=\"article\" \/>\n<meta property=\"og:title\" content=\"Retomb\u00e9es du derby de Manchester : les l\u00e9gendes de Man Utd refusent de reculer alors que la dispute avec Lisandro Martinez s&#039;intensifie\" \/>\n<meta property=\"og:description\" content=\"La dispute en cours entre Lisandro Martinez et les l\u00e9gendes de Manchester United, Paul Scholes et Nicky Butt, ne montre aucun signe de ralentissement apr\u00e8s\" \/>\n<meta property=\"og:url\" content=\"https:\/\/footdavant.fr\/actualites\/retombees-du-derby-de-manchester-les-legendes-de-man-utd-refusent-de-reculer-alors-que-la-dispute-avec-lisandro-martinez-sintensifie\/\" \/>\n<meta property=\"og:site_name\" content=\"Foot d&#039;avant\" \/>\n<meta property=\"article:publisher\" content=\"https:\/\/www.facebook.com\/Footdavant\/\" \/>\n<meta property=\"article:published_time\" content=\"2026-01-23T04:48:07+00:00\" \/>\n<meta property=\"article:modified_time\" content=\"2026-01-23T04:48:09+00:00\" \/>\n<meta property=\"og:image\" content=\"https:\/\/footdavant.fr\/actualites\/wp-content\/uploads\/2026\/01\/Retombees-du-derby-de-Manchester-les-legendes-de-Man.net2Fuploads2F20252F122Fimago1070387748.webp\" \/>\n\t<meta property=\"og:image:width\" content=\"720\" \/>\n\t<meta property=\"og:image:height\" content=\"410\" \/>\n\t<meta property=\"og:image:type\" content=\"image\/webp\" \/>\n<meta name=\"author\" content=\"Cl\u00e9ment\" \/>\n<meta name=\"twitter:card\" content=\"summary_large_image\" \/>\n<meta name=\"twitter:creator\" content=\"@FootdavantFr\" \/>\n<meta name=\"twitter:site\" content=\"@FootdavantFr\" \/>\n<meta name=\"twitter:label1\" content=\"\u00c9crit par\" \/>\n\t<meta name=\"twitter:data1\" content=\"Cl\u00e9ment\" \/>\n\t<meta name=\"twitter:label2\" content=\"Dur\u00e9e de lecture estim\u00e9e\" \/>\n\t<meta name=\"twitter:data2\" content=\"4 minutes\" \/>\n<script type=\"application\/ld+json\" class=\"yoast-schema-graph\">{\"@context\":\"https:\/\/schema.org\",\"@graph\":[{\"@type\":\"Article\",\"@id\":\"https:\/\/footdavant.fr\/actualites\/retombees-du-derby-de-manchester-les-legendes-de-man-utd-refusent-de-reculer-alors-que-la-dispute-avec-lisandro-martinez-sintensifie\/#article\",\"isPartOf\":{\"@id\":\"https:\/\/footdavant.fr\/actualites\/retombees-du-derby-de-manchester-les-legendes-de-man-utd-refusent-de-reculer-alors-que-la-dispute-avec-lisandro-martinez-sintensifie\/\"},\"author\":{\"name\":\"Cl\u00e9ment\",\"@id\":\"https:\/\/footdavant.fr\/actualites\/#\/schema\/person\/bc222566d95871b37e597b3ed3ba5e1d\"},\"headline\":\"Retomb\u00e9es du derby de Manchester : les l\u00e9gendes de Man Utd refusent de reculer alors que la dispute avec Lisandro Martinez s&#39;intensifie\",\"datePublished\":\"2026-01-23T04:48:07+00:00\",\"dateModified\":\"2026-01-23T04:48:09+00:00\",\"mainEntityOfPage\":{\"@id\":\"https:\/\/footdavant.fr\/actualites\/retombees-du-derby-de-manchester-les-legendes-de-man-utd-refusent-de-reculer-alors-que-la-dispute-avec-lisandro-martinez-sintensifie\/\"},\"wordCount\":759,\"publisher\":{\"@id\":\"https:\/\/footdavant.fr\/actualites\/#organization\"},\"keywords\":[\"alors\",\"avec\",\"derby\",\"dispute\",\"L\u00e9gendes\",\"les\",\"Lisandro\",\"Man\",\"Manchester\",\"Martinez\",\"reculer\",\"refusent\",\"retomb\u00e9es\",\"s39intensifie\",\"Utd\"],\"articleSection\":[\"Premier League\"],\"inLanguage\":\"fr-FR\"},{\"@type\":\"WebPage\",\"@id\":\"https:\/\/footdavant.fr\/actualites\/retombees-du-derby-de-manchester-les-legendes-de-man-utd-refusent-de-reculer-alors-que-la-dispute-avec-lisandro-martinez-sintensifie\/\",\"url\":\"https:\/\/footdavant.fr\/actualites\/retombees-du-derby-de-manchester-les-legendes-de-man-utd-refusent-de-reculer-alors-que-la-dispute-avec-lisandro-martinez-sintensifie\/\",\"name\":\"Retomb\u00e9es du derby de Manchester : les l\u00e9gendes de Man Utd refusent de reculer alors que la dispute avec Lisandro Martinez s&#39;intensifie\",\"isPartOf\":{\"@id\":\"https:\/\/footdavant.fr\/actualites\/#website\"},\"datePublished\":\"2026-01-23T04:48:07+00:00\",\"dateModified\":\"2026-01-23T04:48:09+00:00\",\"breadcrumb\":{\"@id\":\"https:\/\/footdavant.fr\/actualites\/retombees-du-derby-de-manchester-les-legendes-de-man-utd-refusent-de-reculer-alors-que-la-dispute-avec-lisandro-martinez-sintensifie\/#breadcrumb\"},\"inLanguage\":\"fr-FR\",\"potentialAction\":[{\"@type\":\"ReadAction\",\"target\":[\"https:\/\/footdavant.fr\/actualites\/retombees-du-derby-de-manchester-les-legendes-de-man-utd-refusent-de-reculer-alors-que-la-dispute-avec-lisandro-martinez-sintensifie\/\"]}]},{\"@type\":\"BreadcrumbList\",\"@id\":\"https:\/\/footdavant.fr\/actualites\/retombees-du-derby-de-manchester-les-legendes-de-man-utd-refusent-de-reculer-alors-que-la-dispute-avec-lisandro-martinez-sintensifie\/#breadcrumb\",\"itemListElement\":[{\"@type\":\"ListItem\",\"position\":1,\"name\":\"Accueil\",\"item\":\"https:\/\/footdavant.fr\/actualites\/\"},{\"@type\":\"ListItem\",\"position\":2,\"name\":\"Retomb\u00e9es du derby de Manchester : les l\u00e9gendes de Man Utd refusent de reculer alors que la dispute avec Lisandro Martinez s&#39;intensifie\"}]},{\"@type\":\"WebSite\",\"@id\":\"https:\/\/footdavant.fr\/actualites\/#website\",\"url\":\"https:\/\/footdavant.fr\/actualites\/\",\"name\":\"Foot d'avant\",\"description\":\"\",\"publisher\":{\"@id\":\"https:\/\/footdavant.fr\/actualites\/#organization\"},\"potentialAction\":[{\"@type\":\"SearchAction\",\"target\":{\"@type\":\"EntryPoint\",\"urlTemplate\":\"https:\/\/footdavant.fr\/actualites\/?s={search_term_string}\"},\"query-input\":\"required name=search_term_string\"}],\"inLanguage\":\"fr-FR\"},{\"@type\":\"Organization\",\"@id\":\"https:\/\/footdavant.fr\/actualites\/#organization\",\"name\":\"Foot d'avant\",\"url\":\"https:\/\/footdavant.fr\/actualites\/\",\"logo\":{\"@type\":\"ImageObject\",\"inLanguage\":\"fr-FR\",\"@id\":\"https:\/\/footdavant.fr\/actualites\/#\/schema\/logo\/image\/\",\"url\":\"https:\/\/footdavant.fr\/actualites\/wp-content\/uploads\/2023\/09\/Copy-of-FootDavant-Logo.png\",\"contentUrl\":\"https:\/\/footdavant.fr\/actualites\/wp-content\/uploads\/2023\/09\/Copy-of-FootDavant-Logo.png\",\"width\":936,\"height\":549,\"caption\":\"Foot d'avant\"},\"image\":{\"@id\":\"https:\/\/footdavant.fr\/actualites\/#\/schema\/logo\/image\/\"},\"sameAs\":[\"https:\/\/www.facebook.com\/Footdavant\/\",\"https:\/\/twitter.com\/FootdavantFr\",\"https:\/\/www.instagram.com\/footdavant.fr\/\"]},{\"@type\":\"Person\",\"@id\":\"https:\/\/footdavant.fr\/actualites\/#\/schema\/person\/bc222566d95871b37e597b3ed3ba5e1d\",\"name\":\"Cl\u00e9ment\",\"image\":{\"@type\":\"ImageObject\",\"inLanguage\":\"fr-FR\",\"@id\":\"https:\/\/footdavant.fr\/actualites\/#\/schema\/person\/image\/\",\"url\":\"https:\/\/secure.gravatar.com\/avatar\/7728b29aac2719421e1a9159b2254c44?s=96&d=mm&r=g\",\"contentUrl\":\"https:\/\/secure.gravatar.com\/avatar\/7728b29aac2719421e1a9159b2254c44?s=96&d=mm&r=g\",\"caption\":\"Cl\u00e9ment\"},\"sameAs\":[\"https:\/\/footdavant.fr\/\"]}]}<\/script>\n<!-- \/ Yoast SEO plugin. -->","yoast_head_json":{"title":"Retomb\u00e9es du derby de Manchester : les l\u00e9gendes de Man Utd refusent de reculer alors que la dispute avec Lisandro Martinez s&#39;intensifie","robots":{"index":"index","follow":"follow","max-snippet":"max-snippet:-1","max-image-preview":"max-image-preview:large","max-video-preview":"max-video-preview:-1"},"canonical":"https:\/\/footdavant.fr\/actualites\/retombees-du-derby-de-manchester-les-legendes-de-man-utd-refusent-de-reculer-alors-que-la-dispute-avec-lisandro-martinez-sintensifie\/","og_locale":"fr_FR","og_type":"article","og_title":"Retomb\u00e9es du derby de Manchester : les l\u00e9gendes de Man Utd refusent de reculer alors que la dispute avec Lisandro Martinez s&#39;intensifie","og_description":"La dispute en cours entre Lisandro Martinez et les l\u00e9gendes de Manchester United, Paul Scholes et Nicky Butt, ne montre aucun signe de ralentissement apr\u00e8s","og_url":"https:\/\/footdavant.fr\/actualites\/retombees-du-derby-de-manchester-les-legendes-de-man-utd-refusent-de-reculer-alors-que-la-dispute-avec-lisandro-martinez-sintensifie\/","og_site_name":"Foot d&#039;avant","article_publisher":"https:\/\/www.facebook.com\/Footdavant\/","article_published_time":"2026-01-23T04:48:07+00:00","article_modified_time":"2026-01-23T04:48:09+00:00","og_image":[{"width":720,"height":410,"url":"https:\/\/footdavant.fr\/actualites\/wp-content\/uploads\/2026\/01\/Retombees-du-derby-de-Manchester-les-legendes-de-Man.net2Fuploads2F20252F122Fimago1070387748.webp","type":"image\/webp"}],"author":"Cl\u00e9ment","twitter_card":"summary_large_image","twitter_creator":"@FootdavantFr","twitter_site":"@FootdavantFr","twitter_misc":{"\u00c9crit par":"Cl\u00e9ment","Dur\u00e9e de lecture estim\u00e9e":"4 minutes"},"schema":{"@context":"https:\/\/schema.org","@graph":[{"@type":"Article","@id":"https:\/\/footdavant.fr\/actualites\/retombees-du-derby-de-manchester-les-legendes-de-man-utd-refusent-de-reculer-alors-que-la-dispute-avec-lisandro-martinez-sintensifie\/#article","isPartOf":{"@id":"https:\/\/footdavant.fr\/actualites\/retombees-du-derby-de-manchester-les-legendes-de-man-utd-refusent-de-reculer-alors-que-la-dispute-avec-lisandro-martinez-sintensifie\/"},"author":{"name":"Cl\u00e9ment","@id":"https:\/\/footdavant.fr\/actualites\/#\/schema\/person\/bc222566d95871b37e597b3ed3ba5e1d"},"headline":"Retomb\u00e9es du derby de Manchester : les l\u00e9gendes de Man Utd refusent de reculer alors que la dispute avec Lisandro Martinez s&#39;intensifie","datePublished":"2026-01-23T04:48:07+00:00","dateModified":"2026-01-23T04:48:09+00:00","mainEntityOfPage":{"@id":"https:\/\/footdavant.fr\/actualites\/retombees-du-derby-de-manchester-les-legendes-de-man-utd-refusent-de-reculer-alors-que-la-dispute-avec-lisandro-martinez-sintensifie\/"},"wordCount":759,"publisher":{"@id":"https:\/\/footdavant.fr\/actualites\/#organization"},"keywords":["alors","avec","derby","dispute","L\u00e9gendes","les","Lisandro","Man","Manchester","Martinez","reculer","refusent","retomb\u00e9es","s39intensifie","Utd"],"articleSection":["Premier League"],"inLanguage":"fr-FR"},{"@type":"WebPage","@id":"https:\/\/footdavant.fr\/actualites\/retombees-du-derby-de-manchester-les-legendes-de-man-utd-refusent-de-reculer-alors-que-la-dispute-avec-lisandro-martinez-sintensifie\/","url":"https:\/\/footdavant.fr\/actualites\/retombees-du-derby-de-manchester-les-legendes-de-man-utd-refusent-de-reculer-alors-que-la-dispute-avec-lisandro-martinez-sintensifie\/","name":"Retomb\u00e9es du derby de Manchester : les l\u00e9gendes de Man Utd refusent de reculer alors que la dispute avec Lisandro Martinez s&#39;intensifie","isPartOf":{"@id":"https:\/\/footdavant.fr\/actualites\/#website"},"datePublished":"2026-01-23T04:48:07+00:00","dateModified":"2026-01-23T04:48:09+00:00","breadcrumb":{"@id":"https:\/\/footdavant.fr\/actualites\/retombees-du-derby-de-manchester-les-legendes-de-man-utd-refusent-de-reculer-alors-que-la-dispute-avec-lisandro-martinez-sintensifie\/#breadcrumb"},"inLanguage":"fr-FR","potentialAction":[{"@type":"ReadAction","target":["https:\/\/footdavant.fr\/actualites\/retombees-du-derby-de-manchester-les-legendes-de-man-utd-refusent-de-reculer-alors-que-la-dispute-avec-lisandro-martinez-sintensifie\/"]}]},{"@type":"BreadcrumbList","@id":"https:\/\/footdavant.fr\/actualites\/retombees-du-derby-de-manchester-les-legendes-de-man-utd-refusent-de-reculer-alors-que-la-dispute-avec-lisandro-martinez-sintensifie\/#breadcrumb","itemListElement":[{"@type":"ListItem","position":1,"name":"Accueil","item":"https:\/\/footdavant.fr\/actualites\/"},{"@type":"ListItem","position":2,"name":"Retomb\u00e9es du derby de Manchester : les l\u00e9gendes de Man Utd refusent de reculer alors que la dispute avec Lisandro Martinez s&#39;intensifie"}]},{"@type":"WebSite","@id":"https:\/\/footdavant.fr\/actualites\/#website","url":"https:\/\/footdavant.fr\/actualites\/","name":"Foot d'avant","description":"","publisher":{"@id":"https:\/\/footdavant.fr\/actualites\/#organization"},"potentialAction":[{"@type":"SearchAction","target":{"@type":"EntryPoint","urlTemplate":"https:\/\/footdavant.fr\/actualites\/?s={search_term_string}"},"query-input":"required name=search_term_string"}],"inLanguage":"fr-FR"},{"@type":"Organization","@id":"https:\/\/footdavant.fr\/actualites\/#organization","name":"Foot d'avant","url":"https:\/\/footdavant.fr\/actualites\/","logo":{"@type":"ImageObject","inLanguage":"fr-FR","@id":"https:\/\/footdavant.fr\/actualites\/#\/schema\/logo\/image\/","url":"https:\/\/footdavant.fr\/actualites\/wp-content\/uploads\/2023\/09\/Copy-of-FootDavant-Logo.png","contentUrl":"https:\/\/footdavant.fr\/actualites\/wp-content\/uploads\/2023\/09\/Copy-of-FootDavant-Logo.png","width":936,"height":549,"caption":"Foot d'avant"},"image":{"@id":"https:\/\/footdavant.fr\/actualites\/#\/schema\/logo\/image\/"},"sameAs":["https:\/\/www.facebook.com\/Footdavant\/","https:\/\/twitter.com\/FootdavantFr","https:\/\/www.instagram.com\/footdavant.fr\/"]},{"@type":"Person","@id":"https:\/\/footdavant.fr\/actualites\/#\/schema\/person\/bc222566d95871b37e597b3ed3ba5e1d","name":"Cl\u00e9ment","image":{"@type":"ImageObject","inLanguage":"fr-FR","@id":"https:\/\/footdavant.fr\/actualites\/#\/schema\/person\/image\/","url":"https:\/\/secure.gravatar.com\/avatar\/7728b29aac2719421e1a9159b2254c44?s=96&d=mm&r=g","contentUrl":"https:\/\/secure.gravatar.com\/avatar\/7728b29aac2719421e1a9159b2254c44?s=96&d=mm&r=g","caption":"Cl\u00e9ment"},"sameAs":["https:\/\/footdavant.fr\/"]}]}},"_links":{"self":[{"href":"https:\/\/footdavant.fr\/actualites\/wp-json\/wp\/v2\/posts\/33722"}],"collection":[{"href":"https:\/\/footdavant.fr\/actualites\/wp-json\/wp\/v2\/posts"}],"about":[{"href":"https:\/\/footdavant.fr\/actualites\/wp-json\/wp\/v2\/types\/post"}],"author":[{"embeddable":true,"href":"https:\/\/footdavant.fr\/actualites\/wp-json\/wp\/v2\/users\/1"}],"replies":[{"embeddable":true,"href":"https:\/\/footdavant.fr\/actualites\/wp-json\/wp\/v2\/comments?post=33722"}],"version-history":[{"count":1,"href":"https:\/\/footdavant.fr\/actualites\/wp-json\/wp\/v2\/posts\/33722\/revisions"}],"predecessor-version":[{"id":33724,"href":"https:\/\/footdavant.fr\/actualites\/wp-json\/wp\/v2\/posts\/33722\/revisions\/33724"}],"wp:featuredmedia":[{"embeddable":true,"href":"https:\/\/footdavant.fr\/actualites\/wp-json\/wp\/v2\/media\/33723"}],"wp:attachment":[{"href":"https:\/\/footdavant.fr\/actualites\/wp-json\/wp\/v2\/media?parent=33722"}],"wp:term":[{"taxonomy":"category","embeddable":true,"href":"https:\/\/footdavant.fr\/actualites\/wp-json\/wp\/v2\/categories?post=33722"},{"taxonomy":"post_tag","embeddable":true,"href":"https:\/\/footdavant.fr\/actualites\/wp-json\/wp\/v2\/tags?post=33722"}],"curies":[{"name":"wp","href":"https:\/\/api.w.org\/{rel}","templated":true}]}}