{"id":33725,"date":"2026-01-23T07:48:08","date_gmt":"2026-01-23T06:48:08","guid":{"rendered":"https:\/\/footdavant.fr\/actualites\/la-prochaine-etape-ethan-nwaneri\/"},"modified":"2026-01-23T07:48:12","modified_gmt":"2026-01-23T06:48:12","slug":"la-prochaine-etape-ethan-nwaneri","status":"publish","type":"post","link":"https:\/\/footdavant.fr\/actualites\/la-prochaine-etape-ethan-nwaneri\/","title":{"rendered":"La prochaine \u00e9tape : Ethan Nwaneri"},"content":{"rendered":"<div>\n<p>Le pr\u00eat d\u2019Ethan Nwaneri est dans le meilleur int\u00e9r\u00eat du joueur et je pense que c\u2019est raisonnablement clair depuis un certain temps maintenant. Habituellement, un jeune de 18 ans en difficult\u00e9 pendant quelques minutes dans un club en t\u00eate des classements de la Premier League et de la Ligue des champions ne serait pas inhabituel ni pr\u00e9occupant.<\/p>\n<p>Mais Nwaneri n\u2019est clairement pas un footballeur moyen de 18 ans. La saison derni\u00e8re, des blessures ont ouvert la porte au joueur et il a eu un avant-go\u00fbt significatif de l&#39;action en \u00e9quipe premi\u00e8re. Je pense qu&#39;il est juste de dire que sa p\u00e9riode en tant que titulaire au printemps dernier a tr\u00e8s bien commenc\u00e9 et a finalement plafonn\u00e9 un peu, ce qui est normal compte tenu de son \u00e2ge.<\/p>\n<p>Le point important est qu\u2019un jeune de 17 ans semblait \u00e0 l\u2019aise dans la formation de d\u00e9part d\u2019Arsenal \u00e0 tout moment. Arsenal avait pr\u00eat\u00e9 Raheem Sterling, qui a connu une carri\u00e8re exceptionnelle la saison derni\u00e8re, et il n&#39;y est parvenu \u00e0 aucun moment. Une fois qu&#39;un joueur a eu non seulement un avant-go\u00fbt, mais une grande gorg\u00e9e d&#39;exp\u00e9rience dans le football senior, il est difficile de remettre ce g\u00e9nie pr\u00e9coce dans la lampe.<\/p>\n<p>Marseille est une d\u00e9cision vraiment int\u00e9ressante pour Nwaneri. Les reportages sugg\u00e8rent qu&#39;il y avait beaucoup d&#39;int\u00e9r\u00eat national pour un pr\u00eat, mais souvent les clubs envoient de jeunes talents en pr\u00eat \u00e0 l&#39;\u00e9tranger dans le cadre de leur d\u00e9veloppement individuel, ainsi que de leur d\u00e9veloppement footballistique. Reiss Nelson et Emile Smith Rowe ont tous deux b\u00e9n\u00e9fici\u00e9 de pr\u00eats en Allemagne (Nelson a \u00e9galement b\u00e9n\u00e9fici\u00e9 d&#39;un pr\u00eat \u00e0 Feyenoord).<\/p>\n<p>Lorsque Smith Rowe a rejoint le RB Leipzig, Arteta a r\u00e9v\u00e9l\u00e9 dans le documentaire Amazon \u00ab All Or Nothing \u00bb de 2022 que la d\u00e9cision d&#39;envoyer Smith Rowe en Allemagne \u00e9tait largement r\u00e9gie par son d\u00e9veloppement hors du terrain (une blessure signifiait qu&#39;il n&#39;avait jou\u00e9 que 28 minutes pour Leipzig de toute fa\u00e7on).<\/p>\n<p>\u00abQuand nous l&#39;avons pr\u00eat\u00e9, j&#39;ai dit que j&#39;allais seulement vous demander\u2026 Je ne regarderai pas vos matchs. Je veux seulement entendre ce que les gens disent de vous lorsque vous \u00eates l\u00e0-bas, et comment ils vont vous d\u00e9crire, pas en tant que joueur, en tant que personne. Arteta a \u00e9galement r\u00e9v\u00e9l\u00e9 qu&#39;il pensait que Smith Rowe aurait pu avoir des probl\u00e8mes de confiance en soi et qu&#39;ils pensaient clairement qu&#39;un pr\u00eat \u00e0 l&#39;\u00e9tranger pourrait acc\u00e9l\u00e9rer le d\u00e9veloppement de son caract\u00e8re.<\/p>\n<p>Vous vous souvenez peut-\u00eatre m\u00eame d&#39;il y a une dizaine d&#39;ann\u00e9es, lorsque Serge Gnabry a \u00e9t\u00e9 pr\u00eat\u00e9 \u00e0 West Brom de Tony Pulis. Gnabry avait du mal \u00e0 gagner du temps de jeu, Pulis critiquant la condition physique du joueur. \u00c0 la grande surprise de beaucoup, Arsenal ne l&#39;a pas rappel\u00e9 de son s\u00e9jour \u00e0 West Brom car Ars\u00e8ne Wenger estimait que surmonter ce d\u00e9fi \u00e9tait un point de d\u00e9veloppement important pour Gnabry.<\/p>\n<p>Arsenal n\u2019a finalement pas pu s\u2019accrocher \u00e0 Gnabry, m\u00eame s\u2019il le voulait vraiment. On pourrait affirmer qu&#39;une p\u00e9riode de pr\u00eat malheureuse a motiv\u00e9 sa d\u00e9cision de partir, vous pouvez \u00e9galement examiner la carri\u00e8re que le joueur a ensuite connue avec le Bayern Munich et sugg\u00e9rer que son exp\u00e9rience \u00e0 West Brom a \u00e9t\u00e9 formatrice, m\u00eame si elle n&#39;a pas vraiment profit\u00e9 \u00e0 Arsenal. Le d\u00e9veloppement des jeunes talents est rarement lin\u00e9aire.<\/p>\n<p>Je pense que l\u2019on pourrait affirmer que Nwaneri est assez bon pour m\u00e9riter de s\u00e9rieuses minutes dans presque n\u2019importe quel autre club du monde en ce moment. Les signatures estivales d&#39;Eberechi Eze et Noni Madueke ont limit\u00e9 ses opportunit\u00e9s \u00e0 Arsenal. Je pense qu&#39;il est de bon augure que le joueur veuille sortir et jouer alors qu&#39;il pourrait facilement (et de mani\u00e8re compr\u00e9hensible) consid\u00e9rer les prochains mois comme une bonne opportunit\u00e9 de commencer \u00e0 remplir la section \u00ab honneurs \u00bb de sa page Wikip\u00e9dia.<\/p>\n<p>Je soup\u00e7onne qu&#39;Ethan partir \u00e0 l&#39;\u00e9tranger plut\u00f4t que de contracter un pr\u00eat dans un club de Premier League sugg\u00e8re que l&#39;angle du d\u00e9veloppement personnel est important ici. Marseille est un grand club qui joue devant un public bruyant, il est en Ligue des Champions et cherche, au minimum, \u00e0 pr\u00e9server ce statut pour la saison prochaine. Marseille est un environnement exigeant qui \u00e9volue sous la direction d&#39;un entra\u00eeneur exigeant qui veut que son \u00e9quipe domine le ballon et les matchs.<\/p>\n<p>De Zerbi peut \u00eatre un entra\u00eeneur abrasif, n\u2019ayant pas peur de dire ce qu\u2019il pense. Ce ne sera pas un camp de vacances pour Nwaneri et le niveau de talent du joueur sugg\u00e8re qu&#39;il peut faire face \u00e0 la chaleur. Ma question \u00e0 long terme est de savoir si la voie \u00e0 Arsenal va vraiment s\u2019ouvrir pour lui. Madueke, Eze et Odegaard seront tous \u00e0 Arsenal la saison prochaine, \u00e0 moins que quelque chose de radical ne se produise.<\/p>\n<p>Je suis favorable \u00e0 l\u2019id\u00e9e selon laquelle Arsenal devrait donner la priorit\u00e9 aux troph\u00e9es et il incombe aux joueurs de prouver qu\u2019ils peuvent jouer au niveau de l\u2019une des meilleures \u00e9quipes de club du monde \u00e0 l\u2019heure actuelle. Parall\u00e8lement, des d\u00e9cisions pragmatiques doivent parfois \u00eatre prises pour permettre aux jeunes talents de s\u2019\u00e9panouir. Ars\u00e8ne Wenger a pouss\u00e9 Pires et Vieira sur le c\u00f4t\u00e9 pour permettre \u00e0 Fabregas d&#39;\u00e9merger. La constitution de stocks par Chelsea signifiait qu&#39;ils permettaient \u00e0 des talents g\u00e9n\u00e9rationnels comme Salah et de Bruyne de leur filer entre les doigts.<\/p>\n<p>Mais Vieira et Pires \u00e9taient plus \u00e2g\u00e9s que Eze, Madueke et Odegaard. J&#39;ai l&#39;impression que l&#39;avenir \u00e0 long terme de Nwaneri d\u00e9pendra du fait qu&#39;Eberechi Eze soit une option fiable et coh\u00e9rente sur la gauche, d&#39;autant plus qu&#39;il semble peu probable que Leandro Trossard ou Gabriel Martinelli prolongent leurs contrats actuels. Il me semble que la meilleure fa\u00e7on d\u2019avancer est qu\u2019Eze poss\u00e8de r\u00e9ellement cet aile gauche et que l\u2019un des Trossard ou Martinelli parte cet \u00e9t\u00e9 afin qu\u2019Arsenal puisse r\u00e9cup\u00e9rer des fonds.<\/p>\n<p>Le plus gros obstacle pour Nwaneri est qu\u2019Eze soit pr\u00e9f\u00e9r\u00e9 en tant qu\u2019acteur int\u00e9rieur. Mikel Merino est \u00e9galement un bloqueur, mais son \u00e2ge rend ce probl\u00e8me moins probl\u00e9matique \u00e0 long terme. Comme Martinelli et Trossard, il semble peu probable que son contrat actuel soit prolong\u00e9 de mani\u00e8re significative.<\/p>\n<p>Toutes ces choses doivent vraiment fusionner et il arrive parfois que les dirigeants doivent simplement attendre de voir comment les enjeux tombent. Ce fut le cas de William Saliba, dont l&#39;int\u00e9gration dans le onze de d\u00e9part apr\u00e8s son propre pr\u00eat \u00e0 Marseille a \u00e9t\u00e9 acc\u00e9l\u00e9r\u00e9e par la blessure de Takehiro Tomiyasu et le fait que Ben White est devenu un excellent arri\u00e8re droit.<\/p>\n<p>Cela semble \u00e9galement instructif pour Nwaneri, la rapidit\u00e9 avec laquelle il peut acc\u00e9der \u00e0 plus de minutes \u00e0 Arsenal se sent aussi d\u00e9pendant des autres que de lui.<\/p>\n<\/div>\n","protected":false},"excerpt":{"rendered":"<p>Le pr\u00eat d\u2019Ethan Nwaneri est dans le meilleur int\u00e9r\u00eat du joueur et je pense que c\u2019est raisonnablement clair depuis un certain temps maintenant. Habituellement, un<\/p>\n","protected":false},"author":1,"featured_media":27133,"comment_status":"closed","ping_status":"","sticky":false,"template":"","format":"standard","meta":{"footnotes":""},"categories":[3],"tags":[3818,2154,2144,1202],"yoast_head":"<!-- This site is optimized with the Yoast SEO plugin v21.0 - https:\/\/yoast.com\/wordpress\/plugins\/seo\/ -->\n<title>La prochaine \u00e9tape : Ethan Nwaneri<\/title>\n<meta name=\"robots\" content=\"index, follow, max-snippet:-1, max-image-preview:large, max-video-preview:-1\" \/>\n<link rel=\"canonical\" href=\"https:\/\/footdavant.fr\/actualites\/la-prochaine-etape-ethan-nwaneri\/\" \/>\n<meta property=\"og:locale\" content=\"fr_FR\" \/>\n<meta property=\"og:type\" content=\"article\" \/>\n<meta property=\"og:title\" content=\"La prochaine \u00e9tape : Ethan Nwaneri\" \/>\n<meta property=\"og:description\" content=\"Le pr\u00eat d\u2019Ethan Nwaneri est dans le meilleur int\u00e9r\u00eat du joueur et je pense que c\u2019est raisonnablement clair depuis un certain temps maintenant. Habituellement, un\" \/>\n<meta property=\"og:url\" content=\"https:\/\/footdavant.fr\/actualites\/la-prochaine-etape-ethan-nwaneri\/\" \/>\n<meta property=\"og:site_name\" content=\"Foot d&#039;avant\" \/>\n<meta property=\"article:publisher\" content=\"https:\/\/www.facebook.com\/Footdavant\/\" \/>\n<meta property=\"article:published_time\" content=\"2026-01-23T06:48:08+00:00\" \/>\n<meta property=\"article:modified_time\" content=\"2026-01-23T06:48:12+00:00\" \/>\n<meta property=\"og:image\" content=\"https:\/\/footdavant.fr\/actualites\/wp-content\/uploads\/2025\/08\/Selection-de-l39equipe-pour-Athletic-Bilbao-le-nouvel-accord-de.jpg\" \/>\n\t<meta property=\"og:image:width\" content=\"1500\" \/>\n\t<meta property=\"og:image:height\" content=\"750\" \/>\n\t<meta property=\"og:image:type\" content=\"image\/jpeg\" \/>\n<meta name=\"author\" content=\"Cl\u00e9ment\" \/>\n<meta name=\"twitter:card\" content=\"summary_large_image\" \/>\n<meta name=\"twitter:creator\" content=\"@FootdavantFr\" \/>\n<meta name=\"twitter:site\" content=\"@FootdavantFr\" \/>\n<meta name=\"twitter:label1\" content=\"\u00c9crit par\" \/>\n\t<meta name=\"twitter:data1\" content=\"Cl\u00e9ment\" \/>\n\t<meta name=\"twitter:label2\" content=\"Dur\u00e9e de lecture estim\u00e9e\" \/>\n\t<meta name=\"twitter:data2\" content=\"6 minutes\" \/>\n<script type=\"application\/ld+json\" class=\"yoast-schema-graph\">{\"@context\":\"https:\/\/schema.org\",\"@graph\":[{\"@type\":\"Article\",\"@id\":\"https:\/\/footdavant.fr\/actualites\/la-prochaine-etape-ethan-nwaneri\/#article\",\"isPartOf\":{\"@id\":\"https:\/\/footdavant.fr\/actualites\/la-prochaine-etape-ethan-nwaneri\/\"},\"author\":{\"name\":\"Cl\u00e9ment\",\"@id\":\"https:\/\/footdavant.fr\/actualites\/#\/schema\/person\/bc222566d95871b37e597b3ed3ba5e1d\"},\"headline\":\"La prochaine \u00e9tape : Ethan Nwaneri\",\"datePublished\":\"2026-01-23T06:48:08+00:00\",\"dateModified\":\"2026-01-23T06:48:12+00:00\",\"mainEntityOfPage\":{\"@id\":\"https:\/\/footdavant.fr\/actualites\/la-prochaine-etape-ethan-nwaneri\/\"},\"wordCount\":1248,\"publisher\":{\"@id\":\"https:\/\/footdavant.fr\/actualites\/#organization\"},\"keywords\":[\"\u00e9tape\",\"Ethan\",\"Nwaneri\",\"prochaine\"],\"articleSection\":[\"Football\"],\"inLanguage\":\"fr-FR\"},{\"@type\":\"WebPage\",\"@id\":\"https:\/\/footdavant.fr\/actualites\/la-prochaine-etape-ethan-nwaneri\/\",\"url\":\"https:\/\/footdavant.fr\/actualites\/la-prochaine-etape-ethan-nwaneri\/\",\"name\":\"La prochaine \u00e9tape : Ethan Nwaneri\",\"isPartOf\":{\"@id\":\"https:\/\/footdavant.fr\/actualites\/#website\"},\"datePublished\":\"2026-01-23T06:48:08+00:00\",\"dateModified\":\"2026-01-23T06:48:12+00:00\",\"breadcrumb\":{\"@id\":\"https:\/\/footdavant.fr\/actualites\/la-prochaine-etape-ethan-nwaneri\/#breadcrumb\"},\"inLanguage\":\"fr-FR\",\"potentialAction\":[{\"@type\":\"ReadAction\",\"target\":[\"https:\/\/footdavant.fr\/actualites\/la-prochaine-etape-ethan-nwaneri\/\"]}]},{\"@type\":\"BreadcrumbList\",\"@id\":\"https:\/\/footdavant.fr\/actualites\/la-prochaine-etape-ethan-nwaneri\/#breadcrumb\",\"itemListElement\":[{\"@type\":\"ListItem\",\"position\":1,\"name\":\"Accueil\",\"item\":\"https:\/\/footdavant.fr\/actualites\/\"},{\"@type\":\"ListItem\",\"position\":2,\"name\":\"La prochaine \u00e9tape : Ethan Nwaneri\"}]},{\"@type\":\"WebSite\",\"@id\":\"https:\/\/footdavant.fr\/actualites\/#website\",\"url\":\"https:\/\/footdavant.fr\/actualites\/\",\"name\":\"Foot d'avant\",\"description\":\"\",\"publisher\":{\"@id\":\"https:\/\/footdavant.fr\/actualites\/#organization\"},\"potentialAction\":[{\"@type\":\"SearchAction\",\"target\":{\"@type\":\"EntryPoint\",\"urlTemplate\":\"https:\/\/footdavant.fr\/actualites\/?s={search_term_string}\"},\"query-input\":\"required name=search_term_string\"}],\"inLanguage\":\"fr-FR\"},{\"@type\":\"Organization\",\"@id\":\"https:\/\/footdavant.fr\/actualites\/#organization\",\"name\":\"Foot d'avant\",\"url\":\"https:\/\/footdavant.fr\/actualites\/\",\"logo\":{\"@type\":\"ImageObject\",\"inLanguage\":\"fr-FR\",\"@id\":\"https:\/\/footdavant.fr\/actualites\/#\/schema\/logo\/image\/\",\"url\":\"https:\/\/footdavant.fr\/actualites\/wp-content\/uploads\/2023\/09\/Copy-of-FootDavant-Logo.png\",\"contentUrl\":\"https:\/\/footdavant.fr\/actualites\/wp-content\/uploads\/2023\/09\/Copy-of-FootDavant-Logo.png\",\"width\":936,\"height\":549,\"caption\":\"Foot d'avant\"},\"image\":{\"@id\":\"https:\/\/footdavant.fr\/actualites\/#\/schema\/logo\/image\/\"},\"sameAs\":[\"https:\/\/www.facebook.com\/Footdavant\/\",\"https:\/\/twitter.com\/FootdavantFr\",\"https:\/\/www.instagram.com\/footdavant.fr\/\"]},{\"@type\":\"Person\",\"@id\":\"https:\/\/footdavant.fr\/actualites\/#\/schema\/person\/bc222566d95871b37e597b3ed3ba5e1d\",\"name\":\"Cl\u00e9ment\",\"image\":{\"@type\":\"ImageObject\",\"inLanguage\":\"fr-FR\",\"@id\":\"https:\/\/footdavant.fr\/actualites\/#\/schema\/person\/image\/\",\"url\":\"https:\/\/secure.gravatar.com\/avatar\/7728b29aac2719421e1a9159b2254c44?s=96&d=mm&r=g\",\"contentUrl\":\"https:\/\/secure.gravatar.com\/avatar\/7728b29aac2719421e1a9159b2254c44?s=96&d=mm&r=g\",\"caption\":\"Cl\u00e9ment\"},\"sameAs\":[\"https:\/\/footdavant.fr\/\"]}]}<\/script>\n<!-- \/ Yoast SEO plugin. -->","yoast_head_json":{"title":"La prochaine \u00e9tape : Ethan Nwaneri","robots":{"index":"index","follow":"follow","max-snippet":"max-snippet:-1","max-image-preview":"max-image-preview:large","max-video-preview":"max-video-preview:-1"},"canonical":"https:\/\/footdavant.fr\/actualites\/la-prochaine-etape-ethan-nwaneri\/","og_locale":"fr_FR","og_type":"article","og_title":"La prochaine \u00e9tape : Ethan Nwaneri","og_description":"Le pr\u00eat d\u2019Ethan Nwaneri est dans le meilleur int\u00e9r\u00eat du joueur et je pense que c\u2019est raisonnablement clair depuis un certain temps maintenant. Habituellement, un","og_url":"https:\/\/footdavant.fr\/actualites\/la-prochaine-etape-ethan-nwaneri\/","og_site_name":"Foot d&#039;avant","article_publisher":"https:\/\/www.facebook.com\/Footdavant\/","article_published_time":"2026-01-23T06:48:08+00:00","article_modified_time":"2026-01-23T06:48:12+00:00","og_image":[{"width":1500,"height":750,"url":"https:\/\/footdavant.fr\/actualites\/wp-content\/uploads\/2025\/08\/Selection-de-l39equipe-pour-Athletic-Bilbao-le-nouvel-accord-de.jpg","type":"image\/jpeg"}],"author":"Cl\u00e9ment","twitter_card":"summary_large_image","twitter_creator":"@FootdavantFr","twitter_site":"@FootdavantFr","twitter_misc":{"\u00c9crit par":"Cl\u00e9ment","Dur\u00e9e de lecture estim\u00e9e":"6 minutes"},"schema":{"@context":"https:\/\/schema.org","@graph":[{"@type":"Article","@id":"https:\/\/footdavant.fr\/actualites\/la-prochaine-etape-ethan-nwaneri\/#article","isPartOf":{"@id":"https:\/\/footdavant.fr\/actualites\/la-prochaine-etape-ethan-nwaneri\/"},"author":{"name":"Cl\u00e9ment","@id":"https:\/\/footdavant.fr\/actualites\/#\/schema\/person\/bc222566d95871b37e597b3ed3ba5e1d"},"headline":"La prochaine \u00e9tape : Ethan Nwaneri","datePublished":"2026-01-23T06:48:08+00:00","dateModified":"2026-01-23T06:48:12+00:00","mainEntityOfPage":{"@id":"https:\/\/footdavant.fr\/actualites\/la-prochaine-etape-ethan-nwaneri\/"},"wordCount":1248,"publisher":{"@id":"https:\/\/footdavant.fr\/actualites\/#organization"},"keywords":["\u00e9tape","Ethan","Nwaneri","prochaine"],"articleSection":["Football"],"inLanguage":"fr-FR"},{"@type":"WebPage","@id":"https:\/\/footdavant.fr\/actualites\/la-prochaine-etape-ethan-nwaneri\/","url":"https:\/\/footdavant.fr\/actualites\/la-prochaine-etape-ethan-nwaneri\/","name":"La prochaine \u00e9tape : Ethan Nwaneri","isPartOf":{"@id":"https:\/\/footdavant.fr\/actualites\/#website"},"datePublished":"2026-01-23T06:48:08+00:00","dateModified":"2026-01-23T06:48:12+00:00","breadcrumb":{"@id":"https:\/\/footdavant.fr\/actualites\/la-prochaine-etape-ethan-nwaneri\/#breadcrumb"},"inLanguage":"fr-FR","potentialAction":[{"@type":"ReadAction","target":["https:\/\/footdavant.fr\/actualites\/la-prochaine-etape-ethan-nwaneri\/"]}]},{"@type":"BreadcrumbList","@id":"https:\/\/footdavant.fr\/actualites\/la-prochaine-etape-ethan-nwaneri\/#breadcrumb","itemListElement":[{"@type":"ListItem","position":1,"name":"Accueil","item":"https:\/\/footdavant.fr\/actualites\/"},{"@type":"ListItem","position":2,"name":"La prochaine \u00e9tape : Ethan Nwaneri"}]},{"@type":"WebSite","@id":"https:\/\/footdavant.fr\/actualites\/#website","url":"https:\/\/footdavant.fr\/actualites\/","name":"Foot d'avant","description":"","publisher":{"@id":"https:\/\/footdavant.fr\/actualites\/#organization"},"potentialAction":[{"@type":"SearchAction","target":{"@type":"EntryPoint","urlTemplate":"https:\/\/footdavant.fr\/actualites\/?s={search_term_string}"},"query-input":"required name=search_term_string"}],"inLanguage":"fr-FR"},{"@type":"Organization","@id":"https:\/\/footdavant.fr\/actualites\/#organization","name":"Foot d'avant","url":"https:\/\/footdavant.fr\/actualites\/","logo":{"@type":"ImageObject","inLanguage":"fr-FR","@id":"https:\/\/footdavant.fr\/actualites\/#\/schema\/logo\/image\/","url":"https:\/\/footdavant.fr\/actualites\/wp-content\/uploads\/2023\/09\/Copy-of-FootDavant-Logo.png","contentUrl":"https:\/\/footdavant.fr\/actualites\/wp-content\/uploads\/2023\/09\/Copy-of-FootDavant-Logo.png","width":936,"height":549,"caption":"Foot d'avant"},"image":{"@id":"https:\/\/footdavant.fr\/actualites\/#\/schema\/logo\/image\/"},"sameAs":["https:\/\/www.facebook.com\/Footdavant\/","https:\/\/twitter.com\/FootdavantFr","https:\/\/www.instagram.com\/footdavant.fr\/"]},{"@type":"Person","@id":"https:\/\/footdavant.fr\/actualites\/#\/schema\/person\/bc222566d95871b37e597b3ed3ba5e1d","name":"Cl\u00e9ment","image":{"@type":"ImageObject","inLanguage":"fr-FR","@id":"https:\/\/footdavant.fr\/actualites\/#\/schema\/person\/image\/","url":"https:\/\/secure.gravatar.com\/avatar\/7728b29aac2719421e1a9159b2254c44?s=96&d=mm&r=g","contentUrl":"https:\/\/secure.gravatar.com\/avatar\/7728b29aac2719421e1a9159b2254c44?s=96&d=mm&r=g","caption":"Cl\u00e9ment"},"sameAs":["https:\/\/footdavant.fr\/"]}]}},"_links":{"self":[{"href":"https:\/\/footdavant.fr\/actualites\/wp-json\/wp\/v2\/posts\/33725"}],"collection":[{"href":"https:\/\/footdavant.fr\/actualites\/wp-json\/wp\/v2\/posts"}],"about":[{"href":"https:\/\/footdavant.fr\/actualites\/wp-json\/wp\/v2\/types\/post"}],"author":[{"embeddable":true,"href":"https:\/\/footdavant.fr\/actualites\/wp-json\/wp\/v2\/users\/1"}],"replies":[{"embeddable":true,"href":"https:\/\/footdavant.fr\/actualites\/wp-json\/wp\/v2\/comments?post=33725"}],"version-history":[{"count":1,"href":"https:\/\/footdavant.fr\/actualites\/wp-json\/wp\/v2\/posts\/33725\/revisions"}],"predecessor-version":[{"id":33726,"href":"https:\/\/footdavant.fr\/actualites\/wp-json\/wp\/v2\/posts\/33725\/revisions\/33726"}],"wp:featuredmedia":[{"embeddable":true,"href":"https:\/\/footdavant.fr\/actualites\/wp-json\/wp\/v2\/media\/27133"}],"wp:attachment":[{"href":"https:\/\/footdavant.fr\/actualites\/wp-json\/wp\/v2\/media?parent=33725"}],"wp:term":[{"taxonomy":"category","embeddable":true,"href":"https:\/\/footdavant.fr\/actualites\/wp-json\/wp\/v2\/categories?post=33725"},{"taxonomy":"post_tag","embeddable":true,"href":"https:\/\/footdavant.fr\/actualites\/wp-json\/wp\/v2\/tags?post=33725"}],"curies":[{"name":"wp","href":"https:\/\/api.w.org\/{rel}","templated":true}]}}