{"id":33730,"date":"2026-01-23T11:48:02","date_gmt":"2026-01-23T10:48:02","guid":{"rendered":"https:\/\/footdavant.fr\/actualites\/liverpool-fait-bouger-son-personnel-calcule-avec-matt-newberry\/"},"modified":"2026-01-23T11:48:04","modified_gmt":"2026-01-23T10:48:04","slug":"liverpool-fait-bouger-son-personnel-calcule-avec-matt-newberry","status":"publish","type":"post","link":"https:\/\/footdavant.fr\/actualites\/liverpool-fait-bouger-son-personnel-calcule-avec-matt-newberry\/","title":{"rendered":"Liverpool fait bouger son personnel calcul\u00e9 avec Matt Newberry"},"content":{"rendered":"<div id=\"article-body\">\n<!-- Article Start --><\/p>\n<p>Liverpool a proc\u00e9d\u00e9 cet hiver \u00e0 un changement important en coulisses, qui s\u2019inscrit dans le cadre d\u2019une restructuration interne plus large.<\/p>\n<p>Le d\u00e9veloppement se concentre sur Matt Newberry, dont les responsabilit\u00e9s \u00e0 Liverpool se sont progressivement \u00e9tendues.<\/p>\n<p>Avec l\u2019attention r\u00e9cente port\u00e9e au personnel suite \u00e0 des changements ailleurs dans l\u2019\u00e9quipe des coulisses, cette promotion a naturellement soulev\u00e9 des questions sur ce que Liverpool a fait exactement.<\/p>\n<h2>Qui est Matt Newberry et pourquoi son r\u00f4le est important<picture\/><\/h2>\n<figure class=\"wp-caption alignnone\"><picture><source type=\"image\/webp\" data- data-><\/source><\/picture><\/figure>\n<p>Lewis Steele de Mail Sport a confirm\u00e9 que Newberry, ancien responsable du recrutement \u00e0 l&#39;acad\u00e9mie, est d\u00e9sormais directeur des talents mondiaux de Liverpool.<\/p>\n<p>Ce titre n\u2019est pas cosm\u00e9tique.<\/p>\n<p>Cela lui conf\u00e8re la responsabilit\u00e9 d\u2019identifier, d\u2019acqu\u00e9rir et de cartographier la prochaine g\u00e9n\u00e9ration de joueurs bien avant qu\u2019ils ne soient pr\u00eats pour le football en \u00e9quipe premi\u00e8re.<\/p>\n<p>Cela s&#39;est d\u00e9j\u00e0 refl\u00e9t\u00e9 dans le r\u00e9cent recrutement de jeunes \u00e0 Liverpool, avec l&#39;ajout de trois jeunes d\u00e9fenseurs dans le cadre d&#39;une strat\u00e9gie claire tourn\u00e9e vers l&#39;avenir.<\/p>\n<p>Mor Talla Ndiaye est arriv\u00e9 du c\u00f4t\u00e9 s\u00e9n\u00e9galais de l&#39;Amiti\u00e9, Ifeanyi Ndukwe devrait rejoindre l&#39;Autriche Vienne \u00e0 l&#39;\u00e2ge de 18 ans et Noah Adekoya a \u00e9t\u00e9 sign\u00e9 de Burnley.<\/p>\n<p>Les trois transactions s\u2019orientent vers une approche globale bas\u00e9e sur les donn\u00e9es plut\u00f4t que vers une approche r\u00e9active aux mouvements du march\u00e9.<\/p>\n<p>Les empreintes digitales de Newberry \u00e0 ce sujet ne sont pas nouvelles.<\/p>\n<p>Lorsque Pep Lijnders avait plaisant\u00e9 il y a deux ans en disant que tout en supervisant les pr\u00eats et les parcours, cela soulignait \u00e0 quel point il jouait d\u00e9j\u00e0 un r\u00f4le central dans la planification de l&#39;\u00e9quipe de Liverpool.<\/p>\n<p>Cette promotion formalise simplement cette influence.<\/p>\n<h2>Pourquoi ce n\u2019est pas un nouvel entra\u00eeneur sur coup de pied arr\u00eat\u00e9 \u2013 mais c\u2019est toujours important<\/h2>\n<figure class=\"wp-caption alignnone\"><picture><source type=\"image\/webp\" data- data-><img loading=\"lazy\" decoding=\"async\" width=\"1500\" height=\"1000\" src=\"https:\/\/footdavant.fr\/actualites\/wp-content\/uploads\/2026\/01\/1769165282_702_Liverpool-fait-bouger-son-personnel-calcule-avec-Matt-Newberry.jpg\" class=\"lazyload wp-image-283327 has-webp\" alt=\"Arne Slot avec le staff de Liverpool apr\u00e8s avoir battu Barnsley\"  data- style=\"aspect-ratio:1500\/1000;max-width:1500px\"\/><\/source><\/picture><\/figure>\n<p>Le moment choisi pour le r\u00f4le \u00e9largi de Newberry co\u00efncide avec la s\u00e9paration de Liverpool avec l&#39;entra\u00eeneur Aaron Briggs le 30 d\u00e9cembre, et depuis lors, le personnel existant a absorb\u00e9 ces responsabilit\u00e9s.<\/p>\n<p>Cette p\u00e9riode a co\u00efncid\u00e9 avec une nette am\u00e9lioration d\u00e9fensive sur les ballons morts, ce qui a \u00e9t\u00e9 analys\u00e9 en d\u00e9tail apr\u00e8s Marseille.<\/p>\n<p>Cependant, le r\u00f4le de Newberry ne consiste pas \u00e0 donner des coups de pied arr\u00eat\u00e9s ou \u00e0 entra\u00eener l&#39;\u00e9quipe premi\u00e8re.<\/p>\n<p>Il s\u2019agit de pipeline, de succession et de cr\u00e9ation de valeur.<\/p>\n<p>En termes simples, Liverpool double ce qui a fonctionn\u00e9 pour lui financi\u00e8rement et structurellement.<\/p>\n<p>Les ventes de joueurs d\u00e9velopp\u00e9s en interne ou recrut\u00e9s jeunes \u2013 de Trent Alexander-Arnold \u00e0 Caoimhin Kelleher, Ben Doak et Jarell Quansah \u2013 ont soutenu les d\u00e9penses r\u00e9centes.<\/p>\n<p>Newberry est d\u00e9sormais charg\u00e9 de veiller \u00e0 ce que ce cycle se poursuive.<\/p>\n<p>De notre point de vue, il s\u2019agit d\u2019une promotion interne qui t\u00e9moigne de la confiance plut\u00f4t que d\u2019une perturbation.<\/p>\n<p>Cela explique \u00e9galement pourquoi janvier a \u00e9t\u00e9 calme sur le terrain alors que Liverpool investit en dehors.<\/p>\n<p>Liverpool n&#39;a pas embauch\u00e9 de nouvel entra\u00eeneur, mais a \u00e9lev\u00e9 Matt Newberry \u00e0 un r\u00f4le cl\u00e9 au niveau mondial, renfor\u00e7ant ainsi une strat\u00e9gie de recrutement \u00e0 long terme qui fa\u00e7onne d\u00e9j\u00e0 l&#39;avenir du club.<\/p>\n<p><!-- Article End -->\t\t\t\t<\/div>\n","protected":false},"excerpt":{"rendered":"<p>Liverpool a proc\u00e9d\u00e9 cet hiver \u00e0 un changement important en coulisses, qui s\u2019inscrit dans le cadre d\u2019une restructuration interne plus large. Le d\u00e9veloppement se concentre<\/p>\n","protected":false},"author":1,"featured_media":33731,"comment_status":"closed","ping_status":"","sticky":false,"template":"","format":"standard","meta":{"footnotes":""},"categories":[3],"tags":[91,6828,11365,152,53,5950,11366,2182,86],"yoast_head":"<!-- This site is optimized with the Yoast SEO plugin v21.0 - https:\/\/yoast.com\/wordpress\/plugins\/seo\/ -->\n<title>Liverpool fait bouger son personnel calcul\u00e9 avec Matt Newberry<\/title>\n<meta name=\"robots\" content=\"index, follow, max-snippet:-1, max-image-preview:large, max-video-preview:-1\" \/>\n<link rel=\"canonical\" href=\"https:\/\/footdavant.fr\/actualites\/liverpool-fait-bouger-son-personnel-calcule-avec-matt-newberry\/\" \/>\n<meta property=\"og:locale\" content=\"fr_FR\" \/>\n<meta property=\"og:type\" content=\"article\" \/>\n<meta property=\"og:title\" content=\"Liverpool fait bouger son personnel calcul\u00e9 avec Matt Newberry\" \/>\n<meta property=\"og:description\" content=\"Liverpool a proc\u00e9d\u00e9 cet hiver \u00e0 un changement important en coulisses, qui s\u2019inscrit dans le cadre d\u2019une restructuration interne plus large. Le d\u00e9veloppement se concentre\" \/>\n<meta property=\"og:url\" content=\"https:\/\/footdavant.fr\/actualites\/liverpool-fait-bouger-son-personnel-calcule-avec-matt-newberry\/\" \/>\n<meta property=\"og:site_name\" content=\"Foot d&#039;avant\" \/>\n<meta property=\"article:publisher\" content=\"https:\/\/www.facebook.com\/Footdavant\/\" \/>\n<meta property=\"article:published_time\" content=\"2026-01-23T10:48:02+00:00\" \/>\n<meta property=\"article:modified_time\" content=\"2026-01-23T10:48:04+00:00\" \/>\n<meta property=\"og:image\" content=\"https:\/\/footdavant.fr\/actualites\/wp-content\/uploads\/2026\/01\/1769165283_Liverpool-fait-bouger-son-personnel-calcule-avec-Matt-Newberry.jpg\" \/>\n\t<meta property=\"og:image:width\" content=\"1200\" \/>\n\t<meta property=\"og:image:height\" content=\"675\" \/>\n\t<meta property=\"og:image:type\" content=\"image\/jpeg\" \/>\n<meta name=\"author\" content=\"Cl\u00e9ment\" \/>\n<meta name=\"twitter:card\" content=\"summary_large_image\" \/>\n<meta name=\"twitter:creator\" content=\"@FootdavantFr\" \/>\n<meta name=\"twitter:site\" content=\"@FootdavantFr\" \/>\n<meta name=\"twitter:label1\" content=\"\u00c9crit par\" \/>\n\t<meta name=\"twitter:data1\" content=\"Cl\u00e9ment\" \/>\n\t<meta name=\"twitter:label2\" content=\"Dur\u00e9e de lecture estim\u00e9e\" \/>\n\t<meta name=\"twitter:data2\" content=\"3 minutes\" \/>\n<script type=\"application\/ld+json\" class=\"yoast-schema-graph\">{\"@context\":\"https:\/\/schema.org\",\"@graph\":[{\"@type\":\"Article\",\"@id\":\"https:\/\/footdavant.fr\/actualites\/liverpool-fait-bouger-son-personnel-calcule-avec-matt-newberry\/#article\",\"isPartOf\":{\"@id\":\"https:\/\/footdavant.fr\/actualites\/liverpool-fait-bouger-son-personnel-calcule-avec-matt-newberry\/\"},\"author\":{\"name\":\"Cl\u00e9ment\",\"@id\":\"https:\/\/footdavant.fr\/actualites\/#\/schema\/person\/bc222566d95871b37e597b3ed3ba5e1d\"},\"headline\":\"Liverpool fait bouger son personnel calcul\u00e9 avec Matt Newberry\",\"datePublished\":\"2026-01-23T10:48:02+00:00\",\"dateModified\":\"2026-01-23T10:48:04+00:00\",\"mainEntityOfPage\":{\"@id\":\"https:\/\/footdavant.fr\/actualites\/liverpool-fait-bouger-son-personnel-calcule-avec-matt-newberry\/\"},\"wordCount\":577,\"publisher\":{\"@id\":\"https:\/\/footdavant.fr\/actualites\/#organization\"},\"keywords\":[\"avec\",\"bouger\",\"calcul\u00e9\",\"fait\",\"Liverpool\",\"Matt\",\"Newberry\",\"personnel\",\"son\"],\"articleSection\":[\"Football\"],\"inLanguage\":\"fr-FR\"},{\"@type\":\"WebPage\",\"@id\":\"https:\/\/footdavant.fr\/actualites\/liverpool-fait-bouger-son-personnel-calcule-avec-matt-newberry\/\",\"url\":\"https:\/\/footdavant.fr\/actualites\/liverpool-fait-bouger-son-personnel-calcule-avec-matt-newberry\/\",\"name\":\"Liverpool fait bouger son personnel calcul\u00e9 avec Matt Newberry\",\"isPartOf\":{\"@id\":\"https:\/\/footdavant.fr\/actualites\/#website\"},\"datePublished\":\"2026-01-23T10:48:02+00:00\",\"dateModified\":\"2026-01-23T10:48:04+00:00\",\"breadcrumb\":{\"@id\":\"https:\/\/footdavant.fr\/actualites\/liverpool-fait-bouger-son-personnel-calcule-avec-matt-newberry\/#breadcrumb\"},\"inLanguage\":\"fr-FR\",\"potentialAction\":[{\"@type\":\"ReadAction\",\"target\":[\"https:\/\/footdavant.fr\/actualites\/liverpool-fait-bouger-son-personnel-calcule-avec-matt-newberry\/\"]}]},{\"@type\":\"BreadcrumbList\",\"@id\":\"https:\/\/footdavant.fr\/actualites\/liverpool-fait-bouger-son-personnel-calcule-avec-matt-newberry\/#breadcrumb\",\"itemListElement\":[{\"@type\":\"ListItem\",\"position\":1,\"name\":\"Accueil\",\"item\":\"https:\/\/footdavant.fr\/actualites\/\"},{\"@type\":\"ListItem\",\"position\":2,\"name\":\"Liverpool fait bouger son personnel calcul\u00e9 avec Matt Newberry\"}]},{\"@type\":\"WebSite\",\"@id\":\"https:\/\/footdavant.fr\/actualites\/#website\",\"url\":\"https:\/\/footdavant.fr\/actualites\/\",\"name\":\"Foot d'avant\",\"description\":\"\",\"publisher\":{\"@id\":\"https:\/\/footdavant.fr\/actualites\/#organization\"},\"potentialAction\":[{\"@type\":\"SearchAction\",\"target\":{\"@type\":\"EntryPoint\",\"urlTemplate\":\"https:\/\/footdavant.fr\/actualites\/?s={search_term_string}\"},\"query-input\":\"required name=search_term_string\"}],\"inLanguage\":\"fr-FR\"},{\"@type\":\"Organization\",\"@id\":\"https:\/\/footdavant.fr\/actualites\/#organization\",\"name\":\"Foot d'avant\",\"url\":\"https:\/\/footdavant.fr\/actualites\/\",\"logo\":{\"@type\":\"ImageObject\",\"inLanguage\":\"fr-FR\",\"@id\":\"https:\/\/footdavant.fr\/actualites\/#\/schema\/logo\/image\/\",\"url\":\"https:\/\/footdavant.fr\/actualites\/wp-content\/uploads\/2023\/09\/Copy-of-FootDavant-Logo.png\",\"contentUrl\":\"https:\/\/footdavant.fr\/actualites\/wp-content\/uploads\/2023\/09\/Copy-of-FootDavant-Logo.png\",\"width\":936,\"height\":549,\"caption\":\"Foot d'avant\"},\"image\":{\"@id\":\"https:\/\/footdavant.fr\/actualites\/#\/schema\/logo\/image\/\"},\"sameAs\":[\"https:\/\/www.facebook.com\/Footdavant\/\",\"https:\/\/twitter.com\/FootdavantFr\",\"https:\/\/www.instagram.com\/footdavant.fr\/\"]},{\"@type\":\"Person\",\"@id\":\"https:\/\/footdavant.fr\/actualites\/#\/schema\/person\/bc222566d95871b37e597b3ed3ba5e1d\",\"name\":\"Cl\u00e9ment\",\"image\":{\"@type\":\"ImageObject\",\"inLanguage\":\"fr-FR\",\"@id\":\"https:\/\/footdavant.fr\/actualites\/#\/schema\/person\/image\/\",\"url\":\"https:\/\/secure.gravatar.com\/avatar\/7728b29aac2719421e1a9159b2254c44?s=96&d=mm&r=g\",\"contentUrl\":\"https:\/\/secure.gravatar.com\/avatar\/7728b29aac2719421e1a9159b2254c44?s=96&d=mm&r=g\",\"caption\":\"Cl\u00e9ment\"},\"sameAs\":[\"https:\/\/footdavant.fr\/\"]}]}<\/script>\n<!-- \/ Yoast SEO plugin. -->","yoast_head_json":{"title":"Liverpool fait bouger son personnel calcul\u00e9 avec Matt Newberry","robots":{"index":"index","follow":"follow","max-snippet":"max-snippet:-1","max-image-preview":"max-image-preview:large","max-video-preview":"max-video-preview:-1"},"canonical":"https:\/\/footdavant.fr\/actualites\/liverpool-fait-bouger-son-personnel-calcule-avec-matt-newberry\/","og_locale":"fr_FR","og_type":"article","og_title":"Liverpool fait bouger son personnel calcul\u00e9 avec Matt Newberry","og_description":"Liverpool a proc\u00e9d\u00e9 cet hiver \u00e0 un changement important en coulisses, qui s\u2019inscrit dans le cadre d\u2019une restructuration interne plus large. Le d\u00e9veloppement se concentre","og_url":"https:\/\/footdavant.fr\/actualites\/liverpool-fait-bouger-son-personnel-calcule-avec-matt-newberry\/","og_site_name":"Foot d&#039;avant","article_publisher":"https:\/\/www.facebook.com\/Footdavant\/","article_published_time":"2026-01-23T10:48:02+00:00","article_modified_time":"2026-01-23T10:48:04+00:00","og_image":[{"width":1200,"height":675,"url":"https:\/\/footdavant.fr\/actualites\/wp-content\/uploads\/2026\/01\/1769165283_Liverpool-fait-bouger-son-personnel-calcule-avec-Matt-Newberry.jpg","type":"image\/jpeg"}],"author":"Cl\u00e9ment","twitter_card":"summary_large_image","twitter_creator":"@FootdavantFr","twitter_site":"@FootdavantFr","twitter_misc":{"\u00c9crit par":"Cl\u00e9ment","Dur\u00e9e de lecture estim\u00e9e":"3 minutes"},"schema":{"@context":"https:\/\/schema.org","@graph":[{"@type":"Article","@id":"https:\/\/footdavant.fr\/actualites\/liverpool-fait-bouger-son-personnel-calcule-avec-matt-newberry\/#article","isPartOf":{"@id":"https:\/\/footdavant.fr\/actualites\/liverpool-fait-bouger-son-personnel-calcule-avec-matt-newberry\/"},"author":{"name":"Cl\u00e9ment","@id":"https:\/\/footdavant.fr\/actualites\/#\/schema\/person\/bc222566d95871b37e597b3ed3ba5e1d"},"headline":"Liverpool fait bouger son personnel calcul\u00e9 avec Matt Newberry","datePublished":"2026-01-23T10:48:02+00:00","dateModified":"2026-01-23T10:48:04+00:00","mainEntityOfPage":{"@id":"https:\/\/footdavant.fr\/actualites\/liverpool-fait-bouger-son-personnel-calcule-avec-matt-newberry\/"},"wordCount":577,"publisher":{"@id":"https:\/\/footdavant.fr\/actualites\/#organization"},"keywords":["avec","bouger","calcul\u00e9","fait","Liverpool","Matt","Newberry","personnel","son"],"articleSection":["Football"],"inLanguage":"fr-FR"},{"@type":"WebPage","@id":"https:\/\/footdavant.fr\/actualites\/liverpool-fait-bouger-son-personnel-calcule-avec-matt-newberry\/","url":"https:\/\/footdavant.fr\/actualites\/liverpool-fait-bouger-son-personnel-calcule-avec-matt-newberry\/","name":"Liverpool fait bouger son personnel calcul\u00e9 avec Matt Newberry","isPartOf":{"@id":"https:\/\/footdavant.fr\/actualites\/#website"},"datePublished":"2026-01-23T10:48:02+00:00","dateModified":"2026-01-23T10:48:04+00:00","breadcrumb":{"@id":"https:\/\/footdavant.fr\/actualites\/liverpool-fait-bouger-son-personnel-calcule-avec-matt-newberry\/#breadcrumb"},"inLanguage":"fr-FR","potentialAction":[{"@type":"ReadAction","target":["https:\/\/footdavant.fr\/actualites\/liverpool-fait-bouger-son-personnel-calcule-avec-matt-newberry\/"]}]},{"@type":"BreadcrumbList","@id":"https:\/\/footdavant.fr\/actualites\/liverpool-fait-bouger-son-personnel-calcule-avec-matt-newberry\/#breadcrumb","itemListElement":[{"@type":"ListItem","position":1,"name":"Accueil","item":"https:\/\/footdavant.fr\/actualites\/"},{"@type":"ListItem","position":2,"name":"Liverpool fait bouger son personnel calcul\u00e9 avec Matt Newberry"}]},{"@type":"WebSite","@id":"https:\/\/footdavant.fr\/actualites\/#website","url":"https:\/\/footdavant.fr\/actualites\/","name":"Foot d'avant","description":"","publisher":{"@id":"https:\/\/footdavant.fr\/actualites\/#organization"},"potentialAction":[{"@type":"SearchAction","target":{"@type":"EntryPoint","urlTemplate":"https:\/\/footdavant.fr\/actualites\/?s={search_term_string}"},"query-input":"required name=search_term_string"}],"inLanguage":"fr-FR"},{"@type":"Organization","@id":"https:\/\/footdavant.fr\/actualites\/#organization","name":"Foot d'avant","url":"https:\/\/footdavant.fr\/actualites\/","logo":{"@type":"ImageObject","inLanguage":"fr-FR","@id":"https:\/\/footdavant.fr\/actualites\/#\/schema\/logo\/image\/","url":"https:\/\/footdavant.fr\/actualites\/wp-content\/uploads\/2023\/09\/Copy-of-FootDavant-Logo.png","contentUrl":"https:\/\/footdavant.fr\/actualites\/wp-content\/uploads\/2023\/09\/Copy-of-FootDavant-Logo.png","width":936,"height":549,"caption":"Foot d'avant"},"image":{"@id":"https:\/\/footdavant.fr\/actualites\/#\/schema\/logo\/image\/"},"sameAs":["https:\/\/www.facebook.com\/Footdavant\/","https:\/\/twitter.com\/FootdavantFr","https:\/\/www.instagram.com\/footdavant.fr\/"]},{"@type":"Person","@id":"https:\/\/footdavant.fr\/actualites\/#\/schema\/person\/bc222566d95871b37e597b3ed3ba5e1d","name":"Cl\u00e9ment","image":{"@type":"ImageObject","inLanguage":"fr-FR","@id":"https:\/\/footdavant.fr\/actualites\/#\/schema\/person\/image\/","url":"https:\/\/secure.gravatar.com\/avatar\/7728b29aac2719421e1a9159b2254c44?s=96&d=mm&r=g","contentUrl":"https:\/\/secure.gravatar.com\/avatar\/7728b29aac2719421e1a9159b2254c44?s=96&d=mm&r=g","caption":"Cl\u00e9ment"},"sameAs":["https:\/\/footdavant.fr\/"]}]}},"_links":{"self":[{"href":"https:\/\/footdavant.fr\/actualites\/wp-json\/wp\/v2\/posts\/33730"}],"collection":[{"href":"https:\/\/footdavant.fr\/actualites\/wp-json\/wp\/v2\/posts"}],"about":[{"href":"https:\/\/footdavant.fr\/actualites\/wp-json\/wp\/v2\/types\/post"}],"author":[{"embeddable":true,"href":"https:\/\/footdavant.fr\/actualites\/wp-json\/wp\/v2\/users\/1"}],"replies":[{"embeddable":true,"href":"https:\/\/footdavant.fr\/actualites\/wp-json\/wp\/v2\/comments?post=33730"}],"version-history":[{"count":1,"href":"https:\/\/footdavant.fr\/actualites\/wp-json\/wp\/v2\/posts\/33730\/revisions"}],"predecessor-version":[{"id":33732,"href":"https:\/\/footdavant.fr\/actualites\/wp-json\/wp\/v2\/posts\/33730\/revisions\/33732"}],"wp:featuredmedia":[{"embeddable":true,"href":"https:\/\/footdavant.fr\/actualites\/wp-json\/wp\/v2\/media\/33731"}],"wp:attachment":[{"href":"https:\/\/footdavant.fr\/actualites\/wp-json\/wp\/v2\/media?parent=33730"}],"wp:term":[{"taxonomy":"category","embeddable":true,"href":"https:\/\/footdavant.fr\/actualites\/wp-json\/wp\/v2\/categories?post=33730"},{"taxonomy":"post_tag","embeddable":true,"href":"https:\/\/footdavant.fr\/actualites\/wp-json\/wp\/v2\/tags?post=33730"}],"curies":[{"name":"wp","href":"https:\/\/api.w.org\/{rel}","templated":true}]}}