{"id":33739,"date":"2026-01-23T17:48:09","date_gmt":"2026-01-23T16:48:09","guid":{"rendered":"https:\/\/footdavant.fr\/actualites\/le-bayern-munich-ouvert-a-lidee-de-recruter-un-defenseur-experimente-de-man-city\/"},"modified":"2026-01-23T17:48:10","modified_gmt":"2026-01-23T16:48:10","slug":"le-bayern-munich-ouvert-a-lidee-de-recruter-un-defenseur-experimente-de-man-city","status":"publish","type":"post","link":"https:\/\/footdavant.fr\/actualites\/le-bayern-munich-ouvert-a-lidee-de-recruter-un-defenseur-experimente-de-man-city\/","title":{"rendered":"Le Bayern Munich \u00ab\u00a0ouvert \u00e0 l&#39;id\u00e9e\u00a0\u00bb de recruter un d\u00e9fenseur exp\u00e9riment\u00e9 de Man City"},"content":{"rendered":"<div itemprop=\"articleBody\">\n<p>Le Bayern Munich serait ouvert \u00e0 l&#39;id\u00e9e de recruter le d\u00e9fenseur de Manchester City, John Stones, l&#39;\u00e9t\u00e9 prochain. <\/p>\n<p>Stones a rejoint Man City \u00e0 l&#39;\u00e9t\u00e9 2016 en provenance d&#39;Everton et a fait 290 apparitions au club, marquant 19 buts et enregistrant neuf passes d\u00e9cisives. <\/p>\n<p>Le d\u00e9fenseur anglais a prouv\u00e9 sa qualit\u00e9 au fil des ann\u00e9es, ayant remport\u00e9 six titres de Premier League, deux FA Cup et la Ligue des Champions avec Man City. <\/p>\n<p>Le d\u00e9fenseur de 31 ans a \u00e9t\u00e9 en proie \u00e0 des blessures tout au long de sa carri\u00e8re, n&#39;ayant jamais d\u00e9but\u00e9 plus de 23 matches de Premier League au cours d&#39;une seule saison pour Manchester City depuis 2016-17. <\/p>\n<p>En 2025-26, Stones n&#39;a r\u00e9ussi que 13 apparitions et il est actuellement bless\u00e9 avec Josko Gvardiol et Ruben Dias. <\/p>\n<h2>Plusieurs clubs envisagent une d\u00e9cision pour John Stones <\/h2>\n<p>Le d\u00e9fenseur a un contrat avec le club jusqu&#39;\u00e0 la fin de la saison, mais il est \u00e9galement possible qu&#39;il reste. <\/p>\n<p>Selon un rapport de <em>Discussion en \u00e9quipe<\/em>l&#39;ancien d\u00e9fenseur des Toffees est ouvert \u00e0 un \u00e9ventuel d\u00e9m\u00e9nagement \u00e0 l&#39;\u00e9tranger, le Bayern Munich faisant partie des clubs d\u00e9sireux de le signer. <\/p>\n<p>Vincent Kompany est apparemment ouvert \u00e0 l&#39;id\u00e9e de le faire atterrir gratuitement l&#39;\u00e9t\u00e9 prochain, o\u00f9 le d\u00e9fenseur retrouvera son co\u00e9quipier anglais, Harry Kane. <\/p>\n<p>Trois clubs de Serie A \u2013 l&#39;AC Milan, Naples et C\u00f4me \u2013 sont \u00e9galement int\u00e9ress\u00e9s \u00e0 le signer, tandis que l&#39;Arabie Saoudite et l&#39;Am\u00e9rique du Nord auraient \u00e9galement l&#39;option.<\/p>\n<p>Le d\u00e9fenseur de City a \u00e9galement \u00e9t\u00e9 associ\u00e9 \u00e0 un transfert \u00e0 Barcelone, mais des doutes subsistent quant \u00e0 savoir si les g\u00e9ants catalans seraient pr\u00eats \u00e0 d\u00e9penser de l&#39;argent pour lui. <\/p>\n<h2>Avenir de John Stones : un transfert estival ne peut \u00eatre exclu <\/h2>\n<div>\n<div>\n<div>\n<p>\u00a9 Imago \/ IMAGO \/ Sportimage<\/p>\n<\/div>\n<\/div>\n<\/div>\n<p>Stones avait pr\u00e9c\u00e9demment admis qu&#39;il envisageait de prendre sa retraite apr\u00e8s une saison 2024-25 difficile en raison d&#39;une blessure, mais un d\u00e9m\u00e9nagement en Europe pourrait revitaliser sa carri\u00e8re. <\/p>\n<p>Le Bayern travaille toujours \u00e0 l&#39;obtention d&#39;un contrat \u00e0 long terme pour Dayot Upamecano, mais il n&#39;est pas int\u00e9ress\u00e9 par la signature de joueurs en janvier. <\/p>\n<p>Everton souhaite \u00e9galement ramener les Stones au club, mais ils pourraient faire face \u00e0 une forte concurrence de la part d\u2019autres clubs europ\u00e9ens poids lourds. <\/p>\n<\/div>\n","protected":false},"excerpt":{"rendered":"<p>Le Bayern Munich serait ouvert \u00e0 l&#39;id\u00e9e de recruter le d\u00e9fenseur de Manchester City, John Stones, l&#39;\u00e9t\u00e9 prochain. Stones a rejoint Man City \u00e0 l&#39;\u00e9t\u00e9<\/p>\n","protected":false},"author":1,"featured_media":33740,"comment_status":"closed","ping_status":"","sticky":false,"template":"","format":"standard","meta":{"footnotes":""},"categories":[5],"tags":[340,27,928,9145,5962,24,341,1300,1284],"yoast_head":"<!-- This site is optimized with the Yoast SEO plugin v21.0 - https:\/\/yoast.com\/wordpress\/plugins\/seo\/ -->\n<title>Le Bayern Munich &quot;ouvert \u00e0 l&#039;id\u00e9e&quot; de recruter un d\u00e9fenseur exp\u00e9riment\u00e9 de Man City<\/title>\n<meta name=\"robots\" content=\"index, follow, max-snippet:-1, max-image-preview:large, max-video-preview:-1\" \/>\n<link rel=\"canonical\" href=\"https:\/\/footdavant.fr\/actualites\/le-bayern-munich-ouvert-a-lidee-de-recruter-un-defenseur-experimente-de-man-city\/\" \/>\n<meta property=\"og:locale\" content=\"fr_FR\" \/>\n<meta property=\"og:type\" content=\"article\" \/>\n<meta property=\"og:title\" content=\"Le Bayern Munich &quot;ouvert \u00e0 l&#039;id\u00e9e&quot; de recruter un d\u00e9fenseur exp\u00e9riment\u00e9 de Man City\" \/>\n<meta property=\"og:description\" content=\"Le Bayern Munich serait ouvert \u00e0 l&#039;id\u00e9e de recruter le d\u00e9fenseur de Manchester City, John Stones, l&#039;\u00e9t\u00e9 prochain. Stones a rejoint Man City \u00e0 l&#039;\u00e9t\u00e9\" \/>\n<meta property=\"og:url\" content=\"https:\/\/footdavant.fr\/actualites\/le-bayern-munich-ouvert-a-lidee-de-recruter-un-defenseur-experimente-de-man-city\/\" \/>\n<meta property=\"og:site_name\" content=\"Foot d&#039;avant\" \/>\n<meta property=\"article:publisher\" content=\"https:\/\/www.facebook.com\/Footdavant\/\" \/>\n<meta property=\"article:published_time\" content=\"2026-01-23T16:48:09+00:00\" \/>\n<meta property=\"article:modified_time\" content=\"2026-01-23T16:48:10+00:00\" \/>\n<meta property=\"og:image\" content=\"https:\/\/footdavant.fr\/actualites\/wp-content\/uploads\/2026\/01\/Le-Bayern-Munich-ouvert-a-l39idee-de-recruter-un-defenseur.net2Fuploads2F20252F122Fsm-azzuu-stones.webp\" \/>\n\t<meta property=\"og:image:width\" content=\"720\" \/>\n\t<meta property=\"og:image:height\" content=\"410\" \/>\n\t<meta property=\"og:image:type\" content=\"image\/webp\" \/>\n<meta name=\"author\" content=\"Cl\u00e9ment\" \/>\n<meta name=\"twitter:card\" content=\"summary_large_image\" \/>\n<meta name=\"twitter:creator\" content=\"@FootdavantFr\" \/>\n<meta name=\"twitter:site\" content=\"@FootdavantFr\" \/>\n<meta name=\"twitter:label1\" content=\"\u00c9crit par\" \/>\n\t<meta name=\"twitter:data1\" content=\"Cl\u00e9ment\" \/>\n\t<meta name=\"twitter:label2\" content=\"Dur\u00e9e de lecture estim\u00e9e\" \/>\n\t<meta name=\"twitter:data2\" content=\"2 minutes\" \/>\n<script type=\"application\/ld+json\" class=\"yoast-schema-graph\">{\"@context\":\"https:\/\/schema.org\",\"@graph\":[{\"@type\":\"Article\",\"@id\":\"https:\/\/footdavant.fr\/actualites\/le-bayern-munich-ouvert-a-lidee-de-recruter-un-defenseur-experimente-de-man-city\/#article\",\"isPartOf\":{\"@id\":\"https:\/\/footdavant.fr\/actualites\/le-bayern-munich-ouvert-a-lidee-de-recruter-un-defenseur-experimente-de-man-city\/\"},\"author\":{\"name\":\"Cl\u00e9ment\",\"@id\":\"https:\/\/footdavant.fr\/actualites\/#\/schema\/person\/bc222566d95871b37e597b3ed3ba5e1d\"},\"headline\":\"Le Bayern Munich \u00ab\u00a0ouvert \u00e0 l&#39;id\u00e9e\u00a0\u00bb de recruter un d\u00e9fenseur exp\u00e9riment\u00e9 de Man City\",\"datePublished\":\"2026-01-23T16:48:09+00:00\",\"dateModified\":\"2026-01-23T16:48:10+00:00\",\"mainEntityOfPage\":{\"@id\":\"https:\/\/footdavant.fr\/actualites\/le-bayern-munich-ouvert-a-lidee-de-recruter-un-defenseur-experimente-de-man-city\/\"},\"wordCount\":417,\"publisher\":{\"@id\":\"https:\/\/footdavant.fr\/actualites\/#organization\"},\"keywords\":[\"Bayern\",\"City\",\"d\u00e9fenseur\",\"exp\u00e9riment\u00e9\",\"l39id\u00e9e\",\"Man\",\"Munich\",\"ouvert\",\"recruter\"],\"articleSection\":[\"Premier League\"],\"inLanguage\":\"fr-FR\"},{\"@type\":\"WebPage\",\"@id\":\"https:\/\/footdavant.fr\/actualites\/le-bayern-munich-ouvert-a-lidee-de-recruter-un-defenseur-experimente-de-man-city\/\",\"url\":\"https:\/\/footdavant.fr\/actualites\/le-bayern-munich-ouvert-a-lidee-de-recruter-un-defenseur-experimente-de-man-city\/\",\"name\":\"Le Bayern Munich \\\"ouvert \u00e0 l&#39;id\u00e9e\\\" de recruter un d\u00e9fenseur exp\u00e9riment\u00e9 de Man City\",\"isPartOf\":{\"@id\":\"https:\/\/footdavant.fr\/actualites\/#website\"},\"datePublished\":\"2026-01-23T16:48:09+00:00\",\"dateModified\":\"2026-01-23T16:48:10+00:00\",\"breadcrumb\":{\"@id\":\"https:\/\/footdavant.fr\/actualites\/le-bayern-munich-ouvert-a-lidee-de-recruter-un-defenseur-experimente-de-man-city\/#breadcrumb\"},\"inLanguage\":\"fr-FR\",\"potentialAction\":[{\"@type\":\"ReadAction\",\"target\":[\"https:\/\/footdavant.fr\/actualites\/le-bayern-munich-ouvert-a-lidee-de-recruter-un-defenseur-experimente-de-man-city\/\"]}]},{\"@type\":\"BreadcrumbList\",\"@id\":\"https:\/\/footdavant.fr\/actualites\/le-bayern-munich-ouvert-a-lidee-de-recruter-un-defenseur-experimente-de-man-city\/#breadcrumb\",\"itemListElement\":[{\"@type\":\"ListItem\",\"position\":1,\"name\":\"Accueil\",\"item\":\"https:\/\/footdavant.fr\/actualites\/\"},{\"@type\":\"ListItem\",\"position\":2,\"name\":\"Le Bayern Munich \u00ab\u00a0ouvert \u00e0 l&#39;id\u00e9e\u00a0\u00bb de recruter un d\u00e9fenseur exp\u00e9riment\u00e9 de Man City\"}]},{\"@type\":\"WebSite\",\"@id\":\"https:\/\/footdavant.fr\/actualites\/#website\",\"url\":\"https:\/\/footdavant.fr\/actualites\/\",\"name\":\"Foot d'avant\",\"description\":\"\",\"publisher\":{\"@id\":\"https:\/\/footdavant.fr\/actualites\/#organization\"},\"potentialAction\":[{\"@type\":\"SearchAction\",\"target\":{\"@type\":\"EntryPoint\",\"urlTemplate\":\"https:\/\/footdavant.fr\/actualites\/?s={search_term_string}\"},\"query-input\":\"required name=search_term_string\"}],\"inLanguage\":\"fr-FR\"},{\"@type\":\"Organization\",\"@id\":\"https:\/\/footdavant.fr\/actualites\/#organization\",\"name\":\"Foot d'avant\",\"url\":\"https:\/\/footdavant.fr\/actualites\/\",\"logo\":{\"@type\":\"ImageObject\",\"inLanguage\":\"fr-FR\",\"@id\":\"https:\/\/footdavant.fr\/actualites\/#\/schema\/logo\/image\/\",\"url\":\"https:\/\/footdavant.fr\/actualites\/wp-content\/uploads\/2023\/09\/Copy-of-FootDavant-Logo.png\",\"contentUrl\":\"https:\/\/footdavant.fr\/actualites\/wp-content\/uploads\/2023\/09\/Copy-of-FootDavant-Logo.png\",\"width\":936,\"height\":549,\"caption\":\"Foot d'avant\"},\"image\":{\"@id\":\"https:\/\/footdavant.fr\/actualites\/#\/schema\/logo\/image\/\"},\"sameAs\":[\"https:\/\/www.facebook.com\/Footdavant\/\",\"https:\/\/twitter.com\/FootdavantFr\",\"https:\/\/www.instagram.com\/footdavant.fr\/\"]},{\"@type\":\"Person\",\"@id\":\"https:\/\/footdavant.fr\/actualites\/#\/schema\/person\/bc222566d95871b37e597b3ed3ba5e1d\",\"name\":\"Cl\u00e9ment\",\"image\":{\"@type\":\"ImageObject\",\"inLanguage\":\"fr-FR\",\"@id\":\"https:\/\/footdavant.fr\/actualites\/#\/schema\/person\/image\/\",\"url\":\"https:\/\/secure.gravatar.com\/avatar\/7728b29aac2719421e1a9159b2254c44?s=96&d=mm&r=g\",\"contentUrl\":\"https:\/\/secure.gravatar.com\/avatar\/7728b29aac2719421e1a9159b2254c44?s=96&d=mm&r=g\",\"caption\":\"Cl\u00e9ment\"},\"sameAs\":[\"https:\/\/footdavant.fr\/\"]}]}<\/script>\n<!-- \/ Yoast SEO plugin. -->","yoast_head_json":{"title":"Le Bayern Munich \"ouvert \u00e0 l&#39;id\u00e9e\" de recruter un d\u00e9fenseur exp\u00e9riment\u00e9 de Man City","robots":{"index":"index","follow":"follow","max-snippet":"max-snippet:-1","max-image-preview":"max-image-preview:large","max-video-preview":"max-video-preview:-1"},"canonical":"https:\/\/footdavant.fr\/actualites\/le-bayern-munich-ouvert-a-lidee-de-recruter-un-defenseur-experimente-de-man-city\/","og_locale":"fr_FR","og_type":"article","og_title":"Le Bayern Munich \"ouvert \u00e0 l&#39;id\u00e9e\" de recruter un d\u00e9fenseur exp\u00e9riment\u00e9 de Man City","og_description":"Le Bayern Munich serait ouvert \u00e0 l&#39;id\u00e9e de recruter le d\u00e9fenseur de Manchester City, John Stones, l&#39;\u00e9t\u00e9 prochain. Stones a rejoint Man City \u00e0 l&#39;\u00e9t\u00e9","og_url":"https:\/\/footdavant.fr\/actualites\/le-bayern-munich-ouvert-a-lidee-de-recruter-un-defenseur-experimente-de-man-city\/","og_site_name":"Foot d&#039;avant","article_publisher":"https:\/\/www.facebook.com\/Footdavant\/","article_published_time":"2026-01-23T16:48:09+00:00","article_modified_time":"2026-01-23T16:48:10+00:00","og_image":[{"width":720,"height":410,"url":"https:\/\/footdavant.fr\/actualites\/wp-content\/uploads\/2026\/01\/Le-Bayern-Munich-ouvert-a-l39idee-de-recruter-un-defenseur.net2Fuploads2F20252F122Fsm-azzuu-stones.webp","type":"image\/webp"}],"author":"Cl\u00e9ment","twitter_card":"summary_large_image","twitter_creator":"@FootdavantFr","twitter_site":"@FootdavantFr","twitter_misc":{"\u00c9crit par":"Cl\u00e9ment","Dur\u00e9e de lecture estim\u00e9e":"2 minutes"},"schema":{"@context":"https:\/\/schema.org","@graph":[{"@type":"Article","@id":"https:\/\/footdavant.fr\/actualites\/le-bayern-munich-ouvert-a-lidee-de-recruter-un-defenseur-experimente-de-man-city\/#article","isPartOf":{"@id":"https:\/\/footdavant.fr\/actualites\/le-bayern-munich-ouvert-a-lidee-de-recruter-un-defenseur-experimente-de-man-city\/"},"author":{"name":"Cl\u00e9ment","@id":"https:\/\/footdavant.fr\/actualites\/#\/schema\/person\/bc222566d95871b37e597b3ed3ba5e1d"},"headline":"Le Bayern Munich \u00ab\u00a0ouvert \u00e0 l&#39;id\u00e9e\u00a0\u00bb de recruter un d\u00e9fenseur exp\u00e9riment\u00e9 de Man City","datePublished":"2026-01-23T16:48:09+00:00","dateModified":"2026-01-23T16:48:10+00:00","mainEntityOfPage":{"@id":"https:\/\/footdavant.fr\/actualites\/le-bayern-munich-ouvert-a-lidee-de-recruter-un-defenseur-experimente-de-man-city\/"},"wordCount":417,"publisher":{"@id":"https:\/\/footdavant.fr\/actualites\/#organization"},"keywords":["Bayern","City","d\u00e9fenseur","exp\u00e9riment\u00e9","l39id\u00e9e","Man","Munich","ouvert","recruter"],"articleSection":["Premier League"],"inLanguage":"fr-FR"},{"@type":"WebPage","@id":"https:\/\/footdavant.fr\/actualites\/le-bayern-munich-ouvert-a-lidee-de-recruter-un-defenseur-experimente-de-man-city\/","url":"https:\/\/footdavant.fr\/actualites\/le-bayern-munich-ouvert-a-lidee-de-recruter-un-defenseur-experimente-de-man-city\/","name":"Le Bayern Munich \"ouvert \u00e0 l&#39;id\u00e9e\" de recruter un d\u00e9fenseur exp\u00e9riment\u00e9 de Man City","isPartOf":{"@id":"https:\/\/footdavant.fr\/actualites\/#website"},"datePublished":"2026-01-23T16:48:09+00:00","dateModified":"2026-01-23T16:48:10+00:00","breadcrumb":{"@id":"https:\/\/footdavant.fr\/actualites\/le-bayern-munich-ouvert-a-lidee-de-recruter-un-defenseur-experimente-de-man-city\/#breadcrumb"},"inLanguage":"fr-FR","potentialAction":[{"@type":"ReadAction","target":["https:\/\/footdavant.fr\/actualites\/le-bayern-munich-ouvert-a-lidee-de-recruter-un-defenseur-experimente-de-man-city\/"]}]},{"@type":"BreadcrumbList","@id":"https:\/\/footdavant.fr\/actualites\/le-bayern-munich-ouvert-a-lidee-de-recruter-un-defenseur-experimente-de-man-city\/#breadcrumb","itemListElement":[{"@type":"ListItem","position":1,"name":"Accueil","item":"https:\/\/footdavant.fr\/actualites\/"},{"@type":"ListItem","position":2,"name":"Le Bayern Munich \u00ab\u00a0ouvert \u00e0 l&#39;id\u00e9e\u00a0\u00bb de recruter un d\u00e9fenseur exp\u00e9riment\u00e9 de Man City"}]},{"@type":"WebSite","@id":"https:\/\/footdavant.fr\/actualites\/#website","url":"https:\/\/footdavant.fr\/actualites\/","name":"Foot d'avant","description":"","publisher":{"@id":"https:\/\/footdavant.fr\/actualites\/#organization"},"potentialAction":[{"@type":"SearchAction","target":{"@type":"EntryPoint","urlTemplate":"https:\/\/footdavant.fr\/actualites\/?s={search_term_string}"},"query-input":"required name=search_term_string"}],"inLanguage":"fr-FR"},{"@type":"Organization","@id":"https:\/\/footdavant.fr\/actualites\/#organization","name":"Foot d'avant","url":"https:\/\/footdavant.fr\/actualites\/","logo":{"@type":"ImageObject","inLanguage":"fr-FR","@id":"https:\/\/footdavant.fr\/actualites\/#\/schema\/logo\/image\/","url":"https:\/\/footdavant.fr\/actualites\/wp-content\/uploads\/2023\/09\/Copy-of-FootDavant-Logo.png","contentUrl":"https:\/\/footdavant.fr\/actualites\/wp-content\/uploads\/2023\/09\/Copy-of-FootDavant-Logo.png","width":936,"height":549,"caption":"Foot d'avant"},"image":{"@id":"https:\/\/footdavant.fr\/actualites\/#\/schema\/logo\/image\/"},"sameAs":["https:\/\/www.facebook.com\/Footdavant\/","https:\/\/twitter.com\/FootdavantFr","https:\/\/www.instagram.com\/footdavant.fr\/"]},{"@type":"Person","@id":"https:\/\/footdavant.fr\/actualites\/#\/schema\/person\/bc222566d95871b37e597b3ed3ba5e1d","name":"Cl\u00e9ment","image":{"@type":"ImageObject","inLanguage":"fr-FR","@id":"https:\/\/footdavant.fr\/actualites\/#\/schema\/person\/image\/","url":"https:\/\/secure.gravatar.com\/avatar\/7728b29aac2719421e1a9159b2254c44?s=96&d=mm&r=g","contentUrl":"https:\/\/secure.gravatar.com\/avatar\/7728b29aac2719421e1a9159b2254c44?s=96&d=mm&r=g","caption":"Cl\u00e9ment"},"sameAs":["https:\/\/footdavant.fr\/"]}]}},"_links":{"self":[{"href":"https:\/\/footdavant.fr\/actualites\/wp-json\/wp\/v2\/posts\/33739"}],"collection":[{"href":"https:\/\/footdavant.fr\/actualites\/wp-json\/wp\/v2\/posts"}],"about":[{"href":"https:\/\/footdavant.fr\/actualites\/wp-json\/wp\/v2\/types\/post"}],"author":[{"embeddable":true,"href":"https:\/\/footdavant.fr\/actualites\/wp-json\/wp\/v2\/users\/1"}],"replies":[{"embeddable":true,"href":"https:\/\/footdavant.fr\/actualites\/wp-json\/wp\/v2\/comments?post=33739"}],"version-history":[{"count":1,"href":"https:\/\/footdavant.fr\/actualites\/wp-json\/wp\/v2\/posts\/33739\/revisions"}],"predecessor-version":[{"id":33741,"href":"https:\/\/footdavant.fr\/actualites\/wp-json\/wp\/v2\/posts\/33739\/revisions\/33741"}],"wp:featuredmedia":[{"embeddable":true,"href":"https:\/\/footdavant.fr\/actualites\/wp-json\/wp\/v2\/media\/33740"}],"wp:attachment":[{"href":"https:\/\/footdavant.fr\/actualites\/wp-json\/wp\/v2\/media?parent=33739"}],"wp:term":[{"taxonomy":"category","embeddable":true,"href":"https:\/\/footdavant.fr\/actualites\/wp-json\/wp\/v2\/categories?post=33739"},{"taxonomy":"post_tag","embeddable":true,"href":"https:\/\/footdavant.fr\/actualites\/wp-json\/wp\/v2\/tags?post=33739"}],"curies":[{"name":"wp","href":"https:\/\/api.w.org\/{rel}","templated":true}]}}