{"id":33742,"date":"2026-01-23T19:48:08","date_gmt":"2026-01-23T18:48:08","guid":{"rendered":"https:\/\/footdavant.fr\/actualites\/wilfred-ndidi-united-envisage-un-accord-de-pret-pour-le-milieu-de-terrain-de-besiktas\/"},"modified":"2026-01-23T19:48:09","modified_gmt":"2026-01-23T18:48:09","slug":"wilfred-ndidi-united-envisage-un-accord-de-pret-pour-le-milieu-de-terrain-de-besiktas","status":"publish","type":"post","link":"https:\/\/footdavant.fr\/actualites\/wilfred-ndidi-united-envisage-un-accord-de-pret-pour-le-milieu-de-terrain-de-besiktas\/","title":{"rendered":"Wilfred Ndidi: United envisage un accord de pr\u00eat pour le milieu de terrain de Besiktas &#8211;"},"content":{"rendered":"<div id=\"penci-post-entry-inner\">\n<p>\t\t\t<i class=\"penci-post-countview-number-check\" style=\"display:none\">3<\/i><\/p>\n<p>Manchester United manque de temps pour renforcer son milieu de terrain pour Michael Carrick en janvier.<\/p>\n<p>Jeudi, United a annonc\u00e9 sa d\u00e9cision de se s\u00e9parer de Casemiro \u00e0 la fin de la saison. Le Br\u00e9silien \u00e9tait un pilier sous Erik ten Hag et Ruben Amorim et devrait \u00e9galement jouer un r\u00f4le influent sous Carrick.<\/p>\n<p>United aimerait id\u00e9alement remplacer le joueur de 33 ans cet \u00e9t\u00e9. Cependant, compte tenu de son \u00e2ge et de la forme de Manuel Ugarte, l&#39;entra\u00eeneur par int\u00e9rim aurait besoin d&#39;un nouveau milieu de terrain \u00e0 la mi-saison.<\/p>\n<h3>Manchester United tient \u00e0 Wilfred Ndidi<\/h3>\n<p>R\u00e9cemment, Manchester United a \u00e9t\u00e9 fortement li\u00e9 \u00e0 Wilfred Ndidi, qui est devenu une cible viable en janvier.<\/p>\n<p>Le milieu de terrain de 29 ans, capitaine de Besiktas en Turquie, a beaucoup d&#39;exp\u00e9rience en Premier League \u00e0 son actif.<\/p>\n<p>L&#39;ancienne star de Leicester City, qui a souvent fait des comparaisons avec la l\u00e9gende du club N&#39;Golo Kant\u00e9 lors de son passage au King Power Stadium, offre de solides tacles et une capacit\u00e9 exceptionnelle \u00e0 remporter des duels.<\/p>\n<p>Selon le journaliste turc Mustafa Karata\u015f (via Sport Witness), United a trois cibles au milieu de terrain sur sa liste ce mois-ci et ils se sont renseign\u00e9s sur les termes d&#39;un accord pour l&#39;international nig\u00e9rian.<\/p>\n<h3>Manchester United veut pr\u00eater Ndidi<\/h3>\n<p>On pr\u00e9tend que United envisagerait de faire une offre de 12 millions de livres sterling \u00ab avec option d\u2019achat \u00bb pour Ndidi, qui a rejoint les g\u00e9ants turcs l\u2019\u00e9t\u00e9 dernier.<\/p>\n<p>Il est sugg\u00e9r\u00e9 que l&#39;intention des Mancuniens est de signer un premier accord de pr\u00eat avec le milieu de terrain combatif.<\/p>\n<h2 id=\"tablepress-685-name\" class=\"tablepress-table-name tablepress-table-name-id-685\">Statistiques de Wilfred Ndidi en Super Lig : saison 2025\/26<\/h2>\n<table id=\"tablepress-685\" class=\"tablepress tablepress-id-685\" aria-labelledby=\"tablepress-685-name\">\n<thead>\n<tr class=\"row-1\">\n<th class=\"column-1\">Apparitions<\/th>\n<th class=\"column-2\">14<\/th>\n<\/tr>\n<\/thead>\n<tbody class=\"row-striping row-hover\">\n<tr class=\"row-2\">\n<td class=\"column-1\">Minutes par match<\/td>\n<td class=\"column-2\">85<\/td>\n<\/tr>\n<tr class=\"row-3\">\n<td class=\"column-1\">Touches<\/td>\n<td class=\"column-2\">60,6<\/td>\n<\/tr>\n<tr class=\"row-4\">\n<td class=\"column-1\">Passes cl\u00e9s<\/td>\n<td class=\"column-2\">0,5<\/td>\n<\/tr>\n<tr class=\"row-5\">\n<td class=\"column-1\">Passes pr\u00e9cises<\/td>\n<td class=\"column-2\">38,5<\/td>\n<\/tr>\n<tr class=\"row-6\">\n<td class=\"column-1\">Plaquages <\/td>\n<td class=\"column-2\">2.7<\/td>\n<\/tr>\n<tr class=\"row-7\">\n<td class=\"column-1\">Contribution totale \u00e0 l&#39;objectif<\/td>\n<td class=\"column-2\">1<\/td>\n<\/tr>\n<\/tbody>\n<\/table>\n<p><!-- #tablepress-685 from cache --><\/p>\n<p>S&#39;exprimant sur sa cha\u00eene YouTube, l&#39;expert en transferts Fabrizio Romano a rapport\u00e9 que Ndidi serait \u00ab impatient de retourner \u00bb en Angleterre et a \u00e9t\u00e9 propos\u00e9 \u00e0 United.<\/p>\n<p>La cible prioritaire du club pour le milieu de terrain est la star de Nottingham Forest, Elliot Anderson. <\/p>\n<p>United a l&#39;intention de faire de gros efforts pour obtenir sa signature cet \u00e9t\u00e9, mais ils font face \u00e0 la concurrence de Chelsea, Manchester City et du Bayern Munich.<\/p>\n<\/p>\n<hr\/>\n<p>The Peoples Person est l&#39;un des principaux sites d&#39;information de Man United au monde depuis plus d&#39;une d\u00e9cennie. Suivez-nous sur Bluesky\u00a0: @peoplesperson.bsky.social<\/p>\n<p><!-- CONTENT END 2 --><\/p><\/div>\n","protected":false},"excerpt":{"rendered":"<p>3 Manchester United manque de temps pour renforcer son milieu de terrain pour Michael Carrick en janvier. Jeudi, United a annonc\u00e9 sa d\u00e9cision de se<\/p>\n","protected":false},"author":1,"featured_media":33743,"comment_status":"closed","ping_status":"","sticky":false,"template":"","format":"standard","meta":{"footnotes":""},"categories":[3],"tags":[277,3201,496,441,2131,51,165,442,13,2130],"yoast_head":"<!-- This site is optimized with the Yoast SEO plugin v21.0 - https:\/\/yoast.com\/wordpress\/plugins\/seo\/ -->\n<title>Wilfred Ndidi: United envisage un accord de pr\u00eat pour le milieu de terrain de Besiktas -<\/title>\n<meta name=\"robots\" content=\"index, follow, max-snippet:-1, max-image-preview:large, max-video-preview:-1\" \/>\n<link rel=\"canonical\" href=\"https:\/\/footdavant.fr\/actualites\/wilfred-ndidi-united-envisage-un-accord-de-pret-pour-le-milieu-de-terrain-de-besiktas\/\" \/>\n<meta property=\"og:locale\" content=\"fr_FR\" \/>\n<meta property=\"og:type\" content=\"article\" \/>\n<meta property=\"og:title\" content=\"Wilfred Ndidi: United envisage un accord de pr\u00eat pour le milieu de terrain de Besiktas -\" \/>\n<meta property=\"og:description\" content=\"3 Manchester United manque de temps pour renforcer son milieu de terrain pour Michael Carrick en janvier. Jeudi, United a annonc\u00e9 sa d\u00e9cision de se\" \/>\n<meta property=\"og:url\" content=\"https:\/\/footdavant.fr\/actualites\/wilfred-ndidi-united-envisage-un-accord-de-pret-pour-le-milieu-de-terrain-de-besiktas\/\" \/>\n<meta property=\"og:site_name\" content=\"Foot d&#039;avant\" \/>\n<meta property=\"article:publisher\" content=\"https:\/\/www.facebook.com\/Footdavant\/\" \/>\n<meta property=\"article:published_time\" content=\"2026-01-23T18:48:08+00:00\" \/>\n<meta property=\"article:modified_time\" content=\"2026-01-23T18:48:09+00:00\" \/>\n<meta property=\"og:image\" content=\"https:\/\/footdavant.fr\/actualites\/wp-content\/uploads\/2026\/01\/Wilfred-Ndidi-United-envisage-un-accord-de-pret-pour-le.jpg\" \/>\n\t<meta property=\"og:image:width\" content=\"1600\" \/>\n\t<meta property=\"og:image:height\" content=\"702\" \/>\n\t<meta property=\"og:image:type\" content=\"image\/jpeg\" \/>\n<meta name=\"author\" content=\"Cl\u00e9ment\" \/>\n<meta name=\"twitter:card\" content=\"summary_large_image\" \/>\n<meta name=\"twitter:creator\" content=\"@FootdavantFr\" \/>\n<meta name=\"twitter:site\" content=\"@FootdavantFr\" \/>\n<meta name=\"twitter:label1\" content=\"\u00c9crit par\" \/>\n\t<meta name=\"twitter:data1\" content=\"Cl\u00e9ment\" \/>\n\t<meta name=\"twitter:label2\" content=\"Dur\u00e9e de lecture estim\u00e9e\" \/>\n\t<meta name=\"twitter:data2\" content=\"2 minutes\" \/>\n<script type=\"application\/ld+json\" class=\"yoast-schema-graph\">{\"@context\":\"https:\/\/schema.org\",\"@graph\":[{\"@type\":\"Article\",\"@id\":\"https:\/\/footdavant.fr\/actualites\/wilfred-ndidi-united-envisage-un-accord-de-pret-pour-le-milieu-de-terrain-de-besiktas\/#article\",\"isPartOf\":{\"@id\":\"https:\/\/footdavant.fr\/actualites\/wilfred-ndidi-united-envisage-un-accord-de-pret-pour-le-milieu-de-terrain-de-besiktas\/\"},\"author\":{\"name\":\"Cl\u00e9ment\",\"@id\":\"https:\/\/footdavant.fr\/actualites\/#\/schema\/person\/bc222566d95871b37e597b3ed3ba5e1d\"},\"headline\":\"Wilfred Ndidi: United envisage un accord de pr\u00eat pour le milieu de terrain de Besiktas &#8211;\",\"datePublished\":\"2026-01-23T18:48:08+00:00\",\"dateModified\":\"2026-01-23T18:48:09+00:00\",\"mainEntityOfPage\":{\"@id\":\"https:\/\/footdavant.fr\/actualites\/wilfred-ndidi-united-envisage-un-accord-de-pret-pour-le-milieu-de-terrain-de-besiktas\/\"},\"wordCount\":425,\"publisher\":{\"@id\":\"https:\/\/footdavant.fr\/actualites\/#organization\"},\"keywords\":[\"accord\",\"Besiktas\",\"envisage\",\"milieu\",\"Ndidi\",\"pour\",\"pr\u00eat\",\"terrain\",\"United\",\"Wilfred\"],\"articleSection\":[\"Football\"],\"inLanguage\":\"fr-FR\"},{\"@type\":\"WebPage\",\"@id\":\"https:\/\/footdavant.fr\/actualites\/wilfred-ndidi-united-envisage-un-accord-de-pret-pour-le-milieu-de-terrain-de-besiktas\/\",\"url\":\"https:\/\/footdavant.fr\/actualites\/wilfred-ndidi-united-envisage-un-accord-de-pret-pour-le-milieu-de-terrain-de-besiktas\/\",\"name\":\"Wilfred Ndidi: United envisage un accord de pr\u00eat pour le milieu de terrain de Besiktas -\",\"isPartOf\":{\"@id\":\"https:\/\/footdavant.fr\/actualites\/#website\"},\"datePublished\":\"2026-01-23T18:48:08+00:00\",\"dateModified\":\"2026-01-23T18:48:09+00:00\",\"breadcrumb\":{\"@id\":\"https:\/\/footdavant.fr\/actualites\/wilfred-ndidi-united-envisage-un-accord-de-pret-pour-le-milieu-de-terrain-de-besiktas\/#breadcrumb\"},\"inLanguage\":\"fr-FR\",\"potentialAction\":[{\"@type\":\"ReadAction\",\"target\":[\"https:\/\/footdavant.fr\/actualites\/wilfred-ndidi-united-envisage-un-accord-de-pret-pour-le-milieu-de-terrain-de-besiktas\/\"]}]},{\"@type\":\"BreadcrumbList\",\"@id\":\"https:\/\/footdavant.fr\/actualites\/wilfred-ndidi-united-envisage-un-accord-de-pret-pour-le-milieu-de-terrain-de-besiktas\/#breadcrumb\",\"itemListElement\":[{\"@type\":\"ListItem\",\"position\":1,\"name\":\"Accueil\",\"item\":\"https:\/\/footdavant.fr\/actualites\/\"},{\"@type\":\"ListItem\",\"position\":2,\"name\":\"Wilfred Ndidi: United envisage un accord de pr\u00eat pour le milieu de terrain de Besiktas &#8211;\"}]},{\"@type\":\"WebSite\",\"@id\":\"https:\/\/footdavant.fr\/actualites\/#website\",\"url\":\"https:\/\/footdavant.fr\/actualites\/\",\"name\":\"Foot d'avant\",\"description\":\"\",\"publisher\":{\"@id\":\"https:\/\/footdavant.fr\/actualites\/#organization\"},\"potentialAction\":[{\"@type\":\"SearchAction\",\"target\":{\"@type\":\"EntryPoint\",\"urlTemplate\":\"https:\/\/footdavant.fr\/actualites\/?s={search_term_string}\"},\"query-input\":\"required name=search_term_string\"}],\"inLanguage\":\"fr-FR\"},{\"@type\":\"Organization\",\"@id\":\"https:\/\/footdavant.fr\/actualites\/#organization\",\"name\":\"Foot d'avant\",\"url\":\"https:\/\/footdavant.fr\/actualites\/\",\"logo\":{\"@type\":\"ImageObject\",\"inLanguage\":\"fr-FR\",\"@id\":\"https:\/\/footdavant.fr\/actualites\/#\/schema\/logo\/image\/\",\"url\":\"https:\/\/footdavant.fr\/actualites\/wp-content\/uploads\/2023\/09\/Copy-of-FootDavant-Logo.png\",\"contentUrl\":\"https:\/\/footdavant.fr\/actualites\/wp-content\/uploads\/2023\/09\/Copy-of-FootDavant-Logo.png\",\"width\":936,\"height\":549,\"caption\":\"Foot d'avant\"},\"image\":{\"@id\":\"https:\/\/footdavant.fr\/actualites\/#\/schema\/logo\/image\/\"},\"sameAs\":[\"https:\/\/www.facebook.com\/Footdavant\/\",\"https:\/\/twitter.com\/FootdavantFr\",\"https:\/\/www.instagram.com\/footdavant.fr\/\"]},{\"@type\":\"Person\",\"@id\":\"https:\/\/footdavant.fr\/actualites\/#\/schema\/person\/bc222566d95871b37e597b3ed3ba5e1d\",\"name\":\"Cl\u00e9ment\",\"image\":{\"@type\":\"ImageObject\",\"inLanguage\":\"fr-FR\",\"@id\":\"https:\/\/footdavant.fr\/actualites\/#\/schema\/person\/image\/\",\"url\":\"https:\/\/secure.gravatar.com\/avatar\/7728b29aac2719421e1a9159b2254c44?s=96&d=mm&r=g\",\"contentUrl\":\"https:\/\/secure.gravatar.com\/avatar\/7728b29aac2719421e1a9159b2254c44?s=96&d=mm&r=g\",\"caption\":\"Cl\u00e9ment\"},\"sameAs\":[\"https:\/\/footdavant.fr\/\"]}]}<\/script>\n<!-- \/ Yoast SEO plugin. -->","yoast_head_json":{"title":"Wilfred Ndidi: United envisage un accord de pr\u00eat pour le milieu de terrain de Besiktas -","robots":{"index":"index","follow":"follow","max-snippet":"max-snippet:-1","max-image-preview":"max-image-preview:large","max-video-preview":"max-video-preview:-1"},"canonical":"https:\/\/footdavant.fr\/actualites\/wilfred-ndidi-united-envisage-un-accord-de-pret-pour-le-milieu-de-terrain-de-besiktas\/","og_locale":"fr_FR","og_type":"article","og_title":"Wilfred Ndidi: United envisage un accord de pr\u00eat pour le milieu de terrain de Besiktas -","og_description":"3 Manchester United manque de temps pour renforcer son milieu de terrain pour Michael Carrick en janvier. Jeudi, United a annonc\u00e9 sa d\u00e9cision de se","og_url":"https:\/\/footdavant.fr\/actualites\/wilfred-ndidi-united-envisage-un-accord-de-pret-pour-le-milieu-de-terrain-de-besiktas\/","og_site_name":"Foot d&#039;avant","article_publisher":"https:\/\/www.facebook.com\/Footdavant\/","article_published_time":"2026-01-23T18:48:08+00:00","article_modified_time":"2026-01-23T18:48:09+00:00","og_image":[{"width":1600,"height":702,"url":"https:\/\/footdavant.fr\/actualites\/wp-content\/uploads\/2026\/01\/Wilfred-Ndidi-United-envisage-un-accord-de-pret-pour-le.jpg","type":"image\/jpeg"}],"author":"Cl\u00e9ment","twitter_card":"summary_large_image","twitter_creator":"@FootdavantFr","twitter_site":"@FootdavantFr","twitter_misc":{"\u00c9crit par":"Cl\u00e9ment","Dur\u00e9e de lecture estim\u00e9e":"2 minutes"},"schema":{"@context":"https:\/\/schema.org","@graph":[{"@type":"Article","@id":"https:\/\/footdavant.fr\/actualites\/wilfred-ndidi-united-envisage-un-accord-de-pret-pour-le-milieu-de-terrain-de-besiktas\/#article","isPartOf":{"@id":"https:\/\/footdavant.fr\/actualites\/wilfred-ndidi-united-envisage-un-accord-de-pret-pour-le-milieu-de-terrain-de-besiktas\/"},"author":{"name":"Cl\u00e9ment","@id":"https:\/\/footdavant.fr\/actualites\/#\/schema\/person\/bc222566d95871b37e597b3ed3ba5e1d"},"headline":"Wilfred Ndidi: United envisage un accord de pr\u00eat pour le milieu de terrain de Besiktas &#8211;","datePublished":"2026-01-23T18:48:08+00:00","dateModified":"2026-01-23T18:48:09+00:00","mainEntityOfPage":{"@id":"https:\/\/footdavant.fr\/actualites\/wilfred-ndidi-united-envisage-un-accord-de-pret-pour-le-milieu-de-terrain-de-besiktas\/"},"wordCount":425,"publisher":{"@id":"https:\/\/footdavant.fr\/actualites\/#organization"},"keywords":["accord","Besiktas","envisage","milieu","Ndidi","pour","pr\u00eat","terrain","United","Wilfred"],"articleSection":["Football"],"inLanguage":"fr-FR"},{"@type":"WebPage","@id":"https:\/\/footdavant.fr\/actualites\/wilfred-ndidi-united-envisage-un-accord-de-pret-pour-le-milieu-de-terrain-de-besiktas\/","url":"https:\/\/footdavant.fr\/actualites\/wilfred-ndidi-united-envisage-un-accord-de-pret-pour-le-milieu-de-terrain-de-besiktas\/","name":"Wilfred Ndidi: United envisage un accord de pr\u00eat pour le milieu de terrain de Besiktas -","isPartOf":{"@id":"https:\/\/footdavant.fr\/actualites\/#website"},"datePublished":"2026-01-23T18:48:08+00:00","dateModified":"2026-01-23T18:48:09+00:00","breadcrumb":{"@id":"https:\/\/footdavant.fr\/actualites\/wilfred-ndidi-united-envisage-un-accord-de-pret-pour-le-milieu-de-terrain-de-besiktas\/#breadcrumb"},"inLanguage":"fr-FR","potentialAction":[{"@type":"ReadAction","target":["https:\/\/footdavant.fr\/actualites\/wilfred-ndidi-united-envisage-un-accord-de-pret-pour-le-milieu-de-terrain-de-besiktas\/"]}]},{"@type":"BreadcrumbList","@id":"https:\/\/footdavant.fr\/actualites\/wilfred-ndidi-united-envisage-un-accord-de-pret-pour-le-milieu-de-terrain-de-besiktas\/#breadcrumb","itemListElement":[{"@type":"ListItem","position":1,"name":"Accueil","item":"https:\/\/footdavant.fr\/actualites\/"},{"@type":"ListItem","position":2,"name":"Wilfred Ndidi: United envisage un accord de pr\u00eat pour le milieu de terrain de Besiktas &#8211;"}]},{"@type":"WebSite","@id":"https:\/\/footdavant.fr\/actualites\/#website","url":"https:\/\/footdavant.fr\/actualites\/","name":"Foot d'avant","description":"","publisher":{"@id":"https:\/\/footdavant.fr\/actualites\/#organization"},"potentialAction":[{"@type":"SearchAction","target":{"@type":"EntryPoint","urlTemplate":"https:\/\/footdavant.fr\/actualites\/?s={search_term_string}"},"query-input":"required name=search_term_string"}],"inLanguage":"fr-FR"},{"@type":"Organization","@id":"https:\/\/footdavant.fr\/actualites\/#organization","name":"Foot d'avant","url":"https:\/\/footdavant.fr\/actualites\/","logo":{"@type":"ImageObject","inLanguage":"fr-FR","@id":"https:\/\/footdavant.fr\/actualites\/#\/schema\/logo\/image\/","url":"https:\/\/footdavant.fr\/actualites\/wp-content\/uploads\/2023\/09\/Copy-of-FootDavant-Logo.png","contentUrl":"https:\/\/footdavant.fr\/actualites\/wp-content\/uploads\/2023\/09\/Copy-of-FootDavant-Logo.png","width":936,"height":549,"caption":"Foot d'avant"},"image":{"@id":"https:\/\/footdavant.fr\/actualites\/#\/schema\/logo\/image\/"},"sameAs":["https:\/\/www.facebook.com\/Footdavant\/","https:\/\/twitter.com\/FootdavantFr","https:\/\/www.instagram.com\/footdavant.fr\/"]},{"@type":"Person","@id":"https:\/\/footdavant.fr\/actualites\/#\/schema\/person\/bc222566d95871b37e597b3ed3ba5e1d","name":"Cl\u00e9ment","image":{"@type":"ImageObject","inLanguage":"fr-FR","@id":"https:\/\/footdavant.fr\/actualites\/#\/schema\/person\/image\/","url":"https:\/\/secure.gravatar.com\/avatar\/7728b29aac2719421e1a9159b2254c44?s=96&d=mm&r=g","contentUrl":"https:\/\/secure.gravatar.com\/avatar\/7728b29aac2719421e1a9159b2254c44?s=96&d=mm&r=g","caption":"Cl\u00e9ment"},"sameAs":["https:\/\/footdavant.fr\/"]}]}},"_links":{"self":[{"href":"https:\/\/footdavant.fr\/actualites\/wp-json\/wp\/v2\/posts\/33742"}],"collection":[{"href":"https:\/\/footdavant.fr\/actualites\/wp-json\/wp\/v2\/posts"}],"about":[{"href":"https:\/\/footdavant.fr\/actualites\/wp-json\/wp\/v2\/types\/post"}],"author":[{"embeddable":true,"href":"https:\/\/footdavant.fr\/actualites\/wp-json\/wp\/v2\/users\/1"}],"replies":[{"embeddable":true,"href":"https:\/\/footdavant.fr\/actualites\/wp-json\/wp\/v2\/comments?post=33742"}],"version-history":[{"count":1,"href":"https:\/\/footdavant.fr\/actualites\/wp-json\/wp\/v2\/posts\/33742\/revisions"}],"predecessor-version":[{"id":33744,"href":"https:\/\/footdavant.fr\/actualites\/wp-json\/wp\/v2\/posts\/33742\/revisions\/33744"}],"wp:featuredmedia":[{"embeddable":true,"href":"https:\/\/footdavant.fr\/actualites\/wp-json\/wp\/v2\/media\/33743"}],"wp:attachment":[{"href":"https:\/\/footdavant.fr\/actualites\/wp-json\/wp\/v2\/media?parent=33742"}],"wp:term":[{"taxonomy":"category","embeddable":true,"href":"https:\/\/footdavant.fr\/actualites\/wp-json\/wp\/v2\/categories?post=33742"},{"taxonomy":"post_tag","embeddable":true,"href":"https:\/\/footdavant.fr\/actualites\/wp-json\/wp\/v2\/tags?post=33742"}],"curies":[{"name":"wp","href":"https:\/\/api.w.org\/{rel}","templated":true}]}}