{"id":33747,"date":"2026-01-23T23:48:20","date_gmt":"2026-01-23T22:48:20","guid":{"rendered":"https:\/\/footdavant.fr\/actualites\/attendons-de-voir-sur-le-genou-de-kai\/"},"modified":"2026-01-23T23:48:25","modified_gmt":"2026-01-23T22:48:25","slug":"attendons-de-voir-sur-le-genou-de-kai","status":"publish","type":"post","link":"https:\/\/footdavant.fr\/actualites\/attendons-de-voir-sur-le-genou-de-kai\/","title":{"rendered":"Attendons de voir sur le genou de Kai"},"content":{"rendered":"<div>\n<p>Bonjour \u00e0 tous, bon vendredi \u00e0 vous.<\/p>\n<p>Commen\u00e7ons par quelques reportages sur Kai Havertz et les inqui\u00e9tudes persistantes concernant son genou. Je me suis interrog\u00e9 cette semaine sur le fait qu&#39;il n&#39;ait pas eu de minutes alors que nous avons eu l&#39;occasion de les lui donner, mais en l&#39;absence d&#39;informations claires, on comprend facilement pourquoi Arsenal se m\u00e9fie de sa r\u00e9\u00e9ducation et de son retour \u00e0 l&#39;action r\u00e9guli\u00e8re.<\/p>\n<p>Il y a eu des rumeurs dans les coulisses selon lesquelles cette blessure est un peu plus compliqu\u00e9e qu&#39;on ne le pensait au d\u00e9part, et expliquerait en partie o\u00f9 nous en sommes actuellement. Vers la fin de l&#39;ann\u00e9e derni\u00e8re, des rapports faisaient \u00e9tat d&#39;un revers, mais je crois comprendre qu&#39;il s&#39;agissait davantage d&#39;une r\u00e9action \u00e0 l&#39;augmentation de la charge dans le cadre de sa r\u00e9cup\u00e9ration normale que d&#39;une nouvelle blessure ou quoi que ce soit du genre.<\/p>\n<p>En tant que fans d&#39;Arsenal, je pense que nous sommes presque conditionn\u00e9s \u00e0 craindre le pire en cas de blessure, et l&#39;\u00e9quipe m\u00e9dicale se retrouve sous les projecteurs \u2013 notamment parce que nous semblons avoir tellement de probl\u00e8mes \u00e0 g\u00e9rer. Il est donc probablement juste de souligner que des joueurs reviennent plus rapidement d&#39;une blessure que pr\u00e9vu, donc s&#39;ils sont sanctionn\u00e9s pour leurs absences, ils m\u00e9ritent peut-\u00eatre un certain cr\u00e9dit pour ces cas. Par exemple, voici Mikel Arteta qui parle de Cristhian Mosquera apr\u00e8s son d\u00e9part contre l&#39;Inter :<\/p>\n<blockquote>\n<p>Mosquera est cens\u00e9 revenir dans deux semaines, mais le personnel m\u00e9dical et les scientifiques du sport ont incroyablement bien travaill\u00e9 avec lui en travaillant toutes les heures pour lui donner la chance de jouer. Aujourd&#39;hui, il a d\u00fb jouer contre des attaquants de premier plan, je pense qu&#39;il a fait un travail incroyable.<\/p>\n<\/blockquote>\n<p>Le retour de Gabriel des ischio-jambiers qu&#39;il a subis en jouant pour le Br\u00e9sil a \u00e9galement \u00e9t\u00e9 plus t\u00f4t que pr\u00e9vu, m\u00eame si m\u00eame ces \u00ab r\u00e9ussites \u00bb nous font r\u00e9fl\u00e9chir. Et si c&#39;\u00e9tait bient\u00f4t ? Est-ce qu&#39;on en demande trop, trop t\u00f4t ? Mais en fin de compte, nous devons nous rappeler que nous avons affaire \u00e0 des personnes et non \u00e0 des machines. Le corps humain est \u00e9trange et compliqu\u00e9. Il y a toujours un certain degr\u00e9 de divergence, m\u00eame avec les meilleures pratiques, les meilleures personnes, les meilleures installations, etc.<\/p>\n<p>Donc, en ce qui concerne Kai, esp\u00e9rons simplement qu\u2019il s\u2019agit d\u2019une situation o\u00f9 une approche plus prudente quant \u00e0 son retour est tout ce qui est n\u00e9cessaire. Il semble s&#39;entra\u00eener r\u00e9guli\u00e8rement, d&#39;apr\u00e8s ce que nous pouvons voir en tout cas, mais il est clair que nous ne pouvons pas en tirer beaucoup d&#39;informations \u00e0 partir des photos, alors qu&#39;en interne, ils en savent beaucoup plus. Peut-\u00eatre que le prochain match contre le FC Kairat nous dira o\u00f9 il se trouve et ce que nous pouvons raisonnablement attendre de lui.<\/p>\n<p>Nous avons de la chance car nous disposons de deux attaquants en forme, Viktor Gyokeres et Gabriel Jesus, ce qui signifie que nous n&#39;avons pas \u00e0 prendre de risques en for\u00e7ant le probl\u00e8me avec Havertz. J&#39;esp\u00e8re qu&#39;il a encore un r\u00f4le \u00e0 jouer cette saison, et il sera int\u00e9ressant de savoir si c&#39;est quelque chose sur lequel Mikel Arteta est interrog\u00e9 lors de sa conf\u00e9rence de presse d&#39;aujourd&#39;hui et, si oui, quel genre de r\u00e9ponse il donne.<\/p>\n<p>C&#39;est aussi un peu \u00ab dr\u00f4le \u00bb (mais pas vraiment dr\u00f4le), que quelques jours seulement avant sa blessure aux ischio-jambiers \u00e0 Duba\u00ef, le manager ait d\u00e9crit Havertz comme une \u00ab centrale g\u00e9n\u00e9tique \u00bb, en disant :<\/p>\n<blockquote>\n<p>Il a beaucoup jou\u00e9 au football mais sa robustesse, sa disponibilit\u00e9 est incroyable. C&#39;est un joueur que tout ce qu&#39;on lui demande, il est heureux de le faire : courir dans la zone six, \u00eatre tr\u00e8s robuste, parcourir de longues distances. Son corps absorbe tout.<\/p>\n<\/blockquote>\n<p>Depuis ces commentaires, il y a presque un an, il n&#39;a pas encore commenc\u00e9 un match, souffrant du marteau susmentionn\u00e9, puis de la blessure au genou lors de la premi\u00e8re journ\u00e9e de la saison contre Man Utd. \u00c9videmment, ce n&#39;est qu&#39;une malheureuse co\u00efncidence, mais s&#39;il a envie de vanter les prouesses physiques et le caract\u00e8re indemne de blessures de l&#39;un de nos autres joueurs, que quelqu&#39;un l&#39;arr\u00eate !<\/p>\n<p>Au-del\u00e0 de cela, il ne se passe pas grand-chose jusqu&#39;au presseur plus tard. Nous nous attendons \u00e0 ce que le pr\u00eat d&#39;Ethan Nwaneri \u00e0 Marseille soit confirm\u00e9, et il y a un autre petit lien avec Arsenal puisqu&#39;il rejoindra en m\u00eame temps Quinten Timber, le fr\u00e8re jumeau de Jurrien qui a quitt\u00e9 Feyenoord apr\u00e8s s&#39;\u00eatre brouill\u00e9 avec Robin van Persie (facile \u00e0 faire, j&#39;imagine). Roberto de Zerbi a dit :<\/p>\n<blockquote>\n<p>Quant \u00e0 Timber et Nwaneri, ce sont deux joueurs forts et je suis vraiment heureux de les avoir dans l&#39;\u00e9quipe. Ils pourraient \u00eatre pr\u00eats d\u00e8s samedi.<\/p>\n<\/blockquote>\n<p>Nous aurons donc un demi-\u0153il sur la Ligue 1 d&#39;ici mai, mais pour les articles de la conf\u00e9rence de presse plus tard, restez \u00e0 l&#39;\u00e9coute d&#39;Arseblog News pour cela. Pour en savoir plus sur Ethan, la chronique de Tim cette semaine aborde sa situation ici.<\/p>\n<p>En attendant, passez un bon moment.<\/p>\n<\/div>\n","protected":false},"excerpt":{"rendered":"<p>Bonjour \u00e0 tous, bon vendredi \u00e0 vous. Commen\u00e7ons par quelques reportages sur Kai Havertz et les inqui\u00e9tudes persistantes concernant son genou. Je me suis interrog\u00e9<\/p>\n","protected":false},"author":1,"featured_media":33748,"comment_status":"closed","ping_status":"","sticky":false,"template":"","format":"standard","meta":{"footnotes":""},"categories":[3],"tags":[11372,2899,2336,103,308],"yoast_head":"<!-- This site is optimized with the Yoast SEO plugin v21.0 - https:\/\/yoast.com\/wordpress\/plugins\/seo\/ -->\n<title>Attendons de voir sur le genou de Kai<\/title>\n<meta name=\"robots\" content=\"index, follow, max-snippet:-1, max-image-preview:large, max-video-preview:-1\" \/>\n<link rel=\"canonical\" href=\"https:\/\/footdavant.fr\/actualites\/attendons-de-voir-sur-le-genou-de-kai\/\" \/>\n<meta property=\"og:locale\" content=\"fr_FR\" \/>\n<meta property=\"og:type\" content=\"article\" \/>\n<meta property=\"og:title\" content=\"Attendons de voir sur le genou de Kai\" \/>\n<meta property=\"og:description\" content=\"Bonjour \u00e0 tous, bon vendredi \u00e0 vous. Commen\u00e7ons par quelques reportages sur Kai Havertz et les inqui\u00e9tudes persistantes concernant son genou. Je me suis interrog\u00e9\" \/>\n<meta property=\"og:url\" content=\"https:\/\/footdavant.fr\/actualites\/attendons-de-voir-sur-le-genou-de-kai\/\" \/>\n<meta property=\"og:site_name\" content=\"Foot d&#039;avant\" \/>\n<meta property=\"article:publisher\" content=\"https:\/\/www.facebook.com\/Footdavant\/\" \/>\n<meta property=\"article:published_time\" content=\"2026-01-23T22:48:20+00:00\" \/>\n<meta property=\"article:modified_time\" content=\"2026-01-23T22:48:25+00:00\" \/>\n<meta property=\"og:image\" content=\"https:\/\/footdavant.fr\/actualites\/wp-content\/uploads\/2026\/01\/Attendons-de-voir-sur-le-genou-de-Kai.jpg\" \/>\n\t<meta property=\"og:image:width\" content=\"1500\" \/>\n\t<meta property=\"og:image:height\" content=\"745\" \/>\n\t<meta property=\"og:image:type\" content=\"image\/jpeg\" \/>\n<meta name=\"author\" content=\"Cl\u00e9ment\" \/>\n<meta name=\"twitter:card\" content=\"summary_large_image\" \/>\n<meta name=\"twitter:creator\" content=\"@FootdavantFr\" \/>\n<meta name=\"twitter:site\" content=\"@FootdavantFr\" \/>\n<meta name=\"twitter:label1\" content=\"\u00c9crit par\" \/>\n\t<meta name=\"twitter:data1\" content=\"Cl\u00e9ment\" \/>\n\t<meta name=\"twitter:label2\" content=\"Dur\u00e9e de lecture estim\u00e9e\" \/>\n\t<meta name=\"twitter:data2\" content=\"5 minutes\" \/>\n<script type=\"application\/ld+json\" class=\"yoast-schema-graph\">{\"@context\":\"https:\/\/schema.org\",\"@graph\":[{\"@type\":\"Article\",\"@id\":\"https:\/\/footdavant.fr\/actualites\/attendons-de-voir-sur-le-genou-de-kai\/#article\",\"isPartOf\":{\"@id\":\"https:\/\/footdavant.fr\/actualites\/attendons-de-voir-sur-le-genou-de-kai\/\"},\"author\":{\"name\":\"Cl\u00e9ment\",\"@id\":\"https:\/\/footdavant.fr\/actualites\/#\/schema\/person\/bc222566d95871b37e597b3ed3ba5e1d\"},\"headline\":\"Attendons de voir sur le genou de Kai\",\"datePublished\":\"2026-01-23T22:48:20+00:00\",\"dateModified\":\"2026-01-23T22:48:25+00:00\",\"mainEntityOfPage\":{\"@id\":\"https:\/\/footdavant.fr\/actualites\/attendons-de-voir-sur-le-genou-de-kai\/\"},\"wordCount\":942,\"publisher\":{\"@id\":\"https:\/\/footdavant.fr\/actualites\/#organization\"},\"keywords\":[\"Attendons\",\"genou\",\"Kai\",\"sur\",\"voir\"],\"articleSection\":[\"Football\"],\"inLanguage\":\"fr-FR\"},{\"@type\":\"WebPage\",\"@id\":\"https:\/\/footdavant.fr\/actualites\/attendons-de-voir-sur-le-genou-de-kai\/\",\"url\":\"https:\/\/footdavant.fr\/actualites\/attendons-de-voir-sur-le-genou-de-kai\/\",\"name\":\"Attendons de voir sur le genou de Kai\",\"isPartOf\":{\"@id\":\"https:\/\/footdavant.fr\/actualites\/#website\"},\"datePublished\":\"2026-01-23T22:48:20+00:00\",\"dateModified\":\"2026-01-23T22:48:25+00:00\",\"breadcrumb\":{\"@id\":\"https:\/\/footdavant.fr\/actualites\/attendons-de-voir-sur-le-genou-de-kai\/#breadcrumb\"},\"inLanguage\":\"fr-FR\",\"potentialAction\":[{\"@type\":\"ReadAction\",\"target\":[\"https:\/\/footdavant.fr\/actualites\/attendons-de-voir-sur-le-genou-de-kai\/\"]}]},{\"@type\":\"BreadcrumbList\",\"@id\":\"https:\/\/footdavant.fr\/actualites\/attendons-de-voir-sur-le-genou-de-kai\/#breadcrumb\",\"itemListElement\":[{\"@type\":\"ListItem\",\"position\":1,\"name\":\"Accueil\",\"item\":\"https:\/\/footdavant.fr\/actualites\/\"},{\"@type\":\"ListItem\",\"position\":2,\"name\":\"Attendons de voir sur le genou de Kai\"}]},{\"@type\":\"WebSite\",\"@id\":\"https:\/\/footdavant.fr\/actualites\/#website\",\"url\":\"https:\/\/footdavant.fr\/actualites\/\",\"name\":\"Foot d'avant\",\"description\":\"\",\"publisher\":{\"@id\":\"https:\/\/footdavant.fr\/actualites\/#organization\"},\"potentialAction\":[{\"@type\":\"SearchAction\",\"target\":{\"@type\":\"EntryPoint\",\"urlTemplate\":\"https:\/\/footdavant.fr\/actualites\/?s={search_term_string}\"},\"query-input\":\"required name=search_term_string\"}],\"inLanguage\":\"fr-FR\"},{\"@type\":\"Organization\",\"@id\":\"https:\/\/footdavant.fr\/actualites\/#organization\",\"name\":\"Foot d'avant\",\"url\":\"https:\/\/footdavant.fr\/actualites\/\",\"logo\":{\"@type\":\"ImageObject\",\"inLanguage\":\"fr-FR\",\"@id\":\"https:\/\/footdavant.fr\/actualites\/#\/schema\/logo\/image\/\",\"url\":\"https:\/\/footdavant.fr\/actualites\/wp-content\/uploads\/2023\/09\/Copy-of-FootDavant-Logo.png\",\"contentUrl\":\"https:\/\/footdavant.fr\/actualites\/wp-content\/uploads\/2023\/09\/Copy-of-FootDavant-Logo.png\",\"width\":936,\"height\":549,\"caption\":\"Foot d'avant\"},\"image\":{\"@id\":\"https:\/\/footdavant.fr\/actualites\/#\/schema\/logo\/image\/\"},\"sameAs\":[\"https:\/\/www.facebook.com\/Footdavant\/\",\"https:\/\/twitter.com\/FootdavantFr\",\"https:\/\/www.instagram.com\/footdavant.fr\/\"]},{\"@type\":\"Person\",\"@id\":\"https:\/\/footdavant.fr\/actualites\/#\/schema\/person\/bc222566d95871b37e597b3ed3ba5e1d\",\"name\":\"Cl\u00e9ment\",\"image\":{\"@type\":\"ImageObject\",\"inLanguage\":\"fr-FR\",\"@id\":\"https:\/\/footdavant.fr\/actualites\/#\/schema\/person\/image\/\",\"url\":\"https:\/\/secure.gravatar.com\/avatar\/7728b29aac2719421e1a9159b2254c44?s=96&d=mm&r=g\",\"contentUrl\":\"https:\/\/secure.gravatar.com\/avatar\/7728b29aac2719421e1a9159b2254c44?s=96&d=mm&r=g\",\"caption\":\"Cl\u00e9ment\"},\"sameAs\":[\"https:\/\/footdavant.fr\/\"]}]}<\/script>\n<!-- \/ Yoast SEO plugin. -->","yoast_head_json":{"title":"Attendons de voir sur le genou de Kai","robots":{"index":"index","follow":"follow","max-snippet":"max-snippet:-1","max-image-preview":"max-image-preview:large","max-video-preview":"max-video-preview:-1"},"canonical":"https:\/\/footdavant.fr\/actualites\/attendons-de-voir-sur-le-genou-de-kai\/","og_locale":"fr_FR","og_type":"article","og_title":"Attendons de voir sur le genou de Kai","og_description":"Bonjour \u00e0 tous, bon vendredi \u00e0 vous. Commen\u00e7ons par quelques reportages sur Kai Havertz et les inqui\u00e9tudes persistantes concernant son genou. Je me suis interrog\u00e9","og_url":"https:\/\/footdavant.fr\/actualites\/attendons-de-voir-sur-le-genou-de-kai\/","og_site_name":"Foot d&#039;avant","article_publisher":"https:\/\/www.facebook.com\/Footdavant\/","article_published_time":"2026-01-23T22:48:20+00:00","article_modified_time":"2026-01-23T22:48:25+00:00","og_image":[{"width":1500,"height":745,"url":"https:\/\/footdavant.fr\/actualites\/wp-content\/uploads\/2026\/01\/Attendons-de-voir-sur-le-genou-de-Kai.jpg","type":"image\/jpeg"}],"author":"Cl\u00e9ment","twitter_card":"summary_large_image","twitter_creator":"@FootdavantFr","twitter_site":"@FootdavantFr","twitter_misc":{"\u00c9crit par":"Cl\u00e9ment","Dur\u00e9e de lecture estim\u00e9e":"5 minutes"},"schema":{"@context":"https:\/\/schema.org","@graph":[{"@type":"Article","@id":"https:\/\/footdavant.fr\/actualites\/attendons-de-voir-sur-le-genou-de-kai\/#article","isPartOf":{"@id":"https:\/\/footdavant.fr\/actualites\/attendons-de-voir-sur-le-genou-de-kai\/"},"author":{"name":"Cl\u00e9ment","@id":"https:\/\/footdavant.fr\/actualites\/#\/schema\/person\/bc222566d95871b37e597b3ed3ba5e1d"},"headline":"Attendons de voir sur le genou de Kai","datePublished":"2026-01-23T22:48:20+00:00","dateModified":"2026-01-23T22:48:25+00:00","mainEntityOfPage":{"@id":"https:\/\/footdavant.fr\/actualites\/attendons-de-voir-sur-le-genou-de-kai\/"},"wordCount":942,"publisher":{"@id":"https:\/\/footdavant.fr\/actualites\/#organization"},"keywords":["Attendons","genou","Kai","sur","voir"],"articleSection":["Football"],"inLanguage":"fr-FR"},{"@type":"WebPage","@id":"https:\/\/footdavant.fr\/actualites\/attendons-de-voir-sur-le-genou-de-kai\/","url":"https:\/\/footdavant.fr\/actualites\/attendons-de-voir-sur-le-genou-de-kai\/","name":"Attendons de voir sur le genou de Kai","isPartOf":{"@id":"https:\/\/footdavant.fr\/actualites\/#website"},"datePublished":"2026-01-23T22:48:20+00:00","dateModified":"2026-01-23T22:48:25+00:00","breadcrumb":{"@id":"https:\/\/footdavant.fr\/actualites\/attendons-de-voir-sur-le-genou-de-kai\/#breadcrumb"},"inLanguage":"fr-FR","potentialAction":[{"@type":"ReadAction","target":["https:\/\/footdavant.fr\/actualites\/attendons-de-voir-sur-le-genou-de-kai\/"]}]},{"@type":"BreadcrumbList","@id":"https:\/\/footdavant.fr\/actualites\/attendons-de-voir-sur-le-genou-de-kai\/#breadcrumb","itemListElement":[{"@type":"ListItem","position":1,"name":"Accueil","item":"https:\/\/footdavant.fr\/actualites\/"},{"@type":"ListItem","position":2,"name":"Attendons de voir sur le genou de Kai"}]},{"@type":"WebSite","@id":"https:\/\/footdavant.fr\/actualites\/#website","url":"https:\/\/footdavant.fr\/actualites\/","name":"Foot d'avant","description":"","publisher":{"@id":"https:\/\/footdavant.fr\/actualites\/#organization"},"potentialAction":[{"@type":"SearchAction","target":{"@type":"EntryPoint","urlTemplate":"https:\/\/footdavant.fr\/actualites\/?s={search_term_string}"},"query-input":"required name=search_term_string"}],"inLanguage":"fr-FR"},{"@type":"Organization","@id":"https:\/\/footdavant.fr\/actualites\/#organization","name":"Foot d'avant","url":"https:\/\/footdavant.fr\/actualites\/","logo":{"@type":"ImageObject","inLanguage":"fr-FR","@id":"https:\/\/footdavant.fr\/actualites\/#\/schema\/logo\/image\/","url":"https:\/\/footdavant.fr\/actualites\/wp-content\/uploads\/2023\/09\/Copy-of-FootDavant-Logo.png","contentUrl":"https:\/\/footdavant.fr\/actualites\/wp-content\/uploads\/2023\/09\/Copy-of-FootDavant-Logo.png","width":936,"height":549,"caption":"Foot d'avant"},"image":{"@id":"https:\/\/footdavant.fr\/actualites\/#\/schema\/logo\/image\/"},"sameAs":["https:\/\/www.facebook.com\/Footdavant\/","https:\/\/twitter.com\/FootdavantFr","https:\/\/www.instagram.com\/footdavant.fr\/"]},{"@type":"Person","@id":"https:\/\/footdavant.fr\/actualites\/#\/schema\/person\/bc222566d95871b37e597b3ed3ba5e1d","name":"Cl\u00e9ment","image":{"@type":"ImageObject","inLanguage":"fr-FR","@id":"https:\/\/footdavant.fr\/actualites\/#\/schema\/person\/image\/","url":"https:\/\/secure.gravatar.com\/avatar\/7728b29aac2719421e1a9159b2254c44?s=96&d=mm&r=g","contentUrl":"https:\/\/secure.gravatar.com\/avatar\/7728b29aac2719421e1a9159b2254c44?s=96&d=mm&r=g","caption":"Cl\u00e9ment"},"sameAs":["https:\/\/footdavant.fr\/"]}]}},"_links":{"self":[{"href":"https:\/\/footdavant.fr\/actualites\/wp-json\/wp\/v2\/posts\/33747"}],"collection":[{"href":"https:\/\/footdavant.fr\/actualites\/wp-json\/wp\/v2\/posts"}],"about":[{"href":"https:\/\/footdavant.fr\/actualites\/wp-json\/wp\/v2\/types\/post"}],"author":[{"embeddable":true,"href":"https:\/\/footdavant.fr\/actualites\/wp-json\/wp\/v2\/users\/1"}],"replies":[{"embeddable":true,"href":"https:\/\/footdavant.fr\/actualites\/wp-json\/wp\/v2\/comments?post=33747"}],"version-history":[{"count":1,"href":"https:\/\/footdavant.fr\/actualites\/wp-json\/wp\/v2\/posts\/33747\/revisions"}],"predecessor-version":[{"id":33749,"href":"https:\/\/footdavant.fr\/actualites\/wp-json\/wp\/v2\/posts\/33747\/revisions\/33749"}],"wp:featuredmedia":[{"embeddable":true,"href":"https:\/\/footdavant.fr\/actualites\/wp-json\/wp\/v2\/media\/33748"}],"wp:attachment":[{"href":"https:\/\/footdavant.fr\/actualites\/wp-json\/wp\/v2\/media?parent=33747"}],"wp:term":[{"taxonomy":"category","embeddable":true,"href":"https:\/\/footdavant.fr\/actualites\/wp-json\/wp\/v2\/categories?post=33747"},{"taxonomy":"post_tag","embeddable":true,"href":"https:\/\/footdavant.fr\/actualites\/wp-json\/wp\/v2\/tags?post=33747"}],"curies":[{"name":"wp","href":"https:\/\/api.w.org\/{rel}","templated":true}]}}