{"id":33750,"date":"2026-01-24T01:48:57","date_gmt":"2026-01-24T00:48:57","guid":{"rendered":"https:\/\/footdavant.fr\/actualites\/les-plans-darsenal-reveles-alors-quoleksandr-zinchenko-se-prepare-a-quitter-le-club-en-janvier\/"},"modified":"2026-01-24T01:48:59","modified_gmt":"2026-01-24T00:48:59","slug":"les-plans-darsenal-reveles-alors-quoleksandr-zinchenko-se-prepare-a-quitter-le-club-en-janvier","status":"publish","type":"post","link":"https:\/\/footdavant.fr\/actualites\/les-plans-darsenal-reveles-alors-quoleksandr-zinchenko-se-prepare-a-quitter-le-club-en-janvier\/","title":{"rendered":"Les plans d&#39;Arsenal \u00ab\u00a0r\u00e9v\u00e9l\u00e9s\u00a0\u00bb alors qu&#39;Oleksandr Zinchenko se pr\u00e9pare \u00e0 quitter le club en janvier"},"content":{"rendered":"<div itemprop=\"articleBody\">\n<p>L&#39;arri\u00e8re gauche d&#39;Arsenal, Oleksandr Zinchenko, devrait rejoindre le g\u00e9ant n\u00e9erlandais de l&#39;Ajax lors du mercato de janvier. <\/p>\n<p>Zinchenko a rejoint les Gunners \u00e0 l&#39;\u00e9t\u00e9 2022 pour un montant de 30 millions de livres sterling apr\u00e8s avoir connu une carri\u00e8re charg\u00e9e de troph\u00e9es \u00e0 Manchester City, avec qui il a remport\u00e9 quatre titres de Premier League. <\/p>\n<p>L&#39;arri\u00e8re gauche a fait plus de 90 apparitions pour les Gunners, mais il a chut\u00e9 dans la hi\u00e9rarchie du club. <\/p>\n<p>L&#39;Ukrainien a pass\u00e9 la premi\u00e8re moiti\u00e9 de la campagne en pr\u00eat \u00e0 Nottingham Forest, ne g\u00e9rant que cinq matches de Premier League. <\/p>\n<h2>Zinchenko proche de rejoindre l&#39;Ajax ? <\/h2>\n<p>Selon un rapport de <em>La norme du soir<\/em>l&#39;arri\u00e8re gauche ne fait pas partie des plans de Sean Dyche, mais Forest ne peut pas mettre fin \u00e0 l&#39;accord car il n&#39;a pas de clause de rupture. <\/p>\n<p>Dyche a clairement fait savoir au d\u00e9fenseur qu&#39;il n&#39;\u00e9tait pas dans ses plans, et le patron de Forest a confirm\u00e9 la semaine derni\u00e8re que Zinchenko \u00e9tait libre de quitter le club ce mois-ci.<\/p>\n<p>Pendant ce temps, Arsenal n&#39;aurait pas l&#39;intention de ramener Zinchenko au club, c&#39;\u00e9tait donc \u00e0 Forest de trouver un arrangement alternatif. <\/p>\n<p>Le rapport affirme que l&#39;Ajax cherche \u00e0 le sortir du cauchemar et que l&#39;arri\u00e8re gauche est sur le point de les rejoindre, une fois les n\u00e9gociations avanc\u00e9es.<\/p>\n<p>Les g\u00e9ants n\u00e9erlandais paieront le salaire d&#39;Arsenal de Zinchenko et un examen m\u00e9dical devrait avoir lieu en d\u00e9but de semaine.<\/p>\n<h2>Bonne d\u00e9cision pour Zinchecko ? <\/h2>\n<div>\n<div>\n<div>\n<p>\u00a9 Imago<\/p>\n<\/div>\n<\/div>\n<\/div>\n<p>L&#39;arri\u00e8re gauche n&#39;a pas r\u00e9ussi \u00e0 avoir un impact \u00e0 Arsenal et Mikel Arteta ne peut en aucun cas l&#39;int\u00e9grer dans l&#39;\u00e9quipe actuelle. <\/p>\n<p>Le patron d&#39;Arsenal a Riccardo Calafiori, Myles Lewis-Skelly et Piero Hincapie comme plusieurs options, tandis que Jurrien Timber peut \u00e9galement jouer dans ce r\u00f4le. <\/p>\n<p>Zinchenko sera en fin de contrat \u00e0 Arsenal cet \u00e9t\u00e9 et les Gunners n&#39;ont pas l&#39;intention de lui proposer un nouveau contrat. <\/p>\n<p>Ayant d\u00e9j\u00e0 jou\u00e9 au PSV Eindhoven en pr\u00eat de Man City, il pourrait \u00eatre un ajout judicieux pour l&#39;Ajax car ils envisagent d\u00e9j\u00e0 de le signer en tant qu&#39;agent libre \u00e0 la fin de la p\u00e9riode de pr\u00eat.<\/p>\n<\/div>\n","protected":false},"excerpt":{"rendered":"<p>L&#39;arri\u00e8re gauche d&#39;Arsenal, Oleksandr Zinchenko, devrait rejoindre le g\u00e9ant n\u00e9erlandais de l&#39;Ajax lors du mercato de janvier. Zinchenko a rejoint les Gunners \u00e0 l&#39;\u00e9t\u00e9 2022<\/p>\n","protected":false},"author":1,"featured_media":33751,"comment_status":"closed","ping_status":"","sticky":false,"template":"","format":"standard","meta":{"footnotes":""},"categories":[5],"tags":[318,333,4221,166,93,398,1098,11373,170,1868,3866],"yoast_head":"<!-- This site is optimized with the Yoast SEO plugin v21.0 - https:\/\/yoast.com\/wordpress\/plugins\/seo\/ -->\n<title>Les plans d&#039;Arsenal &quot;r\u00e9v\u00e9l\u00e9s&quot; alors qu&#039;Oleksandr Zinchenko se pr\u00e9pare \u00e0 quitter le club en janvier<\/title>\n<meta name=\"robots\" content=\"index, follow, max-snippet:-1, max-image-preview:large, max-video-preview:-1\" \/>\n<link rel=\"canonical\" href=\"https:\/\/footdavant.fr\/actualites\/les-plans-darsenal-reveles-alors-quoleksandr-zinchenko-se-prepare-a-quitter-le-club-en-janvier\/\" \/>\n<meta property=\"og:locale\" content=\"fr_FR\" \/>\n<meta property=\"og:type\" content=\"article\" \/>\n<meta property=\"og:title\" content=\"Les plans d&#039;Arsenal &quot;r\u00e9v\u00e9l\u00e9s&quot; alors qu&#039;Oleksandr Zinchenko se pr\u00e9pare \u00e0 quitter le club en janvier\" \/>\n<meta property=\"og:description\" content=\"L&#039;arri\u00e8re gauche d&#039;Arsenal, Oleksandr Zinchenko, devrait rejoindre le g\u00e9ant n\u00e9erlandais de l&#039;Ajax lors du mercato de janvier. Zinchenko a rejoint les Gunners \u00e0 l&#039;\u00e9t\u00e9 2022\" \/>\n<meta property=\"og:url\" content=\"https:\/\/footdavant.fr\/actualites\/les-plans-darsenal-reveles-alors-quoleksandr-zinchenko-se-prepare-a-quitter-le-club-en-janvier\/\" \/>\n<meta property=\"og:site_name\" content=\"Foot d&#039;avant\" \/>\n<meta property=\"article:publisher\" content=\"https:\/\/www.facebook.com\/Footdavant\/\" \/>\n<meta property=\"article:published_time\" content=\"2026-01-24T00:48:57+00:00\" \/>\n<meta property=\"article:modified_time\" content=\"2026-01-24T00:48:59+00:00\" \/>\n<meta property=\"og:image\" content=\"https:\/\/footdavant.fr\/actualites\/wp-content\/uploads\/2026\/01\/Les-plans-d39Arsenal-reveles-alors-qu39Oleksandr-Zinchenko-se-prepare-a.net2Fuploads2F20252F112Fimago1068160851.webp\" \/>\n\t<meta property=\"og:image:width\" content=\"720\" \/>\n\t<meta property=\"og:image:height\" content=\"410\" \/>\n\t<meta property=\"og:image:type\" content=\"image\/webp\" \/>\n<meta name=\"author\" content=\"Cl\u00e9ment\" \/>\n<meta name=\"twitter:card\" content=\"summary_large_image\" \/>\n<meta name=\"twitter:creator\" content=\"@FootdavantFr\" \/>\n<meta name=\"twitter:site\" content=\"@FootdavantFr\" \/>\n<meta name=\"twitter:label1\" content=\"\u00c9crit par\" \/>\n\t<meta name=\"twitter:data1\" content=\"Cl\u00e9ment\" \/>\n\t<meta name=\"twitter:label2\" content=\"Dur\u00e9e de lecture estim\u00e9e\" \/>\n\t<meta name=\"twitter:data2\" content=\"2 minutes\" \/>\n<script type=\"application\/ld+json\" class=\"yoast-schema-graph\">{\"@context\":\"https:\/\/schema.org\",\"@graph\":[{\"@type\":\"Article\",\"@id\":\"https:\/\/footdavant.fr\/actualites\/les-plans-darsenal-reveles-alors-quoleksandr-zinchenko-se-prepare-a-quitter-le-club-en-janvier\/#article\",\"isPartOf\":{\"@id\":\"https:\/\/footdavant.fr\/actualites\/les-plans-darsenal-reveles-alors-quoleksandr-zinchenko-se-prepare-a-quitter-le-club-en-janvier\/\"},\"author\":{\"name\":\"Cl\u00e9ment\",\"@id\":\"https:\/\/footdavant.fr\/actualites\/#\/schema\/person\/bc222566d95871b37e597b3ed3ba5e1d\"},\"headline\":\"Les plans d&#39;Arsenal \u00ab\u00a0r\u00e9v\u00e9l\u00e9s\u00a0\u00bb alors qu&#39;Oleksandr Zinchenko se pr\u00e9pare \u00e0 quitter le club en janvier\",\"datePublished\":\"2026-01-24T00:48:57+00:00\",\"dateModified\":\"2026-01-24T00:48:59+00:00\",\"mainEntityOfPage\":{\"@id\":\"https:\/\/footdavant.fr\/actualites\/les-plans-darsenal-reveles-alors-quoleksandr-zinchenko-se-prepare-a-quitter-le-club-en-janvier\/\"},\"wordCount\":416,\"publisher\":{\"@id\":\"https:\/\/footdavant.fr\/actualites\/#organization\"},\"keywords\":[\"alors\",\"club\",\"d39Arsenal\",\"janvier\",\"les\",\"plans\",\"pr\u00e9pare\",\"qu39Oleksandr\",\"quitter\",\"r\u00e9v\u00e9l\u00e9s\",\"Zinchenko\"],\"articleSection\":[\"Premier League\"],\"inLanguage\":\"fr-FR\"},{\"@type\":\"WebPage\",\"@id\":\"https:\/\/footdavant.fr\/actualites\/les-plans-darsenal-reveles-alors-quoleksandr-zinchenko-se-prepare-a-quitter-le-club-en-janvier\/\",\"url\":\"https:\/\/footdavant.fr\/actualites\/les-plans-darsenal-reveles-alors-quoleksandr-zinchenko-se-prepare-a-quitter-le-club-en-janvier\/\",\"name\":\"Les plans d&#39;Arsenal \\\"r\u00e9v\u00e9l\u00e9s\\\" alors qu&#39;Oleksandr Zinchenko se pr\u00e9pare \u00e0 quitter le club en janvier\",\"isPartOf\":{\"@id\":\"https:\/\/footdavant.fr\/actualites\/#website\"},\"datePublished\":\"2026-01-24T00:48:57+00:00\",\"dateModified\":\"2026-01-24T00:48:59+00:00\",\"breadcrumb\":{\"@id\":\"https:\/\/footdavant.fr\/actualites\/les-plans-darsenal-reveles-alors-quoleksandr-zinchenko-se-prepare-a-quitter-le-club-en-janvier\/#breadcrumb\"},\"inLanguage\":\"fr-FR\",\"potentialAction\":[{\"@type\":\"ReadAction\",\"target\":[\"https:\/\/footdavant.fr\/actualites\/les-plans-darsenal-reveles-alors-quoleksandr-zinchenko-se-prepare-a-quitter-le-club-en-janvier\/\"]}]},{\"@type\":\"BreadcrumbList\",\"@id\":\"https:\/\/footdavant.fr\/actualites\/les-plans-darsenal-reveles-alors-quoleksandr-zinchenko-se-prepare-a-quitter-le-club-en-janvier\/#breadcrumb\",\"itemListElement\":[{\"@type\":\"ListItem\",\"position\":1,\"name\":\"Accueil\",\"item\":\"https:\/\/footdavant.fr\/actualites\/\"},{\"@type\":\"ListItem\",\"position\":2,\"name\":\"Les plans d&#39;Arsenal \u00ab\u00a0r\u00e9v\u00e9l\u00e9s\u00a0\u00bb alors qu&#39;Oleksandr Zinchenko se pr\u00e9pare \u00e0 quitter le club en janvier\"}]},{\"@type\":\"WebSite\",\"@id\":\"https:\/\/footdavant.fr\/actualites\/#website\",\"url\":\"https:\/\/footdavant.fr\/actualites\/\",\"name\":\"Foot d'avant\",\"description\":\"\",\"publisher\":{\"@id\":\"https:\/\/footdavant.fr\/actualites\/#organization\"},\"potentialAction\":[{\"@type\":\"SearchAction\",\"target\":{\"@type\":\"EntryPoint\",\"urlTemplate\":\"https:\/\/footdavant.fr\/actualites\/?s={search_term_string}\"},\"query-input\":\"required name=search_term_string\"}],\"inLanguage\":\"fr-FR\"},{\"@type\":\"Organization\",\"@id\":\"https:\/\/footdavant.fr\/actualites\/#organization\",\"name\":\"Foot d'avant\",\"url\":\"https:\/\/footdavant.fr\/actualites\/\",\"logo\":{\"@type\":\"ImageObject\",\"inLanguage\":\"fr-FR\",\"@id\":\"https:\/\/footdavant.fr\/actualites\/#\/schema\/logo\/image\/\",\"url\":\"https:\/\/footdavant.fr\/actualites\/wp-content\/uploads\/2023\/09\/Copy-of-FootDavant-Logo.png\",\"contentUrl\":\"https:\/\/footdavant.fr\/actualites\/wp-content\/uploads\/2023\/09\/Copy-of-FootDavant-Logo.png\",\"width\":936,\"height\":549,\"caption\":\"Foot d'avant\"},\"image\":{\"@id\":\"https:\/\/footdavant.fr\/actualites\/#\/schema\/logo\/image\/\"},\"sameAs\":[\"https:\/\/www.facebook.com\/Footdavant\/\",\"https:\/\/twitter.com\/FootdavantFr\",\"https:\/\/www.instagram.com\/footdavant.fr\/\"]},{\"@type\":\"Person\",\"@id\":\"https:\/\/footdavant.fr\/actualites\/#\/schema\/person\/bc222566d95871b37e597b3ed3ba5e1d\",\"name\":\"Cl\u00e9ment\",\"image\":{\"@type\":\"ImageObject\",\"inLanguage\":\"fr-FR\",\"@id\":\"https:\/\/footdavant.fr\/actualites\/#\/schema\/person\/image\/\",\"url\":\"https:\/\/secure.gravatar.com\/avatar\/7728b29aac2719421e1a9159b2254c44?s=96&d=mm&r=g\",\"contentUrl\":\"https:\/\/secure.gravatar.com\/avatar\/7728b29aac2719421e1a9159b2254c44?s=96&d=mm&r=g\",\"caption\":\"Cl\u00e9ment\"},\"sameAs\":[\"https:\/\/footdavant.fr\/\"]}]}<\/script>\n<!-- \/ Yoast SEO plugin. -->","yoast_head_json":{"title":"Les plans d&#39;Arsenal \"r\u00e9v\u00e9l\u00e9s\" alors qu&#39;Oleksandr Zinchenko se pr\u00e9pare \u00e0 quitter le club en janvier","robots":{"index":"index","follow":"follow","max-snippet":"max-snippet:-1","max-image-preview":"max-image-preview:large","max-video-preview":"max-video-preview:-1"},"canonical":"https:\/\/footdavant.fr\/actualites\/les-plans-darsenal-reveles-alors-quoleksandr-zinchenko-se-prepare-a-quitter-le-club-en-janvier\/","og_locale":"fr_FR","og_type":"article","og_title":"Les plans d&#39;Arsenal \"r\u00e9v\u00e9l\u00e9s\" alors qu&#39;Oleksandr Zinchenko se pr\u00e9pare \u00e0 quitter le club en janvier","og_description":"L&#39;arri\u00e8re gauche d&#39;Arsenal, Oleksandr Zinchenko, devrait rejoindre le g\u00e9ant n\u00e9erlandais de l&#39;Ajax lors du mercato de janvier. Zinchenko a rejoint les Gunners \u00e0 l&#39;\u00e9t\u00e9 2022","og_url":"https:\/\/footdavant.fr\/actualites\/les-plans-darsenal-reveles-alors-quoleksandr-zinchenko-se-prepare-a-quitter-le-club-en-janvier\/","og_site_name":"Foot d&#039;avant","article_publisher":"https:\/\/www.facebook.com\/Footdavant\/","article_published_time":"2026-01-24T00:48:57+00:00","article_modified_time":"2026-01-24T00:48:59+00:00","og_image":[{"width":720,"height":410,"url":"https:\/\/footdavant.fr\/actualites\/wp-content\/uploads\/2026\/01\/Les-plans-d39Arsenal-reveles-alors-qu39Oleksandr-Zinchenko-se-prepare-a.net2Fuploads2F20252F112Fimago1068160851.webp","type":"image\/webp"}],"author":"Cl\u00e9ment","twitter_card":"summary_large_image","twitter_creator":"@FootdavantFr","twitter_site":"@FootdavantFr","twitter_misc":{"\u00c9crit par":"Cl\u00e9ment","Dur\u00e9e de lecture estim\u00e9e":"2 minutes"},"schema":{"@context":"https:\/\/schema.org","@graph":[{"@type":"Article","@id":"https:\/\/footdavant.fr\/actualites\/les-plans-darsenal-reveles-alors-quoleksandr-zinchenko-se-prepare-a-quitter-le-club-en-janvier\/#article","isPartOf":{"@id":"https:\/\/footdavant.fr\/actualites\/les-plans-darsenal-reveles-alors-quoleksandr-zinchenko-se-prepare-a-quitter-le-club-en-janvier\/"},"author":{"name":"Cl\u00e9ment","@id":"https:\/\/footdavant.fr\/actualites\/#\/schema\/person\/bc222566d95871b37e597b3ed3ba5e1d"},"headline":"Les plans d&#39;Arsenal \u00ab\u00a0r\u00e9v\u00e9l\u00e9s\u00a0\u00bb alors qu&#39;Oleksandr Zinchenko se pr\u00e9pare \u00e0 quitter le club en janvier","datePublished":"2026-01-24T00:48:57+00:00","dateModified":"2026-01-24T00:48:59+00:00","mainEntityOfPage":{"@id":"https:\/\/footdavant.fr\/actualites\/les-plans-darsenal-reveles-alors-quoleksandr-zinchenko-se-prepare-a-quitter-le-club-en-janvier\/"},"wordCount":416,"publisher":{"@id":"https:\/\/footdavant.fr\/actualites\/#organization"},"keywords":["alors","club","d39Arsenal","janvier","les","plans","pr\u00e9pare","qu39Oleksandr","quitter","r\u00e9v\u00e9l\u00e9s","Zinchenko"],"articleSection":["Premier League"],"inLanguage":"fr-FR"},{"@type":"WebPage","@id":"https:\/\/footdavant.fr\/actualites\/les-plans-darsenal-reveles-alors-quoleksandr-zinchenko-se-prepare-a-quitter-le-club-en-janvier\/","url":"https:\/\/footdavant.fr\/actualites\/les-plans-darsenal-reveles-alors-quoleksandr-zinchenko-se-prepare-a-quitter-le-club-en-janvier\/","name":"Les plans d&#39;Arsenal \"r\u00e9v\u00e9l\u00e9s\" alors qu&#39;Oleksandr Zinchenko se pr\u00e9pare \u00e0 quitter le club en janvier","isPartOf":{"@id":"https:\/\/footdavant.fr\/actualites\/#website"},"datePublished":"2026-01-24T00:48:57+00:00","dateModified":"2026-01-24T00:48:59+00:00","breadcrumb":{"@id":"https:\/\/footdavant.fr\/actualites\/les-plans-darsenal-reveles-alors-quoleksandr-zinchenko-se-prepare-a-quitter-le-club-en-janvier\/#breadcrumb"},"inLanguage":"fr-FR","potentialAction":[{"@type":"ReadAction","target":["https:\/\/footdavant.fr\/actualites\/les-plans-darsenal-reveles-alors-quoleksandr-zinchenko-se-prepare-a-quitter-le-club-en-janvier\/"]}]},{"@type":"BreadcrumbList","@id":"https:\/\/footdavant.fr\/actualites\/les-plans-darsenal-reveles-alors-quoleksandr-zinchenko-se-prepare-a-quitter-le-club-en-janvier\/#breadcrumb","itemListElement":[{"@type":"ListItem","position":1,"name":"Accueil","item":"https:\/\/footdavant.fr\/actualites\/"},{"@type":"ListItem","position":2,"name":"Les plans d&#39;Arsenal \u00ab\u00a0r\u00e9v\u00e9l\u00e9s\u00a0\u00bb alors qu&#39;Oleksandr Zinchenko se pr\u00e9pare \u00e0 quitter le club en janvier"}]},{"@type":"WebSite","@id":"https:\/\/footdavant.fr\/actualites\/#website","url":"https:\/\/footdavant.fr\/actualites\/","name":"Foot d'avant","description":"","publisher":{"@id":"https:\/\/footdavant.fr\/actualites\/#organization"},"potentialAction":[{"@type":"SearchAction","target":{"@type":"EntryPoint","urlTemplate":"https:\/\/footdavant.fr\/actualites\/?s={search_term_string}"},"query-input":"required name=search_term_string"}],"inLanguage":"fr-FR"},{"@type":"Organization","@id":"https:\/\/footdavant.fr\/actualites\/#organization","name":"Foot d'avant","url":"https:\/\/footdavant.fr\/actualites\/","logo":{"@type":"ImageObject","inLanguage":"fr-FR","@id":"https:\/\/footdavant.fr\/actualites\/#\/schema\/logo\/image\/","url":"https:\/\/footdavant.fr\/actualites\/wp-content\/uploads\/2023\/09\/Copy-of-FootDavant-Logo.png","contentUrl":"https:\/\/footdavant.fr\/actualites\/wp-content\/uploads\/2023\/09\/Copy-of-FootDavant-Logo.png","width":936,"height":549,"caption":"Foot d'avant"},"image":{"@id":"https:\/\/footdavant.fr\/actualites\/#\/schema\/logo\/image\/"},"sameAs":["https:\/\/www.facebook.com\/Footdavant\/","https:\/\/twitter.com\/FootdavantFr","https:\/\/www.instagram.com\/footdavant.fr\/"]},{"@type":"Person","@id":"https:\/\/footdavant.fr\/actualites\/#\/schema\/person\/bc222566d95871b37e597b3ed3ba5e1d","name":"Cl\u00e9ment","image":{"@type":"ImageObject","inLanguage":"fr-FR","@id":"https:\/\/footdavant.fr\/actualites\/#\/schema\/person\/image\/","url":"https:\/\/secure.gravatar.com\/avatar\/7728b29aac2719421e1a9159b2254c44?s=96&d=mm&r=g","contentUrl":"https:\/\/secure.gravatar.com\/avatar\/7728b29aac2719421e1a9159b2254c44?s=96&d=mm&r=g","caption":"Cl\u00e9ment"},"sameAs":["https:\/\/footdavant.fr\/"]}]}},"_links":{"self":[{"href":"https:\/\/footdavant.fr\/actualites\/wp-json\/wp\/v2\/posts\/33750"}],"collection":[{"href":"https:\/\/footdavant.fr\/actualites\/wp-json\/wp\/v2\/posts"}],"about":[{"href":"https:\/\/footdavant.fr\/actualites\/wp-json\/wp\/v2\/types\/post"}],"author":[{"embeddable":true,"href":"https:\/\/footdavant.fr\/actualites\/wp-json\/wp\/v2\/users\/1"}],"replies":[{"embeddable":true,"href":"https:\/\/footdavant.fr\/actualites\/wp-json\/wp\/v2\/comments?post=33750"}],"version-history":[{"count":1,"href":"https:\/\/footdavant.fr\/actualites\/wp-json\/wp\/v2\/posts\/33750\/revisions"}],"predecessor-version":[{"id":33752,"href":"https:\/\/footdavant.fr\/actualites\/wp-json\/wp\/v2\/posts\/33750\/revisions\/33752"}],"wp:featuredmedia":[{"embeddable":true,"href":"https:\/\/footdavant.fr\/actualites\/wp-json\/wp\/v2\/media\/33751"}],"wp:attachment":[{"href":"https:\/\/footdavant.fr\/actualites\/wp-json\/wp\/v2\/media?parent=33750"}],"wp:term":[{"taxonomy":"category","embeddable":true,"href":"https:\/\/footdavant.fr\/actualites\/wp-json\/wp\/v2\/categories?post=33750"},{"taxonomy":"post_tag","embeddable":true,"href":"https:\/\/footdavant.fr\/actualites\/wp-json\/wp\/v2\/tags?post=33750"}],"curies":[{"name":"wp","href":"https:\/\/api.w.org\/{rel}","templated":true}]}}