{"id":33761,"date":"2026-01-24T09:48:16","date_gmt":"2026-01-24T08:48:16","guid":{"rendered":"https:\/\/footdavant.fr\/actualites\/pep-guardiola-reagit-a-la-signature-de-marc-guehi-et-confirme-une-fracture-de-la-star-de-man-city-avant-le-choc-bodo-glimt-en-ligue-des-champions\/"},"modified":"2026-01-24T09:48:18","modified_gmt":"2026-01-24T08:48:18","slug":"pep-guardiola-reagit-a-la-signature-de-marc-guehi-et-confirme-une-fracture-de-la-star-de-man-city-avant-le-choc-bodo-glimt-en-ligue-des-champions","status":"publish","type":"post","link":"https:\/\/footdavant.fr\/actualites\/pep-guardiola-reagit-a-la-signature-de-marc-guehi-et-confirme-une-fracture-de-la-star-de-man-city-avant-le-choc-bodo-glimt-en-ligue-des-champions\/","title":{"rendered":"Pep Guardiola r\u00e9agit \u00e0 la signature de Marc Guehi et confirme une fracture de la star de Man City avant le choc Bodo\/Glimt en Ligue des champions"},"content":{"rendered":"<div itemprop=\"articleBody\">\n<p style=\"margin-bottom:11px\">Pep Guardiola a exprim\u00e9 sa gratitude envers la hi\u00e9rarchie de Manchester City suite \u00e0 la capture du d\u00e9fenseur Marc Guehi par le club.<\/p>\n<p>Le joueur de 25 ans a \u00e9t\u00e9 officiellement d\u00e9voil\u00e9 en tant que nouveau joueur de City lundi apr\u00e8s-midi et a rejoint Crystal Palace dans le cadre d&#39;un accord estim\u00e9 \u00e0 20 millions de livres sterling plus les ajouts.<\/p>\n<p>Guehi a sign\u00e9 un contrat \u00e0 long terme jusqu&#39;\u00e0 l&#39;\u00e9t\u00e9 2031 et a d\u00e9crit Man City comme \u00ab le meilleur club d&#39;Angleterre \u00bb, environ cinq mois apr\u00e8s avoir failli rejoindre Liverpool cet \u00e9t\u00e9.<\/p>\n<p>Le nouveau n\u00b015 de City n&#39;est pas \u00e9ligible pour affronter Bodo\/Glimt en Ligue des champions mardi, mais il pourrait faire ses d\u00e9buts avec les Citizens \u00e0 domicile contre Wolverhampton Wanderers en Premier League samedi.<\/p>\n<p>R\u00e9agissant \u00e0 l&#39;arriv\u00e9e de Guehi, la deuxi\u00e8me recrue de City en janvier apr\u00e8s Antoine Semenyo, Guardiola a d\u00e9clar\u00e9 aux journalistes : \u00ab\u00a0C&#39;est un d\u00e9fenseur central de premier plan et il joue pour l&#39;\u00e9quipe nationale.<\/p>\n<div>\n<div>\n<div>\n<div>\n<div>\n<p>\u00a9 Imago \/ Photo Presse Sportive<\/p>\n<\/div>\n<\/div>\n<\/div>\n<\/div>\n<\/div>\n<h2>Guardiola r\u00e9agit \u00e0 la signature par Man City du \u00ab\u00a0meilleur d\u00e9fenseur\u00a0\u00bb Guehi<\/h2>\n<p>\u00ab\u00a0Merci au club de l&#39;avoir amen\u00e9 ici. Il peut jouer \u00e0 droite et \u00e0 gauche. Je sais comment il voulait nous choisir.<\/p>\n<p>\u00ab\u00a0Je suis presque s\u00fbr que s&#39;il avait eu un long contrat \u00e0 Crystal Palace, cela aurait \u00e9t\u00e9 impossible, mais comme il avait six mois avant la fin de son contrat, la situation \u00e9tait plus facile.<\/p>\n<p>\u00ab\u00a0Mais bien s\u00fbr, Crystal Palace et Man City doivent se mettre d&#39;accord et apr\u00e8s, le joueur d\u00e9cide de venir. Sinon, m\u00eame dans cette situation, cela ne serait pas possible.\u00a0\u00bb<\/p>\n<p>Guardiola s&#39;exprimait lors d&#39;une conf\u00e9rence de presse d&#39;avant-match en Norv\u00e8ge avant l&#39;avant-dernier match de City en Ligue des Champions contre Bodo\/Glimt, apr\u00e8s avoir quitt\u00e9 Manchester plus t\u00f4t dans la journ\u00e9e avec son \u00e9quipe de 21 joueurs.<\/p>\n<p>Phil Foden fait partie de l&#39;\u00e9quipe de City et Guardiola a confirm\u00e9 que le meneur de jeu est disponible pour la s\u00e9lection malgr\u00e9 une fracture \u00e0 la main lors de la d\u00e9faite 2-0 du week-end dernier contre son rival Manchester United en Premier League.<\/p>\n<div>\n<div>\n<div>\n<div>\n<div><img decoding=\"async\" data-img-id=\"154176\" class=\"lazy\" loading=\"lazy\" src=\"https:\/\/footdavant.fr\/actualites\/wp-content\/uploads\/2025\/11\/Phil-Foden-Thomas-Tuchel-a-explique-comment-la-star.j.webp\"\/><\/p>\n<p>\u00a9 Imago \/ Photo Presse Sportive<\/p>\n<\/div>\n<\/div>\n<\/div>\n<\/div>\n<\/div>\n<h2>Foden disponible malgr\u00e9 une main cass\u00e9e, Marmoush revient dans l&#39;\u00e9quipe de City<\/h2>\n<p>Foden a \u00e9t\u00e9 expuls\u00e9 \u00e0 la mi-temps lors de la d\u00e9faite \u00e0 Old Trafford, beaucoup supposant qu&#39;il s&#39;agissait d&#39;une d\u00e9cision tactique prise par Guardiola \u00e0 la suite d&#39;une performance d\u00e9cevante, mais c&#39;\u00e9tait en fait d\u00fb \u00e0 une blessure.<\/p>\n<p>\u00ab\u00a0Il s&#39;est un peu cass\u00e9 les os mais il a une protection et il va bien pour demain\u00a0\u00bb, a d\u00e9clar\u00e9 Guardiola aux journalistes.<\/p>\n<p>Pendant ce temps, Ruben Dias, Josko Gvardiol, John Stones, Mateo Kovacic, Savinho, Oscar Bobb et Nico Gonzalez sont tous absents en raison d&#39;une blessure, tandis que Matheus Nunes n&#39;a pas voyag\u00e9 avec l&#39;\u00e9quipe car il continue de se remettre de la grippe.<\/p>\n<p>Le capitaine Bernardo Silva est une autre star de l&#39;\u00e9quipe premi\u00e8re indisponible pour la s\u00e9lection en raison d&#39;une suspension, tandis que Semenyo, recrut\u00e9 en janvier, n&#39;est pas \u00e9ligible et, comme Guehi, ne peut pas \u00eatre inscrit dans l&#39;\u00e9quipe de City en Ligue des champions avant les huiti\u00e8mes de finale.<\/p>\n<p>Sur une note positive, Omar Marmoush a \u00e9t\u00e9 inclus dans l&#39;\u00e9quipe de City apr\u00e8s son retour de son service international avec l&#39;\u00c9gypte lors de la Coupe d&#39;Afrique des Nations.<\/p>\n<p>Man City occupe actuellement la quatri\u00e8me place du classement de la Ligue des champions \u00e0 36 \u00e9quipes apr\u00e8s avoir remport\u00e9 quatre de ses six premiers matches de phase de championnat (1 nul, 1 d\u00e9faite), et une victoire contre Bodo\/Glimt &#8211; \u00e0 la 32e place &#8211; les rapprocherait encore davantage de la qualification automatique pour les huiti\u00e8mes de finale.<\/p>\n<h2>L&#39;\u00e9quipe de 21 joueurs de Manchester City pour le choc Bodo\/Glimt :<\/h2>\n<p>Gardiens : Gianluigi Donnarumma, James Trafford, Marcus Bettinelli<\/p>\n<p>D\u00e9fenseurs : Nathan Ake, Rayan Ait-Nouri, Rico Lewis, Abdukodir Khusanov, Nico O&#39;Reilly, Max Alleyne, Stephen Mfuni, Kian Noble<\/p>\n<p>Milieux de terrain : Rodri, Tijjani Reijnders, Phil Foden, Rayan Cherki, Divine Mukasa, Charlie Gray<\/p>\n<p>Attaquants : Omar Marmoush, Erling Haaland, Jeremy Doku, Tyrone Samba<\/p>\n<\/div>\n","protected":false},"excerpt":{"rendered":"<p>Pep Guardiola a exprim\u00e9 sa gratitude envers la hi\u00e9rarchie de Manchester City suite \u00e0 la capture du d\u00e9fenseur Marc Guehi par le club. Le joueur<\/p>\n","protected":false},"author":1,"featured_media":33762,"comment_status":"closed","ping_status":"","sticky":false,"template":"","format":"standard","meta":{"footnotes":""},"categories":[5],"tags":[491,5850,31,332,27,40,12,419,8,1679,30,24,1678,6,969,449,1621,92],"yoast_head":"<!-- This site is optimized with the Yoast SEO plugin v21.0 - https:\/\/yoast.com\/wordpress\/plugins\/seo\/ -->\n<title>Pep Guardiola r\u00e9agit \u00e0 la signature de Marc Guehi et confirme une fracture de la star de Man City avant le choc Bodo\/Glimt en Ligue des champions<\/title>\n<meta name=\"robots\" content=\"index, follow, max-snippet:-1, max-image-preview:large, max-video-preview:-1\" \/>\n<link rel=\"canonical\" href=\"https:\/\/footdavant.fr\/actualites\/pep-guardiola-reagit-a-la-signature-de-marc-guehi-et-confirme-une-fracture-de-la-star-de-man-city-avant-le-choc-bodo-glimt-en-ligue-des-champions\/\" \/>\n<meta property=\"og:locale\" content=\"fr_FR\" \/>\n<meta property=\"og:type\" content=\"article\" \/>\n<meta property=\"og:title\" content=\"Pep Guardiola r\u00e9agit \u00e0 la signature de Marc Guehi et confirme une fracture de la star de Man City avant le choc Bodo\/Glimt en Ligue des champions\" \/>\n<meta property=\"og:description\" content=\"Pep Guardiola a exprim\u00e9 sa gratitude envers la hi\u00e9rarchie de Manchester City suite \u00e0 la capture du d\u00e9fenseur Marc Guehi par le club. Le joueur\" \/>\n<meta property=\"og:url\" content=\"https:\/\/footdavant.fr\/actualites\/pep-guardiola-reagit-a-la-signature-de-marc-guehi-et-confirme-une-fracture-de-la-star-de-man-city-avant-le-choc-bodo-glimt-en-ligue-des-champions\/\" \/>\n<meta property=\"og:site_name\" content=\"Foot d&#039;avant\" \/>\n<meta property=\"article:publisher\" content=\"https:\/\/www.facebook.com\/Footdavant\/\" \/>\n<meta property=\"article:published_time\" content=\"2026-01-24T08:48:16+00:00\" \/>\n<meta property=\"article:modified_time\" content=\"2026-01-24T08:48:18+00:00\" \/>\n<meta property=\"og:image\" content=\"https:\/\/footdavant.fr\/actualites\/wp-content\/uploads\/2026\/01\/Pep-Guardiola-reagit-a-la-signature-de-Marc-Guehi-et.net2Fuploads2F20252F102Fimago1067888107.webp\" \/>\n\t<meta property=\"og:image:width\" content=\"720\" \/>\n\t<meta property=\"og:image:height\" content=\"410\" \/>\n\t<meta property=\"og:image:type\" content=\"image\/webp\" \/>\n<meta name=\"author\" content=\"Cl\u00e9ment\" \/>\n<meta name=\"twitter:card\" content=\"summary_large_image\" \/>\n<meta name=\"twitter:creator\" content=\"@FootdavantFr\" \/>\n<meta name=\"twitter:site\" content=\"@FootdavantFr\" \/>\n<meta name=\"twitter:label1\" content=\"\u00c9crit par\" \/>\n\t<meta name=\"twitter:data1\" content=\"Cl\u00e9ment\" \/>\n\t<meta name=\"twitter:label2\" content=\"Dur\u00e9e de lecture estim\u00e9e\" \/>\n\t<meta name=\"twitter:data2\" content=\"4 minutes\" \/>\n<script type=\"application\/ld+json\" class=\"yoast-schema-graph\">{\"@context\":\"https:\/\/schema.org\",\"@graph\":[{\"@type\":\"Article\",\"@id\":\"https:\/\/footdavant.fr\/actualites\/pep-guardiola-reagit-a-la-signature-de-marc-guehi-et-confirme-une-fracture-de-la-star-de-man-city-avant-le-choc-bodo-glimt-en-ligue-des-champions\/#article\",\"isPartOf\":{\"@id\":\"https:\/\/footdavant.fr\/actualites\/pep-guardiola-reagit-a-la-signature-de-marc-guehi-et-confirme-une-fracture-de-la-star-de-man-city-avant-le-choc-bodo-glimt-en-ligue-des-champions\/\"},\"author\":{\"name\":\"Cl\u00e9ment\",\"@id\":\"https:\/\/footdavant.fr\/actualites\/#\/schema\/person\/bc222566d95871b37e597b3ed3ba5e1d\"},\"headline\":\"Pep Guardiola r\u00e9agit \u00e0 la signature de Marc Guehi et confirme une fracture de la star de Man City avant le choc Bodo\/Glimt en Ligue des champions\",\"datePublished\":\"2026-01-24T08:48:16+00:00\",\"dateModified\":\"2026-01-24T08:48:18+00:00\",\"mainEntityOfPage\":{\"@id\":\"https:\/\/footdavant.fr\/actualites\/pep-guardiola-reagit-a-la-signature-de-marc-guehi-et-confirme-une-fracture-de-la-star-de-man-city-avant-le-choc-bodo-glimt-en-ligue-des-champions\/\"},\"wordCount\":737,\"publisher\":{\"@id\":\"https:\/\/footdavant.fr\/actualites\/#organization\"},\"keywords\":[\"avant\",\"BodoGlimt\",\"champions\",\"choc\",\"City\",\"confirme\",\"des\",\"fracture\",\"Guardiola\",\"Guehi\",\"Ligue\",\"Man\",\"Marc\",\"Pep\",\"r\u00e9agit\",\"signature\",\"Star\",\"une\"],\"articleSection\":[\"Premier League\"],\"inLanguage\":\"fr-FR\"},{\"@type\":\"WebPage\",\"@id\":\"https:\/\/footdavant.fr\/actualites\/pep-guardiola-reagit-a-la-signature-de-marc-guehi-et-confirme-une-fracture-de-la-star-de-man-city-avant-le-choc-bodo-glimt-en-ligue-des-champions\/\",\"url\":\"https:\/\/footdavant.fr\/actualites\/pep-guardiola-reagit-a-la-signature-de-marc-guehi-et-confirme-une-fracture-de-la-star-de-man-city-avant-le-choc-bodo-glimt-en-ligue-des-champions\/\",\"name\":\"Pep Guardiola r\u00e9agit \u00e0 la signature de Marc Guehi et confirme une fracture de la star de Man City avant le choc Bodo\/Glimt en Ligue des champions\",\"isPartOf\":{\"@id\":\"https:\/\/footdavant.fr\/actualites\/#website\"},\"datePublished\":\"2026-01-24T08:48:16+00:00\",\"dateModified\":\"2026-01-24T08:48:18+00:00\",\"breadcrumb\":{\"@id\":\"https:\/\/footdavant.fr\/actualites\/pep-guardiola-reagit-a-la-signature-de-marc-guehi-et-confirme-une-fracture-de-la-star-de-man-city-avant-le-choc-bodo-glimt-en-ligue-des-champions\/#breadcrumb\"},\"inLanguage\":\"fr-FR\",\"potentialAction\":[{\"@type\":\"ReadAction\",\"target\":[\"https:\/\/footdavant.fr\/actualites\/pep-guardiola-reagit-a-la-signature-de-marc-guehi-et-confirme-une-fracture-de-la-star-de-man-city-avant-le-choc-bodo-glimt-en-ligue-des-champions\/\"]}]},{\"@type\":\"BreadcrumbList\",\"@id\":\"https:\/\/footdavant.fr\/actualites\/pep-guardiola-reagit-a-la-signature-de-marc-guehi-et-confirme-une-fracture-de-la-star-de-man-city-avant-le-choc-bodo-glimt-en-ligue-des-champions\/#breadcrumb\",\"itemListElement\":[{\"@type\":\"ListItem\",\"position\":1,\"name\":\"Accueil\",\"item\":\"https:\/\/footdavant.fr\/actualites\/\"},{\"@type\":\"ListItem\",\"position\":2,\"name\":\"Pep Guardiola r\u00e9agit \u00e0 la signature de Marc Guehi et confirme une fracture de la star de Man City avant le choc Bodo\/Glimt en Ligue des champions\"}]},{\"@type\":\"WebSite\",\"@id\":\"https:\/\/footdavant.fr\/actualites\/#website\",\"url\":\"https:\/\/footdavant.fr\/actualites\/\",\"name\":\"Foot d'avant\",\"description\":\"\",\"publisher\":{\"@id\":\"https:\/\/footdavant.fr\/actualites\/#organization\"},\"potentialAction\":[{\"@type\":\"SearchAction\",\"target\":{\"@type\":\"EntryPoint\",\"urlTemplate\":\"https:\/\/footdavant.fr\/actualites\/?s={search_term_string}\"},\"query-input\":\"required name=search_term_string\"}],\"inLanguage\":\"fr-FR\"},{\"@type\":\"Organization\",\"@id\":\"https:\/\/footdavant.fr\/actualites\/#organization\",\"name\":\"Foot d'avant\",\"url\":\"https:\/\/footdavant.fr\/actualites\/\",\"logo\":{\"@type\":\"ImageObject\",\"inLanguage\":\"fr-FR\",\"@id\":\"https:\/\/footdavant.fr\/actualites\/#\/schema\/logo\/image\/\",\"url\":\"https:\/\/footdavant.fr\/actualites\/wp-content\/uploads\/2023\/09\/Copy-of-FootDavant-Logo.png\",\"contentUrl\":\"https:\/\/footdavant.fr\/actualites\/wp-content\/uploads\/2023\/09\/Copy-of-FootDavant-Logo.png\",\"width\":936,\"height\":549,\"caption\":\"Foot d'avant\"},\"image\":{\"@id\":\"https:\/\/footdavant.fr\/actualites\/#\/schema\/logo\/image\/\"},\"sameAs\":[\"https:\/\/www.facebook.com\/Footdavant\/\",\"https:\/\/twitter.com\/FootdavantFr\",\"https:\/\/www.instagram.com\/footdavant.fr\/\"]},{\"@type\":\"Person\",\"@id\":\"https:\/\/footdavant.fr\/actualites\/#\/schema\/person\/bc222566d95871b37e597b3ed3ba5e1d\",\"name\":\"Cl\u00e9ment\",\"image\":{\"@type\":\"ImageObject\",\"inLanguage\":\"fr-FR\",\"@id\":\"https:\/\/footdavant.fr\/actualites\/#\/schema\/person\/image\/\",\"url\":\"https:\/\/secure.gravatar.com\/avatar\/7728b29aac2719421e1a9159b2254c44?s=96&d=mm&r=g\",\"contentUrl\":\"https:\/\/secure.gravatar.com\/avatar\/7728b29aac2719421e1a9159b2254c44?s=96&d=mm&r=g\",\"caption\":\"Cl\u00e9ment\"},\"sameAs\":[\"https:\/\/footdavant.fr\/\"]}]}<\/script>\n<!-- \/ Yoast SEO plugin. -->","yoast_head_json":{"title":"Pep Guardiola r\u00e9agit \u00e0 la signature de Marc Guehi et confirme une fracture de la star de Man City avant le choc Bodo\/Glimt en Ligue des champions","robots":{"index":"index","follow":"follow","max-snippet":"max-snippet:-1","max-image-preview":"max-image-preview:large","max-video-preview":"max-video-preview:-1"},"canonical":"https:\/\/footdavant.fr\/actualites\/pep-guardiola-reagit-a-la-signature-de-marc-guehi-et-confirme-une-fracture-de-la-star-de-man-city-avant-le-choc-bodo-glimt-en-ligue-des-champions\/","og_locale":"fr_FR","og_type":"article","og_title":"Pep Guardiola r\u00e9agit \u00e0 la signature de Marc Guehi et confirme une fracture de la star de Man City avant le choc Bodo\/Glimt en Ligue des champions","og_description":"Pep Guardiola a exprim\u00e9 sa gratitude envers la hi\u00e9rarchie de Manchester City suite \u00e0 la capture du d\u00e9fenseur Marc Guehi par le club. Le joueur","og_url":"https:\/\/footdavant.fr\/actualites\/pep-guardiola-reagit-a-la-signature-de-marc-guehi-et-confirme-une-fracture-de-la-star-de-man-city-avant-le-choc-bodo-glimt-en-ligue-des-champions\/","og_site_name":"Foot d&#039;avant","article_publisher":"https:\/\/www.facebook.com\/Footdavant\/","article_published_time":"2026-01-24T08:48:16+00:00","article_modified_time":"2026-01-24T08:48:18+00:00","og_image":[{"width":720,"height":410,"url":"https:\/\/footdavant.fr\/actualites\/wp-content\/uploads\/2026\/01\/Pep-Guardiola-reagit-a-la-signature-de-Marc-Guehi-et.net2Fuploads2F20252F102Fimago1067888107.webp","type":"image\/webp"}],"author":"Cl\u00e9ment","twitter_card":"summary_large_image","twitter_creator":"@FootdavantFr","twitter_site":"@FootdavantFr","twitter_misc":{"\u00c9crit par":"Cl\u00e9ment","Dur\u00e9e de lecture estim\u00e9e":"4 minutes"},"schema":{"@context":"https:\/\/schema.org","@graph":[{"@type":"Article","@id":"https:\/\/footdavant.fr\/actualites\/pep-guardiola-reagit-a-la-signature-de-marc-guehi-et-confirme-une-fracture-de-la-star-de-man-city-avant-le-choc-bodo-glimt-en-ligue-des-champions\/#article","isPartOf":{"@id":"https:\/\/footdavant.fr\/actualites\/pep-guardiola-reagit-a-la-signature-de-marc-guehi-et-confirme-une-fracture-de-la-star-de-man-city-avant-le-choc-bodo-glimt-en-ligue-des-champions\/"},"author":{"name":"Cl\u00e9ment","@id":"https:\/\/footdavant.fr\/actualites\/#\/schema\/person\/bc222566d95871b37e597b3ed3ba5e1d"},"headline":"Pep Guardiola r\u00e9agit \u00e0 la signature de Marc Guehi et confirme une fracture de la star de Man City avant le choc Bodo\/Glimt en Ligue des champions","datePublished":"2026-01-24T08:48:16+00:00","dateModified":"2026-01-24T08:48:18+00:00","mainEntityOfPage":{"@id":"https:\/\/footdavant.fr\/actualites\/pep-guardiola-reagit-a-la-signature-de-marc-guehi-et-confirme-une-fracture-de-la-star-de-man-city-avant-le-choc-bodo-glimt-en-ligue-des-champions\/"},"wordCount":737,"publisher":{"@id":"https:\/\/footdavant.fr\/actualites\/#organization"},"keywords":["avant","BodoGlimt","champions","choc","City","confirme","des","fracture","Guardiola","Guehi","Ligue","Man","Marc","Pep","r\u00e9agit","signature","Star","une"],"articleSection":["Premier League"],"inLanguage":"fr-FR"},{"@type":"WebPage","@id":"https:\/\/footdavant.fr\/actualites\/pep-guardiola-reagit-a-la-signature-de-marc-guehi-et-confirme-une-fracture-de-la-star-de-man-city-avant-le-choc-bodo-glimt-en-ligue-des-champions\/","url":"https:\/\/footdavant.fr\/actualites\/pep-guardiola-reagit-a-la-signature-de-marc-guehi-et-confirme-une-fracture-de-la-star-de-man-city-avant-le-choc-bodo-glimt-en-ligue-des-champions\/","name":"Pep Guardiola r\u00e9agit \u00e0 la signature de Marc Guehi et confirme une fracture de la star de Man City avant le choc Bodo\/Glimt en Ligue des champions","isPartOf":{"@id":"https:\/\/footdavant.fr\/actualites\/#website"},"datePublished":"2026-01-24T08:48:16+00:00","dateModified":"2026-01-24T08:48:18+00:00","breadcrumb":{"@id":"https:\/\/footdavant.fr\/actualites\/pep-guardiola-reagit-a-la-signature-de-marc-guehi-et-confirme-une-fracture-de-la-star-de-man-city-avant-le-choc-bodo-glimt-en-ligue-des-champions\/#breadcrumb"},"inLanguage":"fr-FR","potentialAction":[{"@type":"ReadAction","target":["https:\/\/footdavant.fr\/actualites\/pep-guardiola-reagit-a-la-signature-de-marc-guehi-et-confirme-une-fracture-de-la-star-de-man-city-avant-le-choc-bodo-glimt-en-ligue-des-champions\/"]}]},{"@type":"BreadcrumbList","@id":"https:\/\/footdavant.fr\/actualites\/pep-guardiola-reagit-a-la-signature-de-marc-guehi-et-confirme-une-fracture-de-la-star-de-man-city-avant-le-choc-bodo-glimt-en-ligue-des-champions\/#breadcrumb","itemListElement":[{"@type":"ListItem","position":1,"name":"Accueil","item":"https:\/\/footdavant.fr\/actualites\/"},{"@type":"ListItem","position":2,"name":"Pep Guardiola r\u00e9agit \u00e0 la signature de Marc Guehi et confirme une fracture de la star de Man City avant le choc Bodo\/Glimt en Ligue des champions"}]},{"@type":"WebSite","@id":"https:\/\/footdavant.fr\/actualites\/#website","url":"https:\/\/footdavant.fr\/actualites\/","name":"Foot d'avant","description":"","publisher":{"@id":"https:\/\/footdavant.fr\/actualites\/#organization"},"potentialAction":[{"@type":"SearchAction","target":{"@type":"EntryPoint","urlTemplate":"https:\/\/footdavant.fr\/actualites\/?s={search_term_string}"},"query-input":"required name=search_term_string"}],"inLanguage":"fr-FR"},{"@type":"Organization","@id":"https:\/\/footdavant.fr\/actualites\/#organization","name":"Foot d'avant","url":"https:\/\/footdavant.fr\/actualites\/","logo":{"@type":"ImageObject","inLanguage":"fr-FR","@id":"https:\/\/footdavant.fr\/actualites\/#\/schema\/logo\/image\/","url":"https:\/\/footdavant.fr\/actualites\/wp-content\/uploads\/2023\/09\/Copy-of-FootDavant-Logo.png","contentUrl":"https:\/\/footdavant.fr\/actualites\/wp-content\/uploads\/2023\/09\/Copy-of-FootDavant-Logo.png","width":936,"height":549,"caption":"Foot d'avant"},"image":{"@id":"https:\/\/footdavant.fr\/actualites\/#\/schema\/logo\/image\/"},"sameAs":["https:\/\/www.facebook.com\/Footdavant\/","https:\/\/twitter.com\/FootdavantFr","https:\/\/www.instagram.com\/footdavant.fr\/"]},{"@type":"Person","@id":"https:\/\/footdavant.fr\/actualites\/#\/schema\/person\/bc222566d95871b37e597b3ed3ba5e1d","name":"Cl\u00e9ment","image":{"@type":"ImageObject","inLanguage":"fr-FR","@id":"https:\/\/footdavant.fr\/actualites\/#\/schema\/person\/image\/","url":"https:\/\/secure.gravatar.com\/avatar\/7728b29aac2719421e1a9159b2254c44?s=96&d=mm&r=g","contentUrl":"https:\/\/secure.gravatar.com\/avatar\/7728b29aac2719421e1a9159b2254c44?s=96&d=mm&r=g","caption":"Cl\u00e9ment"},"sameAs":["https:\/\/footdavant.fr\/"]}]}},"_links":{"self":[{"href":"https:\/\/footdavant.fr\/actualites\/wp-json\/wp\/v2\/posts\/33761"}],"collection":[{"href":"https:\/\/footdavant.fr\/actualites\/wp-json\/wp\/v2\/posts"}],"about":[{"href":"https:\/\/footdavant.fr\/actualites\/wp-json\/wp\/v2\/types\/post"}],"author":[{"embeddable":true,"href":"https:\/\/footdavant.fr\/actualites\/wp-json\/wp\/v2\/users\/1"}],"replies":[{"embeddable":true,"href":"https:\/\/footdavant.fr\/actualites\/wp-json\/wp\/v2\/comments?post=33761"}],"version-history":[{"count":1,"href":"https:\/\/footdavant.fr\/actualites\/wp-json\/wp\/v2\/posts\/33761\/revisions"}],"predecessor-version":[{"id":33763,"href":"https:\/\/footdavant.fr\/actualites\/wp-json\/wp\/v2\/posts\/33761\/revisions\/33763"}],"wp:featuredmedia":[{"embeddable":true,"href":"https:\/\/footdavant.fr\/actualites\/wp-json\/wp\/v2\/media\/33762"}],"wp:attachment":[{"href":"https:\/\/footdavant.fr\/actualites\/wp-json\/wp\/v2\/media?parent=33761"}],"wp:term":[{"taxonomy":"category","embeddable":true,"href":"https:\/\/footdavant.fr\/actualites\/wp-json\/wp\/v2\/categories?post=33761"},{"taxonomy":"post_tag","embeddable":true,"href":"https:\/\/footdavant.fr\/actualites\/wp-json\/wp\/v2\/tags?post=33761"}],"curies":[{"name":"wp","href":"https:\/\/api.w.org\/{rel}","templated":true}]}}