{"id":33764,"date":"2026-01-24T11:48:08","date_gmt":"2026-01-24T10:48:08","guid":{"rendered":"https:\/\/footdavant.fr\/actualites\/lucy-newell-la-jeune-de-united-women-rejoint-officiellement-crystal-palace-en-pret\/"},"modified":"2026-01-24T11:48:10","modified_gmt":"2026-01-24T10:48:10","slug":"lucy-newell-la-jeune-de-united-women-rejoint-officiellement-crystal-palace-en-pret","status":"publish","type":"post","link":"https:\/\/footdavant.fr\/actualites\/lucy-newell-la-jeune-de-united-women-rejoint-officiellement-crystal-palace-en-pret\/","title":{"rendered":"Lucy Newell: la jeune de United Women rejoint officiellement Crystal Palace en pr\u00eat &#8211;"},"content":{"rendered":"<div id=\"penci-post-entry-inner\">\n<p>\t\t\t<i class=\"penci-post-countview-number-check\" style=\"display:none\">7<\/i><\/p>\n<p>Manchester United Women a eu une fen\u00eatre hivernale incroyablement charg\u00e9e.<\/p>\n<h3>Les tenants et les aboutissants<\/h3>\n<p>L&#39;\u00e9quipe de Marc Skinner a consid\u00e9rablement renforc\u00e9 son effectif en \u00e9quipe premi\u00e8re avec l&#39;ajout de Lea Schuller et des stars su\u00e9doises Ellen Wangerheim et Hanna Lundkvist.<\/p>\n<p>Ils ont \u00e9galement envoy\u00e9 Hannah Blundell en pr\u00eat \u00e0 Everton Women pour le reste de la saison.<\/p>\n<p>Rachel Williams et Geyse ont \u00e9galement quitt\u00e9 d\u00e9finitivement l&#39;\u00e9quipe avec des transferts \u00e0 Leicester City et au Club America.<\/p>\n<p>Keira Barry et Evie Rabjohn ont \u00e9galement \u00e9t\u00e9 rappel\u00e9es de Sunderland lors d&#39;un remaniement hivernal. Emma Watson a \u00e9galement \u00e9t\u00e9 rappel\u00e9e de son pr\u00eat \u00e0 Crystal Palace.<\/p>\n<h3>Lucie Newell<\/h3>\n<p>La jeune d\u00e9fenseure a \u00e9galement \u00e9t\u00e9 rappel\u00e9e de son passage \u00e0 Birmingham City, mais elle a maintenant \u00e9t\u00e9 envoy\u00e9e \u00e0 Crystal Palace en pr\u00eat.<\/p>\n<p>Le site officiel du club rapporte : \u00ab\u00a0Lucy Newell a accept\u00e9 de rejoindre Crystal Palace en pr\u00eat pour le reste de cette saison.\u00a0\u00bb<\/p>\n<p>L&#39;article poursuit en d\u00e9clarant que \u00ab\u00a0c&#39;est le deuxi\u00e8me pr\u00eat de la d\u00e9fenseure de 19 ans en 2025\/26, puisqu&#39;elle a pass\u00e9 la premi\u00e8re partie de la campagne avec Birmingham City\u00a0\u00bb.<\/p>\n<p>Newell a remport\u00e9 le prix de Joueuse de l&#39;ann\u00e9e de l&#39;Acad\u00e9mie f\u00e9minine en 2024, mais n&#39;a jusqu&#39;\u00e0 pr\u00e9sent pas r\u00e9ussi \u00e0 repr\u00e9senter l&#39;\u00e9quipe senior de United.<\/p>\n<blockquote class=\"twitter-tweet\">\n<p lang=\"en\" dir=\"ltr\">\ud83e\udd1d La jeune d\u00e9fenseure Lucy Newell passera le reste de la saison 2025\/26 en pr\u00eat \u00e0 Crystal Palace.<\/p>\n<p>Bonne chance, Lucy, tu as \u00e7a \ud83d\udd34 <a rel=\"nofollow\" href=\"https:\/\/t.co\/XEE5Is3bif\">pic.twitter.com\/XEE5Is3bif<\/a><\/p>\n<p>\u2013 Manchester United Femmes (@ManUtdWomen) <a rel=\"nofollow\" href=\"https:\/\/twitter.com\/ManUtdWomen\/status\/2014760537540763901?ref_src=twsrc%5Etfw\">23 janvier 2026<\/a><\/p>\n<\/blockquote>\n<p>Crystal Palace a \u00e9galement publi\u00e9 une d\u00e9claration officielle concernant cette d\u00e9cision.<\/p>\n<p>Les Eagles ont d\u00e9clar\u00e9 sur le site de leur club : \u00ab Les Crystal Palace Women sont heureuses d&#39;annoncer l&#39;arriv\u00e9e de Lucy Newell en pr\u00eat de Manchester United jusqu&#39;\u00e0 la fin de la saison. \u00bb<\/p>\n<p>Commentant cette d\u00e9cision, le manager Jo Potter a d\u00e9clar\u00e9 : \u00ab\u00a0Nous sommes ravis que Lucy nous rejoigne au Palace. C&#39;est un talent prometteur qui a d\u00e9j\u00e0 acquis une bonne exp\u00e9rience en club et au niveau international.\u00a0\u00bb<\/p>\n<p>Newell \u00e9tait \u00e9galement naturellement satisfait de cette d\u00e9cision et a d\u00e9clar\u00e9 sur le site du club : \u00ab\u00a0Je suis vraiment excit\u00e9 d&#39;\u00eatre ici. Crystal Palace est un club \u00e9norme avec d&#39;\u00e9normes ambitions et je suis juste excit\u00e9 d&#39;en faire partie maintenant.\u00a0\u00bb<\/p>\n<blockquote class=\"twitter-tweet\">\n<p lang=\"en\" dir=\"ltr\">Un message aux fans \ud83d\udc4b <a rel=\"nofollow\" href=\"https:\/\/t.co\/oZ3dl7EXvv\">pic.twitter.com\/oZ3dl7EXvv<\/a><\/p>\n<p>\u2013 Crystal Palace FC Femmes (@cpfc_w) <a rel=\"nofollow\" href=\"https:\/\/twitter.com\/cpfc_w\/status\/2014782687630839942?ref_src=twsrc%5Etfw\">23 janvier 2026<\/a><\/p>\n<\/blockquote>\n<hr\/>\n<p>The Peoples Person est l&#39;un des principaux sites d&#39;information de Man United au monde depuis plus d&#39;une d\u00e9cennie. Suivez-nous sur Bluesky\u00a0: @peoplesperson.bsky.social<\/p>\n<p><!-- CONTENT END 2 --><\/p><\/div>\n<p><script async src=\"https:\/\/platform.twitter.com\/widgets.js\" charset=\"utf-8\"><\/script><\/p>\n","protected":false},"excerpt":{"rendered":"<p>7 Manchester United Women a eu une fen\u00eatre hivernale incroyablement charg\u00e9e. Les tenants et les aboutissants L&#39;\u00e9quipe de Marc Skinner a consid\u00e9rablement renforc\u00e9 son effectif<\/p>\n","protected":false},"author":1,"featured_media":33765,"comment_status":"closed","ping_status":"","sticky":false,"template":"","format":"standard","meta":{"footnotes":""},"categories":[3],"tags":[1008,1157,11374,11375,766,815,165,1444,13,4059],"yoast_head":"<!-- This site is optimized with the Yoast SEO plugin v21.0 - https:\/\/yoast.com\/wordpress\/plugins\/seo\/ -->\n<title>Lucy Newell: la jeune de United Women rejoint officiellement Crystal Palace en pr\u00eat -<\/title>\n<meta name=\"robots\" content=\"index, follow, max-snippet:-1, max-image-preview:large, max-video-preview:-1\" \/>\n<link rel=\"canonical\" href=\"https:\/\/footdavant.fr\/actualites\/lucy-newell-la-jeune-de-united-women-rejoint-officiellement-crystal-palace-en-pret\/\" \/>\n<meta property=\"og:locale\" content=\"fr_FR\" \/>\n<meta property=\"og:type\" content=\"article\" \/>\n<meta property=\"og:title\" content=\"Lucy Newell: la jeune de United Women rejoint officiellement Crystal Palace en pr\u00eat -\" \/>\n<meta property=\"og:description\" content=\"7 Manchester United Women a eu une fen\u00eatre hivernale incroyablement charg\u00e9e. Les tenants et les aboutissants L&#039;\u00e9quipe de Marc Skinner a consid\u00e9rablement renforc\u00e9 son effectif\" \/>\n<meta property=\"og:url\" content=\"https:\/\/footdavant.fr\/actualites\/lucy-newell-la-jeune-de-united-women-rejoint-officiellement-crystal-palace-en-pret\/\" \/>\n<meta property=\"og:site_name\" content=\"Foot d&#039;avant\" \/>\n<meta property=\"article:publisher\" content=\"https:\/\/www.facebook.com\/Footdavant\/\" \/>\n<meta property=\"article:published_time\" content=\"2026-01-24T10:48:08+00:00\" \/>\n<meta property=\"article:modified_time\" content=\"2026-01-24T10:48:10+00:00\" \/>\n<meta property=\"og:image\" content=\"https:\/\/footdavant.fr\/actualites\/wp-content\/uploads\/2026\/01\/Lucy-Newell-la-jeune-de-United-Women-rejoint-officiellement-Crystal.jpg\" \/>\n\t<meta property=\"og:image:width\" content=\"1600\" \/>\n\t<meta property=\"og:image:height\" content=\"709\" \/>\n\t<meta property=\"og:image:type\" content=\"image\/jpeg\" \/>\n<meta name=\"author\" content=\"Cl\u00e9ment\" \/>\n<meta name=\"twitter:card\" content=\"summary_large_image\" \/>\n<meta name=\"twitter:creator\" content=\"@FootdavantFr\" \/>\n<meta name=\"twitter:site\" content=\"@FootdavantFr\" \/>\n<meta name=\"twitter:label1\" content=\"\u00c9crit par\" \/>\n\t<meta name=\"twitter:data1\" content=\"Cl\u00e9ment\" \/>\n\t<meta name=\"twitter:label2\" content=\"Dur\u00e9e de lecture estim\u00e9e\" \/>\n\t<meta name=\"twitter:data2\" content=\"2 minutes\" \/>\n<script type=\"application\/ld+json\" class=\"yoast-schema-graph\">{\"@context\":\"https:\/\/schema.org\",\"@graph\":[{\"@type\":\"Article\",\"@id\":\"https:\/\/footdavant.fr\/actualites\/lucy-newell-la-jeune-de-united-women-rejoint-officiellement-crystal-palace-en-pret\/#article\",\"isPartOf\":{\"@id\":\"https:\/\/footdavant.fr\/actualites\/lucy-newell-la-jeune-de-united-women-rejoint-officiellement-crystal-palace-en-pret\/\"},\"author\":{\"name\":\"Cl\u00e9ment\",\"@id\":\"https:\/\/footdavant.fr\/actualites\/#\/schema\/person\/bc222566d95871b37e597b3ed3ba5e1d\"},\"headline\":\"Lucy Newell: la jeune de United Women rejoint officiellement Crystal Palace en pr\u00eat &#8211;\",\"datePublished\":\"2026-01-24T10:48:08+00:00\",\"dateModified\":\"2026-01-24T10:48:10+00:00\",\"mainEntityOfPage\":{\"@id\":\"https:\/\/footdavant.fr\/actualites\/lucy-newell-la-jeune-de-united-women-rejoint-officiellement-crystal-palace-en-pret\/\"},\"wordCount\":464,\"publisher\":{\"@id\":\"https:\/\/footdavant.fr\/actualites\/#organization\"},\"keywords\":[\"Crystal\",\"jeune\",\"Lucy\",\"Newell\",\"officiellement\",\"Palace\",\"pr\u00eat\",\"rejoint\",\"United\",\"Women\"],\"articleSection\":[\"Football\"],\"inLanguage\":\"fr-FR\"},{\"@type\":\"WebPage\",\"@id\":\"https:\/\/footdavant.fr\/actualites\/lucy-newell-la-jeune-de-united-women-rejoint-officiellement-crystal-palace-en-pret\/\",\"url\":\"https:\/\/footdavant.fr\/actualites\/lucy-newell-la-jeune-de-united-women-rejoint-officiellement-crystal-palace-en-pret\/\",\"name\":\"Lucy Newell: la jeune de United Women rejoint officiellement Crystal Palace en pr\u00eat -\",\"isPartOf\":{\"@id\":\"https:\/\/footdavant.fr\/actualites\/#website\"},\"datePublished\":\"2026-01-24T10:48:08+00:00\",\"dateModified\":\"2026-01-24T10:48:10+00:00\",\"breadcrumb\":{\"@id\":\"https:\/\/footdavant.fr\/actualites\/lucy-newell-la-jeune-de-united-women-rejoint-officiellement-crystal-palace-en-pret\/#breadcrumb\"},\"inLanguage\":\"fr-FR\",\"potentialAction\":[{\"@type\":\"ReadAction\",\"target\":[\"https:\/\/footdavant.fr\/actualites\/lucy-newell-la-jeune-de-united-women-rejoint-officiellement-crystal-palace-en-pret\/\"]}]},{\"@type\":\"BreadcrumbList\",\"@id\":\"https:\/\/footdavant.fr\/actualites\/lucy-newell-la-jeune-de-united-women-rejoint-officiellement-crystal-palace-en-pret\/#breadcrumb\",\"itemListElement\":[{\"@type\":\"ListItem\",\"position\":1,\"name\":\"Accueil\",\"item\":\"https:\/\/footdavant.fr\/actualites\/\"},{\"@type\":\"ListItem\",\"position\":2,\"name\":\"Lucy Newell: la jeune de United Women rejoint officiellement Crystal Palace en pr\u00eat &#8211;\"}]},{\"@type\":\"WebSite\",\"@id\":\"https:\/\/footdavant.fr\/actualites\/#website\",\"url\":\"https:\/\/footdavant.fr\/actualites\/\",\"name\":\"Foot d'avant\",\"description\":\"\",\"publisher\":{\"@id\":\"https:\/\/footdavant.fr\/actualites\/#organization\"},\"potentialAction\":[{\"@type\":\"SearchAction\",\"target\":{\"@type\":\"EntryPoint\",\"urlTemplate\":\"https:\/\/footdavant.fr\/actualites\/?s={search_term_string}\"},\"query-input\":\"required name=search_term_string\"}],\"inLanguage\":\"fr-FR\"},{\"@type\":\"Organization\",\"@id\":\"https:\/\/footdavant.fr\/actualites\/#organization\",\"name\":\"Foot d'avant\",\"url\":\"https:\/\/footdavant.fr\/actualites\/\",\"logo\":{\"@type\":\"ImageObject\",\"inLanguage\":\"fr-FR\",\"@id\":\"https:\/\/footdavant.fr\/actualites\/#\/schema\/logo\/image\/\",\"url\":\"https:\/\/footdavant.fr\/actualites\/wp-content\/uploads\/2023\/09\/Copy-of-FootDavant-Logo.png\",\"contentUrl\":\"https:\/\/footdavant.fr\/actualites\/wp-content\/uploads\/2023\/09\/Copy-of-FootDavant-Logo.png\",\"width\":936,\"height\":549,\"caption\":\"Foot d'avant\"},\"image\":{\"@id\":\"https:\/\/footdavant.fr\/actualites\/#\/schema\/logo\/image\/\"},\"sameAs\":[\"https:\/\/www.facebook.com\/Footdavant\/\",\"https:\/\/twitter.com\/FootdavantFr\",\"https:\/\/www.instagram.com\/footdavant.fr\/\"]},{\"@type\":\"Person\",\"@id\":\"https:\/\/footdavant.fr\/actualites\/#\/schema\/person\/bc222566d95871b37e597b3ed3ba5e1d\",\"name\":\"Cl\u00e9ment\",\"image\":{\"@type\":\"ImageObject\",\"inLanguage\":\"fr-FR\",\"@id\":\"https:\/\/footdavant.fr\/actualites\/#\/schema\/person\/image\/\",\"url\":\"https:\/\/secure.gravatar.com\/avatar\/7728b29aac2719421e1a9159b2254c44?s=96&d=mm&r=g\",\"contentUrl\":\"https:\/\/secure.gravatar.com\/avatar\/7728b29aac2719421e1a9159b2254c44?s=96&d=mm&r=g\",\"caption\":\"Cl\u00e9ment\"},\"sameAs\":[\"https:\/\/footdavant.fr\/\"]}]}<\/script>\n<!-- \/ Yoast SEO plugin. -->","yoast_head_json":{"title":"Lucy Newell: la jeune de United Women rejoint officiellement Crystal Palace en pr\u00eat -","robots":{"index":"index","follow":"follow","max-snippet":"max-snippet:-1","max-image-preview":"max-image-preview:large","max-video-preview":"max-video-preview:-1"},"canonical":"https:\/\/footdavant.fr\/actualites\/lucy-newell-la-jeune-de-united-women-rejoint-officiellement-crystal-palace-en-pret\/","og_locale":"fr_FR","og_type":"article","og_title":"Lucy Newell: la jeune de United Women rejoint officiellement Crystal Palace en pr\u00eat -","og_description":"7 Manchester United Women a eu une fen\u00eatre hivernale incroyablement charg\u00e9e. Les tenants et les aboutissants L&#39;\u00e9quipe de Marc Skinner a consid\u00e9rablement renforc\u00e9 son effectif","og_url":"https:\/\/footdavant.fr\/actualites\/lucy-newell-la-jeune-de-united-women-rejoint-officiellement-crystal-palace-en-pret\/","og_site_name":"Foot d&#039;avant","article_publisher":"https:\/\/www.facebook.com\/Footdavant\/","article_published_time":"2026-01-24T10:48:08+00:00","article_modified_time":"2026-01-24T10:48:10+00:00","og_image":[{"width":1600,"height":709,"url":"https:\/\/footdavant.fr\/actualites\/wp-content\/uploads\/2026\/01\/Lucy-Newell-la-jeune-de-United-Women-rejoint-officiellement-Crystal.jpg","type":"image\/jpeg"}],"author":"Cl\u00e9ment","twitter_card":"summary_large_image","twitter_creator":"@FootdavantFr","twitter_site":"@FootdavantFr","twitter_misc":{"\u00c9crit par":"Cl\u00e9ment","Dur\u00e9e de lecture estim\u00e9e":"2 minutes"},"schema":{"@context":"https:\/\/schema.org","@graph":[{"@type":"Article","@id":"https:\/\/footdavant.fr\/actualites\/lucy-newell-la-jeune-de-united-women-rejoint-officiellement-crystal-palace-en-pret\/#article","isPartOf":{"@id":"https:\/\/footdavant.fr\/actualites\/lucy-newell-la-jeune-de-united-women-rejoint-officiellement-crystal-palace-en-pret\/"},"author":{"name":"Cl\u00e9ment","@id":"https:\/\/footdavant.fr\/actualites\/#\/schema\/person\/bc222566d95871b37e597b3ed3ba5e1d"},"headline":"Lucy Newell: la jeune de United Women rejoint officiellement Crystal Palace en pr\u00eat &#8211;","datePublished":"2026-01-24T10:48:08+00:00","dateModified":"2026-01-24T10:48:10+00:00","mainEntityOfPage":{"@id":"https:\/\/footdavant.fr\/actualites\/lucy-newell-la-jeune-de-united-women-rejoint-officiellement-crystal-palace-en-pret\/"},"wordCount":464,"publisher":{"@id":"https:\/\/footdavant.fr\/actualites\/#organization"},"keywords":["Crystal","jeune","Lucy","Newell","officiellement","Palace","pr\u00eat","rejoint","United","Women"],"articleSection":["Football"],"inLanguage":"fr-FR"},{"@type":"WebPage","@id":"https:\/\/footdavant.fr\/actualites\/lucy-newell-la-jeune-de-united-women-rejoint-officiellement-crystal-palace-en-pret\/","url":"https:\/\/footdavant.fr\/actualites\/lucy-newell-la-jeune-de-united-women-rejoint-officiellement-crystal-palace-en-pret\/","name":"Lucy Newell: la jeune de United Women rejoint officiellement Crystal Palace en pr\u00eat -","isPartOf":{"@id":"https:\/\/footdavant.fr\/actualites\/#website"},"datePublished":"2026-01-24T10:48:08+00:00","dateModified":"2026-01-24T10:48:10+00:00","breadcrumb":{"@id":"https:\/\/footdavant.fr\/actualites\/lucy-newell-la-jeune-de-united-women-rejoint-officiellement-crystal-palace-en-pret\/#breadcrumb"},"inLanguage":"fr-FR","potentialAction":[{"@type":"ReadAction","target":["https:\/\/footdavant.fr\/actualites\/lucy-newell-la-jeune-de-united-women-rejoint-officiellement-crystal-palace-en-pret\/"]}]},{"@type":"BreadcrumbList","@id":"https:\/\/footdavant.fr\/actualites\/lucy-newell-la-jeune-de-united-women-rejoint-officiellement-crystal-palace-en-pret\/#breadcrumb","itemListElement":[{"@type":"ListItem","position":1,"name":"Accueil","item":"https:\/\/footdavant.fr\/actualites\/"},{"@type":"ListItem","position":2,"name":"Lucy Newell: la jeune de United Women rejoint officiellement Crystal Palace en pr\u00eat &#8211;"}]},{"@type":"WebSite","@id":"https:\/\/footdavant.fr\/actualites\/#website","url":"https:\/\/footdavant.fr\/actualites\/","name":"Foot d'avant","description":"","publisher":{"@id":"https:\/\/footdavant.fr\/actualites\/#organization"},"potentialAction":[{"@type":"SearchAction","target":{"@type":"EntryPoint","urlTemplate":"https:\/\/footdavant.fr\/actualites\/?s={search_term_string}"},"query-input":"required name=search_term_string"}],"inLanguage":"fr-FR"},{"@type":"Organization","@id":"https:\/\/footdavant.fr\/actualites\/#organization","name":"Foot d'avant","url":"https:\/\/footdavant.fr\/actualites\/","logo":{"@type":"ImageObject","inLanguage":"fr-FR","@id":"https:\/\/footdavant.fr\/actualites\/#\/schema\/logo\/image\/","url":"https:\/\/footdavant.fr\/actualites\/wp-content\/uploads\/2023\/09\/Copy-of-FootDavant-Logo.png","contentUrl":"https:\/\/footdavant.fr\/actualites\/wp-content\/uploads\/2023\/09\/Copy-of-FootDavant-Logo.png","width":936,"height":549,"caption":"Foot d'avant"},"image":{"@id":"https:\/\/footdavant.fr\/actualites\/#\/schema\/logo\/image\/"},"sameAs":["https:\/\/www.facebook.com\/Footdavant\/","https:\/\/twitter.com\/FootdavantFr","https:\/\/www.instagram.com\/footdavant.fr\/"]},{"@type":"Person","@id":"https:\/\/footdavant.fr\/actualites\/#\/schema\/person\/bc222566d95871b37e597b3ed3ba5e1d","name":"Cl\u00e9ment","image":{"@type":"ImageObject","inLanguage":"fr-FR","@id":"https:\/\/footdavant.fr\/actualites\/#\/schema\/person\/image\/","url":"https:\/\/secure.gravatar.com\/avatar\/7728b29aac2719421e1a9159b2254c44?s=96&d=mm&r=g","contentUrl":"https:\/\/secure.gravatar.com\/avatar\/7728b29aac2719421e1a9159b2254c44?s=96&d=mm&r=g","caption":"Cl\u00e9ment"},"sameAs":["https:\/\/footdavant.fr\/"]}]}},"_links":{"self":[{"href":"https:\/\/footdavant.fr\/actualites\/wp-json\/wp\/v2\/posts\/33764"}],"collection":[{"href":"https:\/\/footdavant.fr\/actualites\/wp-json\/wp\/v2\/posts"}],"about":[{"href":"https:\/\/footdavant.fr\/actualites\/wp-json\/wp\/v2\/types\/post"}],"author":[{"embeddable":true,"href":"https:\/\/footdavant.fr\/actualites\/wp-json\/wp\/v2\/users\/1"}],"replies":[{"embeddable":true,"href":"https:\/\/footdavant.fr\/actualites\/wp-json\/wp\/v2\/comments?post=33764"}],"version-history":[{"count":1,"href":"https:\/\/footdavant.fr\/actualites\/wp-json\/wp\/v2\/posts\/33764\/revisions"}],"predecessor-version":[{"id":33766,"href":"https:\/\/footdavant.fr\/actualites\/wp-json\/wp\/v2\/posts\/33764\/revisions\/33766"}],"wp:featuredmedia":[{"embeddable":true,"href":"https:\/\/footdavant.fr\/actualites\/wp-json\/wp\/v2\/media\/33765"}],"wp:attachment":[{"href":"https:\/\/footdavant.fr\/actualites\/wp-json\/wp\/v2\/media?parent=33764"}],"wp:term":[{"taxonomy":"category","embeddable":true,"href":"https:\/\/footdavant.fr\/actualites\/wp-json\/wp\/v2\/categories?post=33764"},{"taxonomy":"post_tag","embeddable":true,"href":"https:\/\/footdavant.fr\/actualites\/wp-json\/wp\/v2\/tags?post=33764"}],"curies":[{"name":"wp","href":"https:\/\/api.w.org\/{rel}","templated":true}]}}