{"id":33770,"date":"2026-01-24T15:48:04","date_gmt":"2026-01-24T14:48:04","guid":{"rendered":"https:\/\/footdavant.fr\/actualites\/arteta-sur-labsence-de-havertz-gyokeres-arsenal-dans-les-tableaux-de-statistiques\/"},"modified":"2026-01-24T15:48:06","modified_gmt":"2026-01-24T14:48:06","slug":"arteta-sur-labsence-de-havertz-gyokeres-arsenal-dans-les-tableaux-de-statistiques","status":"publish","type":"post","link":"https:\/\/footdavant.fr\/actualites\/arteta-sur-labsence-de-havertz-gyokeres-arsenal-dans-les-tableaux-de-statistiques\/","title":{"rendered":"Arteta sur l&#39;absence de Havertz &#038; Gyokeres + Arsenal dans les tableaux de statistiques"},"content":{"rendered":"<div>\n<p>Bonjour \u00e0 tous, un petit tour d\u2019horizon du samedi pour vous.<\/p>\n<p>Apr\u00e8s l&#39;accent mis hier sur le genou de Kai Havertz, Mikel Arteta a \u00e9t\u00e9 interrog\u00e9 \u00e0 ce sujet lors de sa conf\u00e9rence de presse hier, James l&#39;interrogeant sur la situation. Comme on pouvait s&#39;y attendre, il a parl\u00e9 d&#39;\u00eatre prudent avec un joueur qui a \u00e9t\u00e9 absent pendant la majeure partie de l&#39;ann\u00e9e (avec deux blessures distinctes, pour \u00eatre clair), et avec Gabriel Jesus et Viktor Gyokeres \u00e0 nouveau disponibles, il n&#39;est pas n\u00e9cessaire de le presser.<\/p>\n<p>Les \u00e9tats du jeu peuvent jouer un r\u00f4le dans la fa\u00e7on dont nous le voyons, Arteta a d\u00e9clar\u00e9\u00a0:<\/p>\n<blockquote>\n<p>Nous devons \u00eatre tr\u00e8s intelligents dans la mani\u00e8re dont nous g\u00e9rons cette charge, les minutes, et je suis s\u00fbr que dans les prochaines semaines, il jouera en minutes. Je ne peux pas vous dire dans quelle comp\u00e9tition car cela d\u00e9pendra aussi du contexte de jeu, et c&#39;est un contexte qui est positif pour le lancer ou pas, avec ses qualit\u00e9s.<\/p>\n<\/blockquote>\n<p>Mais, si tout se passe bien, le plan est de le faire tourner \u00e0 plein r\u00e9gime pour la derni\u00e8re partie de la campagne :<\/p>\n<blockquote>\n<p>Apr\u00e8s une blessure \u00e0 long terme, ce n&#39;est pas seulement la p\u00e9riode pendant laquelle vous arrivez, c&#39;est ce qui se passe dans les six \u00e0 huit prochaines semaines, et nous voulons maintenir cela et g\u00e9rer cela tr\u00e8s bien afin de pouvoir avancer, comme vous l&#39;avez dit, lorsque tous les grands, gros matchs approchent et nous devons nous assurer que tout le monde est dans le bon \u00e9tat d&#39;esprit et physiquement au plus haut niveau.<\/p>\n<\/blockquote>\n<p>Il y avait aussi des choses sur Viktor Gyokeres, Arteta expliquant pourquoi ils l&#39;avaient choisi plut\u00f4t que Benjamin Sesko cet \u00e9t\u00e9, puis lui demandant de donner son \u00e9valuation du joueur, ce qui a suscit\u00e9 cette r\u00e9ponse\u00a0:<\/p>\n<blockquote>\n<p>Il est tr\u00e8s t\u00f4t pour \u00e9valuer. \u00c9valuons \u00e0 la fin de la saison, et parfois m\u00eame cela constitue un \u00e9chantillon tr\u00e8s court. [We need to] comprendre aussi la ligue dans laquelle nous sommes en comp\u00e9tition [in] et que se passe-t-il avec le [number] neufs \u00e0 travers la ligue, ainsi que la mani\u00e8re dont le jeu \u00e9volue. Il y a donc de nombreux facteurs \u00e0 prendre en compte [mind] et compter pour \u00e9valuer le joueur, puis nous allons \u00e9valuer le joueur non seulement sur l&#39;un des aspects du jeu, mais sur de nombreux aspects du jeu.<\/p>\n<\/blockquote>\n<p>Il est un peu fou que malgr\u00e9 toutes les signatures d\u2019attaquants d\u2019\u00e9t\u00e9 importants et de haut niveau, chacun d\u2019entre eux soit \u00e9clips\u00e9 (\u00e0 des degr\u00e9s divers) par un type \u00e0 Brentford que tout le monde avait oubli\u00e9. Igor Thiago a pratiquement rat\u00e9 toute la saison derni\u00e8re en raison d&#39;une blessure au genou, mais compte 17 buts toutes comp\u00e9titions confondues, dont 16 en Premier League. Il est le deuxi\u00e8me meilleur buteur juste derri\u00e8re Erling Haaland. Pendant ce temps, Hugo Ekitikes est le meilleur des \u00ab gros joueurs \u00bb avec 8, tandis que Gyokeres et Sesko en ont 9 \u00e0 eux deux (5 et 4 respectivement). Je me souviens du match d&#39;ouverture de la saison, le r\u00e9cit tournait autour des deux attaquants, qui s&#39;imposeraient, etc., mais en v\u00e9rit\u00e9, les deux ont eu du mal \u00e0 avoir le genre d&#39;impact que l&#39;un ou l&#39;autre club aurait souhait\u00e9.<\/p>\n<p>Il ne fait aucun doute que nous aurons une nouvelle confrontation lors de la pr\u00e9paration de demain, mais les deux camps poss\u00e8dent \u00e9galement beaucoup de menaces dans d&#39;autres domaines, il ne s&#39;agit donc pas seulement de la bataille des 9. Plus d&#39;informations sur ce jeu dans le blog d&#39;aper\u00e7u de dimanche.<\/p>\n<p>Pendant ce temps, en consultant les statistiques sur le site Web de la Premier League, il est assez remarquable qu&#39;Arsenal, avec 7 points d&#39;avance en t\u00eate au moment de la r\u00e9daction (jusqu&#39;\u00e0 ce que City batte absolument les Wolves aujourd&#39;hui, et il n&#39;y a aucune chance qu&#39;ils ne gagnent pas celui-l\u00e0), n&#39;a pas un seul joueur sur la premi\u00e8re page des \u00ab\u00a0graphiques\u00a0\u00bb de buts et de passes d\u00e9cisives.<\/p>\n<\/p>\n<p>Mon autre pens\u00e9e \u00e9tait : qui diable est Quilindschy Hartman ? Plus s\u00e9rieusement, c&#39;est une bizarrerie de notre saison que nous nous en sortions si bien, sans que personne ne livre vraiment de gros chiffres. Je l&#39;ai d\u00e9j\u00e0 dit, je pense que c&#39;est presque un encouragement, car si quelqu&#39;un commence \u00e0 les accumuler dans l&#39;une ou l&#39;autre cat\u00e9gorie, nous serons encore plus efficaces, alors croisons les doigts pour que ce soit le cas.<\/p>\n<p>Il est \u00e9galement assez \u00e9trange que pr\u00e8s de 6 mois apr\u00e8s le d\u00e9but de la saison, seuls deux attaquants dans l&#39;ensemble de la ligue aient atteint le double des buts marqu\u00e9s. Cela t\u00e9moigne peut-\u00eatre d\u2019un manque de qualit\u00e9 \u00e0 l\u2019avant dans la Premier League, d\u2019une plus grande concentration sur les buts des joueurs larges, d\u2019une approche plus collective dans toutes les \u00e9quipes, ou de tout autre chose. Je ne suis pas s\u00fbr, mais j&#39;ai l&#39;impression d&#39;une mani\u00e8re g\u00e9n\u00e9rale que ces chiffres sont faibles pour les meilleurs buteurs. Esp\u00e9rons que notre num\u00e9ro 9, quel qu&#39;il soit demain, pourra commencer \u00e0 faire des progr\u00e8s dans ce domaine.<\/p>\n<p>Bon, je pense que je vais en rester l\u00e0 pour le moment. Si vous avez besoin de quelque chose \u00e0 \u00e9couter, notre podcast d&#39;aper\u00e7u est d\u00e9sormais disponible sur Patreon, et je serai de retour ici demain avec un aper\u00e7u \u00e9crit du jeu \u00e9galement.<\/p>\n<p>Passez un bon samedi les amis.<\/p>\n<\/div>\n","protected":false},"excerpt":{"rendered":"<p>Bonjour \u00e0 tous, un petit tour d\u2019horizon du samedi pour vous. Apr\u00e8s l&#39;accent mis hier sur le genou de Kai Havertz, Mikel Arteta a \u00e9t\u00e9<\/p>\n","protected":false},"author":1,"featured_media":33771,"comment_status":"closed","ping_status":"","sticky":false,"template":"","format":"standard","meta":{"footnotes":""},"categories":[3],"tags":[67,211,19,2304,1307,4873,93,4115,103,11376],"yoast_head":"<!-- This site is optimized with the Yoast SEO plugin v21.0 - https:\/\/yoast.com\/wordpress\/plugins\/seo\/ -->\n<title>Arteta sur l&#039;absence de Havertz &amp; Gyokeres + Arsenal dans les tableaux de statistiques<\/title>\n<meta name=\"robots\" content=\"index, follow, max-snippet:-1, max-image-preview:large, max-video-preview:-1\" \/>\n<link rel=\"canonical\" href=\"https:\/\/footdavant.fr\/actualites\/arteta-sur-labsence-de-havertz-gyokeres-arsenal-dans-les-tableaux-de-statistiques\/\" \/>\n<meta property=\"og:locale\" content=\"fr_FR\" \/>\n<meta property=\"og:type\" content=\"article\" \/>\n<meta property=\"og:title\" content=\"Arteta sur l&#039;absence de Havertz &amp; Gyokeres + Arsenal dans les tableaux de statistiques\" \/>\n<meta property=\"og:description\" content=\"Bonjour \u00e0 tous, un petit tour d\u2019horizon du samedi pour vous. Apr\u00e8s l&#039;accent mis hier sur le genou de Kai Havertz, Mikel Arteta a \u00e9t\u00e9\" \/>\n<meta property=\"og:url\" content=\"https:\/\/footdavant.fr\/actualites\/arteta-sur-labsence-de-havertz-gyokeres-arsenal-dans-les-tableaux-de-statistiques\/\" \/>\n<meta property=\"og:site_name\" content=\"Foot d&#039;avant\" \/>\n<meta property=\"article:publisher\" content=\"https:\/\/www.facebook.com\/Footdavant\/\" \/>\n<meta property=\"article:published_time\" content=\"2026-01-24T14:48:04+00:00\" \/>\n<meta property=\"article:modified_time\" content=\"2026-01-24T14:48:06+00:00\" \/>\n<meta property=\"og:image\" content=\"https:\/\/footdavant.fr\/actualites\/wp-content\/uploads\/2026\/01\/1769266085_Arteta-sur-l39absence-de-Havertz-Gyokeres-Arsenal-dans.jpg\" \/>\n\t<meta property=\"og:image:width\" content=\"1500\" \/>\n\t<meta property=\"og:image:height\" content=\"750\" \/>\n\t<meta property=\"og:image:type\" content=\"image\/jpeg\" \/>\n<meta name=\"author\" content=\"Cl\u00e9ment\" \/>\n<meta name=\"twitter:card\" content=\"summary_large_image\" \/>\n<meta name=\"twitter:creator\" content=\"@FootdavantFr\" \/>\n<meta name=\"twitter:site\" content=\"@FootdavantFr\" \/>\n<meta name=\"twitter:label1\" content=\"\u00c9crit par\" \/>\n\t<meta name=\"twitter:data1\" content=\"Cl\u00e9ment\" \/>\n\t<meta name=\"twitter:label2\" content=\"Dur\u00e9e de lecture estim\u00e9e\" \/>\n\t<meta name=\"twitter:data2\" content=\"5 minutes\" \/>\n<script type=\"application\/ld+json\" class=\"yoast-schema-graph\">{\"@context\":\"https:\/\/schema.org\",\"@graph\":[{\"@type\":\"Article\",\"@id\":\"https:\/\/footdavant.fr\/actualites\/arteta-sur-labsence-de-havertz-gyokeres-arsenal-dans-les-tableaux-de-statistiques\/#article\",\"isPartOf\":{\"@id\":\"https:\/\/footdavant.fr\/actualites\/arteta-sur-labsence-de-havertz-gyokeres-arsenal-dans-les-tableaux-de-statistiques\/\"},\"author\":{\"name\":\"Cl\u00e9ment\",\"@id\":\"https:\/\/footdavant.fr\/actualites\/#\/schema\/person\/bc222566d95871b37e597b3ed3ba5e1d\"},\"headline\":\"Arteta sur l&#39;absence de Havertz &#038; Gyokeres + Arsenal dans les tableaux de statistiques\",\"datePublished\":\"2026-01-24T14:48:04+00:00\",\"dateModified\":\"2026-01-24T14:48:06+00:00\",\"mainEntityOfPage\":{\"@id\":\"https:\/\/footdavant.fr\/actualites\/arteta-sur-labsence-de-havertz-gyokeres-arsenal-dans-les-tableaux-de-statistiques\/\"},\"wordCount\":977,\"publisher\":{\"@id\":\"https:\/\/footdavant.fr\/actualites\/#organization\"},\"keywords\":[\"Arsenal\",\"Arteta\",\"dans\",\"Gyokeres\",\"Havertz\",\"l39absence\",\"les\",\"statistiques\",\"sur\",\"tableaux\"],\"articleSection\":[\"Football\"],\"inLanguage\":\"fr-FR\"},{\"@type\":\"WebPage\",\"@id\":\"https:\/\/footdavant.fr\/actualites\/arteta-sur-labsence-de-havertz-gyokeres-arsenal-dans-les-tableaux-de-statistiques\/\",\"url\":\"https:\/\/footdavant.fr\/actualites\/arteta-sur-labsence-de-havertz-gyokeres-arsenal-dans-les-tableaux-de-statistiques\/\",\"name\":\"Arteta sur l&#39;absence de Havertz & Gyokeres + Arsenal dans les tableaux de statistiques\",\"isPartOf\":{\"@id\":\"https:\/\/footdavant.fr\/actualites\/#website\"},\"datePublished\":\"2026-01-24T14:48:04+00:00\",\"dateModified\":\"2026-01-24T14:48:06+00:00\",\"breadcrumb\":{\"@id\":\"https:\/\/footdavant.fr\/actualites\/arteta-sur-labsence-de-havertz-gyokeres-arsenal-dans-les-tableaux-de-statistiques\/#breadcrumb\"},\"inLanguage\":\"fr-FR\",\"potentialAction\":[{\"@type\":\"ReadAction\",\"target\":[\"https:\/\/footdavant.fr\/actualites\/arteta-sur-labsence-de-havertz-gyokeres-arsenal-dans-les-tableaux-de-statistiques\/\"]}]},{\"@type\":\"BreadcrumbList\",\"@id\":\"https:\/\/footdavant.fr\/actualites\/arteta-sur-labsence-de-havertz-gyokeres-arsenal-dans-les-tableaux-de-statistiques\/#breadcrumb\",\"itemListElement\":[{\"@type\":\"ListItem\",\"position\":1,\"name\":\"Accueil\",\"item\":\"https:\/\/footdavant.fr\/actualites\/\"},{\"@type\":\"ListItem\",\"position\":2,\"name\":\"Arteta sur l&#39;absence de Havertz &#038; Gyokeres + Arsenal dans les tableaux de statistiques\"}]},{\"@type\":\"WebSite\",\"@id\":\"https:\/\/footdavant.fr\/actualites\/#website\",\"url\":\"https:\/\/footdavant.fr\/actualites\/\",\"name\":\"Foot d'avant\",\"description\":\"\",\"publisher\":{\"@id\":\"https:\/\/footdavant.fr\/actualites\/#organization\"},\"potentialAction\":[{\"@type\":\"SearchAction\",\"target\":{\"@type\":\"EntryPoint\",\"urlTemplate\":\"https:\/\/footdavant.fr\/actualites\/?s={search_term_string}\"},\"query-input\":\"required name=search_term_string\"}],\"inLanguage\":\"fr-FR\"},{\"@type\":\"Organization\",\"@id\":\"https:\/\/footdavant.fr\/actualites\/#organization\",\"name\":\"Foot d'avant\",\"url\":\"https:\/\/footdavant.fr\/actualites\/\",\"logo\":{\"@type\":\"ImageObject\",\"inLanguage\":\"fr-FR\",\"@id\":\"https:\/\/footdavant.fr\/actualites\/#\/schema\/logo\/image\/\",\"url\":\"https:\/\/footdavant.fr\/actualites\/wp-content\/uploads\/2023\/09\/Copy-of-FootDavant-Logo.png\",\"contentUrl\":\"https:\/\/footdavant.fr\/actualites\/wp-content\/uploads\/2023\/09\/Copy-of-FootDavant-Logo.png\",\"width\":936,\"height\":549,\"caption\":\"Foot d'avant\"},\"image\":{\"@id\":\"https:\/\/footdavant.fr\/actualites\/#\/schema\/logo\/image\/\"},\"sameAs\":[\"https:\/\/www.facebook.com\/Footdavant\/\",\"https:\/\/twitter.com\/FootdavantFr\",\"https:\/\/www.instagram.com\/footdavant.fr\/\"]},{\"@type\":\"Person\",\"@id\":\"https:\/\/footdavant.fr\/actualites\/#\/schema\/person\/bc222566d95871b37e597b3ed3ba5e1d\",\"name\":\"Cl\u00e9ment\",\"image\":{\"@type\":\"ImageObject\",\"inLanguage\":\"fr-FR\",\"@id\":\"https:\/\/footdavant.fr\/actualites\/#\/schema\/person\/image\/\",\"url\":\"https:\/\/secure.gravatar.com\/avatar\/7728b29aac2719421e1a9159b2254c44?s=96&d=mm&r=g\",\"contentUrl\":\"https:\/\/secure.gravatar.com\/avatar\/7728b29aac2719421e1a9159b2254c44?s=96&d=mm&r=g\",\"caption\":\"Cl\u00e9ment\"},\"sameAs\":[\"https:\/\/footdavant.fr\/\"]}]}<\/script>\n<!-- \/ Yoast SEO plugin. -->","yoast_head_json":{"title":"Arteta sur l&#39;absence de Havertz & Gyokeres + Arsenal dans les tableaux de statistiques","robots":{"index":"index","follow":"follow","max-snippet":"max-snippet:-1","max-image-preview":"max-image-preview:large","max-video-preview":"max-video-preview:-1"},"canonical":"https:\/\/footdavant.fr\/actualites\/arteta-sur-labsence-de-havertz-gyokeres-arsenal-dans-les-tableaux-de-statistiques\/","og_locale":"fr_FR","og_type":"article","og_title":"Arteta sur l&#39;absence de Havertz & Gyokeres + Arsenal dans les tableaux de statistiques","og_description":"Bonjour \u00e0 tous, un petit tour d\u2019horizon du samedi pour vous. Apr\u00e8s l&#39;accent mis hier sur le genou de Kai Havertz, Mikel Arteta a \u00e9t\u00e9","og_url":"https:\/\/footdavant.fr\/actualites\/arteta-sur-labsence-de-havertz-gyokeres-arsenal-dans-les-tableaux-de-statistiques\/","og_site_name":"Foot d&#039;avant","article_publisher":"https:\/\/www.facebook.com\/Footdavant\/","article_published_time":"2026-01-24T14:48:04+00:00","article_modified_time":"2026-01-24T14:48:06+00:00","og_image":[{"width":1500,"height":750,"url":"https:\/\/footdavant.fr\/actualites\/wp-content\/uploads\/2026\/01\/1769266085_Arteta-sur-l39absence-de-Havertz-Gyokeres-Arsenal-dans.jpg","type":"image\/jpeg"}],"author":"Cl\u00e9ment","twitter_card":"summary_large_image","twitter_creator":"@FootdavantFr","twitter_site":"@FootdavantFr","twitter_misc":{"\u00c9crit par":"Cl\u00e9ment","Dur\u00e9e de lecture estim\u00e9e":"5 minutes"},"schema":{"@context":"https:\/\/schema.org","@graph":[{"@type":"Article","@id":"https:\/\/footdavant.fr\/actualites\/arteta-sur-labsence-de-havertz-gyokeres-arsenal-dans-les-tableaux-de-statistiques\/#article","isPartOf":{"@id":"https:\/\/footdavant.fr\/actualites\/arteta-sur-labsence-de-havertz-gyokeres-arsenal-dans-les-tableaux-de-statistiques\/"},"author":{"name":"Cl\u00e9ment","@id":"https:\/\/footdavant.fr\/actualites\/#\/schema\/person\/bc222566d95871b37e597b3ed3ba5e1d"},"headline":"Arteta sur l&#39;absence de Havertz &#038; Gyokeres + Arsenal dans les tableaux de statistiques","datePublished":"2026-01-24T14:48:04+00:00","dateModified":"2026-01-24T14:48:06+00:00","mainEntityOfPage":{"@id":"https:\/\/footdavant.fr\/actualites\/arteta-sur-labsence-de-havertz-gyokeres-arsenal-dans-les-tableaux-de-statistiques\/"},"wordCount":977,"publisher":{"@id":"https:\/\/footdavant.fr\/actualites\/#organization"},"keywords":["Arsenal","Arteta","dans","Gyokeres","Havertz","l39absence","les","statistiques","sur","tableaux"],"articleSection":["Football"],"inLanguage":"fr-FR"},{"@type":"WebPage","@id":"https:\/\/footdavant.fr\/actualites\/arteta-sur-labsence-de-havertz-gyokeres-arsenal-dans-les-tableaux-de-statistiques\/","url":"https:\/\/footdavant.fr\/actualites\/arteta-sur-labsence-de-havertz-gyokeres-arsenal-dans-les-tableaux-de-statistiques\/","name":"Arteta sur l&#39;absence de Havertz & Gyokeres + Arsenal dans les tableaux de statistiques","isPartOf":{"@id":"https:\/\/footdavant.fr\/actualites\/#website"},"datePublished":"2026-01-24T14:48:04+00:00","dateModified":"2026-01-24T14:48:06+00:00","breadcrumb":{"@id":"https:\/\/footdavant.fr\/actualites\/arteta-sur-labsence-de-havertz-gyokeres-arsenal-dans-les-tableaux-de-statistiques\/#breadcrumb"},"inLanguage":"fr-FR","potentialAction":[{"@type":"ReadAction","target":["https:\/\/footdavant.fr\/actualites\/arteta-sur-labsence-de-havertz-gyokeres-arsenal-dans-les-tableaux-de-statistiques\/"]}]},{"@type":"BreadcrumbList","@id":"https:\/\/footdavant.fr\/actualites\/arteta-sur-labsence-de-havertz-gyokeres-arsenal-dans-les-tableaux-de-statistiques\/#breadcrumb","itemListElement":[{"@type":"ListItem","position":1,"name":"Accueil","item":"https:\/\/footdavant.fr\/actualites\/"},{"@type":"ListItem","position":2,"name":"Arteta sur l&#39;absence de Havertz &#038; Gyokeres + Arsenal dans les tableaux de statistiques"}]},{"@type":"WebSite","@id":"https:\/\/footdavant.fr\/actualites\/#website","url":"https:\/\/footdavant.fr\/actualites\/","name":"Foot d'avant","description":"","publisher":{"@id":"https:\/\/footdavant.fr\/actualites\/#organization"},"potentialAction":[{"@type":"SearchAction","target":{"@type":"EntryPoint","urlTemplate":"https:\/\/footdavant.fr\/actualites\/?s={search_term_string}"},"query-input":"required name=search_term_string"}],"inLanguage":"fr-FR"},{"@type":"Organization","@id":"https:\/\/footdavant.fr\/actualites\/#organization","name":"Foot d'avant","url":"https:\/\/footdavant.fr\/actualites\/","logo":{"@type":"ImageObject","inLanguage":"fr-FR","@id":"https:\/\/footdavant.fr\/actualites\/#\/schema\/logo\/image\/","url":"https:\/\/footdavant.fr\/actualites\/wp-content\/uploads\/2023\/09\/Copy-of-FootDavant-Logo.png","contentUrl":"https:\/\/footdavant.fr\/actualites\/wp-content\/uploads\/2023\/09\/Copy-of-FootDavant-Logo.png","width":936,"height":549,"caption":"Foot d'avant"},"image":{"@id":"https:\/\/footdavant.fr\/actualites\/#\/schema\/logo\/image\/"},"sameAs":["https:\/\/www.facebook.com\/Footdavant\/","https:\/\/twitter.com\/FootdavantFr","https:\/\/www.instagram.com\/footdavant.fr\/"]},{"@type":"Person","@id":"https:\/\/footdavant.fr\/actualites\/#\/schema\/person\/bc222566d95871b37e597b3ed3ba5e1d","name":"Cl\u00e9ment","image":{"@type":"ImageObject","inLanguage":"fr-FR","@id":"https:\/\/footdavant.fr\/actualites\/#\/schema\/person\/image\/","url":"https:\/\/secure.gravatar.com\/avatar\/7728b29aac2719421e1a9159b2254c44?s=96&d=mm&r=g","contentUrl":"https:\/\/secure.gravatar.com\/avatar\/7728b29aac2719421e1a9159b2254c44?s=96&d=mm&r=g","caption":"Cl\u00e9ment"},"sameAs":["https:\/\/footdavant.fr\/"]}]}},"_links":{"self":[{"href":"https:\/\/footdavant.fr\/actualites\/wp-json\/wp\/v2\/posts\/33770"}],"collection":[{"href":"https:\/\/footdavant.fr\/actualites\/wp-json\/wp\/v2\/posts"}],"about":[{"href":"https:\/\/footdavant.fr\/actualites\/wp-json\/wp\/v2\/types\/post"}],"author":[{"embeddable":true,"href":"https:\/\/footdavant.fr\/actualites\/wp-json\/wp\/v2\/users\/1"}],"replies":[{"embeddable":true,"href":"https:\/\/footdavant.fr\/actualites\/wp-json\/wp\/v2\/comments?post=33770"}],"version-history":[{"count":1,"href":"https:\/\/footdavant.fr\/actualites\/wp-json\/wp\/v2\/posts\/33770\/revisions"}],"predecessor-version":[{"id":33772,"href":"https:\/\/footdavant.fr\/actualites\/wp-json\/wp\/v2\/posts\/33770\/revisions\/33772"}],"wp:featuredmedia":[{"embeddable":true,"href":"https:\/\/footdavant.fr\/actualites\/wp-json\/wp\/v2\/media\/33771"}],"wp:attachment":[{"href":"https:\/\/footdavant.fr\/actualites\/wp-json\/wp\/v2\/media?parent=33770"}],"wp:term":[{"taxonomy":"category","embeddable":true,"href":"https:\/\/footdavant.fr\/actualites\/wp-json\/wp\/v2\/categories?post=33770"},{"taxonomy":"post_tag","embeddable":true,"href":"https:\/\/footdavant.fr\/actualites\/wp-json\/wp\/v2\/tags?post=33770"}],"curies":[{"name":"wp","href":"https:\/\/api.w.org\/{rel}","templated":true}]}}