{"id":33773,"date":"2026-01-24T17:48:07","date_gmt":"2026-01-24T16:48:07","guid":{"rendered":"https:\/\/footdavant.fr\/actualites\/la-carriere-de-guehi-a-crystal-palace-en-chiffres-alors-que-le-defenseur-fait-ses-adieux-avec-emotion-apres-avoir-termine-le-transfert-a-man-city\/"},"modified":"2026-01-24T17:48:08","modified_gmt":"2026-01-24T16:48:08","slug":"la-carriere-de-guehi-a-crystal-palace-en-chiffres-alors-que-le-defenseur-fait-ses-adieux-avec-emotion-apres-avoir-termine-le-transfert-a-man-city","status":"publish","type":"post","link":"https:\/\/footdavant.fr\/actualites\/la-carriere-de-guehi-a-crystal-palace-en-chiffres-alors-que-le-defenseur-fait-ses-adieux-avec-emotion-apres-avoir-termine-le-transfert-a-man-city\/","title":{"rendered":"La carri\u00e8re de Guehi \u00e0 Crystal Palace en chiffres alors que le d\u00e9fenseur fait ses adieux avec \u00e9motion apr\u00e8s avoir termin\u00e9 le transfert \u00e0 Man City"},"content":{"rendered":"<div itemprop=\"articleBody\">\n<p style=\"margin-bottom:11px\">Marc Guehi a fait ses adieux \u00e9mouvants \u00e0 Crystal Palace apr\u00e8s avoir finalis\u00e9 son transfert \u00e0 Manchester City.<\/p>\n<p>L&#39;international anglais de 25 ans a suscit\u00e9 l&#39;int\u00e9r\u00eat de nombreux grands clubs europ\u00e9ens et a failli rejoindre Liverpool, champion en titre de la Premier League, l&#39;\u00e9t\u00e9 dernier, avant que l&#39;accord n&#39;aboutisse \u00e0 la onzi\u00e8me heure.<\/p>\n<p>Guehi \u00e9tait en fin de contrat \u00e0 la fin de la saison et Palace a pris la d\u00e9cision de vendre le d\u00e9fenseur \u00e0 Man City ce mois-ci pour un montant initial de 20 millions de livres sterling plus les suppl\u00e9ments, \u00e9vitant ainsi la possibilit\u00e9 de le perdre gratuitement cet \u00e9t\u00e9.<\/p>\n<p>Suite \u00e0 la confirmation de son transfert \u00e0 l&#39;Etihad Stadium, Guehi a d\u00e9clar\u00e9 qu&#39;il \u00e9tait arriv\u00e9 dans le \u00ab\u00a0meilleur club d&#39;Angleterre\u00a0\u00bb et que rejoindre une \u00e9quipe de la stature de Man City \u00e9tait \u00ab\u00a0un moment vraiment sp\u00e9cial pour moi et ma famille\u00a0\u00bb.<\/p>\n<p>Guehi a \u00e9galement exprim\u00e9 sa gratitude et sa chance d&#39;avoir repr\u00e9sent\u00e9 Crystal Palace pendant une p\u00e9riode r\u00e9ussie de quatre ans et demi au cours de laquelle il a c\u00e9l\u00e9br\u00e9 les triomphes de la FA Cup et du Community Shield, et a \u00e9galement dirig\u00e9 le club dans sa campagne europ\u00e9enne inaugurale cette saison.<\/p>\n<blockquote class=\"twitter-tweet\" data-media-max-width=\"560\"><p>&#13;<\/p>\n<p dir=\"ltr\" lang=\"en\">Un gar\u00e7on du sud de Londres devenu une l\u00e9gende du Crystal Palace ? <a rel=\"nofollow\" href=\"https:\/\/t.co\/Iua6UtDwaH\">pic.twitter.com\/Iua6UtDwaH<\/a><\/p>\n<p>\u2013 Crystal Palace FC (@CPFC) <a rel=\"nofollow\" href=\"https:\/\/twitter.com\/CPFC\/status\/2013273493383631246?ref_src=twsrc%5Etfw\">19 janvier 2026<\/a><\/p><\/blockquote>\n<h2>Le message d&#39;adieu de Marc Guehi \u00e0 Crystal Palace dans son int\u00e9gralit\u00e9<\/h2>\n<p>\u00ab\u00a0Je pense que l&#39;\u00e9motion dominante pour moi est la gratitude. Je suis incroyablement reconnaissant d&#39;avoir jou\u00e9 dans ce club de football\u00a0\u00bb, a d\u00e9clar\u00e9 Guehi dans son message d&#39;adieu \u00e0 Crystal Palace.<\/p>\n<p>\u00ab\u00a0Tant de grands joueurs sont venus ici et ont laiss\u00e9 leur marque, et je pense que le simple fait d&#39;\u00eatre quelqu&#39;un qui vient tout juste d&#39;entrer dans ce club de football et de pouvoir jouer devant ces fans incroyables a \u00e9t\u00e9 un voyage incroyable pour moi.<\/p>\n<p>\u00ab\u00a0En tant que gar\u00e7on du sud de Londres repr\u00e9sentant un club du sud de Londres, je comprends ce que ressent chaque fan. C&#39;est absolument tout pour eux. C&#39;est leur vie. C&#39;est leur religion. C&#39;est ce qui les fait se lever le matin. C&#39;est ce qui leur donne de la joie. C&#39;est ce qui leur apporte de la tristesse. Toutes les \u00e9motions possibles sont li\u00e9es au club de football.<\/p>\n<p>\u00ab\u00a0Porter le brassard de ce club de football a \u00e9t\u00e9 une telle b\u00e9n\u00e9diction. C&#39;\u00e9tait une responsabilit\u00e9 tellement incroyable \u00e0 assumer \u00e0 un si jeune \u00e2ge, mais savoir que j&#39;avais le soutien de tous les fans \u00e9tait incroyable.<\/p>\n<p>\u00ab\u00a0La culture de l&#39;\u00e9quipe, la culture du club de football, est incarn\u00e9e par les fans, et est incarn\u00e9e par la communaut\u00e9 et par ce que le sud de Londres signifie pour chaque personne, ce que le sud de Londres signifie pour moi. Je pense que toutes les personnes avec qui j&#39;ai jou\u00e9, tous les entra\u00eeneurs avec lesquels j&#39;ai \u00e9t\u00e9 entra\u00een\u00e9, ils l&#39;ont tous compris.<\/p>\n<p>\u00ab\u00a0Je suis incroyablement reconnaissant d&#39;avoir jou\u00e9 avec autant de joueurs fantastiques. Je suis le produit de chaque rencontre que j&#39;ai eue avec chacun de mes co\u00e9quipiers sur le terrain et en dehors du terrain. Ils ont fait de moi une meilleure personne. Ils ont fait de moi un meilleur joueur de football. Ils m&#39;ont permis de grandir. Je suis tellement reconnaissant d&#39;avoir jou\u00e9 avec chacun d&#39;entre eux.<\/p>\n<p>\u00ab\u00a0Je suis particuli\u00e8rement reconnaissant envers mes coachs qui m&#39;ont aid\u00e9 \u00e0 grandir, m&#39;ont aid\u00e9 \u00e0 m&#39;am\u00e9liorer chaque jour. Dieu les a mis dans ma vie pour me permettre d&#39;\u00eatre l\u00e0 o\u00f9 je suis aujourd&#39;hui.<\/p>\n<p>\u00ab\u00a0J&#39;arrive au travail tous les jours avec le sourire aux l\u00e8vres parce qu&#39;il y a de bonnes personnes au club de football. C&#39;est \u00e7a le sud de Londres. C&#39;est \u00e7a le Crystal Palace : avoir de bonnes personnes qui aiment le club de football et qui veulent juste faire du bien \u00e0 chacun.<\/p>\n<p>\u00ab\u00a0Je suis incroyablement reconnaissant envers chaque membre du personnel. Si je pouvais citer le nom de chaque personne, je le ferais. Ce qu&#39;ils ont fait pour moi et les rencontres que nous avons eues et les souvenirs que nous avons partag\u00e9s, je le ferais. Merci simplement. Merci \u00e0 chaque personne.<\/p>\n<div>\n<div>\n<div>\n<div>\n<div>\n<div>\n<div>\n<p>\u00a9 Imago<\/p>\n<\/div>\n<\/div>\n<\/div>\n<\/div>\n<\/div>\n<\/div>\n<\/div>\n<h2>\u00ab\u00a0Aucun mot ne peut r\u00e9sumer \u00e0 quel point tu comptes pour moi\u00a0\u00bb<\/h2>\n<p>\u00ab\u00a0Quand j&#39;ai \u00e9t\u00e9 transf\u00e9r\u00e9 au club de football et que j&#39;ai jou\u00e9 mon premier match contre Chelsea (en ao\u00fbt 2021), nous avons perdu 3-0. Ce n&#39;\u00e9tait pas un grand jour, mais il n&#39;y avait qu&#39;un seul fan qui chantait ce jour-l\u00e0, sachant tr\u00e8s bien quel \u00e9tait le score, sachant tr\u00e8s bien quel \u00e9tait le r\u00e9sultat. Palace \u00e9tait l\u00e0, soutenant chacun d&#39;entre nous de la premi\u00e8re minute \u00e0 la derni\u00e8re minute.<\/p>\n<p>\u00ab\u00a0Cela, pour moi, est un t\u00e9moignage du club de football, un t\u00e9moignage des fans et de ce qu&#39;ils repr\u00e9sentent. Litt\u00e9ralement, contre vents et mar\u00e9es, ils sont l\u00e0 pour vous &#8211; et je pense que c&#39;est un souvenir incroyable qui me restera pour le reste de ma vie.<\/p>\n<p>\u00ab\u00a0Gagner la FA Cup, remporter le Community Shield&#8230; mais certainement la FA Cup, je ne consid\u00e8re m\u00eame pas cela comme un exploit pour moi. C&#39;est exactement ce que chaque fan m\u00e9rite.<\/p>\n<p>\u00ab\u00a0Venir \u00e0 chaque match pour soutenir cette \u00e9quipe sur la route, \u00e0 domicile, peu importe la m\u00e9t\u00e9o, quelles que soient les circonstances&#8230; Je pense que chaque fan m\u00e9rite cela, et je suis si heureux d&#39;en avoir fait partie. Je suis si heureux que les fans aient pu vivre cela, parce que c&#39;est une joie incroyable, et ils ne m\u00e9ritent rien d&#39;autre que cela.<\/p>\n<p>\u00ab\u00a0Aucun des mots que je dis ici aujourd&#39;hui ne peut r\u00e9sumer \u00e0 quel point vous comptez pour moi. Je vais essayer de ne pas devenir \u00e9motif, mais le mot \u00ab\u00a0famille\u00a0\u00bb me vient \u00e0 l&#39;esprit &#8211; et quand je pense \u00e0 la famille, je pense aux gens qui se serrent les coudes.<\/p>\n<p>\u00ab\u00a0Je pense aux moments difficiles o\u00f9 ce club de football luttait contre la rel\u00e9gation. Je pense aux matchs que nous avons perdus. Je pense aux sommets, et peu importe le moment ou la saison dans laquelle nous \u00e9tions en tant qu&#39;\u00e9quipe \u2013 les fans \u00e9taient toujours solidaires. Les fans \u00e9taient toujours l\u00e0, pour me soutenir, pour soutenir l&#39;\u00e9quipe, et pas seulement en tant que joueur, mais en tant que personne, vous ne pouvez rien demander de plus.<\/p>\n<p>\u00ab\u00a0Je veux juste vous dire un grand merci. Comme je l&#39;ai dit, ces mots ne suffisent pas \u00e0 montrer \u00e0 quel point vous comptez pour moi et mon appr\u00e9ciation.<\/p>\n<p>\u00ab\u00a0J&#39;ai jou\u00e9 pour ce club de football, et donc j&#39;ai jou\u00e9 devant vous, et pour que vous me permettiez de grandir et d&#39;\u00eatre la personne que je suis aujourd&#39;hui &#8211; juste un grand merci\u00a0\u00bb.<\/p>\n<p>\u00ab\u00a0Merci beaucoup pour tout ce que vous avez fait pour moi, pour l&#39;opportunit\u00e9 de jouer en Premier League, pour l&#39;opportunit\u00e9 de devenir capitaine du club de football, pour l&#39;opportunit\u00e9 pour un enfant normal de r\u00e9aliser son r\u00eave. Merci.\u00a0\u00bb<\/p>\n<div>\n<div>\n<div>\n<div>\n<div>\n<div>\n<div><img decoding=\"async\" data-img-id=\"147944\" class=\"lazy\" loading=\"lazy\" src=\"https:\/\/footdavant.fr\/actualites\/wp-content\/uploads\/2026\/01\/La-carriere-de-Guehi-a-Crystal-Palace-en-chiffres-alors.jpg\"\/><\/p>\n<p>\u00a9 Imago<\/p>\n<\/div>\n<\/div>\n<\/div>\n<\/div>\n<\/div>\n<\/div>\n<\/div>\n<h2>La carri\u00e8re de Marc Guehi \u00e0 Crystal Palace en chiffres<\/h2>\n<p>18 juillet 2021 \u2013 Date \u00e0 laquelle Guehi a finalis\u00e9 son transfert permanent \u00e0 Crystal Palace depuis Chelsea pour un montant de 18 millions de livres sterling.<\/p>\n<p>6 \u2013 Num\u00e9ro de maillot de Guehi au cours de ses quatre ans et demi de carri\u00e8re au Palace.<\/p>\n<p>188 \u2013 Nombre total d&#39;apparitions pour Palace dans toutes les comp\u00e9titions, dont 183 d\u00e9parts et cinq sorties de remplacement.<\/p>\n<p>16 380 \u2013 Nombre total de minutes jou\u00e9es en \u00e9quipe premi\u00e8re pour Palace dans tous les tournois, dont 13 436 en Premier League, 1 321 en FA Cup et 611 en comp\u00e9tition europ\u00e9enne.<\/p>\n<p>101 \u2013 Nombre total de fois o\u00f9 Guehi a port\u00e9 le brassard de capitaine pour Palace, y compris sa premi\u00e8re lors d&#39;une victoire 4-1 en Premier League contre Watford en f\u00e9vrier 2022.<\/p>\n<p>2 \u2013 Troph\u00e9es remport\u00e9s par Guehi en tant que joueur du Palace (FA Cup 2025 et Community Shield 2025).<\/p>\n<p>53 \u2013 Nombre total de feuilles blanches enregistr\u00e9es par Palace lorsque Guehi jouait (les Eagles ont gard\u00e9 leur cage inviol\u00e9e dans 28,2% de ses 188 apparitions).<\/p>\n<p>11 \u2013 Buts marqu\u00e9s pour Palace dans toutes les comp\u00e9titions, y compris son premier lors d&#39;un match nul 3-3 en Premier League avec Burnley \u00e0 Turf Moor en novembre 2021, et son dernier contre Arsenal lors d&#39;une d\u00e9faite en quart de finale de la Coupe EFL (aux tirs au but) en d\u00e9cembre 2025.<\/p>\n<p>8 \u2013 Assistes enregistr\u00e9es pour Palace dans toutes les comp\u00e9titions, dont trois en Premier League cette saison.<\/p>\n<p>3-0 \u2013 Premi\u00e8re victoire de Guehi en tant que joueur de Palace en Premier League \u00e0 domicile contre Tottenham Hotspur en septembre 2021.<\/p>\n<p>5-0 \u2013 La plus grande victoire \u00e0 domicile de Guehi pour Palace en Premier League contre Aston Villa en mai 2024.<\/p>\n<p>26 \u2013 Nombre total de s\u00e9lections seniors anglaises remport\u00e9es pendant son s\u00e9jour \u00e0 Palace, y compris ses d\u00e9buts internationaux contre la Suisse en mars 2022.<\/p>\n<p>1 \u2013 Guehi est devenu le tout premier joueur de Crystal Palace \u00e0 participer \u00e0 une finale du Championnat d&#39;Europe lorsqu&#39;il a particip\u00e9 \u00e0 la d\u00e9faite 2-1 de l&#39;Angleterre contre l&#39;Espagne en juillet 2024.<\/p>\n<\/div>\n<p><script async src=\"https:\/\/platform.twitter.com\/widgets.js\" charset=\"utf-8\"><\/script><\/p>\n","protected":false},"excerpt":{"rendered":"<p>Marc Guehi a fait ses adieux \u00e9mouvants \u00e0 Crystal Palace apr\u00e8s avoir finalis\u00e9 son transfert \u00e0 Manchester City. L&#39;international anglais de 25 ans a suscit\u00e9<\/p>\n","protected":false},"author":1,"featured_media":33774,"comment_status":"closed","ping_status":"","sticky":false,"template":"","format":"standard","meta":{"footnotes":""},"categories":[5],"tags":[5012,318,25,91,156,597,2064,27,1008,928,11377,152,1679,24,815,154,2205,700],"yoast_head":"<!-- This site is optimized with the Yoast SEO plugin v21.0 - https:\/\/yoast.com\/wordpress\/plugins\/seo\/ -->\n<title>La carri\u00e8re de Guehi \u00e0 Crystal Palace en chiffres alors que le d\u00e9fenseur fait ses adieux avec \u00e9motion apr\u00e8s avoir termin\u00e9 le transfert \u00e0 Man City<\/title>\n<meta name=\"robots\" content=\"index, follow, max-snippet:-1, max-image-preview:large, max-video-preview:-1\" \/>\n<link rel=\"canonical\" href=\"https:\/\/footdavant.fr\/actualites\/la-carriere-de-guehi-a-crystal-palace-en-chiffres-alors-que-le-defenseur-fait-ses-adieux-avec-emotion-apres-avoir-termine-le-transfert-a-man-city\/\" \/>\n<meta property=\"og:locale\" content=\"fr_FR\" \/>\n<meta property=\"og:type\" content=\"article\" \/>\n<meta property=\"og:title\" content=\"La carri\u00e8re de Guehi \u00e0 Crystal Palace en chiffres alors que le d\u00e9fenseur fait ses adieux avec \u00e9motion apr\u00e8s avoir termin\u00e9 le transfert \u00e0 Man City\" \/>\n<meta property=\"og:description\" content=\"Marc Guehi a fait ses adieux \u00e9mouvants \u00e0 Crystal Palace apr\u00e8s avoir finalis\u00e9 son transfert \u00e0 Manchester City. L&#039;international anglais de 25 ans a suscit\u00e9\" \/>\n<meta property=\"og:url\" content=\"https:\/\/footdavant.fr\/actualites\/la-carriere-de-guehi-a-crystal-palace-en-chiffres-alors-que-le-defenseur-fait-ses-adieux-avec-emotion-apres-avoir-termine-le-transfert-a-man-city\/\" \/>\n<meta property=\"og:site_name\" content=\"Foot d&#039;avant\" \/>\n<meta property=\"article:publisher\" content=\"https:\/\/www.facebook.com\/Footdavant\/\" \/>\n<meta property=\"article:published_time\" content=\"2026-01-24T16:48:07+00:00\" \/>\n<meta property=\"article:modified_time\" content=\"2026-01-24T16:48:08+00:00\" \/>\n<meta property=\"og:image\" content=\"https:\/\/footdavant.fr\/actualites\/wp-content\/uploads\/2026\/01\/La-carriere-de-Guehi-a-Crystal-Palace-en-chiffres-alors.net2Fuploads2F20252F082Fmg-6898e8bc5201c.webp\" \/>\n\t<meta property=\"og:image:width\" content=\"720\" \/>\n\t<meta property=\"og:image:height\" content=\"410\" \/>\n\t<meta property=\"og:image:type\" content=\"image\/webp\" \/>\n<meta name=\"author\" content=\"Cl\u00e9ment\" \/>\n<meta name=\"twitter:card\" content=\"summary_large_image\" \/>\n<meta name=\"twitter:creator\" content=\"@FootdavantFr\" \/>\n<meta name=\"twitter:site\" content=\"@FootdavantFr\" \/>\n<meta name=\"twitter:label1\" content=\"\u00c9crit par\" \/>\n\t<meta name=\"twitter:data1\" content=\"Cl\u00e9ment\" \/>\n\t<meta name=\"twitter:label2\" content=\"Dur\u00e9e de lecture estim\u00e9e\" \/>\n\t<meta name=\"twitter:data2\" content=\"8 minutes\" \/>\n<script type=\"application\/ld+json\" class=\"yoast-schema-graph\">{\"@context\":\"https:\/\/schema.org\",\"@graph\":[{\"@type\":\"Article\",\"@id\":\"https:\/\/footdavant.fr\/actualites\/la-carriere-de-guehi-a-crystal-palace-en-chiffres-alors-que-le-defenseur-fait-ses-adieux-avec-emotion-apres-avoir-termine-le-transfert-a-man-city\/#article\",\"isPartOf\":{\"@id\":\"https:\/\/footdavant.fr\/actualites\/la-carriere-de-guehi-a-crystal-palace-en-chiffres-alors-que-le-defenseur-fait-ses-adieux-avec-emotion-apres-avoir-termine-le-transfert-a-man-city\/\"},\"author\":{\"name\":\"Cl\u00e9ment\",\"@id\":\"https:\/\/footdavant.fr\/actualites\/#\/schema\/person\/bc222566d95871b37e597b3ed3ba5e1d\"},\"headline\":\"La carri\u00e8re de Guehi \u00e0 Crystal Palace en chiffres alors que le d\u00e9fenseur fait ses adieux avec \u00e9motion apr\u00e8s avoir termin\u00e9 le transfert \u00e0 Man City\",\"datePublished\":\"2026-01-24T16:48:07+00:00\",\"dateModified\":\"2026-01-24T16:48:08+00:00\",\"mainEntityOfPage\":{\"@id\":\"https:\/\/footdavant.fr\/actualites\/la-carriere-de-guehi-a-crystal-palace-en-chiffres-alors-que-le-defenseur-fait-ses-adieux-avec-emotion-apres-avoir-termine-le-transfert-a-man-city\/\"},\"wordCount\":1598,\"publisher\":{\"@id\":\"https:\/\/footdavant.fr\/actualites\/#organization\"},\"keywords\":[\"adieux\",\"alors\",\"apr\u00e8s\",\"avec\",\"avoir\",\"carri\u00e8re\",\"chiffres\",\"City\",\"Crystal\",\"d\u00e9fenseur\",\"\u00e9motion\",\"fait\",\"Guehi\",\"Man\",\"Palace\",\"ses\",\"termine\",\"transfert\"],\"articleSection\":[\"Premier League\"],\"inLanguage\":\"fr-FR\"},{\"@type\":\"WebPage\",\"@id\":\"https:\/\/footdavant.fr\/actualites\/la-carriere-de-guehi-a-crystal-palace-en-chiffres-alors-que-le-defenseur-fait-ses-adieux-avec-emotion-apres-avoir-termine-le-transfert-a-man-city\/\",\"url\":\"https:\/\/footdavant.fr\/actualites\/la-carriere-de-guehi-a-crystal-palace-en-chiffres-alors-que-le-defenseur-fait-ses-adieux-avec-emotion-apres-avoir-termine-le-transfert-a-man-city\/\",\"name\":\"La carri\u00e8re de Guehi \u00e0 Crystal Palace en chiffres alors que le d\u00e9fenseur fait ses adieux avec \u00e9motion apr\u00e8s avoir termin\u00e9 le transfert \u00e0 Man City\",\"isPartOf\":{\"@id\":\"https:\/\/footdavant.fr\/actualites\/#website\"},\"datePublished\":\"2026-01-24T16:48:07+00:00\",\"dateModified\":\"2026-01-24T16:48:08+00:00\",\"breadcrumb\":{\"@id\":\"https:\/\/footdavant.fr\/actualites\/la-carriere-de-guehi-a-crystal-palace-en-chiffres-alors-que-le-defenseur-fait-ses-adieux-avec-emotion-apres-avoir-termine-le-transfert-a-man-city\/#breadcrumb\"},\"inLanguage\":\"fr-FR\",\"potentialAction\":[{\"@type\":\"ReadAction\",\"target\":[\"https:\/\/footdavant.fr\/actualites\/la-carriere-de-guehi-a-crystal-palace-en-chiffres-alors-que-le-defenseur-fait-ses-adieux-avec-emotion-apres-avoir-termine-le-transfert-a-man-city\/\"]}]},{\"@type\":\"BreadcrumbList\",\"@id\":\"https:\/\/footdavant.fr\/actualites\/la-carriere-de-guehi-a-crystal-palace-en-chiffres-alors-que-le-defenseur-fait-ses-adieux-avec-emotion-apres-avoir-termine-le-transfert-a-man-city\/#breadcrumb\",\"itemListElement\":[{\"@type\":\"ListItem\",\"position\":1,\"name\":\"Accueil\",\"item\":\"https:\/\/footdavant.fr\/actualites\/\"},{\"@type\":\"ListItem\",\"position\":2,\"name\":\"La carri\u00e8re de Guehi \u00e0 Crystal Palace en chiffres alors que le d\u00e9fenseur fait ses adieux avec \u00e9motion apr\u00e8s avoir termin\u00e9 le transfert \u00e0 Man City\"}]},{\"@type\":\"WebSite\",\"@id\":\"https:\/\/footdavant.fr\/actualites\/#website\",\"url\":\"https:\/\/footdavant.fr\/actualites\/\",\"name\":\"Foot d'avant\",\"description\":\"\",\"publisher\":{\"@id\":\"https:\/\/footdavant.fr\/actualites\/#organization\"},\"potentialAction\":[{\"@type\":\"SearchAction\",\"target\":{\"@type\":\"EntryPoint\",\"urlTemplate\":\"https:\/\/footdavant.fr\/actualites\/?s={search_term_string}\"},\"query-input\":\"required name=search_term_string\"}],\"inLanguage\":\"fr-FR\"},{\"@type\":\"Organization\",\"@id\":\"https:\/\/footdavant.fr\/actualites\/#organization\",\"name\":\"Foot d'avant\",\"url\":\"https:\/\/footdavant.fr\/actualites\/\",\"logo\":{\"@type\":\"ImageObject\",\"inLanguage\":\"fr-FR\",\"@id\":\"https:\/\/footdavant.fr\/actualites\/#\/schema\/logo\/image\/\",\"url\":\"https:\/\/footdavant.fr\/actualites\/wp-content\/uploads\/2023\/09\/Copy-of-FootDavant-Logo.png\",\"contentUrl\":\"https:\/\/footdavant.fr\/actualites\/wp-content\/uploads\/2023\/09\/Copy-of-FootDavant-Logo.png\",\"width\":936,\"height\":549,\"caption\":\"Foot d'avant\"},\"image\":{\"@id\":\"https:\/\/footdavant.fr\/actualites\/#\/schema\/logo\/image\/\"},\"sameAs\":[\"https:\/\/www.facebook.com\/Footdavant\/\",\"https:\/\/twitter.com\/FootdavantFr\",\"https:\/\/www.instagram.com\/footdavant.fr\/\"]},{\"@type\":\"Person\",\"@id\":\"https:\/\/footdavant.fr\/actualites\/#\/schema\/person\/bc222566d95871b37e597b3ed3ba5e1d\",\"name\":\"Cl\u00e9ment\",\"image\":{\"@type\":\"ImageObject\",\"inLanguage\":\"fr-FR\",\"@id\":\"https:\/\/footdavant.fr\/actualites\/#\/schema\/person\/image\/\",\"url\":\"https:\/\/secure.gravatar.com\/avatar\/7728b29aac2719421e1a9159b2254c44?s=96&d=mm&r=g\",\"contentUrl\":\"https:\/\/secure.gravatar.com\/avatar\/7728b29aac2719421e1a9159b2254c44?s=96&d=mm&r=g\",\"caption\":\"Cl\u00e9ment\"},\"sameAs\":[\"https:\/\/footdavant.fr\/\"]}]}<\/script>\n<!-- \/ Yoast SEO plugin. -->","yoast_head_json":{"title":"La carri\u00e8re de Guehi \u00e0 Crystal Palace en chiffres alors que le d\u00e9fenseur fait ses adieux avec \u00e9motion apr\u00e8s avoir termin\u00e9 le transfert \u00e0 Man City","robots":{"index":"index","follow":"follow","max-snippet":"max-snippet:-1","max-image-preview":"max-image-preview:large","max-video-preview":"max-video-preview:-1"},"canonical":"https:\/\/footdavant.fr\/actualites\/la-carriere-de-guehi-a-crystal-palace-en-chiffres-alors-que-le-defenseur-fait-ses-adieux-avec-emotion-apres-avoir-termine-le-transfert-a-man-city\/","og_locale":"fr_FR","og_type":"article","og_title":"La carri\u00e8re de Guehi \u00e0 Crystal Palace en chiffres alors que le d\u00e9fenseur fait ses adieux avec \u00e9motion apr\u00e8s avoir termin\u00e9 le transfert \u00e0 Man City","og_description":"Marc Guehi a fait ses adieux \u00e9mouvants \u00e0 Crystal Palace apr\u00e8s avoir finalis\u00e9 son transfert \u00e0 Manchester City. L&#39;international anglais de 25 ans a suscit\u00e9","og_url":"https:\/\/footdavant.fr\/actualites\/la-carriere-de-guehi-a-crystal-palace-en-chiffres-alors-que-le-defenseur-fait-ses-adieux-avec-emotion-apres-avoir-termine-le-transfert-a-man-city\/","og_site_name":"Foot d&#039;avant","article_publisher":"https:\/\/www.facebook.com\/Footdavant\/","article_published_time":"2026-01-24T16:48:07+00:00","article_modified_time":"2026-01-24T16:48:08+00:00","og_image":[{"width":720,"height":410,"url":"https:\/\/footdavant.fr\/actualites\/wp-content\/uploads\/2026\/01\/La-carriere-de-Guehi-a-Crystal-Palace-en-chiffres-alors.net2Fuploads2F20252F082Fmg-6898e8bc5201c.webp","type":"image\/webp"}],"author":"Cl\u00e9ment","twitter_card":"summary_large_image","twitter_creator":"@FootdavantFr","twitter_site":"@FootdavantFr","twitter_misc":{"\u00c9crit par":"Cl\u00e9ment","Dur\u00e9e de lecture estim\u00e9e":"8 minutes"},"schema":{"@context":"https:\/\/schema.org","@graph":[{"@type":"Article","@id":"https:\/\/footdavant.fr\/actualites\/la-carriere-de-guehi-a-crystal-palace-en-chiffres-alors-que-le-defenseur-fait-ses-adieux-avec-emotion-apres-avoir-termine-le-transfert-a-man-city\/#article","isPartOf":{"@id":"https:\/\/footdavant.fr\/actualites\/la-carriere-de-guehi-a-crystal-palace-en-chiffres-alors-que-le-defenseur-fait-ses-adieux-avec-emotion-apres-avoir-termine-le-transfert-a-man-city\/"},"author":{"name":"Cl\u00e9ment","@id":"https:\/\/footdavant.fr\/actualites\/#\/schema\/person\/bc222566d95871b37e597b3ed3ba5e1d"},"headline":"La carri\u00e8re de Guehi \u00e0 Crystal Palace en chiffres alors que le d\u00e9fenseur fait ses adieux avec \u00e9motion apr\u00e8s avoir termin\u00e9 le transfert \u00e0 Man City","datePublished":"2026-01-24T16:48:07+00:00","dateModified":"2026-01-24T16:48:08+00:00","mainEntityOfPage":{"@id":"https:\/\/footdavant.fr\/actualites\/la-carriere-de-guehi-a-crystal-palace-en-chiffres-alors-que-le-defenseur-fait-ses-adieux-avec-emotion-apres-avoir-termine-le-transfert-a-man-city\/"},"wordCount":1598,"publisher":{"@id":"https:\/\/footdavant.fr\/actualites\/#organization"},"keywords":["adieux","alors","apr\u00e8s","avec","avoir","carri\u00e8re","chiffres","City","Crystal","d\u00e9fenseur","\u00e9motion","fait","Guehi","Man","Palace","ses","termine","transfert"],"articleSection":["Premier League"],"inLanguage":"fr-FR"},{"@type":"WebPage","@id":"https:\/\/footdavant.fr\/actualites\/la-carriere-de-guehi-a-crystal-palace-en-chiffres-alors-que-le-defenseur-fait-ses-adieux-avec-emotion-apres-avoir-termine-le-transfert-a-man-city\/","url":"https:\/\/footdavant.fr\/actualites\/la-carriere-de-guehi-a-crystal-palace-en-chiffres-alors-que-le-defenseur-fait-ses-adieux-avec-emotion-apres-avoir-termine-le-transfert-a-man-city\/","name":"La carri\u00e8re de Guehi \u00e0 Crystal Palace en chiffres alors que le d\u00e9fenseur fait ses adieux avec \u00e9motion apr\u00e8s avoir termin\u00e9 le transfert \u00e0 Man City","isPartOf":{"@id":"https:\/\/footdavant.fr\/actualites\/#website"},"datePublished":"2026-01-24T16:48:07+00:00","dateModified":"2026-01-24T16:48:08+00:00","breadcrumb":{"@id":"https:\/\/footdavant.fr\/actualites\/la-carriere-de-guehi-a-crystal-palace-en-chiffres-alors-que-le-defenseur-fait-ses-adieux-avec-emotion-apres-avoir-termine-le-transfert-a-man-city\/#breadcrumb"},"inLanguage":"fr-FR","potentialAction":[{"@type":"ReadAction","target":["https:\/\/footdavant.fr\/actualites\/la-carriere-de-guehi-a-crystal-palace-en-chiffres-alors-que-le-defenseur-fait-ses-adieux-avec-emotion-apres-avoir-termine-le-transfert-a-man-city\/"]}]},{"@type":"BreadcrumbList","@id":"https:\/\/footdavant.fr\/actualites\/la-carriere-de-guehi-a-crystal-palace-en-chiffres-alors-que-le-defenseur-fait-ses-adieux-avec-emotion-apres-avoir-termine-le-transfert-a-man-city\/#breadcrumb","itemListElement":[{"@type":"ListItem","position":1,"name":"Accueil","item":"https:\/\/footdavant.fr\/actualites\/"},{"@type":"ListItem","position":2,"name":"La carri\u00e8re de Guehi \u00e0 Crystal Palace en chiffres alors que le d\u00e9fenseur fait ses adieux avec \u00e9motion apr\u00e8s avoir termin\u00e9 le transfert \u00e0 Man City"}]},{"@type":"WebSite","@id":"https:\/\/footdavant.fr\/actualites\/#website","url":"https:\/\/footdavant.fr\/actualites\/","name":"Foot d'avant","description":"","publisher":{"@id":"https:\/\/footdavant.fr\/actualites\/#organization"},"potentialAction":[{"@type":"SearchAction","target":{"@type":"EntryPoint","urlTemplate":"https:\/\/footdavant.fr\/actualites\/?s={search_term_string}"},"query-input":"required name=search_term_string"}],"inLanguage":"fr-FR"},{"@type":"Organization","@id":"https:\/\/footdavant.fr\/actualites\/#organization","name":"Foot d'avant","url":"https:\/\/footdavant.fr\/actualites\/","logo":{"@type":"ImageObject","inLanguage":"fr-FR","@id":"https:\/\/footdavant.fr\/actualites\/#\/schema\/logo\/image\/","url":"https:\/\/footdavant.fr\/actualites\/wp-content\/uploads\/2023\/09\/Copy-of-FootDavant-Logo.png","contentUrl":"https:\/\/footdavant.fr\/actualites\/wp-content\/uploads\/2023\/09\/Copy-of-FootDavant-Logo.png","width":936,"height":549,"caption":"Foot d'avant"},"image":{"@id":"https:\/\/footdavant.fr\/actualites\/#\/schema\/logo\/image\/"},"sameAs":["https:\/\/www.facebook.com\/Footdavant\/","https:\/\/twitter.com\/FootdavantFr","https:\/\/www.instagram.com\/footdavant.fr\/"]},{"@type":"Person","@id":"https:\/\/footdavant.fr\/actualites\/#\/schema\/person\/bc222566d95871b37e597b3ed3ba5e1d","name":"Cl\u00e9ment","image":{"@type":"ImageObject","inLanguage":"fr-FR","@id":"https:\/\/footdavant.fr\/actualites\/#\/schema\/person\/image\/","url":"https:\/\/secure.gravatar.com\/avatar\/7728b29aac2719421e1a9159b2254c44?s=96&d=mm&r=g","contentUrl":"https:\/\/secure.gravatar.com\/avatar\/7728b29aac2719421e1a9159b2254c44?s=96&d=mm&r=g","caption":"Cl\u00e9ment"},"sameAs":["https:\/\/footdavant.fr\/"]}]}},"_links":{"self":[{"href":"https:\/\/footdavant.fr\/actualites\/wp-json\/wp\/v2\/posts\/33773"}],"collection":[{"href":"https:\/\/footdavant.fr\/actualites\/wp-json\/wp\/v2\/posts"}],"about":[{"href":"https:\/\/footdavant.fr\/actualites\/wp-json\/wp\/v2\/types\/post"}],"author":[{"embeddable":true,"href":"https:\/\/footdavant.fr\/actualites\/wp-json\/wp\/v2\/users\/1"}],"replies":[{"embeddable":true,"href":"https:\/\/footdavant.fr\/actualites\/wp-json\/wp\/v2\/comments?post=33773"}],"version-history":[{"count":1,"href":"https:\/\/footdavant.fr\/actualites\/wp-json\/wp\/v2\/posts\/33773\/revisions"}],"predecessor-version":[{"id":33775,"href":"https:\/\/footdavant.fr\/actualites\/wp-json\/wp\/v2\/posts\/33773\/revisions\/33775"}],"wp:featuredmedia":[{"embeddable":true,"href":"https:\/\/footdavant.fr\/actualites\/wp-json\/wp\/v2\/media\/33774"}],"wp:attachment":[{"href":"https:\/\/footdavant.fr\/actualites\/wp-json\/wp\/v2\/media?parent=33773"}],"wp:term":[{"taxonomy":"category","embeddable":true,"href":"https:\/\/footdavant.fr\/actualites\/wp-json\/wp\/v2\/categories?post=33773"},{"taxonomy":"post_tag","embeddable":true,"href":"https:\/\/footdavant.fr\/actualites\/wp-json\/wp\/v2\/tags?post=33773"}],"curies":[{"name":"wp","href":"https:\/\/api.w.org\/{rel}","templated":true}]}}