{"id":33785,"date":"2026-01-25T01:48:24","date_gmt":"2026-01-25T00:48:24","guid":{"rendered":"https:\/\/footdavant.fr\/actualites\/nouvelles-des-blessures-a-chelsea-les-blues-ont-recu-un-coup-de-pouce-notable-avant-le-match-cle-de-la-ligue-des-champions-de-pafos\/"},"modified":"2026-01-25T01:48:26","modified_gmt":"2026-01-25T00:48:26","slug":"nouvelles-des-blessures-a-chelsea-les-blues-ont-recu-un-coup-de-pouce-notable-avant-le-match-cle-de-la-ligue-des-champions-de-pafos","status":"publish","type":"post","link":"https:\/\/footdavant.fr\/actualites\/nouvelles-des-blessures-a-chelsea-les-blues-ont-recu-un-coup-de-pouce-notable-avant-le-match-cle-de-la-ligue-des-champions-de-pafos\/","title":{"rendered":"Nouvelles des blessures \u00e0 Chelsea: les Blues ont re\u00e7u un coup de pouce notable avant le match cl\u00e9 de la Ligue des champions de Pafos"},"content":{"rendered":"<div itemprop=\"articleBody\">\n<p>L&#39;entra\u00eeneur-chef de Chelsea, Liam Rosenior, a re\u00e7u une blessure notable avant le match de mercredi contre le Pafos FC.<\/p>\n<p>Les Bleus se lancent dans la confrontation avec l&#39;\u00e9quipe chypriote de Stamford Bridge occupant la 13e position au classement de la phase de ligue de la Ligue des champions.<\/p>\n<p>Par cons\u00e9quent, des victoires contre Pafos et Naples sont n\u00e9cessaires pour avoir une chance de terminer parmi les huit premiers et de se qualifier pour les 16 derniers.<\/p>\n<p>La premi\u00e8re semaine compl\u00e8te de Rosenior \u00e0 la t\u00eate de Chelsea a \u00e9t\u00e9 g\u00ean\u00e9e par un certain nombre de blessures et un virus de la grippe qui a menac\u00e9 de balayer son \u00e9quipe.<\/p>\n<p>Alors que Reece James et Cole Palmer ont pu revenir pour la victoire 2-0 de samedi contre Brentford, il y avait un certain nombre d&#39;absents.<\/p>\n<div>\n<div>\n<p>\u00a9 Imago \/ Action Plus<\/p>\n<\/div>\n<\/div>\n<h2>Le joueur de Chelsea reprend l&#39;entra\u00eenement avant le match contre Pafos<\/h2>\n<p>Malo Gusto, Jamie Gittens et Estevao Willian \u00e9taient tous absents de l&#39;\u00e9quipe pour la rencontre avec les Bees.<\/p>\n<p>Cependant, lundi, il a \u00e9t\u00e9 d\u00e9montr\u00e9 que Gusto s&#39;entra\u00eenait avec le reste de l&#39;\u00e9quipe dans les installations d&#39;entra\u00eenement du club \u00e0 Cobham.<\/p>\n<p>Le Fran\u00e7ais n&#39;a pas \u00e9t\u00e9 revu depuis qu&#39;il a jou\u00e9 76 minutes lors de la d\u00e9faite 2-1 \u00e0 Fulham le 7 janvier.<\/p>\n<p>Bien que Gusto ne soit pas un choix de premier choix garanti, il a effectu\u00e9 18 d\u00e9parts et huit sorties de remplacement \u00e0 divers postes cette saison.<\/p>\n<div>\n<div><img decoding=\"async\" data-img-id=\"153770\" class=\"lazy\" loading=\"lazy\" src=\"https:\/\/footdavant.fr\/actualites\/wp-content\/uploads\/2025\/11\/Le-defenseur-de-Chelsea-pourrait-se-voir-proposer-un-nouveau.jpg\"\/><\/p>\n<p>\u00a9 Imago \/ Sportsphoto<\/p>\n<\/div>\n<\/div>\n<h2>Pourquoi le retour de Gusto repr\u00e9sente un \u00e9lan majeur<\/h2>\n<p>Non seulement la disponibilit\u00e9 de Gusto repr\u00e9senterait un coup de pouce en soi, mais elle donnerait \u00e0 Rosenior plus d&#39;options.<\/p>\n<p>Si Gusto est disponible pour rivaliser avec Josh Acheampong \u00e0 l&#39;arri\u00e8re droit, James pourrait \u00eatre repos\u00e9 apr\u00e8s ses efforts contre Brentford.<\/p>\n<p>Gusto propose \u00e9galement une option au milieu de terrain central \u00e0 un moment o\u00f9 Rosenior pourrait envisager de laisser au repos Moises Caicedo ou Enzo Fernandez lors des d\u00e9placements \u00e0 Crystal Palace et \u00e0 Naples.<\/p>\n<p>Pendant ce temps, Rosenior a laiss\u00e9 entendre ce week-end que certains joueurs qui jouaient contre Brentford pr\u00e9sentaient des sympt\u00f4mes de grippe. En cons\u00e9quence, le retour de Gusto augmenterait les chances que ces joueurs b\u00e9n\u00e9ficient de plus de temps de r\u00e9cup\u00e9ration.<\/p>\n<\/div>\n","protected":false},"excerpt":{"rendered":"<p>L&#39;entra\u00eeneur-chef de Chelsea, Liam Rosenior, a re\u00e7u une blessure notable avant le match de mercredi contre le Pafos FC. Les Bleus se lancent dans la<\/p>\n","protected":false},"author":1,"featured_media":33786,"comment_status":"closed","ping_status":"","sticky":false,"template":"","format":"standard","meta":{"footnotes":""},"categories":[5],"tags":[491,155,4717,31,171,443,489,12,93,30,257,6003,461,244,9983,490,2451],"yoast_head":"<!-- This site is optimized with the Yoast SEO plugin v21.0 - https:\/\/yoast.com\/wordpress\/plugins\/seo\/ -->\n<title>Nouvelles des blessures \u00e0 Chelsea: les Blues ont re\u00e7u un coup de pouce notable avant le match cl\u00e9 de la Ligue des champions de Pafos<\/title>\n<meta name=\"robots\" content=\"index, follow, max-snippet:-1, max-image-preview:large, max-video-preview:-1\" \/>\n<link rel=\"canonical\" href=\"https:\/\/footdavant.fr\/actualites\/nouvelles-des-blessures-a-chelsea-les-blues-ont-recu-un-coup-de-pouce-notable-avant-le-match-cle-de-la-ligue-des-champions-de-pafos\/\" \/>\n<meta property=\"og:locale\" content=\"fr_FR\" \/>\n<meta property=\"og:type\" content=\"article\" \/>\n<meta property=\"og:title\" content=\"Nouvelles des blessures \u00e0 Chelsea: les Blues ont re\u00e7u un coup de pouce notable avant le match cl\u00e9 de la Ligue des champions de Pafos\" \/>\n<meta property=\"og:description\" content=\"L&#039;entra\u00eeneur-chef de Chelsea, Liam Rosenior, a re\u00e7u une blessure notable avant le match de mercredi contre le Pafos FC. Les Bleus se lancent dans la\" \/>\n<meta property=\"og:url\" content=\"https:\/\/footdavant.fr\/actualites\/nouvelles-des-blessures-a-chelsea-les-blues-ont-recu-un-coup-de-pouce-notable-avant-le-match-cle-de-la-ligue-des-champions-de-pafos\/\" \/>\n<meta property=\"og:site_name\" content=\"Foot d&#039;avant\" \/>\n<meta property=\"article:publisher\" content=\"https:\/\/www.facebook.com\/Footdavant\/\" \/>\n<meta property=\"article:published_time\" content=\"2026-01-25T00:48:24+00:00\" \/>\n<meta property=\"article:modified_time\" content=\"2026-01-25T00:48:26+00:00\" \/>\n<meta property=\"og:image\" content=\"https:\/\/footdavant.fr\/actualites\/wp-content\/uploads\/2026\/01\/Nouvelles-des-blessures-a-Chelsea-les-Blues-ont-recu-un.net2Fuploads2F20262F012Fevery-second-med.webp\" \/>\n\t<meta property=\"og:image:width\" content=\"720\" \/>\n\t<meta property=\"og:image:height\" content=\"410\" \/>\n\t<meta property=\"og:image:type\" content=\"image\/webp\" \/>\n<meta name=\"author\" content=\"Cl\u00e9ment\" \/>\n<meta name=\"twitter:card\" content=\"summary_large_image\" \/>\n<meta name=\"twitter:creator\" content=\"@FootdavantFr\" \/>\n<meta name=\"twitter:site\" content=\"@FootdavantFr\" \/>\n<meta name=\"twitter:label1\" content=\"\u00c9crit par\" \/>\n\t<meta name=\"twitter:data1\" content=\"Cl\u00e9ment\" \/>\n\t<meta name=\"twitter:label2\" content=\"Dur\u00e9e de lecture estim\u00e9e\" \/>\n\t<meta name=\"twitter:data2\" content=\"2 minutes\" \/>\n<script type=\"application\/ld+json\" class=\"yoast-schema-graph\">{\"@context\":\"https:\/\/schema.org\",\"@graph\":[{\"@type\":\"Article\",\"@id\":\"https:\/\/footdavant.fr\/actualites\/nouvelles-des-blessures-a-chelsea-les-blues-ont-recu-un-coup-de-pouce-notable-avant-le-match-cle-de-la-ligue-des-champions-de-pafos\/#article\",\"isPartOf\":{\"@id\":\"https:\/\/footdavant.fr\/actualites\/nouvelles-des-blessures-a-chelsea-les-blues-ont-recu-un-coup-de-pouce-notable-avant-le-match-cle-de-la-ligue-des-champions-de-pafos\/\"},\"author\":{\"name\":\"Cl\u00e9ment\",\"@id\":\"https:\/\/footdavant.fr\/actualites\/#\/schema\/person\/bc222566d95871b37e597b3ed3ba5e1d\"},\"headline\":\"Nouvelles des blessures \u00e0 Chelsea: les Blues ont re\u00e7u un coup de pouce notable avant le match cl\u00e9 de la Ligue des champions de Pafos\",\"datePublished\":\"2026-01-25T00:48:24+00:00\",\"dateModified\":\"2026-01-25T00:48:26+00:00\",\"mainEntityOfPage\":{\"@id\":\"https:\/\/footdavant.fr\/actualites\/nouvelles-des-blessures-a-chelsea-les-blues-ont-recu-un-coup-de-pouce-notable-avant-le-match-cle-de-la-ligue-des-champions-de-pafos\/\"},\"wordCount\":416,\"publisher\":{\"@id\":\"https:\/\/footdavant.fr\/actualites\/#organization\"},\"keywords\":[\"avant\",\"blessures\",\"blues\",\"champions\",\"Chelsea\",\"cl\u00e9..\",\"coup\",\"des\",\"les\",\"Ligue\",\"match\",\"notable\",\"Nouvelles\",\"ont\",\"Pafos\",\"pouce\",\"re\u00e7u\"],\"articleSection\":[\"Premier League\"],\"inLanguage\":\"fr-FR\"},{\"@type\":\"WebPage\",\"@id\":\"https:\/\/footdavant.fr\/actualites\/nouvelles-des-blessures-a-chelsea-les-blues-ont-recu-un-coup-de-pouce-notable-avant-le-match-cle-de-la-ligue-des-champions-de-pafos\/\",\"url\":\"https:\/\/footdavant.fr\/actualites\/nouvelles-des-blessures-a-chelsea-les-blues-ont-recu-un-coup-de-pouce-notable-avant-le-match-cle-de-la-ligue-des-champions-de-pafos\/\",\"name\":\"Nouvelles des blessures \u00e0 Chelsea: les Blues ont re\u00e7u un coup de pouce notable avant le match cl\u00e9 de la Ligue des champions de Pafos\",\"isPartOf\":{\"@id\":\"https:\/\/footdavant.fr\/actualites\/#website\"},\"datePublished\":\"2026-01-25T00:48:24+00:00\",\"dateModified\":\"2026-01-25T00:48:26+00:00\",\"breadcrumb\":{\"@id\":\"https:\/\/footdavant.fr\/actualites\/nouvelles-des-blessures-a-chelsea-les-blues-ont-recu-un-coup-de-pouce-notable-avant-le-match-cle-de-la-ligue-des-champions-de-pafos\/#breadcrumb\"},\"inLanguage\":\"fr-FR\",\"potentialAction\":[{\"@type\":\"ReadAction\",\"target\":[\"https:\/\/footdavant.fr\/actualites\/nouvelles-des-blessures-a-chelsea-les-blues-ont-recu-un-coup-de-pouce-notable-avant-le-match-cle-de-la-ligue-des-champions-de-pafos\/\"]}]},{\"@type\":\"BreadcrumbList\",\"@id\":\"https:\/\/footdavant.fr\/actualites\/nouvelles-des-blessures-a-chelsea-les-blues-ont-recu-un-coup-de-pouce-notable-avant-le-match-cle-de-la-ligue-des-champions-de-pafos\/#breadcrumb\",\"itemListElement\":[{\"@type\":\"ListItem\",\"position\":1,\"name\":\"Accueil\",\"item\":\"https:\/\/footdavant.fr\/actualites\/\"},{\"@type\":\"ListItem\",\"position\":2,\"name\":\"Nouvelles des blessures \u00e0 Chelsea: les Blues ont re\u00e7u un coup de pouce notable avant le match cl\u00e9 de la Ligue des champions de Pafos\"}]},{\"@type\":\"WebSite\",\"@id\":\"https:\/\/footdavant.fr\/actualites\/#website\",\"url\":\"https:\/\/footdavant.fr\/actualites\/\",\"name\":\"Foot d'avant\",\"description\":\"\",\"publisher\":{\"@id\":\"https:\/\/footdavant.fr\/actualites\/#organization\"},\"potentialAction\":[{\"@type\":\"SearchAction\",\"target\":{\"@type\":\"EntryPoint\",\"urlTemplate\":\"https:\/\/footdavant.fr\/actualites\/?s={search_term_string}\"},\"query-input\":\"required name=search_term_string\"}],\"inLanguage\":\"fr-FR\"},{\"@type\":\"Organization\",\"@id\":\"https:\/\/footdavant.fr\/actualites\/#organization\",\"name\":\"Foot d'avant\",\"url\":\"https:\/\/footdavant.fr\/actualites\/\",\"logo\":{\"@type\":\"ImageObject\",\"inLanguage\":\"fr-FR\",\"@id\":\"https:\/\/footdavant.fr\/actualites\/#\/schema\/logo\/image\/\",\"url\":\"https:\/\/footdavant.fr\/actualites\/wp-content\/uploads\/2023\/09\/Copy-of-FootDavant-Logo.png\",\"contentUrl\":\"https:\/\/footdavant.fr\/actualites\/wp-content\/uploads\/2023\/09\/Copy-of-FootDavant-Logo.png\",\"width\":936,\"height\":549,\"caption\":\"Foot d'avant\"},\"image\":{\"@id\":\"https:\/\/footdavant.fr\/actualites\/#\/schema\/logo\/image\/\"},\"sameAs\":[\"https:\/\/www.facebook.com\/Footdavant\/\",\"https:\/\/twitter.com\/FootdavantFr\",\"https:\/\/www.instagram.com\/footdavant.fr\/\"]},{\"@type\":\"Person\",\"@id\":\"https:\/\/footdavant.fr\/actualites\/#\/schema\/person\/bc222566d95871b37e597b3ed3ba5e1d\",\"name\":\"Cl\u00e9ment\",\"image\":{\"@type\":\"ImageObject\",\"inLanguage\":\"fr-FR\",\"@id\":\"https:\/\/footdavant.fr\/actualites\/#\/schema\/person\/image\/\",\"url\":\"https:\/\/secure.gravatar.com\/avatar\/7728b29aac2719421e1a9159b2254c44?s=96&d=mm&r=g\",\"contentUrl\":\"https:\/\/secure.gravatar.com\/avatar\/7728b29aac2719421e1a9159b2254c44?s=96&d=mm&r=g\",\"caption\":\"Cl\u00e9ment\"},\"sameAs\":[\"https:\/\/footdavant.fr\/\"]}]}<\/script>\n<!-- \/ Yoast SEO plugin. -->","yoast_head_json":{"title":"Nouvelles des blessures \u00e0 Chelsea: les Blues ont re\u00e7u un coup de pouce notable avant le match cl\u00e9 de la Ligue des champions de Pafos","robots":{"index":"index","follow":"follow","max-snippet":"max-snippet:-1","max-image-preview":"max-image-preview:large","max-video-preview":"max-video-preview:-1"},"canonical":"https:\/\/footdavant.fr\/actualites\/nouvelles-des-blessures-a-chelsea-les-blues-ont-recu-un-coup-de-pouce-notable-avant-le-match-cle-de-la-ligue-des-champions-de-pafos\/","og_locale":"fr_FR","og_type":"article","og_title":"Nouvelles des blessures \u00e0 Chelsea: les Blues ont re\u00e7u un coup de pouce notable avant le match cl\u00e9 de la Ligue des champions de Pafos","og_description":"L&#39;entra\u00eeneur-chef de Chelsea, Liam Rosenior, a re\u00e7u une blessure notable avant le match de mercredi contre le Pafos FC. Les Bleus se lancent dans la","og_url":"https:\/\/footdavant.fr\/actualites\/nouvelles-des-blessures-a-chelsea-les-blues-ont-recu-un-coup-de-pouce-notable-avant-le-match-cle-de-la-ligue-des-champions-de-pafos\/","og_site_name":"Foot d&#039;avant","article_publisher":"https:\/\/www.facebook.com\/Footdavant\/","article_published_time":"2026-01-25T00:48:24+00:00","article_modified_time":"2026-01-25T00:48:26+00:00","og_image":[{"width":720,"height":410,"url":"https:\/\/footdavant.fr\/actualites\/wp-content\/uploads\/2026\/01\/Nouvelles-des-blessures-a-Chelsea-les-Blues-ont-recu-un.net2Fuploads2F20262F012Fevery-second-med.webp","type":"image\/webp"}],"author":"Cl\u00e9ment","twitter_card":"summary_large_image","twitter_creator":"@FootdavantFr","twitter_site":"@FootdavantFr","twitter_misc":{"\u00c9crit par":"Cl\u00e9ment","Dur\u00e9e de lecture estim\u00e9e":"2 minutes"},"schema":{"@context":"https:\/\/schema.org","@graph":[{"@type":"Article","@id":"https:\/\/footdavant.fr\/actualites\/nouvelles-des-blessures-a-chelsea-les-blues-ont-recu-un-coup-de-pouce-notable-avant-le-match-cle-de-la-ligue-des-champions-de-pafos\/#article","isPartOf":{"@id":"https:\/\/footdavant.fr\/actualites\/nouvelles-des-blessures-a-chelsea-les-blues-ont-recu-un-coup-de-pouce-notable-avant-le-match-cle-de-la-ligue-des-champions-de-pafos\/"},"author":{"name":"Cl\u00e9ment","@id":"https:\/\/footdavant.fr\/actualites\/#\/schema\/person\/bc222566d95871b37e597b3ed3ba5e1d"},"headline":"Nouvelles des blessures \u00e0 Chelsea: les Blues ont re\u00e7u un coup de pouce notable avant le match cl\u00e9 de la Ligue des champions de Pafos","datePublished":"2026-01-25T00:48:24+00:00","dateModified":"2026-01-25T00:48:26+00:00","mainEntityOfPage":{"@id":"https:\/\/footdavant.fr\/actualites\/nouvelles-des-blessures-a-chelsea-les-blues-ont-recu-un-coup-de-pouce-notable-avant-le-match-cle-de-la-ligue-des-champions-de-pafos\/"},"wordCount":416,"publisher":{"@id":"https:\/\/footdavant.fr\/actualites\/#organization"},"keywords":["avant","blessures","blues","champions","Chelsea","cl\u00e9..","coup","des","les","Ligue","match","notable","Nouvelles","ont","Pafos","pouce","re\u00e7u"],"articleSection":["Premier League"],"inLanguage":"fr-FR"},{"@type":"WebPage","@id":"https:\/\/footdavant.fr\/actualites\/nouvelles-des-blessures-a-chelsea-les-blues-ont-recu-un-coup-de-pouce-notable-avant-le-match-cle-de-la-ligue-des-champions-de-pafos\/","url":"https:\/\/footdavant.fr\/actualites\/nouvelles-des-blessures-a-chelsea-les-blues-ont-recu-un-coup-de-pouce-notable-avant-le-match-cle-de-la-ligue-des-champions-de-pafos\/","name":"Nouvelles des blessures \u00e0 Chelsea: les Blues ont re\u00e7u un coup de pouce notable avant le match cl\u00e9 de la Ligue des champions de Pafos","isPartOf":{"@id":"https:\/\/footdavant.fr\/actualites\/#website"},"datePublished":"2026-01-25T00:48:24+00:00","dateModified":"2026-01-25T00:48:26+00:00","breadcrumb":{"@id":"https:\/\/footdavant.fr\/actualites\/nouvelles-des-blessures-a-chelsea-les-blues-ont-recu-un-coup-de-pouce-notable-avant-le-match-cle-de-la-ligue-des-champions-de-pafos\/#breadcrumb"},"inLanguage":"fr-FR","potentialAction":[{"@type":"ReadAction","target":["https:\/\/footdavant.fr\/actualites\/nouvelles-des-blessures-a-chelsea-les-blues-ont-recu-un-coup-de-pouce-notable-avant-le-match-cle-de-la-ligue-des-champions-de-pafos\/"]}]},{"@type":"BreadcrumbList","@id":"https:\/\/footdavant.fr\/actualites\/nouvelles-des-blessures-a-chelsea-les-blues-ont-recu-un-coup-de-pouce-notable-avant-le-match-cle-de-la-ligue-des-champions-de-pafos\/#breadcrumb","itemListElement":[{"@type":"ListItem","position":1,"name":"Accueil","item":"https:\/\/footdavant.fr\/actualites\/"},{"@type":"ListItem","position":2,"name":"Nouvelles des blessures \u00e0 Chelsea: les Blues ont re\u00e7u un coup de pouce notable avant le match cl\u00e9 de la Ligue des champions de Pafos"}]},{"@type":"WebSite","@id":"https:\/\/footdavant.fr\/actualites\/#website","url":"https:\/\/footdavant.fr\/actualites\/","name":"Foot d'avant","description":"","publisher":{"@id":"https:\/\/footdavant.fr\/actualites\/#organization"},"potentialAction":[{"@type":"SearchAction","target":{"@type":"EntryPoint","urlTemplate":"https:\/\/footdavant.fr\/actualites\/?s={search_term_string}"},"query-input":"required name=search_term_string"}],"inLanguage":"fr-FR"},{"@type":"Organization","@id":"https:\/\/footdavant.fr\/actualites\/#organization","name":"Foot d'avant","url":"https:\/\/footdavant.fr\/actualites\/","logo":{"@type":"ImageObject","inLanguage":"fr-FR","@id":"https:\/\/footdavant.fr\/actualites\/#\/schema\/logo\/image\/","url":"https:\/\/footdavant.fr\/actualites\/wp-content\/uploads\/2023\/09\/Copy-of-FootDavant-Logo.png","contentUrl":"https:\/\/footdavant.fr\/actualites\/wp-content\/uploads\/2023\/09\/Copy-of-FootDavant-Logo.png","width":936,"height":549,"caption":"Foot d'avant"},"image":{"@id":"https:\/\/footdavant.fr\/actualites\/#\/schema\/logo\/image\/"},"sameAs":["https:\/\/www.facebook.com\/Footdavant\/","https:\/\/twitter.com\/FootdavantFr","https:\/\/www.instagram.com\/footdavant.fr\/"]},{"@type":"Person","@id":"https:\/\/footdavant.fr\/actualites\/#\/schema\/person\/bc222566d95871b37e597b3ed3ba5e1d","name":"Cl\u00e9ment","image":{"@type":"ImageObject","inLanguage":"fr-FR","@id":"https:\/\/footdavant.fr\/actualites\/#\/schema\/person\/image\/","url":"https:\/\/secure.gravatar.com\/avatar\/7728b29aac2719421e1a9159b2254c44?s=96&d=mm&r=g","contentUrl":"https:\/\/secure.gravatar.com\/avatar\/7728b29aac2719421e1a9159b2254c44?s=96&d=mm&r=g","caption":"Cl\u00e9ment"},"sameAs":["https:\/\/footdavant.fr\/"]}]}},"_links":{"self":[{"href":"https:\/\/footdavant.fr\/actualites\/wp-json\/wp\/v2\/posts\/33785"}],"collection":[{"href":"https:\/\/footdavant.fr\/actualites\/wp-json\/wp\/v2\/posts"}],"about":[{"href":"https:\/\/footdavant.fr\/actualites\/wp-json\/wp\/v2\/types\/post"}],"author":[{"embeddable":true,"href":"https:\/\/footdavant.fr\/actualites\/wp-json\/wp\/v2\/users\/1"}],"replies":[{"embeddable":true,"href":"https:\/\/footdavant.fr\/actualites\/wp-json\/wp\/v2\/comments?post=33785"}],"version-history":[{"count":1,"href":"https:\/\/footdavant.fr\/actualites\/wp-json\/wp\/v2\/posts\/33785\/revisions"}],"predecessor-version":[{"id":33787,"href":"https:\/\/footdavant.fr\/actualites\/wp-json\/wp\/v2\/posts\/33785\/revisions\/33787"}],"wp:featuredmedia":[{"embeddable":true,"href":"https:\/\/footdavant.fr\/actualites\/wp-json\/wp\/v2\/media\/33786"}],"wp:attachment":[{"href":"https:\/\/footdavant.fr\/actualites\/wp-json\/wp\/v2\/media?parent=33785"}],"wp:term":[{"taxonomy":"category","embeddable":true,"href":"https:\/\/footdavant.fr\/actualites\/wp-json\/wp\/v2\/categories?post=33785"},{"taxonomy":"post_tag","embeddable":true,"href":"https:\/\/footdavant.fr\/actualites\/wp-json\/wp\/v2\/tags?post=33785"}],"curies":[{"name":"wp","href":"https:\/\/api.w.org\/{rel}","templated":true}]}}