{"id":33788,"date":"2026-01-25T03:48:07","date_gmt":"2026-01-25T02:48:07","guid":{"rendered":"https:\/\/footdavant.fr\/actualites\/chaque-mot-de-la-conference-de-presse-davant-match-sous-embargo-darsenal-de-carrick\/"},"modified":"2026-01-25T03:48:09","modified_gmt":"2026-01-25T02:48:09","slug":"chaque-mot-de-la-conference-de-presse-davant-match-sous-embargo-darsenal-de-carrick","status":"publish","type":"post","link":"https:\/\/footdavant.fr\/actualites\/chaque-mot-de-la-conference-de-presse-davant-match-sous-embargo-darsenal-de-carrick\/","title":{"rendered":"Chaque mot de la conf\u00e9rence de presse d&#39;avant-match sous embargo d&#39;Arsenal de Carrick &#8211;"},"content":{"rendered":"<div id=\"penci-post-entry-inner\">\n<p>\t\t\t<i class=\"penci-post-countview-number-check\" style=\"display:none\">1<\/i><\/p>\n<p><!--Article Start--><br \/>Michael Carrick dit qu&#39;il sera impliqu\u00e9 dans les affaires de transfert d&#39;\u00e9t\u00e9 \u00e0 Manchester United.<\/p>\n<p>Carrick s&#39;exprimait dans la section sous embargo de la conf\u00e9rence de presse d&#39;avant-match avant le choc de demain en Premier League avec Arsenal \u00e0 l&#39;Emirates Stadium.<\/p>\n<p>La premi\u00e8re question de cette section \u00e9tait \u00ab\u00a0Lors de vos quatre matchs \u00e0 la t\u00eate de ce club, vous \u00eates invaincu contre Guardiola, deux clubs, Henry et Arteta. Cela doit vous donner confiance pour un match comme dimanche ?\u00a0\u00bb<\/p>\n<p>Carrick a r\u00e9pondu :<br \/>\u00ab\u00a0Je vais \u00eatre honn\u00eate avec vous, je pense que la confiance que je prends avant le match est ce que nous avons vu depuis que je suis ici, entre moi et mon staff en termes de jeu lui-m\u00eame, d&#39;entra\u00eenement, de la fa\u00e7on dont les gar\u00e7ons l&#39;ont fait. Les matchs d&#39;il y a trois ou quatre ans, c&#39;est fait, c&#39;est du pass\u00e9. Donc, m\u00eame si l&#39;exp\u00e9rience vous aide \u00e0 certains moments, je pense que c&#39;est un match totalement diff\u00e9rent de dimanche. Deux \u00e9quipes y vont, j&#39;ai h\u00e2te d&#39;y \u00eatre dans le bon sens. forme. \u00bb<\/p>\n<h3>Sur l&#39;implication d&#39;Ole Gunnar Solskjaer<\/h3>\n<p>On a ensuite demand\u00e9 au patron par int\u00e9rim s&#39;il avait eu des discussions avec l&#39;ancien manager, Ole Gunnar Solskjaer, qui fut le dernier manager de United \u00e0 gagner aux Emirats.<\/p>\n<p>\u00ab\u00a0Oui, je lui ai parl\u00e9\u00a0\u00bb, a-t-il d\u00e9clar\u00e9. \u00ab\u00a0Je suis proche. Nous avons travers\u00e9 beaucoup de choses ensemble. Il nous a pleinement soutenu, comme on peut s&#39;y attendre. C&#39;est un homme et je le respecte beaucoup. Alors, oui, il nous a souhait\u00e9 tout le meilleur et il \u00e9tait heureux que nous ayons obtenu le bon r\u00e9sultat.\u00a0\u00bb<\/p>\n<p>Le journaliste a demand\u00e9\u00a0:\u00a0\u00ab\u00a0Voudriez-vous \u00e9galement choisir son cerveau, ou y garde-t-il une distance respectueuse\u00a0?\u00a0\u00bb<\/p>\n<p>\u00ab\u00a0Je pense que les amiti\u00e9s, vous avez des conversations\u00a0\u00bb, a r\u00e9pondu Carrick. \u00ab\u00a0J&#39;ai beaucoup d&#39;amis dans des endroits sur lesquels je peux m&#39;appuyer si j&#39;en ai besoin. Je ne suis pas du genre \u00e0 d\u00e9ranger beaucoup de gens, pour \u00eatre honn\u00eate. Mais il est certainement l\u00e0 si jamais j&#39;ai besoin de lui.\u00a0\u00bb<\/p>\n<p>Va-t-il mettre son \u00e9quipe en place pour qu\u2019elle joue de mani\u00e8re proactive contre les Gunners comme il l\u2019a fait contre City ?<\/p>\n<p>\u00ab\u00a0Je pense qu&#39;il s&#39;agit vraiment de jouer selon ce dont nous pensons que le jeu a besoin\u00a0\u00bb, a-t-il r\u00e9pondu. \u00ab\u00a0Je pense que oui, nous devrons attendre et voir. Mais comme je l&#39;ai dit, c&#39;est une bonne \u00e9quipe, et City est une bonne \u00e9quipe. Et du point de vue offensif, ils ont diff\u00e9rentes mani\u00e8res de jouer&#8230; Je pense qu&#39;ils sont bons quand ils attaquent la surface et couvrent tr\u00e8s bien la largeur de la surface. Ils posent des questions avec diff\u00e9rentes mani\u00e8res d&#39;entrer dans la surface, sur les c\u00f4t\u00e9s, sur le c\u00f4t\u00e9 oppos\u00e9, sur les centres. Ils sont tr\u00e8s bien organis\u00e9s, ils sont bien entra\u00een\u00e9s, vous pouvez le voir.\u00a0\u00bb<\/p>\n<p>\u00ab\u00a0Je pensais donc que nous d\u00e9fendions la surface quand il le fallait, particuli\u00e8rement bien la semaine derni\u00e8re. Nous n&#39;avons pas eu \u00e0 d\u00e9fendre la surface peut-\u00eatre aussi longtemps que les gens l&#39;esp\u00e9raient. Je pense que nous avons gard\u00e9 le match dans de bonnes positions pour ce que nous voulions, et c&#39;est le m\u00e9rite des gar\u00e7ons pour cela. Chaque match est diff\u00e9rent. Il y a un \u00e9l\u00e9ment dans cela. Ce n&#39;est jamais pareil. M\u00eame si vous entrez \u00e0 la mi-temps et que vous avez fait une bonne performance pendant 45 minutes, je ne suis jamais du genre \u00e0 aimer les revoir parce que ce n&#39;est jamais pareil. encore la m\u00eame chose.<\/p>\n<p>\u00ab\u00a0Il faut construire l\u00e0-dessus. Ce ne sera donc pas du copier-coller. Je pense qu&#39;il y a de nouveaux \u00e9l\u00e9ments qui doivent y \u00eatre ajout\u00e9s. Nous devons \u00eatre pr\u00eats. Nous devons \u00eatre \u00e0 notre meilleur. Et si nous sommes \u00e0 notre meilleur et que nous y sommes, nous pensons que nous avons de bonnes chances.\u00a0\u00bb<\/p>\n<h3>Patrick Dorgu : ailier ou lat\u00e9ral ?<\/h3>\n<p>La question suivante \u00e9tait \u00ab\u00a0Patrick Dorgu a \u00e9t\u00e9 tr\u00e8s bon ces derni\u00e8res semaines. Pensez-vous que son avenir \u00e0 long terme r\u00e9side sur l&#39;aile plut\u00f4t que sur un arri\u00e8re traditionnel ? Il semble s&#39;amuser un peu plus loin.\u00a0\u00bb<\/p>\n<p>Carrick a r\u00e9pondu :<br \/>\u00ab\u00a0Ouais, je pense qu&#39;il peut faire les deux, pour \u00eatre honn\u00eate. Pat, je pense qu&#39;il a \u00e9t\u00e9 immense la semaine derni\u00e8re. Il a tr\u00e8s bien travaill\u00e9 dans la fa\u00e7on dont il a jou\u00e9 ce poste, mais la menace, la menace constante et le but \u00e9taient \u00e9vidents. Mais je pense que son joueur g\u00e9n\u00e9ral \u00e9tait quelque chose dont nous \u00e9tions vraiment satisfaits. Donc je ne voudrais pas le coincer, pour \u00eatre honn\u00eate. Je pense qu&#39;il peut faire les deux, mais certainement, du point de vue offensif, dans cette menace, il a \u00e9t\u00e9 assez impressionnant la semaine derni\u00e8re. \u00ab\u00a0<\/p>\n<p>La derni\u00e8re question \u00e9tait :<br \/>\u00ab\u00a0De toute \u00e9vidence, Casemiro, comme mentionn\u00e9, sera \u00e0 la fin de la saison. Je pense que le milieu de terrain est un domaine que le club cherchera beaucoup \u00e0 renforcer cet \u00e9t\u00e9. Ce n&#39;est pas quelque chose que vous arrivez \u00e0 la fin de la saison. Qui allons-nous signer? C&#39;est \u00e9videmment une chose progressiste. Votre opinion va-t-elle \u00eatre recueillie au cours des prochains mois sur l&#39;identit\u00e9, si possible, des milieux de terrain? De toute \u00e9vidence, vous avez \u00e9t\u00e9 consid\u00e9r\u00e9 comme un objectif. Vous avez surveill\u00e9 le club pendant Beaucoup de fans ont le sentiment que l\u2019\u00e9quipe a manqu\u00e9 le caract\u00e8re dont vous avez fait preuve au milieu de terrain.<\/p>\n<p>\u00ab\u00a0Vous ne disiez probablement pas \u00e7a quand je jouais\u00a0\u00bb, a plaisant\u00e9 Carrick. \u00ab\u00a0Je suis certainement dans cette position pour le faire. Et comme je l&#39;ai dit, je pense que prendre des d\u00e9cisions pour le club \u00e0 l&#39;avenir, quoi qu&#39;il en soit, je m&#39;y engage pleinement. Naturellement, en tant que milieu de terrain, il y a une grande tendance dans ce sens de toute fa\u00e7on. Mais en mettant cela de c\u00f4t\u00e9 et \u00e9tant maintenant l\u00e0 o\u00f9 je suis dans cette position, je vais certainement faire partie de ces conversations et aller de l&#39;avant parce qu&#39;il est important que nous franchissions les prochaines \u00e9tapes pour avancer en tant qu&#39;\u00e9quipe et en tant qu&#39;\u00e9quipe et mettre les bonnes choses en place. Je ferai donc partie de cela de la bonne mani\u00e8re.<\/p>\n<p>Les d\u00e9tails de la premi\u00e8re partie du presseur peuvent \u00eatre trouv\u00e9s ici.<\/p>\n<\/p>\n<hr\/>\n<p>The Peoples Person est l&#39;un des principaux sites d&#39;information de Man United au monde depuis plus d&#39;une d\u00e9cennie. Suivez-nous sur Bluesky\u00a0: @peoplesperson.bsky.social<\/p>\n<p><!-- CONTENT END 2 --><\/p><\/div>\n","protected":false},"excerpt":{"rendered":"<p>1 Michael Carrick dit qu&#39;il sera impliqu\u00e9 dans les affaires de transfert d&#39;\u00e9t\u00e9 \u00e0 Manchester United. Carrick s&#39;exprimait dans la section sous embargo de la<\/p>\n","protected":false},"author":1,"featured_media":33789,"comment_status":"closed","ping_status":"","sticky":false,"template":"","format":"standard","meta":{"footnotes":""},"categories":[3],"tags":[5200,438,1531,4221,6564,11086,9434,1532,1301],"yoast_head":"<!-- This site is optimized with the Yoast SEO plugin v21.0 - https:\/\/yoast.com\/wordpress\/plugins\/seo\/ -->\n<title>Chaque mot de la conf\u00e9rence de presse d&#039;avant-match sous embargo d&#039;Arsenal de Carrick -<\/title>\n<meta name=\"robots\" content=\"index, follow, max-snippet:-1, max-image-preview:large, max-video-preview:-1\" \/>\n<link rel=\"canonical\" href=\"https:\/\/footdavant.fr\/actualites\/chaque-mot-de-la-conference-de-presse-davant-match-sous-embargo-darsenal-de-carrick\/\" \/>\n<meta property=\"og:locale\" content=\"fr_FR\" \/>\n<meta property=\"og:type\" content=\"article\" \/>\n<meta property=\"og:title\" content=\"Chaque mot de la conf\u00e9rence de presse d&#039;avant-match sous embargo d&#039;Arsenal de Carrick -\" \/>\n<meta property=\"og:description\" content=\"1 Michael Carrick dit qu&#039;il sera impliqu\u00e9 dans les affaires de transfert d&#039;\u00e9t\u00e9 \u00e0 Manchester United. Carrick s&#039;exprimait dans la section sous embargo de la\" \/>\n<meta property=\"og:url\" content=\"https:\/\/footdavant.fr\/actualites\/chaque-mot-de-la-conference-de-presse-davant-match-sous-embargo-darsenal-de-carrick\/\" \/>\n<meta property=\"og:site_name\" content=\"Foot d&#039;avant\" \/>\n<meta property=\"article:publisher\" content=\"https:\/\/www.facebook.com\/Footdavant\/\" \/>\n<meta property=\"article:published_time\" content=\"2026-01-25T02:48:07+00:00\" \/>\n<meta property=\"article:modified_time\" content=\"2026-01-25T02:48:09+00:00\" \/>\n<meta property=\"og:image\" content=\"https:\/\/footdavant.fr\/actualites\/wp-content\/uploads\/2026\/01\/Chaque-mot-de-la-conference-de-presse-d39avant-match-sous-embargo.jpg\" \/>\n\t<meta property=\"og:image:width\" content=\"1600\" \/>\n\t<meta property=\"og:image:height\" content=\"709\" \/>\n\t<meta property=\"og:image:type\" content=\"image\/jpeg\" \/>\n<meta name=\"author\" content=\"Cl\u00e9ment\" \/>\n<meta name=\"twitter:card\" content=\"summary_large_image\" \/>\n<meta name=\"twitter:creator\" content=\"@FootdavantFr\" \/>\n<meta name=\"twitter:site\" content=\"@FootdavantFr\" \/>\n<meta name=\"twitter:label1\" content=\"\u00c9crit par\" \/>\n\t<meta name=\"twitter:data1\" content=\"Cl\u00e9ment\" \/>\n\t<meta name=\"twitter:label2\" content=\"Dur\u00e9e de lecture estim\u00e9e\" \/>\n\t<meta name=\"twitter:data2\" content=\"6 minutes\" \/>\n<script type=\"application\/ld+json\" class=\"yoast-schema-graph\">{\"@context\":\"https:\/\/schema.org\",\"@graph\":[{\"@type\":\"Article\",\"@id\":\"https:\/\/footdavant.fr\/actualites\/chaque-mot-de-la-conference-de-presse-davant-match-sous-embargo-darsenal-de-carrick\/#article\",\"isPartOf\":{\"@id\":\"https:\/\/footdavant.fr\/actualites\/chaque-mot-de-la-conference-de-presse-davant-match-sous-embargo-darsenal-de-carrick\/\"},\"author\":{\"name\":\"Cl\u00e9ment\",\"@id\":\"https:\/\/footdavant.fr\/actualites\/#\/schema\/person\/bc222566d95871b37e597b3ed3ba5e1d\"},\"headline\":\"Chaque mot de la conf\u00e9rence de presse d&#39;avant-match sous embargo d&#39;Arsenal de Carrick &#8211;\",\"datePublished\":\"2026-01-25T02:48:07+00:00\",\"dateModified\":\"2026-01-25T02:48:09+00:00\",\"mainEntityOfPage\":{\"@id\":\"https:\/\/footdavant.fr\/actualites\/chaque-mot-de-la-conference-de-presse-davant-match-sous-embargo-darsenal-de-carrick\/\"},\"wordCount\":1177,\"publisher\":{\"@id\":\"https:\/\/footdavant.fr\/actualites\/#organization\"},\"keywords\":[\"Carrick\",\"Chaque\",\"conf\u00e9rence\",\"d39Arsenal\",\"d39avantmatch\",\"embargo\",\"mot\",\"presse\",\"sous\"],\"articleSection\":[\"Football\"],\"inLanguage\":\"fr-FR\"},{\"@type\":\"WebPage\",\"@id\":\"https:\/\/footdavant.fr\/actualites\/chaque-mot-de-la-conference-de-presse-davant-match-sous-embargo-darsenal-de-carrick\/\",\"url\":\"https:\/\/footdavant.fr\/actualites\/chaque-mot-de-la-conference-de-presse-davant-match-sous-embargo-darsenal-de-carrick\/\",\"name\":\"Chaque mot de la conf\u00e9rence de presse d&#39;avant-match sous embargo d&#39;Arsenal de Carrick -\",\"isPartOf\":{\"@id\":\"https:\/\/footdavant.fr\/actualites\/#website\"},\"datePublished\":\"2026-01-25T02:48:07+00:00\",\"dateModified\":\"2026-01-25T02:48:09+00:00\",\"breadcrumb\":{\"@id\":\"https:\/\/footdavant.fr\/actualites\/chaque-mot-de-la-conference-de-presse-davant-match-sous-embargo-darsenal-de-carrick\/#breadcrumb\"},\"inLanguage\":\"fr-FR\",\"potentialAction\":[{\"@type\":\"ReadAction\",\"target\":[\"https:\/\/footdavant.fr\/actualites\/chaque-mot-de-la-conference-de-presse-davant-match-sous-embargo-darsenal-de-carrick\/\"]}]},{\"@type\":\"BreadcrumbList\",\"@id\":\"https:\/\/footdavant.fr\/actualites\/chaque-mot-de-la-conference-de-presse-davant-match-sous-embargo-darsenal-de-carrick\/#breadcrumb\",\"itemListElement\":[{\"@type\":\"ListItem\",\"position\":1,\"name\":\"Accueil\",\"item\":\"https:\/\/footdavant.fr\/actualites\/\"},{\"@type\":\"ListItem\",\"position\":2,\"name\":\"Chaque mot de la conf\u00e9rence de presse d&#39;avant-match sous embargo d&#39;Arsenal de Carrick &#8211;\"}]},{\"@type\":\"WebSite\",\"@id\":\"https:\/\/footdavant.fr\/actualites\/#website\",\"url\":\"https:\/\/footdavant.fr\/actualites\/\",\"name\":\"Foot d'avant\",\"description\":\"\",\"publisher\":{\"@id\":\"https:\/\/footdavant.fr\/actualites\/#organization\"},\"potentialAction\":[{\"@type\":\"SearchAction\",\"target\":{\"@type\":\"EntryPoint\",\"urlTemplate\":\"https:\/\/footdavant.fr\/actualites\/?s={search_term_string}\"},\"query-input\":\"required name=search_term_string\"}],\"inLanguage\":\"fr-FR\"},{\"@type\":\"Organization\",\"@id\":\"https:\/\/footdavant.fr\/actualites\/#organization\",\"name\":\"Foot d'avant\",\"url\":\"https:\/\/footdavant.fr\/actualites\/\",\"logo\":{\"@type\":\"ImageObject\",\"inLanguage\":\"fr-FR\",\"@id\":\"https:\/\/footdavant.fr\/actualites\/#\/schema\/logo\/image\/\",\"url\":\"https:\/\/footdavant.fr\/actualites\/wp-content\/uploads\/2023\/09\/Copy-of-FootDavant-Logo.png\",\"contentUrl\":\"https:\/\/footdavant.fr\/actualites\/wp-content\/uploads\/2023\/09\/Copy-of-FootDavant-Logo.png\",\"width\":936,\"height\":549,\"caption\":\"Foot d'avant\"},\"image\":{\"@id\":\"https:\/\/footdavant.fr\/actualites\/#\/schema\/logo\/image\/\"},\"sameAs\":[\"https:\/\/www.facebook.com\/Footdavant\/\",\"https:\/\/twitter.com\/FootdavantFr\",\"https:\/\/www.instagram.com\/footdavant.fr\/\"]},{\"@type\":\"Person\",\"@id\":\"https:\/\/footdavant.fr\/actualites\/#\/schema\/person\/bc222566d95871b37e597b3ed3ba5e1d\",\"name\":\"Cl\u00e9ment\",\"image\":{\"@type\":\"ImageObject\",\"inLanguage\":\"fr-FR\",\"@id\":\"https:\/\/footdavant.fr\/actualites\/#\/schema\/person\/image\/\",\"url\":\"https:\/\/secure.gravatar.com\/avatar\/7728b29aac2719421e1a9159b2254c44?s=96&d=mm&r=g\",\"contentUrl\":\"https:\/\/secure.gravatar.com\/avatar\/7728b29aac2719421e1a9159b2254c44?s=96&d=mm&r=g\",\"caption\":\"Cl\u00e9ment\"},\"sameAs\":[\"https:\/\/footdavant.fr\/\"]}]}<\/script>\n<!-- \/ Yoast SEO plugin. -->","yoast_head_json":{"title":"Chaque mot de la conf\u00e9rence de presse d&#39;avant-match sous embargo d&#39;Arsenal de Carrick -","robots":{"index":"index","follow":"follow","max-snippet":"max-snippet:-1","max-image-preview":"max-image-preview:large","max-video-preview":"max-video-preview:-1"},"canonical":"https:\/\/footdavant.fr\/actualites\/chaque-mot-de-la-conference-de-presse-davant-match-sous-embargo-darsenal-de-carrick\/","og_locale":"fr_FR","og_type":"article","og_title":"Chaque mot de la conf\u00e9rence de presse d&#39;avant-match sous embargo d&#39;Arsenal de Carrick -","og_description":"1 Michael Carrick dit qu&#39;il sera impliqu\u00e9 dans les affaires de transfert d&#39;\u00e9t\u00e9 \u00e0 Manchester United. Carrick s&#39;exprimait dans la section sous embargo de la","og_url":"https:\/\/footdavant.fr\/actualites\/chaque-mot-de-la-conference-de-presse-davant-match-sous-embargo-darsenal-de-carrick\/","og_site_name":"Foot d&#039;avant","article_publisher":"https:\/\/www.facebook.com\/Footdavant\/","article_published_time":"2026-01-25T02:48:07+00:00","article_modified_time":"2026-01-25T02:48:09+00:00","og_image":[{"width":1600,"height":709,"url":"https:\/\/footdavant.fr\/actualites\/wp-content\/uploads\/2026\/01\/Chaque-mot-de-la-conference-de-presse-d39avant-match-sous-embargo.jpg","type":"image\/jpeg"}],"author":"Cl\u00e9ment","twitter_card":"summary_large_image","twitter_creator":"@FootdavantFr","twitter_site":"@FootdavantFr","twitter_misc":{"\u00c9crit par":"Cl\u00e9ment","Dur\u00e9e de lecture estim\u00e9e":"6 minutes"},"schema":{"@context":"https:\/\/schema.org","@graph":[{"@type":"Article","@id":"https:\/\/footdavant.fr\/actualites\/chaque-mot-de-la-conference-de-presse-davant-match-sous-embargo-darsenal-de-carrick\/#article","isPartOf":{"@id":"https:\/\/footdavant.fr\/actualites\/chaque-mot-de-la-conference-de-presse-davant-match-sous-embargo-darsenal-de-carrick\/"},"author":{"name":"Cl\u00e9ment","@id":"https:\/\/footdavant.fr\/actualites\/#\/schema\/person\/bc222566d95871b37e597b3ed3ba5e1d"},"headline":"Chaque mot de la conf\u00e9rence de presse d&#39;avant-match sous embargo d&#39;Arsenal de Carrick &#8211;","datePublished":"2026-01-25T02:48:07+00:00","dateModified":"2026-01-25T02:48:09+00:00","mainEntityOfPage":{"@id":"https:\/\/footdavant.fr\/actualites\/chaque-mot-de-la-conference-de-presse-davant-match-sous-embargo-darsenal-de-carrick\/"},"wordCount":1177,"publisher":{"@id":"https:\/\/footdavant.fr\/actualites\/#organization"},"keywords":["Carrick","Chaque","conf\u00e9rence","d39Arsenal","d39avantmatch","embargo","mot","presse","sous"],"articleSection":["Football"],"inLanguage":"fr-FR"},{"@type":"WebPage","@id":"https:\/\/footdavant.fr\/actualites\/chaque-mot-de-la-conference-de-presse-davant-match-sous-embargo-darsenal-de-carrick\/","url":"https:\/\/footdavant.fr\/actualites\/chaque-mot-de-la-conference-de-presse-davant-match-sous-embargo-darsenal-de-carrick\/","name":"Chaque mot de la conf\u00e9rence de presse d&#39;avant-match sous embargo d&#39;Arsenal de Carrick -","isPartOf":{"@id":"https:\/\/footdavant.fr\/actualites\/#website"},"datePublished":"2026-01-25T02:48:07+00:00","dateModified":"2026-01-25T02:48:09+00:00","breadcrumb":{"@id":"https:\/\/footdavant.fr\/actualites\/chaque-mot-de-la-conference-de-presse-davant-match-sous-embargo-darsenal-de-carrick\/#breadcrumb"},"inLanguage":"fr-FR","potentialAction":[{"@type":"ReadAction","target":["https:\/\/footdavant.fr\/actualites\/chaque-mot-de-la-conference-de-presse-davant-match-sous-embargo-darsenal-de-carrick\/"]}]},{"@type":"BreadcrumbList","@id":"https:\/\/footdavant.fr\/actualites\/chaque-mot-de-la-conference-de-presse-davant-match-sous-embargo-darsenal-de-carrick\/#breadcrumb","itemListElement":[{"@type":"ListItem","position":1,"name":"Accueil","item":"https:\/\/footdavant.fr\/actualites\/"},{"@type":"ListItem","position":2,"name":"Chaque mot de la conf\u00e9rence de presse d&#39;avant-match sous embargo d&#39;Arsenal de Carrick &#8211;"}]},{"@type":"WebSite","@id":"https:\/\/footdavant.fr\/actualites\/#website","url":"https:\/\/footdavant.fr\/actualites\/","name":"Foot d'avant","description":"","publisher":{"@id":"https:\/\/footdavant.fr\/actualites\/#organization"},"potentialAction":[{"@type":"SearchAction","target":{"@type":"EntryPoint","urlTemplate":"https:\/\/footdavant.fr\/actualites\/?s={search_term_string}"},"query-input":"required name=search_term_string"}],"inLanguage":"fr-FR"},{"@type":"Organization","@id":"https:\/\/footdavant.fr\/actualites\/#organization","name":"Foot d'avant","url":"https:\/\/footdavant.fr\/actualites\/","logo":{"@type":"ImageObject","inLanguage":"fr-FR","@id":"https:\/\/footdavant.fr\/actualites\/#\/schema\/logo\/image\/","url":"https:\/\/footdavant.fr\/actualites\/wp-content\/uploads\/2023\/09\/Copy-of-FootDavant-Logo.png","contentUrl":"https:\/\/footdavant.fr\/actualites\/wp-content\/uploads\/2023\/09\/Copy-of-FootDavant-Logo.png","width":936,"height":549,"caption":"Foot d'avant"},"image":{"@id":"https:\/\/footdavant.fr\/actualites\/#\/schema\/logo\/image\/"},"sameAs":["https:\/\/www.facebook.com\/Footdavant\/","https:\/\/twitter.com\/FootdavantFr","https:\/\/www.instagram.com\/footdavant.fr\/"]},{"@type":"Person","@id":"https:\/\/footdavant.fr\/actualites\/#\/schema\/person\/bc222566d95871b37e597b3ed3ba5e1d","name":"Cl\u00e9ment","image":{"@type":"ImageObject","inLanguage":"fr-FR","@id":"https:\/\/footdavant.fr\/actualites\/#\/schema\/person\/image\/","url":"https:\/\/secure.gravatar.com\/avatar\/7728b29aac2719421e1a9159b2254c44?s=96&d=mm&r=g","contentUrl":"https:\/\/secure.gravatar.com\/avatar\/7728b29aac2719421e1a9159b2254c44?s=96&d=mm&r=g","caption":"Cl\u00e9ment"},"sameAs":["https:\/\/footdavant.fr\/"]}]}},"_links":{"self":[{"href":"https:\/\/footdavant.fr\/actualites\/wp-json\/wp\/v2\/posts\/33788"}],"collection":[{"href":"https:\/\/footdavant.fr\/actualites\/wp-json\/wp\/v2\/posts"}],"about":[{"href":"https:\/\/footdavant.fr\/actualites\/wp-json\/wp\/v2\/types\/post"}],"author":[{"embeddable":true,"href":"https:\/\/footdavant.fr\/actualites\/wp-json\/wp\/v2\/users\/1"}],"replies":[{"embeddable":true,"href":"https:\/\/footdavant.fr\/actualites\/wp-json\/wp\/v2\/comments?post=33788"}],"version-history":[{"count":1,"href":"https:\/\/footdavant.fr\/actualites\/wp-json\/wp\/v2\/posts\/33788\/revisions"}],"predecessor-version":[{"id":33790,"href":"https:\/\/footdavant.fr\/actualites\/wp-json\/wp\/v2\/posts\/33788\/revisions\/33790"}],"wp:featuredmedia":[{"embeddable":true,"href":"https:\/\/footdavant.fr\/actualites\/wp-json\/wp\/v2\/media\/33789"}],"wp:attachment":[{"href":"https:\/\/footdavant.fr\/actualites\/wp-json\/wp\/v2\/media?parent=33788"}],"wp:term":[{"taxonomy":"category","embeddable":true,"href":"https:\/\/footdavant.fr\/actualites\/wp-json\/wp\/v2\/categories?post=33788"},{"taxonomy":"post_tag","embeddable":true,"href":"https:\/\/footdavant.fr\/actualites\/wp-json\/wp\/v2\/tags?post=33788"}],"curies":[{"name":"wp","href":"https:\/\/api.w.org\/{rel}","templated":true}]}}