{"id":33791,"date":"2026-01-25T05:48:05","date_gmt":"2026-01-25T04:48:05","guid":{"rendered":"https:\/\/footdavant.fr\/actualites\/le-numero-de-maillot-de-marc-guehi-a-man-city-et-la-duree-du-contrat-confirmes-alors-que-le-defenseur-vise-liverpool-avec-une-affirmation-audacieuse\/"},"modified":"2026-01-25T05:48:07","modified_gmt":"2026-01-25T04:48:07","slug":"le-numero-de-maillot-de-marc-guehi-a-man-city-et-la-duree-du-contrat-confirmes-alors-que-le-defenseur-vise-liverpool-avec-une-affirmation-audacieuse","status":"publish","type":"post","link":"https:\/\/footdavant.fr\/actualites\/le-numero-de-maillot-de-marc-guehi-a-man-city-et-la-duree-du-contrat-confirmes-alors-que-le-defenseur-vise-liverpool-avec-une-affirmation-audacieuse\/","title":{"rendered":"Le num\u00e9ro de maillot de Marc Guehi \u00e0 Man City et la dur\u00e9e du contrat confirm\u00e9s alors que le d\u00e9fenseur vise Liverpool avec une affirmation audacieuse"},"content":{"rendered":"<div itemprop=\"articleBody\">\n<p>Manchester City a officiellement annonc\u00e9 la signature du d\u00e9fenseur Marc Guehi en provenance de Crystal Palace.<\/p>\n<p>L&#39;international anglais de 25 ans, qui a pass\u00e9 son examen m\u00e9dical \u00e0 Manchester ce week-end, a mis la plume sur un contrat de cinq ans et demi qui durera jusqu&#39;\u00e0 l&#39;\u00e9t\u00e9 2031, et il a d\u00e9m\u00e9nag\u00e9 \u00e0 l&#39;Etihad Stadium dans le cadre d&#39;un accord estim\u00e9 \u00e0 20 millions de livres sterling plus les ajouts.<\/p>\n<p>Guehi portera le maillot n\u00b015 pour Man City et est devenu la deuxi\u00e8me recrue de Pep Guardiola pour le mercato de janvier apr\u00e8s l&#39;attaquant Antoine Semenyo, qui a effectu\u00e9 un transfert de 64 millions de livres sterling en provenance de Bournemouth plus t\u00f4t ce mois-ci.<\/p>\n<p>La derni\u00e8re recrue de Man City a \u00e9t\u00e9 l&#39;un des d\u00e9fenseurs les plus recherch\u00e9s d&#39;Europe et il a presque finalis\u00e9 un transfert de 35 millions de livres sterling vers Liverpool, champion en titre de la Premier League, le dernier jour de la fen\u00eatre estivale, avant que Palace ne mette fin \u00e0 la onzi\u00e8me heure apr\u00e8s avoir \u00e9chou\u00e9 \u00e0 signer un rempla\u00e7ant.<\/p>\n<p>Liverpool a conserv\u00e9 un fort int\u00e9r\u00eat pour la signature de Guehi, qui \u00e9tait en fin de contrat en juin de cette ann\u00e9e, tandis qu&#39;Arsenal, le Bayern Munich, le Real Madrid, Barcelone, l&#39;Atletico Madrid et l&#39;Inter Milan ont \u00e9galement \u00e9t\u00e9 cr\u00e9dit\u00e9s d&#39;un int\u00e9r\u00eat.<\/p>\n<p>Cependant, Man City \u00e9tait d\u00e9termin\u00e9 \u00e0 remporter la course pour la signature de Guehi ce mois-ci et le d\u00e9fenseur estime qu&#39;il est d\u00e9sormais arriv\u00e9 dans \u00ab\u00a0le meilleur club d&#39;Angleterre\u00a0\u00bb.<\/p>\n<blockquote class=\"twitter-tweet\" data-media-max-width=\"560\"><p>&#13;<\/p>\n<p dir=\"ltr\" lang=\"en\">Quand ils m&#39;ont demand\u00e9 si je voulais venir \u00e0 City, il n&#39;y avait qu&#39;une seule r\u00e9ponse&#8230; <a rel=\"nofollow\" href=\"https:\/\/t.co\/k1q5JXUHdK\">pic.twitter.com\/k1q5JXUHdK<\/a><\/p>\n<p>-Manchester City (@ManCity) <a rel=\"nofollow\" href=\"https:\/\/twitter.com\/ManCity\/status\/2013272841983062321?ref_src=twsrc%5Etfw\">19 janvier 2026<\/a><\/p><\/blockquote>\n<h2>Guehi ach\u00e8ve son transfert en janvier dans \u00ab\u00a0le meilleur club d&#39;Angleterre\u00a0\u00bb<\/h2>\n<p>\u00ab\u00a0Je suis vraiment heureux et incroyablement fier d&#39;\u00eatre un joueur de Manchester City\u00a0\u00bb, a d\u00e9clar\u00e9 Guehi sur le site officiel du club apr\u00e8s la confirmation de son transfert lundi apr\u00e8s-midi.<\/p>\n<p>\u00ab\u00a0Cette d\u00e9cision semble \u00eatre le point culminant de tout le travail acharn\u00e9 que j&#39;ai consacr\u00e9 \u00e0 ma carri\u00e8re. Je suis maintenant dans le meilleur club d&#39;Angleterre et je fais partie d&#39;une \u00e9quipe incroyable de joueurs. Cela fait du bien de pouvoir dire cela.  <\/p>\n<p>\u00ab\u00a0Je veux grandir en tant que joueur et en tant que personne, et je sais que dans ce club cela va arriver. J&#39;aime le football \u2013 il m&#39;a tant apport\u00e9 depuis si longtemps \u2013 et pouvoir continuer mon d\u00e9veloppement \u00e0 Manchester City est un moment vraiment sp\u00e9cial pour moi et ma famille.<\/p>\n<p>\u00ab\u00a0J&#39;ai absolument h\u00e2te de commencer maintenant. Je veux rencontrer mes co\u00e9quipiers, m&#39;entra\u00eener dur, comprendre ce que le manager attend de moi et ensuite montrer aux fans de City ce que je peux faire.\u00a0\u00bb <\/p>\n<p>Le directeur du football de Man City, Hugo Viana, qui a jou\u00e9 un r\u00f4le important pour attirer Guehi au club, a ajout\u00e9 : \u00ab\u00a0Il est clair que Marc est l&#39;un des meilleurs d\u00e9fenseurs du football anglais depuis un certain temps maintenant, nous sommes donc absolument ravis de l&#39;amener \u00e0 Manchester City. <\/p>\n<p>\u00ab\u00a0Je pense que nous avons recrut\u00e9 un \u00e9norme talent qui va nous aider \u00e0 nous am\u00e9liorer. Il n&#39;a que 25 ans, mais il a d\u00e9j\u00e0 montr\u00e9 qu&#39;il est un leader, un brillant professionnel et quelqu&#39;un qui cherche d\u00e9sesp\u00e9r\u00e9ment \u00e0 s&#39;am\u00e9liorer.<\/p>\n<p>\u00ab Il est fort, poss\u00e8de des qualit\u00e9s d\u00e9fensives exceptionnelles, est un lecteur intelligent du jeu et apporte passion et \u00e9nergie \u00e0 chaque fois qu&#39;il entre sur le terrain.<\/p>\n<p>\u00ab\u00a0Je suis tellement heureux qu&#39;il ait choisi de nous rejoindre. Marc entre dans les premi\u00e8res ann\u00e9es de sa carri\u00e8re. Je suis s\u00fbr que tous les fans de City sont ravis de voir \u00e0 quel point il peut \u00eatre bon dans un maillot bleu ciel.\u00a0\u00bb <\/p>\n<blockquote class=\"twitter-tweet\"><p>&#13;<\/p>\n<p dir=\"ltr\" lang=\"en\">Bienvenue \u00e0 City, Marc ? <a rel=\"nofollow\" href=\"https:\/\/t.co\/b2zwc6WtJW\">pic.twitter.com\/b2zwc6WtJW<\/a><\/p>\n<p>-Manchester City (@ManCity) <a rel=\"nofollow\" href=\"https:\/\/twitter.com\/ManCity\/status\/2013274152967327800?ref_src=twsrc%5Etfw\">19 janvier 2026<\/a><\/p><\/blockquote>\n<h2>Pourquoi Man City a-t-il d\u00e9m\u00e9nag\u00e9 pour Guehi en janvier ?<\/h2>\n<p>Guehi s\u2019est impos\u00e9 comme l\u2019un des d\u00e9fenseurs centraux les meilleurs et les plus constants de la Premier League depuis qu\u2019il a rejoint Crystal Palace en provenance de Chelsea en 2021.<\/p>\n<p>Le d\u00e9fenseur d&#39;origine ivoirienne, qui a remport\u00e9 26 s\u00e9lections internationales pour l&#39;Angleterre, a men\u00e9 Palace \u00e0 la gloire de la FA Cup la saison derni\u00e8re, les Eagles battant Man City 1-0 en finale \u00e0 Wembley pour remporter le tout premier troph\u00e9e majeur du club.<\/p>\n<p>Guehi a depuis \u00e9t\u00e9 capitaine de Palace lors de sa toute premi\u00e8re campagne europ\u00e9enne cette saison \u2013 la Conference League \u2013 et il quitte le club apr\u00e8s avoir disput\u00e9 un total de 188 apparitions toutes comp\u00e9titions confondues, dont 33 sorties cette saison.<\/p>\n<p>Man City a d\u00e9cid\u00e9 de renforcer son int\u00e9r\u00eat pour Guehi ce mois-ci alors que le trio d\u00e9fensif Josko Gvardiol, Ruben Dias et John Stones sont tous bless\u00e9s, le premier d&#39;entre eux pourrait rater le reste de la saison en raison d&#39;une fracture du tibia.<\/p>\n<p>Guehi ajoutera une exp\u00e9rience pr\u00e9cieuse, du leadership et une pl\u00e9thore de qualit\u00e9s d\u00e9fensives \u00e0 l&#39;\u00e9quipe de Guardiola, et il devrait figurer r\u00e9guli\u00e8rement pour une \u00e9quipe de Citizens qui s&#39;est appuy\u00e9e sur Abdukodir Khusanov, Max Alleyne et Nathan Ake dans leur ligne arri\u00e8re lors des derniers matches.<\/p>\n<p>Il ne sera pas disponible pour affronter l&#39;\u00e9quipe norv\u00e9gienne Bodo\/Glimt en Ligue des champions mardi, car il ne peut \u00eatre inscrit avant les huiti\u00e8mes de finale, mais il pourrait faire ses d\u00e9buts \u00e0 Man City \u00e0 domicile contre Wolverhampton Wanderers en Premier League samedi.<\/p>\n<\/div>\n<p><script async src=\"https:\/\/platform.twitter.com\/widgets.js\" charset=\"utf-8\"><\/script><\/p>\n","protected":false},"excerpt":{"rendered":"<p>Manchester City a officiellement annonc\u00e9 la signature du d\u00e9fenseur Marc Guehi en provenance de Crystal Palace. L&#39;international anglais de 25 ans, qui a pass\u00e9 son<\/p>\n","protected":false},"author":1,"featured_media":33792,"comment_status":"closed","ping_status":"","sticky":false,"template":"","format":"standard","meta":{"footnotes":""},"categories":[5],"tags":[11052,318,4419,91,27,5327,1218,928,1604,1679,53,5326,24,1678,920,92,10],"yoast_head":"<!-- This site is optimized with the Yoast SEO plugin v21.0 - https:\/\/yoast.com\/wordpress\/plugins\/seo\/ -->\n<title>Le num\u00e9ro de maillot de Marc Guehi \u00e0 Man City et la dur\u00e9e du contrat confirm\u00e9s alors que le d\u00e9fenseur vise Liverpool avec une affirmation audacieuse<\/title>\n<meta name=\"robots\" content=\"index, follow, max-snippet:-1, max-image-preview:large, max-video-preview:-1\" \/>\n<link rel=\"canonical\" href=\"https:\/\/footdavant.fr\/actualites\/le-numero-de-maillot-de-marc-guehi-a-man-city-et-la-duree-du-contrat-confirmes-alors-que-le-defenseur-vise-liverpool-avec-une-affirmation-audacieuse\/\" \/>\n<meta property=\"og:locale\" content=\"fr_FR\" \/>\n<meta property=\"og:type\" content=\"article\" \/>\n<meta property=\"og:title\" content=\"Le num\u00e9ro de maillot de Marc Guehi \u00e0 Man City et la dur\u00e9e du contrat confirm\u00e9s alors que le d\u00e9fenseur vise Liverpool avec une affirmation audacieuse\" \/>\n<meta property=\"og:description\" content=\"Manchester City a officiellement annonc\u00e9 la signature du d\u00e9fenseur Marc Guehi en provenance de Crystal Palace. L&#039;international anglais de 25 ans, qui a pass\u00e9 son\" \/>\n<meta property=\"og:url\" content=\"https:\/\/footdavant.fr\/actualites\/le-numero-de-maillot-de-marc-guehi-a-man-city-et-la-duree-du-contrat-confirmes-alors-que-le-defenseur-vise-liverpool-avec-une-affirmation-audacieuse\/\" \/>\n<meta property=\"og:site_name\" content=\"Foot d&#039;avant\" \/>\n<meta property=\"article:publisher\" content=\"https:\/\/www.facebook.com\/Footdavant\/\" \/>\n<meta property=\"article:published_time\" content=\"2026-01-25T04:48:05+00:00\" \/>\n<meta property=\"article:modified_time\" content=\"2026-01-25T04:48:07+00:00\" \/>\n<meta property=\"og:image\" content=\"https:\/\/footdavant.fr\/actualites\/wp-content\/uploads\/2026\/01\/Le-numero-de-maillot-de-Marc-Guehi-a-Man-City.net2Fuploads2F20262F012Fsm-azzuu-guehi-m.webp\" \/>\n\t<meta property=\"og:image:width\" content=\"720\" \/>\n\t<meta property=\"og:image:height\" content=\"410\" \/>\n\t<meta property=\"og:image:type\" content=\"image\/webp\" \/>\n<meta name=\"author\" content=\"Cl\u00e9ment\" \/>\n<meta name=\"twitter:card\" content=\"summary_large_image\" \/>\n<meta name=\"twitter:creator\" content=\"@FootdavantFr\" \/>\n<meta name=\"twitter:site\" content=\"@FootdavantFr\" \/>\n<meta name=\"twitter:label1\" content=\"\u00c9crit par\" \/>\n\t<meta name=\"twitter:data1\" content=\"Cl\u00e9ment\" \/>\n\t<meta name=\"twitter:label2\" content=\"Dur\u00e9e de lecture estim\u00e9e\" \/>\n\t<meta name=\"twitter:data2\" content=\"5 minutes\" \/>\n<script type=\"application\/ld+json\" class=\"yoast-schema-graph\">{\"@context\":\"https:\/\/schema.org\",\"@graph\":[{\"@type\":\"Article\",\"@id\":\"https:\/\/footdavant.fr\/actualites\/le-numero-de-maillot-de-marc-guehi-a-man-city-et-la-duree-du-contrat-confirmes-alors-que-le-defenseur-vise-liverpool-avec-une-affirmation-audacieuse\/#article\",\"isPartOf\":{\"@id\":\"https:\/\/footdavant.fr\/actualites\/le-numero-de-maillot-de-marc-guehi-a-man-city-et-la-duree-du-contrat-confirmes-alors-que-le-defenseur-vise-liverpool-avec-une-affirmation-audacieuse\/\"},\"author\":{\"name\":\"Cl\u00e9ment\",\"@id\":\"https:\/\/footdavant.fr\/actualites\/#\/schema\/person\/bc222566d95871b37e597b3ed3ba5e1d\"},\"headline\":\"Le num\u00e9ro de maillot de Marc Guehi \u00e0 Man City et la dur\u00e9e du contrat confirm\u00e9s alors que le d\u00e9fenseur vise Liverpool avec une affirmation audacieuse\",\"datePublished\":\"2026-01-25T04:48:05+00:00\",\"dateModified\":\"2026-01-25T04:48:07+00:00\",\"mainEntityOfPage\":{\"@id\":\"https:\/\/footdavant.fr\/actualites\/le-numero-de-maillot-de-marc-guehi-a-man-city-et-la-duree-du-contrat-confirmes-alors-que-le-defenseur-vise-liverpool-avec-une-affirmation-audacieuse\/\"},\"wordCount\":994,\"publisher\":{\"@id\":\"https:\/\/footdavant.fr\/actualites\/#organization\"},\"keywords\":[\"affirmation\",\"alors\",\"audacieuse\",\"avec\",\"City\",\"confirm\u00e9s\",\"contrat\",\"d\u00e9fenseur\",\"dur\u00e9e\",\"Guehi\",\"Liverpool\",\"maillot\",\"Man\",\"Marc\",\"num\u00e9ro\",\"une\",\"vise\"],\"articleSection\":[\"Premier League\"],\"inLanguage\":\"fr-FR\"},{\"@type\":\"WebPage\",\"@id\":\"https:\/\/footdavant.fr\/actualites\/le-numero-de-maillot-de-marc-guehi-a-man-city-et-la-duree-du-contrat-confirmes-alors-que-le-defenseur-vise-liverpool-avec-une-affirmation-audacieuse\/\",\"url\":\"https:\/\/footdavant.fr\/actualites\/le-numero-de-maillot-de-marc-guehi-a-man-city-et-la-duree-du-contrat-confirmes-alors-que-le-defenseur-vise-liverpool-avec-une-affirmation-audacieuse\/\",\"name\":\"Le num\u00e9ro de maillot de Marc Guehi \u00e0 Man City et la dur\u00e9e du contrat confirm\u00e9s alors que le d\u00e9fenseur vise Liverpool avec une affirmation audacieuse\",\"isPartOf\":{\"@id\":\"https:\/\/footdavant.fr\/actualites\/#website\"},\"datePublished\":\"2026-01-25T04:48:05+00:00\",\"dateModified\":\"2026-01-25T04:48:07+00:00\",\"breadcrumb\":{\"@id\":\"https:\/\/footdavant.fr\/actualites\/le-numero-de-maillot-de-marc-guehi-a-man-city-et-la-duree-du-contrat-confirmes-alors-que-le-defenseur-vise-liverpool-avec-une-affirmation-audacieuse\/#breadcrumb\"},\"inLanguage\":\"fr-FR\",\"potentialAction\":[{\"@type\":\"ReadAction\",\"target\":[\"https:\/\/footdavant.fr\/actualites\/le-numero-de-maillot-de-marc-guehi-a-man-city-et-la-duree-du-contrat-confirmes-alors-que-le-defenseur-vise-liverpool-avec-une-affirmation-audacieuse\/\"]}]},{\"@type\":\"BreadcrumbList\",\"@id\":\"https:\/\/footdavant.fr\/actualites\/le-numero-de-maillot-de-marc-guehi-a-man-city-et-la-duree-du-contrat-confirmes-alors-que-le-defenseur-vise-liverpool-avec-une-affirmation-audacieuse\/#breadcrumb\",\"itemListElement\":[{\"@type\":\"ListItem\",\"position\":1,\"name\":\"Accueil\",\"item\":\"https:\/\/footdavant.fr\/actualites\/\"},{\"@type\":\"ListItem\",\"position\":2,\"name\":\"Le num\u00e9ro de maillot de Marc Guehi \u00e0 Man City et la dur\u00e9e du contrat confirm\u00e9s alors que le d\u00e9fenseur vise Liverpool avec une affirmation audacieuse\"}]},{\"@type\":\"WebSite\",\"@id\":\"https:\/\/footdavant.fr\/actualites\/#website\",\"url\":\"https:\/\/footdavant.fr\/actualites\/\",\"name\":\"Foot d'avant\",\"description\":\"\",\"publisher\":{\"@id\":\"https:\/\/footdavant.fr\/actualites\/#organization\"},\"potentialAction\":[{\"@type\":\"SearchAction\",\"target\":{\"@type\":\"EntryPoint\",\"urlTemplate\":\"https:\/\/footdavant.fr\/actualites\/?s={search_term_string}\"},\"query-input\":\"required name=search_term_string\"}],\"inLanguage\":\"fr-FR\"},{\"@type\":\"Organization\",\"@id\":\"https:\/\/footdavant.fr\/actualites\/#organization\",\"name\":\"Foot d'avant\",\"url\":\"https:\/\/footdavant.fr\/actualites\/\",\"logo\":{\"@type\":\"ImageObject\",\"inLanguage\":\"fr-FR\",\"@id\":\"https:\/\/footdavant.fr\/actualites\/#\/schema\/logo\/image\/\",\"url\":\"https:\/\/footdavant.fr\/actualites\/wp-content\/uploads\/2023\/09\/Copy-of-FootDavant-Logo.png\",\"contentUrl\":\"https:\/\/footdavant.fr\/actualites\/wp-content\/uploads\/2023\/09\/Copy-of-FootDavant-Logo.png\",\"width\":936,\"height\":549,\"caption\":\"Foot d'avant\"},\"image\":{\"@id\":\"https:\/\/footdavant.fr\/actualites\/#\/schema\/logo\/image\/\"},\"sameAs\":[\"https:\/\/www.facebook.com\/Footdavant\/\",\"https:\/\/twitter.com\/FootdavantFr\",\"https:\/\/www.instagram.com\/footdavant.fr\/\"]},{\"@type\":\"Person\",\"@id\":\"https:\/\/footdavant.fr\/actualites\/#\/schema\/person\/bc222566d95871b37e597b3ed3ba5e1d\",\"name\":\"Cl\u00e9ment\",\"image\":{\"@type\":\"ImageObject\",\"inLanguage\":\"fr-FR\",\"@id\":\"https:\/\/footdavant.fr\/actualites\/#\/schema\/person\/image\/\",\"url\":\"https:\/\/secure.gravatar.com\/avatar\/7728b29aac2719421e1a9159b2254c44?s=96&d=mm&r=g\",\"contentUrl\":\"https:\/\/secure.gravatar.com\/avatar\/7728b29aac2719421e1a9159b2254c44?s=96&d=mm&r=g\",\"caption\":\"Cl\u00e9ment\"},\"sameAs\":[\"https:\/\/footdavant.fr\/\"]}]}<\/script>\n<!-- \/ Yoast SEO plugin. -->","yoast_head_json":{"title":"Le num\u00e9ro de maillot de Marc Guehi \u00e0 Man City et la dur\u00e9e du contrat confirm\u00e9s alors que le d\u00e9fenseur vise Liverpool avec une affirmation audacieuse","robots":{"index":"index","follow":"follow","max-snippet":"max-snippet:-1","max-image-preview":"max-image-preview:large","max-video-preview":"max-video-preview:-1"},"canonical":"https:\/\/footdavant.fr\/actualites\/le-numero-de-maillot-de-marc-guehi-a-man-city-et-la-duree-du-contrat-confirmes-alors-que-le-defenseur-vise-liverpool-avec-une-affirmation-audacieuse\/","og_locale":"fr_FR","og_type":"article","og_title":"Le num\u00e9ro de maillot de Marc Guehi \u00e0 Man City et la dur\u00e9e du contrat confirm\u00e9s alors que le d\u00e9fenseur vise Liverpool avec une affirmation audacieuse","og_description":"Manchester City a officiellement annonc\u00e9 la signature du d\u00e9fenseur Marc Guehi en provenance de Crystal Palace. L&#39;international anglais de 25 ans, qui a pass\u00e9 son","og_url":"https:\/\/footdavant.fr\/actualites\/le-numero-de-maillot-de-marc-guehi-a-man-city-et-la-duree-du-contrat-confirmes-alors-que-le-defenseur-vise-liverpool-avec-une-affirmation-audacieuse\/","og_site_name":"Foot d&#039;avant","article_publisher":"https:\/\/www.facebook.com\/Footdavant\/","article_published_time":"2026-01-25T04:48:05+00:00","article_modified_time":"2026-01-25T04:48:07+00:00","og_image":[{"width":720,"height":410,"url":"https:\/\/footdavant.fr\/actualites\/wp-content\/uploads\/2026\/01\/Le-numero-de-maillot-de-Marc-Guehi-a-Man-City.net2Fuploads2F20262F012Fsm-azzuu-guehi-m.webp","type":"image\/webp"}],"author":"Cl\u00e9ment","twitter_card":"summary_large_image","twitter_creator":"@FootdavantFr","twitter_site":"@FootdavantFr","twitter_misc":{"\u00c9crit par":"Cl\u00e9ment","Dur\u00e9e de lecture estim\u00e9e":"5 minutes"},"schema":{"@context":"https:\/\/schema.org","@graph":[{"@type":"Article","@id":"https:\/\/footdavant.fr\/actualites\/le-numero-de-maillot-de-marc-guehi-a-man-city-et-la-duree-du-contrat-confirmes-alors-que-le-defenseur-vise-liverpool-avec-une-affirmation-audacieuse\/#article","isPartOf":{"@id":"https:\/\/footdavant.fr\/actualites\/le-numero-de-maillot-de-marc-guehi-a-man-city-et-la-duree-du-contrat-confirmes-alors-que-le-defenseur-vise-liverpool-avec-une-affirmation-audacieuse\/"},"author":{"name":"Cl\u00e9ment","@id":"https:\/\/footdavant.fr\/actualites\/#\/schema\/person\/bc222566d95871b37e597b3ed3ba5e1d"},"headline":"Le num\u00e9ro de maillot de Marc Guehi \u00e0 Man City et la dur\u00e9e du contrat confirm\u00e9s alors que le d\u00e9fenseur vise Liverpool avec une affirmation audacieuse","datePublished":"2026-01-25T04:48:05+00:00","dateModified":"2026-01-25T04:48:07+00:00","mainEntityOfPage":{"@id":"https:\/\/footdavant.fr\/actualites\/le-numero-de-maillot-de-marc-guehi-a-man-city-et-la-duree-du-contrat-confirmes-alors-que-le-defenseur-vise-liverpool-avec-une-affirmation-audacieuse\/"},"wordCount":994,"publisher":{"@id":"https:\/\/footdavant.fr\/actualites\/#organization"},"keywords":["affirmation","alors","audacieuse","avec","City","confirm\u00e9s","contrat","d\u00e9fenseur","dur\u00e9e","Guehi","Liverpool","maillot","Man","Marc","num\u00e9ro","une","vise"],"articleSection":["Premier League"],"inLanguage":"fr-FR"},{"@type":"WebPage","@id":"https:\/\/footdavant.fr\/actualites\/le-numero-de-maillot-de-marc-guehi-a-man-city-et-la-duree-du-contrat-confirmes-alors-que-le-defenseur-vise-liverpool-avec-une-affirmation-audacieuse\/","url":"https:\/\/footdavant.fr\/actualites\/le-numero-de-maillot-de-marc-guehi-a-man-city-et-la-duree-du-contrat-confirmes-alors-que-le-defenseur-vise-liverpool-avec-une-affirmation-audacieuse\/","name":"Le num\u00e9ro de maillot de Marc Guehi \u00e0 Man City et la dur\u00e9e du contrat confirm\u00e9s alors que le d\u00e9fenseur vise Liverpool avec une affirmation audacieuse","isPartOf":{"@id":"https:\/\/footdavant.fr\/actualites\/#website"},"datePublished":"2026-01-25T04:48:05+00:00","dateModified":"2026-01-25T04:48:07+00:00","breadcrumb":{"@id":"https:\/\/footdavant.fr\/actualites\/le-numero-de-maillot-de-marc-guehi-a-man-city-et-la-duree-du-contrat-confirmes-alors-que-le-defenseur-vise-liverpool-avec-une-affirmation-audacieuse\/#breadcrumb"},"inLanguage":"fr-FR","potentialAction":[{"@type":"ReadAction","target":["https:\/\/footdavant.fr\/actualites\/le-numero-de-maillot-de-marc-guehi-a-man-city-et-la-duree-du-contrat-confirmes-alors-que-le-defenseur-vise-liverpool-avec-une-affirmation-audacieuse\/"]}]},{"@type":"BreadcrumbList","@id":"https:\/\/footdavant.fr\/actualites\/le-numero-de-maillot-de-marc-guehi-a-man-city-et-la-duree-du-contrat-confirmes-alors-que-le-defenseur-vise-liverpool-avec-une-affirmation-audacieuse\/#breadcrumb","itemListElement":[{"@type":"ListItem","position":1,"name":"Accueil","item":"https:\/\/footdavant.fr\/actualites\/"},{"@type":"ListItem","position":2,"name":"Le num\u00e9ro de maillot de Marc Guehi \u00e0 Man City et la dur\u00e9e du contrat confirm\u00e9s alors que le d\u00e9fenseur vise Liverpool avec une affirmation audacieuse"}]},{"@type":"WebSite","@id":"https:\/\/footdavant.fr\/actualites\/#website","url":"https:\/\/footdavant.fr\/actualites\/","name":"Foot d'avant","description":"","publisher":{"@id":"https:\/\/footdavant.fr\/actualites\/#organization"},"potentialAction":[{"@type":"SearchAction","target":{"@type":"EntryPoint","urlTemplate":"https:\/\/footdavant.fr\/actualites\/?s={search_term_string}"},"query-input":"required name=search_term_string"}],"inLanguage":"fr-FR"},{"@type":"Organization","@id":"https:\/\/footdavant.fr\/actualites\/#organization","name":"Foot d'avant","url":"https:\/\/footdavant.fr\/actualites\/","logo":{"@type":"ImageObject","inLanguage":"fr-FR","@id":"https:\/\/footdavant.fr\/actualites\/#\/schema\/logo\/image\/","url":"https:\/\/footdavant.fr\/actualites\/wp-content\/uploads\/2023\/09\/Copy-of-FootDavant-Logo.png","contentUrl":"https:\/\/footdavant.fr\/actualites\/wp-content\/uploads\/2023\/09\/Copy-of-FootDavant-Logo.png","width":936,"height":549,"caption":"Foot d'avant"},"image":{"@id":"https:\/\/footdavant.fr\/actualites\/#\/schema\/logo\/image\/"},"sameAs":["https:\/\/www.facebook.com\/Footdavant\/","https:\/\/twitter.com\/FootdavantFr","https:\/\/www.instagram.com\/footdavant.fr\/"]},{"@type":"Person","@id":"https:\/\/footdavant.fr\/actualites\/#\/schema\/person\/bc222566d95871b37e597b3ed3ba5e1d","name":"Cl\u00e9ment","image":{"@type":"ImageObject","inLanguage":"fr-FR","@id":"https:\/\/footdavant.fr\/actualites\/#\/schema\/person\/image\/","url":"https:\/\/secure.gravatar.com\/avatar\/7728b29aac2719421e1a9159b2254c44?s=96&d=mm&r=g","contentUrl":"https:\/\/secure.gravatar.com\/avatar\/7728b29aac2719421e1a9159b2254c44?s=96&d=mm&r=g","caption":"Cl\u00e9ment"},"sameAs":["https:\/\/footdavant.fr\/"]}]}},"_links":{"self":[{"href":"https:\/\/footdavant.fr\/actualites\/wp-json\/wp\/v2\/posts\/33791"}],"collection":[{"href":"https:\/\/footdavant.fr\/actualites\/wp-json\/wp\/v2\/posts"}],"about":[{"href":"https:\/\/footdavant.fr\/actualites\/wp-json\/wp\/v2\/types\/post"}],"author":[{"embeddable":true,"href":"https:\/\/footdavant.fr\/actualites\/wp-json\/wp\/v2\/users\/1"}],"replies":[{"embeddable":true,"href":"https:\/\/footdavant.fr\/actualites\/wp-json\/wp\/v2\/comments?post=33791"}],"version-history":[{"count":1,"href":"https:\/\/footdavant.fr\/actualites\/wp-json\/wp\/v2\/posts\/33791\/revisions"}],"predecessor-version":[{"id":33793,"href":"https:\/\/footdavant.fr\/actualites\/wp-json\/wp\/v2\/posts\/33791\/revisions\/33793"}],"wp:featuredmedia":[{"embeddable":true,"href":"https:\/\/footdavant.fr\/actualites\/wp-json\/wp\/v2\/media\/33792"}],"wp:attachment":[{"href":"https:\/\/footdavant.fr\/actualites\/wp-json\/wp\/v2\/media?parent=33791"}],"wp:term":[{"taxonomy":"category","embeddable":true,"href":"https:\/\/footdavant.fr\/actualites\/wp-json\/wp\/v2\/categories?post=33791"},{"taxonomy":"post_tag","embeddable":true,"href":"https:\/\/footdavant.fr\/actualites\/wp-json\/wp\/v2\/tags?post=33791"}],"curies":[{"name":"wp","href":"https:\/\/api.w.org\/{rel}","templated":true}]}}