{"id":33797,"date":"2026-01-25T09:48:01","date_gmt":"2026-01-25T08:48:01","guid":{"rendered":"https:\/\/footdavant.fr\/actualites\/mise-a-jour-de-lequipe-de-tottenham-decision-brutale-de-mathys-tel-operation-de-ben-davies-dernier-xavi-simons\/"},"modified":"2026-01-25T09:48:03","modified_gmt":"2026-01-25T08:48:03","slug":"mise-a-jour-de-lequipe-de-tottenham-decision-brutale-de-mathys-tel-operation-de-ben-davies-dernier-xavi-simons","status":"publish","type":"post","link":"https:\/\/footdavant.fr\/actualites\/mise-a-jour-de-lequipe-de-tottenham-decision-brutale-de-mathys-tel-operation-de-ben-davies-dernier-xavi-simons\/","title":{"rendered":"Mise \u00e0 jour de l&#39;\u00e9quipe de Tottenham : d\u00e9cision brutale de Mathys Tel, op\u00e9ration de Ben Davies, dernier Xavi Simons"},"content":{"rendered":"<div itemprop=\"articleBody\">\n<p>Tottenham Hotspur aurait pris une d\u00e9cision brutale concernant Mathys Tel avant son affrontement en Ligue des champions contre le Borussia Dortmund mardi soir.<\/p>\n<p>Le Fran\u00e7ais \u00e9tait l&#39;un des nombreux joueurs de haut niveau exclus de l&#39;\u00e9quipe des Spurs pour la phase de championnat, les Lilywhites ayant \u00e9t\u00e9 contraints d&#39;omettre un certain nombre de talents \u00e9trangers de leurs rangs en raison de leur manque d&#39;association et de joueurs form\u00e9s en club.<\/p>\n<p>Tel a re\u00e7u une bou\u00e9e de sauvetage europ\u00e9enne gr\u00e2ce \u00e0 la grave blessure \u00e0 la cheville de Dominic Solanke, les Spurs ayant exclu l&#39;ancien attaquant de Bournemouth de leur \u00e9quipe et ajout\u00e9 Tel \u00e0 leurs rangs en Ligue des champions.<\/p>\n<p>Le joueur de 20 ans est sorti du banc lors de la victoire 3-0 de Tottenham contre le Slavia Prague lors de sa derni\u00e8re sortie europ\u00e9enne, et il a \u00e9galement d\u00e9but\u00e9 chacun des trois derniers matches des Spurs en Premier League, marquant un but contre Bournemouth.<\/p>\n<p>Cependant, Solanke s&#39;est maintenant compl\u00e8tement r\u00e9tabli tardivement de son probl\u00e8me de cheville et, selon <em>L&#39;Equipe<\/em>Tottenham a de nouveau exclu Tel de son \u00e9quipe de Ligue des champions.<\/p>\n<h2>Tottenham \u00ab exclut \u00bb Mathys Tel de l&#39;\u00e9quipe de la Ligue des champions apr\u00e8s la gu\u00e9rison de Dominic Solanke<\/h2>\n<div>\n<div>\n<div>\n<p>\u00a9 Imago\/IMAGO\/Zuma Press Wire<\/p>\n<\/div>\n<\/div>\n<\/div>\n<p>L&#39;entra\u00eeneur-chef sous pression Thomas Frank aurait inform\u00e9 Tel de sa d\u00e9cision, qui devait \u00eatre prise lundi avant la visite de Dortmund au Tottenham Hotspur Stadium demain.<\/p>\n<p>Tel ne sera pas non plus disponible pour participer au dernier match de championnat de Tottenham avec l&#39;Eintracht Francfort, et la d\u00e9cision acharn\u00e9e des Spurs pourrait potentiellement pousser l&#39;ancien du Bayern Munich vers la porte de sortie.<\/p>\n<p>Le Paris FC, nouveau venu en Ligue 1, a \u00e9t\u00e9 fortement li\u00e9 \u00e0 une d\u00e9cision de Tel, qui a marqu\u00e9 six buts et fourni deux passes d\u00e9cisives en 40 matches pour Tottenham depuis son premier pr\u00eat l&#39;hiver dernier.<\/p>\n<p>L&#39;attaquant n\u00e9 en 2005 reste cependant sous contrat avec les vainqueurs de la Ligue Europa pendant encore cinq ans et demi, et les Lilywhites seraient cens\u00e9s bloquer le pr\u00eat et les offres permanentes pour ses services au milieu de leur crise de s\u00e9lection.<\/p>\n<p>Frank pourrait se passer de pas moins de 15 joueurs pour la r\u00e9ception de Dortmund mardi soir, dont Ben Davies, dont l&#39;\u00e9tendue des blessures a d\u00e9sormais \u00e9t\u00e9 confirm\u00e9e.<\/p>\n<h2>Tottenham confirme l&#39;\u00e9tendue de la blessure de Ben Davies alors que la d\u00e9cision chirurgicale est r\u00e9v\u00e9l\u00e9e<\/h2>\n<div>\n<div>\n<div><img decoding=\"async\" data-img-id=\"135550\" class=\"lazy\" loading=\"lazy\" src=\"https:\/\/footdavant.fr\/actualites\/wp-content\/uploads\/2025\/09\/1759175294_421_Blessure-de-Tottenham-liste-de-suspension-et-dates-de-retour.jpg\"\/><\/p>\n<p>\u00a9 Imago<\/p>\n<\/div>\n<\/div>\n<\/div>\n<p>Le v\u00e9t\u00e9ran gallois a \u00e9t\u00e9 expuls\u00e9 du terrain en raison d&#39;un grave probl\u00e8me \u00e0 la jambe lors de la d\u00e9faite de Premier League ce week-end contre West Ham United, et les Spurs ont maintenant r\u00e9v\u00e9l\u00e9 qu&#39;il passerait sous le bistouri pour une fracture de la cheville.<\/p>\n<p>\u00ab\u00a0Nous pouvons confirmer que Ben Davies sera op\u00e9r\u00e9 aujourd&#39;hui pour une fracture de la cheville gauche\u00a0\u00bb, ont d\u00e9clar\u00e9 les Spurs sur X, anciennement connu sous le nom de Twitter. \u00ab\u00a0Le d\u00e9fenseur international gallois s&#39;est bless\u00e9 lors du match de Premier League samedi contre West Ham United.<\/p>\n<p>\u00ab\u00a0Apr\u00e8s l&#39;op\u00e9ration, Ben commencera sa r\u00e9\u00e9ducation avec notre \u00e9quipe m\u00e9dicale. Nous sommes tous derri\u00e8re vous, Ben.\u00a0\u00bb<\/p>\n<p>Davies rejoint Richarlison, Mohammed Kudus, Dejan Kulusevski, James Maddison et Rodrigo Bentancur sur la liste des bless\u00e9s \u00e0 long terme des Spurs, tandis que Joao Palhinha n&#39;est pas sorti pour l&#39;entra\u00eenement lundi en raison d&#39;un coup.<\/p>\n<p>Cependant, Xavi Simons &#8211; un autre probl\u00e8me de blessure pour le week-end &#8211; aurait \u00e9t\u00e9 vu rejoindre le groupe pendant les braises mourantes de la s\u00e9ance ouverte, selon Alasdair Gold.<\/p>\n<\/div>\n","protected":false},"excerpt":{"rendered":"<p>Tottenham Hotspur aurait pris une d\u00e9cision brutale concernant Mathys Tel avant son affrontement en Ligue des champions contre le Borussia Dortmund mardi soir. Le Fran\u00e7ais<\/p>\n","protected":false},"author":1,"featured_media":33798,"comment_status":"closed","ping_status":"","sticky":false,"template":"","format":"standard","meta":{"footnotes":""},"categories":[5],"tags":[1773,6996,2373,497,2317,328,4219,1983,327,1764,5448,1984,68,124],"yoast_head":"<!-- This site is optimized with the Yoast SEO plugin v21.0 - https:\/\/yoast.com\/wordpress\/plugins\/seo\/ -->\n<title>Mise \u00e0 jour de l&#039;\u00e9quipe de Tottenham : d\u00e9cision brutale de Mathys Tel, op\u00e9ration de Ben Davies, dernier Xavi Simons<\/title>\n<meta name=\"robots\" content=\"index, follow, max-snippet:-1, max-image-preview:large, max-video-preview:-1\" \/>\n<link rel=\"canonical\" href=\"https:\/\/footdavant.fr\/actualites\/mise-a-jour-de-lequipe-de-tottenham-decision-brutale-de-mathys-tel-operation-de-ben-davies-dernier-xavi-simons\/\" \/>\n<meta property=\"og:locale\" content=\"fr_FR\" \/>\n<meta property=\"og:type\" content=\"article\" \/>\n<meta property=\"og:title\" content=\"Mise \u00e0 jour de l&#039;\u00e9quipe de Tottenham : d\u00e9cision brutale de Mathys Tel, op\u00e9ration de Ben Davies, dernier Xavi Simons\" \/>\n<meta property=\"og:description\" content=\"Tottenham Hotspur aurait pris une d\u00e9cision brutale concernant Mathys Tel avant son affrontement en Ligue des champions contre le Borussia Dortmund mardi soir. Le Fran\u00e7ais\" \/>\n<meta property=\"og:url\" content=\"https:\/\/footdavant.fr\/actualites\/mise-a-jour-de-lequipe-de-tottenham-decision-brutale-de-mathys-tel-operation-de-ben-davies-dernier-xavi-simons\/\" \/>\n<meta property=\"og:site_name\" content=\"Foot d&#039;avant\" \/>\n<meta property=\"article:publisher\" content=\"https:\/\/www.facebook.com\/Footdavant\/\" \/>\n<meta property=\"article:published_time\" content=\"2026-01-25T08:48:01+00:00\" \/>\n<meta property=\"article:modified_time\" content=\"2026-01-25T08:48:03+00:00\" \/>\n<meta property=\"og:image\" content=\"https:\/\/footdavant.fr\/actualites\/wp-content\/uploads\/2026\/01\/Mise-a-jour-de-l39equipe-de-Tottenham-decision-brutale.jpg\" \/>\n\t<meta property=\"og:image:width\" content=\"720\" \/>\n\t<meta property=\"og:image:height\" content=\"410\" \/>\n\t<meta property=\"og:image:type\" content=\"image\/jpeg\" \/>\n<meta name=\"author\" content=\"Cl\u00e9ment\" \/>\n<meta name=\"twitter:card\" content=\"summary_large_image\" \/>\n<meta name=\"twitter:creator\" content=\"@FootdavantFr\" \/>\n<meta name=\"twitter:site\" content=\"@FootdavantFr\" \/>\n<meta name=\"twitter:label1\" content=\"\u00c9crit par\" \/>\n\t<meta name=\"twitter:data1\" content=\"Cl\u00e9ment\" \/>\n\t<meta name=\"twitter:label2\" content=\"Dur\u00e9e de lecture estim\u00e9e\" \/>\n\t<meta name=\"twitter:data2\" content=\"3 minutes\" \/>\n<script type=\"application\/ld+json\" class=\"yoast-schema-graph\">{\"@context\":\"https:\/\/schema.org\",\"@graph\":[{\"@type\":\"Article\",\"@id\":\"https:\/\/footdavant.fr\/actualites\/mise-a-jour-de-lequipe-de-tottenham-decision-brutale-de-mathys-tel-operation-de-ben-davies-dernier-xavi-simons\/#article\",\"isPartOf\":{\"@id\":\"https:\/\/footdavant.fr\/actualites\/mise-a-jour-de-lequipe-de-tottenham-decision-brutale-de-mathys-tel-operation-de-ben-davies-dernier-xavi-simons\/\"},\"author\":{\"name\":\"Cl\u00e9ment\",\"@id\":\"https:\/\/footdavant.fr\/actualites\/#\/schema\/person\/bc222566d95871b37e597b3ed3ba5e1d\"},\"headline\":\"Mise \u00e0 jour de l&#39;\u00e9quipe de Tottenham : d\u00e9cision brutale de Mathys Tel, op\u00e9ration de Ben Davies, dernier Xavi Simons\",\"datePublished\":\"2026-01-25T08:48:01+00:00\",\"dateModified\":\"2026-01-25T08:48:03+00:00\",\"mainEntityOfPage\":{\"@id\":\"https:\/\/footdavant.fr\/actualites\/mise-a-jour-de-lequipe-de-tottenham-decision-brutale-de-mathys-tel-operation-de-ben-davies-dernier-xavi-simons\/\"},\"wordCount\":651,\"publisher\":{\"@id\":\"https:\/\/footdavant.fr\/actualites\/#organization\"},\"keywords\":[\"Ben\",\"brutale\",\"Davies\",\"d\u00e9cision\",\"dernier\",\"jour\",\"l39\u00e9quipe\",\"Mathys\",\"mise\",\"op\u00e9ration\",\"Simons\",\"Tel\",\"Tottenham\",\"Xavi\"],\"articleSection\":[\"Premier League\"],\"inLanguage\":\"fr-FR\"},{\"@type\":\"WebPage\",\"@id\":\"https:\/\/footdavant.fr\/actualites\/mise-a-jour-de-lequipe-de-tottenham-decision-brutale-de-mathys-tel-operation-de-ben-davies-dernier-xavi-simons\/\",\"url\":\"https:\/\/footdavant.fr\/actualites\/mise-a-jour-de-lequipe-de-tottenham-decision-brutale-de-mathys-tel-operation-de-ben-davies-dernier-xavi-simons\/\",\"name\":\"Mise \u00e0 jour de l&#39;\u00e9quipe de Tottenham : d\u00e9cision brutale de Mathys Tel, op\u00e9ration de Ben Davies, dernier Xavi Simons\",\"isPartOf\":{\"@id\":\"https:\/\/footdavant.fr\/actualites\/#website\"},\"datePublished\":\"2026-01-25T08:48:01+00:00\",\"dateModified\":\"2026-01-25T08:48:03+00:00\",\"breadcrumb\":{\"@id\":\"https:\/\/footdavant.fr\/actualites\/mise-a-jour-de-lequipe-de-tottenham-decision-brutale-de-mathys-tel-operation-de-ben-davies-dernier-xavi-simons\/#breadcrumb\"},\"inLanguage\":\"fr-FR\",\"potentialAction\":[{\"@type\":\"ReadAction\",\"target\":[\"https:\/\/footdavant.fr\/actualites\/mise-a-jour-de-lequipe-de-tottenham-decision-brutale-de-mathys-tel-operation-de-ben-davies-dernier-xavi-simons\/\"]}]},{\"@type\":\"BreadcrumbList\",\"@id\":\"https:\/\/footdavant.fr\/actualites\/mise-a-jour-de-lequipe-de-tottenham-decision-brutale-de-mathys-tel-operation-de-ben-davies-dernier-xavi-simons\/#breadcrumb\",\"itemListElement\":[{\"@type\":\"ListItem\",\"position\":1,\"name\":\"Accueil\",\"item\":\"https:\/\/footdavant.fr\/actualites\/\"},{\"@type\":\"ListItem\",\"position\":2,\"name\":\"Mise \u00e0 jour de l&#39;\u00e9quipe de Tottenham : d\u00e9cision brutale de Mathys Tel, op\u00e9ration de Ben Davies, dernier Xavi Simons\"}]},{\"@type\":\"WebSite\",\"@id\":\"https:\/\/footdavant.fr\/actualites\/#website\",\"url\":\"https:\/\/footdavant.fr\/actualites\/\",\"name\":\"Foot d'avant\",\"description\":\"\",\"publisher\":{\"@id\":\"https:\/\/footdavant.fr\/actualites\/#organization\"},\"potentialAction\":[{\"@type\":\"SearchAction\",\"target\":{\"@type\":\"EntryPoint\",\"urlTemplate\":\"https:\/\/footdavant.fr\/actualites\/?s={search_term_string}\"},\"query-input\":\"required name=search_term_string\"}],\"inLanguage\":\"fr-FR\"},{\"@type\":\"Organization\",\"@id\":\"https:\/\/footdavant.fr\/actualites\/#organization\",\"name\":\"Foot d'avant\",\"url\":\"https:\/\/footdavant.fr\/actualites\/\",\"logo\":{\"@type\":\"ImageObject\",\"inLanguage\":\"fr-FR\",\"@id\":\"https:\/\/footdavant.fr\/actualites\/#\/schema\/logo\/image\/\",\"url\":\"https:\/\/footdavant.fr\/actualites\/wp-content\/uploads\/2023\/09\/Copy-of-FootDavant-Logo.png\",\"contentUrl\":\"https:\/\/footdavant.fr\/actualites\/wp-content\/uploads\/2023\/09\/Copy-of-FootDavant-Logo.png\",\"width\":936,\"height\":549,\"caption\":\"Foot d'avant\"},\"image\":{\"@id\":\"https:\/\/footdavant.fr\/actualites\/#\/schema\/logo\/image\/\"},\"sameAs\":[\"https:\/\/www.facebook.com\/Footdavant\/\",\"https:\/\/twitter.com\/FootdavantFr\",\"https:\/\/www.instagram.com\/footdavant.fr\/\"]},{\"@type\":\"Person\",\"@id\":\"https:\/\/footdavant.fr\/actualites\/#\/schema\/person\/bc222566d95871b37e597b3ed3ba5e1d\",\"name\":\"Cl\u00e9ment\",\"image\":{\"@type\":\"ImageObject\",\"inLanguage\":\"fr-FR\",\"@id\":\"https:\/\/footdavant.fr\/actualites\/#\/schema\/person\/image\/\",\"url\":\"https:\/\/secure.gravatar.com\/avatar\/7728b29aac2719421e1a9159b2254c44?s=96&d=mm&r=g\",\"contentUrl\":\"https:\/\/secure.gravatar.com\/avatar\/7728b29aac2719421e1a9159b2254c44?s=96&d=mm&r=g\",\"caption\":\"Cl\u00e9ment\"},\"sameAs\":[\"https:\/\/footdavant.fr\/\"]}]}<\/script>\n<!-- \/ Yoast SEO plugin. -->","yoast_head_json":{"title":"Mise \u00e0 jour de l&#39;\u00e9quipe de Tottenham : d\u00e9cision brutale de Mathys Tel, op\u00e9ration de Ben Davies, dernier Xavi Simons","robots":{"index":"index","follow":"follow","max-snippet":"max-snippet:-1","max-image-preview":"max-image-preview:large","max-video-preview":"max-video-preview:-1"},"canonical":"https:\/\/footdavant.fr\/actualites\/mise-a-jour-de-lequipe-de-tottenham-decision-brutale-de-mathys-tel-operation-de-ben-davies-dernier-xavi-simons\/","og_locale":"fr_FR","og_type":"article","og_title":"Mise \u00e0 jour de l&#39;\u00e9quipe de Tottenham : d\u00e9cision brutale de Mathys Tel, op\u00e9ration de Ben Davies, dernier Xavi Simons","og_description":"Tottenham Hotspur aurait pris une d\u00e9cision brutale concernant Mathys Tel avant son affrontement en Ligue des champions contre le Borussia Dortmund mardi soir. Le Fran\u00e7ais","og_url":"https:\/\/footdavant.fr\/actualites\/mise-a-jour-de-lequipe-de-tottenham-decision-brutale-de-mathys-tel-operation-de-ben-davies-dernier-xavi-simons\/","og_site_name":"Foot d&#039;avant","article_publisher":"https:\/\/www.facebook.com\/Footdavant\/","article_published_time":"2026-01-25T08:48:01+00:00","article_modified_time":"2026-01-25T08:48:03+00:00","og_image":[{"width":720,"height":410,"url":"https:\/\/footdavant.fr\/actualites\/wp-content\/uploads\/2026\/01\/Mise-a-jour-de-l39equipe-de-Tottenham-decision-brutale.jpg","type":"image\/jpeg"}],"author":"Cl\u00e9ment","twitter_card":"summary_large_image","twitter_creator":"@FootdavantFr","twitter_site":"@FootdavantFr","twitter_misc":{"\u00c9crit par":"Cl\u00e9ment","Dur\u00e9e de lecture estim\u00e9e":"3 minutes"},"schema":{"@context":"https:\/\/schema.org","@graph":[{"@type":"Article","@id":"https:\/\/footdavant.fr\/actualites\/mise-a-jour-de-lequipe-de-tottenham-decision-brutale-de-mathys-tel-operation-de-ben-davies-dernier-xavi-simons\/#article","isPartOf":{"@id":"https:\/\/footdavant.fr\/actualites\/mise-a-jour-de-lequipe-de-tottenham-decision-brutale-de-mathys-tel-operation-de-ben-davies-dernier-xavi-simons\/"},"author":{"name":"Cl\u00e9ment","@id":"https:\/\/footdavant.fr\/actualites\/#\/schema\/person\/bc222566d95871b37e597b3ed3ba5e1d"},"headline":"Mise \u00e0 jour de l&#39;\u00e9quipe de Tottenham : d\u00e9cision brutale de Mathys Tel, op\u00e9ration de Ben Davies, dernier Xavi Simons","datePublished":"2026-01-25T08:48:01+00:00","dateModified":"2026-01-25T08:48:03+00:00","mainEntityOfPage":{"@id":"https:\/\/footdavant.fr\/actualites\/mise-a-jour-de-lequipe-de-tottenham-decision-brutale-de-mathys-tel-operation-de-ben-davies-dernier-xavi-simons\/"},"wordCount":651,"publisher":{"@id":"https:\/\/footdavant.fr\/actualites\/#organization"},"keywords":["Ben","brutale","Davies","d\u00e9cision","dernier","jour","l39\u00e9quipe","Mathys","mise","op\u00e9ration","Simons","Tel","Tottenham","Xavi"],"articleSection":["Premier League"],"inLanguage":"fr-FR"},{"@type":"WebPage","@id":"https:\/\/footdavant.fr\/actualites\/mise-a-jour-de-lequipe-de-tottenham-decision-brutale-de-mathys-tel-operation-de-ben-davies-dernier-xavi-simons\/","url":"https:\/\/footdavant.fr\/actualites\/mise-a-jour-de-lequipe-de-tottenham-decision-brutale-de-mathys-tel-operation-de-ben-davies-dernier-xavi-simons\/","name":"Mise \u00e0 jour de l&#39;\u00e9quipe de Tottenham : d\u00e9cision brutale de Mathys Tel, op\u00e9ration de Ben Davies, dernier Xavi Simons","isPartOf":{"@id":"https:\/\/footdavant.fr\/actualites\/#website"},"datePublished":"2026-01-25T08:48:01+00:00","dateModified":"2026-01-25T08:48:03+00:00","breadcrumb":{"@id":"https:\/\/footdavant.fr\/actualites\/mise-a-jour-de-lequipe-de-tottenham-decision-brutale-de-mathys-tel-operation-de-ben-davies-dernier-xavi-simons\/#breadcrumb"},"inLanguage":"fr-FR","potentialAction":[{"@type":"ReadAction","target":["https:\/\/footdavant.fr\/actualites\/mise-a-jour-de-lequipe-de-tottenham-decision-brutale-de-mathys-tel-operation-de-ben-davies-dernier-xavi-simons\/"]}]},{"@type":"BreadcrumbList","@id":"https:\/\/footdavant.fr\/actualites\/mise-a-jour-de-lequipe-de-tottenham-decision-brutale-de-mathys-tel-operation-de-ben-davies-dernier-xavi-simons\/#breadcrumb","itemListElement":[{"@type":"ListItem","position":1,"name":"Accueil","item":"https:\/\/footdavant.fr\/actualites\/"},{"@type":"ListItem","position":2,"name":"Mise \u00e0 jour de l&#39;\u00e9quipe de Tottenham : d\u00e9cision brutale de Mathys Tel, op\u00e9ration de Ben Davies, dernier Xavi Simons"}]},{"@type":"WebSite","@id":"https:\/\/footdavant.fr\/actualites\/#website","url":"https:\/\/footdavant.fr\/actualites\/","name":"Foot d'avant","description":"","publisher":{"@id":"https:\/\/footdavant.fr\/actualites\/#organization"},"potentialAction":[{"@type":"SearchAction","target":{"@type":"EntryPoint","urlTemplate":"https:\/\/footdavant.fr\/actualites\/?s={search_term_string}"},"query-input":"required name=search_term_string"}],"inLanguage":"fr-FR"},{"@type":"Organization","@id":"https:\/\/footdavant.fr\/actualites\/#organization","name":"Foot d'avant","url":"https:\/\/footdavant.fr\/actualites\/","logo":{"@type":"ImageObject","inLanguage":"fr-FR","@id":"https:\/\/footdavant.fr\/actualites\/#\/schema\/logo\/image\/","url":"https:\/\/footdavant.fr\/actualites\/wp-content\/uploads\/2023\/09\/Copy-of-FootDavant-Logo.png","contentUrl":"https:\/\/footdavant.fr\/actualites\/wp-content\/uploads\/2023\/09\/Copy-of-FootDavant-Logo.png","width":936,"height":549,"caption":"Foot d'avant"},"image":{"@id":"https:\/\/footdavant.fr\/actualites\/#\/schema\/logo\/image\/"},"sameAs":["https:\/\/www.facebook.com\/Footdavant\/","https:\/\/twitter.com\/FootdavantFr","https:\/\/www.instagram.com\/footdavant.fr\/"]},{"@type":"Person","@id":"https:\/\/footdavant.fr\/actualites\/#\/schema\/person\/bc222566d95871b37e597b3ed3ba5e1d","name":"Cl\u00e9ment","image":{"@type":"ImageObject","inLanguage":"fr-FR","@id":"https:\/\/footdavant.fr\/actualites\/#\/schema\/person\/image\/","url":"https:\/\/secure.gravatar.com\/avatar\/7728b29aac2719421e1a9159b2254c44?s=96&d=mm&r=g","contentUrl":"https:\/\/secure.gravatar.com\/avatar\/7728b29aac2719421e1a9159b2254c44?s=96&d=mm&r=g","caption":"Cl\u00e9ment"},"sameAs":["https:\/\/footdavant.fr\/"]}]}},"_links":{"self":[{"href":"https:\/\/footdavant.fr\/actualites\/wp-json\/wp\/v2\/posts\/33797"}],"collection":[{"href":"https:\/\/footdavant.fr\/actualites\/wp-json\/wp\/v2\/posts"}],"about":[{"href":"https:\/\/footdavant.fr\/actualites\/wp-json\/wp\/v2\/types\/post"}],"author":[{"embeddable":true,"href":"https:\/\/footdavant.fr\/actualites\/wp-json\/wp\/v2\/users\/1"}],"replies":[{"embeddable":true,"href":"https:\/\/footdavant.fr\/actualites\/wp-json\/wp\/v2\/comments?post=33797"}],"version-history":[{"count":1,"href":"https:\/\/footdavant.fr\/actualites\/wp-json\/wp\/v2\/posts\/33797\/revisions"}],"predecessor-version":[{"id":33799,"href":"https:\/\/footdavant.fr\/actualites\/wp-json\/wp\/v2\/posts\/33797\/revisions\/33799"}],"wp:featuredmedia":[{"embeddable":true,"href":"https:\/\/footdavant.fr\/actualites\/wp-json\/wp\/v2\/media\/33798"}],"wp:attachment":[{"href":"https:\/\/footdavant.fr\/actualites\/wp-json\/wp\/v2\/media?parent=33797"}],"wp:term":[{"taxonomy":"category","embeddable":true,"href":"https:\/\/footdavant.fr\/actualites\/wp-json\/wp\/v2\/categories?post=33797"},{"taxonomy":"post_tag","embeddable":true,"href":"https:\/\/footdavant.fr\/actualites\/wp-json\/wp\/v2\/tags?post=33797"}],"curies":[{"name":"wp","href":"https:\/\/api.w.org\/{rel}","templated":true}]}}