{"id":338,"date":"2023-11-05T11:48:50","date_gmt":"2023-11-05T10:48:50","guid":{"rendered":"https:\/\/footdavant.fr\/actualites\/manchester-city-garde-un-oeil-sur-la-situation-warren-zaire-emery\/"},"modified":"2023-11-05T11:48:51","modified_gmt":"2023-11-05T10:48:51","slug":"manchester-city-garde-un-oeil-sur-la-situation-warren-zaire-emery","status":"publish","type":"post","link":"https:\/\/footdavant.fr\/actualites\/manchester-city-garde-un-oeil-sur-la-situation-warren-zaire-emery\/","title":{"rendered":"Manchester City \u00ab garde un \u0153il sur la situation Warren Za\u00efre-Emery \u00bb"},"content":{"rendered":"<p>Manchester City et le Bayern Munich auraient pour objectif de recruter Warren Zaire-Emery, qui est sur le point de signer un nouveau contrat avec le Paris Saint-Germain.<\/p>\n<div id=\"article_body\" itemprop=\"articleBody\">\n<h3 class=\"firstPara\">\n<strong class=\"autotag\">Manchester City<\/strong> n&rsquo;auraient pas abandonn\u00e9 l&rsquo;espoir d&rsquo;attirer un jeune de 17 ans <strong class=\"autotag\">Paris Saint Germain<\/strong> sensation <strong class=\"autotag\">Warren Za\u00efre-Emery<\/strong> loin du Parc des Princes au milieu d&rsquo;informations faisant \u00e9tat d&rsquo;un nouveau contrat.<\/h3>\n<p>Le milieu de terrain n\u00e9 en 2006 est rapidement devenu un joyau de la couronne des champions de France depuis qu&rsquo;il a sign\u00e9 son premier contrat professionnel la saison derni\u00e8re, apr\u00e8s avoir jou\u00e9 31 fois pour l&rsquo;\u00e9quipe senior sous <strong class=\"autotag\">Christophe Galtier<\/strong>.<\/p>\n<p>Za\u00efre-Emery est devenu le plus jeune joueur de l&rsquo;histoire du PSG lors d&rsquo;une victoire 5-0 contre Clermont lors de la premi\u00e8re journ\u00e9e de la saison 2022-23 de Ligue 1, sortant du banc \u00e0 l&rsquo;\u00e2ge de 16 ans, quatre mois et 29 jours.<\/p>\n<p>D\u00e8s lors, le dipl\u00f4m\u00e9 de l&rsquo;acad\u00e9mie des Parisiens appara\u00eet r\u00e9guli\u00e8rement dans divers r\u00f4les pour Galtier, \u00e9voluant principalement au centre du parc mais impressionnant \u00e9galement en tant qu&rsquo;arri\u00e8re droit d&rsquo;urgence.<\/p>\n<p>Za\u00efre-Emery est \u00e9galement devenu le plus jeune buteur du PSG \u00e0 16 ans, 10 mois et 25 jours gr\u00e2ce \u00e0 un but contre le Montpellier HSC le 1er f\u00e9vrier, dix jours avant de marquer une consolation lors d&rsquo;une d\u00e9faite 3-1 contre Monaco.<\/p>\n<p class=\"imgI\">\n<p>Apr\u00e8s le d\u00e9part estival de l&rsquo;ancien <strong class=\"autotag\">Marco Verratti<\/strong>l&rsquo;influence de Za\u00efre-Emery sous <strong class=\"autotag\">Luis Enrique<\/strong> n&rsquo;a fait que grandir, puisqu&rsquo;il a inscrit cinq buts lors de ses 11 premiers matchs de la nouvelle saison.<\/p>\n<p>Le joueur de 17 ans a enregistr\u00e9 deux passes d\u00e9cisives lors de la victoire 3-0 de l&rsquo;AC Milan en Ligue des Champions mercredi, et il compte d\u00e9j\u00e0 quatre s\u00e9lections pour <strong class=\"autotag\">Thierry Henry<\/strong>L&rsquo;\u00e9quipe de France des moins de 21 ans, qu&rsquo;il dirige.<\/p>\n<p>Le contrat existant de Za\u00efre-Emery au PSG ne court que jusqu&rsquo;\u00e0 la fin de la saison 2024-25, et selon <em>Zone sportive<\/em> &#8211; via <em>Discussion en \u00e9quipe<\/em> &#8211; Man City a manifest\u00e9 son int\u00e9r\u00eat pour le milieu de terrain.<\/p>\n<p>Champions de Bundesliga <strong class=\"autotag\">Bayern Munich<\/strong> &#8211; dont le d\u00e9sir de recruter un nouveau milieu de terrain est bien document\u00e9 &#8211; sont \u00e9galement en lice, mais Za\u00efre-Emery aurait conclu un accord de principe avec le PSG sur un nouveau contrat.<\/p>\n<p>Rien n&rsquo;a encore \u00e9t\u00e9 sign\u00e9 entre les deux parties et les derniers d\u00e9tails sont encore en train d&rsquo;\u00eatre r\u00e9gl\u00e9s, mais le PSG se montrerait totalement d\u00e9tendu face \u00e0 la situation, malgr\u00e9 les affirmations selon lesquelles Man City pourrait tenter sa chance en janvier.<\/p>\n<p class=\"imgI\"><img decoding=\"async\" loading=\"lazy\" class=\"l\" src=\"https:\/\/footdavant.fr\/actualites\/wp-content\/uploads\/2023\/11\/1699181330_397_Manchester-City-garde-un-oeil-sur-la-situation-Warren.jpg\" title=\"Warren Zaire-Emery du Paris Saint-Germain en action avec Andrei Girotto de Nantes le 4 mars 2023\" alt=\"Warren Zaire-Emery du Paris Saint-Germain en action avec Andrei Girotto de Nantes le 4 mars 2023\" width=\"640\" height=\"480\"><\/p>\n<p>Za\u00efre-Emery &#8211; qui n&rsquo;aura 18 ans qu&rsquo;en mars 2024 &#8211; compte un total de deux buts et cinq passes d\u00e9cisives en 42 matches seniors pour le PSG, qui tentera toujours de le lier \u00e0 de nouveaux termes avant l&rsquo;ouverture de la fen\u00eatre de janvier.<\/p>\n<p>Apr\u00e8s avoir fait ses adieux aux voyageurs en route pour Barcelone <strong class=\"autotag\">Ilkay G\u00fcndogan<\/strong>Man City a fait venir <strong class=\"autotag\">Matheus Nunes<\/strong> et <strong class=\"autotag\">Mateo Kovacic<\/strong> dans la fen\u00eatre estivale, mais les Citizens pourraient sanctionner <strong class=\"autotag\">Kalvin Phillips<\/strong>sortie en janvier.<\/p>\n<p>L\u2019ancien milieu de terrain de Leeds United n\u2019a jou\u00e9 qu\u2019un r\u00f4le mineur \u00e0 l\u2019Etihad depuis son arriv\u00e9e en 2022, et Guardiola a refus\u00e9 d\u2019exclure un d\u00e9part du joueur de 27 ans au cours de l\u2019hiver.<\/p>\n<p>Phillips a \u00e9galement sugg\u00e9r\u00e9 qu&rsquo;il devra peut-\u00eatre rechercher des opportunit\u00e9s ailleurs en gardant un \u0153il sur l&rsquo;Euro 2024, bien qu&rsquo;il soit rest\u00e9 un membre de confiance de <strong class=\"autotag\">Gareth Southgate<\/strong>l&rsquo;\u00e9quipe d&rsquo;Angleterre depuis qu&rsquo;il a quitt\u00e9 Elland Road.<\/p>\n<p>Un rapport r\u00e9cent affirmait que Phillips \u00e9tait \u00ab\u00a0tr\u00e8s susceptible\u00a0\u00bb de quitter Man City en janvier, et que tous Arsenal, Newcastle United, Everton et la Juventus pourraient se battre pour sa signature.<\/p>\n<\/div>\n","protected":false},"excerpt":{"rendered":"<p>Manchester City et le Bayern Munich auraient pour objectif de recruter Warren Zaire-Emery, qui est sur le point de signer un nouveau contrat avec le<\/p>\n","protected":false},"author":1,"featured_media":339,"comment_status":"closed","ping_status":"","sticky":false,"template":"","format":"standard","meta":{"footnotes":""},"categories":[5],"tags":[27,205,11,206,520,103,521,522],"yoast_head":"<!-- This site is optimized with the Yoast SEO plugin v21.0 - https:\/\/yoast.com\/wordpress\/plugins\/seo\/ -->\n<title>Manchester City \u00ab garde un \u0153il sur la situation Warren Za\u00efre-Emery \u00bb<\/title>\n<meta name=\"robots\" content=\"index, follow, max-snippet:-1, max-image-preview:large, max-video-preview:-1\" \/>\n<link rel=\"canonical\" href=\"https:\/\/footdavant.fr\/actualites\/manchester-city-garde-un-oeil-sur-la-situation-warren-zaire-emery\/\" \/>\n<meta property=\"og:locale\" content=\"fr_FR\" \/>\n<meta property=\"og:type\" content=\"article\" \/>\n<meta property=\"og:title\" content=\"Manchester City \u00ab garde un \u0153il sur la situation Warren Za\u00efre-Emery \u00bb\" \/>\n<meta property=\"og:description\" content=\"Manchester City et le Bayern Munich auraient pour objectif de recruter Warren Zaire-Emery, qui est sur le point de signer un nouveau contrat avec le\" \/>\n<meta property=\"og:url\" content=\"https:\/\/footdavant.fr\/actualites\/manchester-city-garde-un-oeil-sur-la-situation-warren-zaire-emery\/\" \/>\n<meta property=\"og:site_name\" content=\"Foot d&#039;avant\" \/>\n<meta property=\"article:publisher\" content=\"https:\/\/www.facebook.com\/Footdavant\/\" \/>\n<meta property=\"article:published_time\" content=\"2023-11-05T10:48:50+00:00\" \/>\n<meta property=\"article:modified_time\" content=\"2023-11-05T10:48:51+00:00\" \/>\n<meta property=\"og:image\" content=\"https:\/\/footdavant.fr\/actualites\/wp-content\/uploads\/2023\/11\/Manchester-City-garde-un-oeil-sur-la-situation-Warren.jpg\" \/>\n\t<meta property=\"og:image:width\" content=\"640\" \/>\n\t<meta property=\"og:image:height\" content=\"480\" \/>\n\t<meta property=\"og:image:type\" content=\"image\/jpeg\" \/>\n<meta name=\"author\" content=\"Cl\u00e9ment\" \/>\n<meta name=\"twitter:card\" content=\"summary_large_image\" \/>\n<meta name=\"twitter:creator\" content=\"@FootdavantFr\" \/>\n<meta name=\"twitter:site\" content=\"@FootdavantFr\" \/>\n<meta name=\"twitter:label1\" content=\"\u00c9crit par\" \/>\n\t<meta name=\"twitter:data1\" content=\"Cl\u00e9ment\" \/>\n\t<meta name=\"twitter:label2\" content=\"Dur\u00e9e de lecture estim\u00e9e\" \/>\n\t<meta name=\"twitter:data2\" content=\"3 minutes\" \/>\n<script type=\"application\/ld+json\" class=\"yoast-schema-graph\">{\"@context\":\"https:\/\/schema.org\",\"@graph\":[{\"@type\":\"Article\",\"@id\":\"https:\/\/footdavant.fr\/actualites\/manchester-city-garde-un-oeil-sur-la-situation-warren-zaire-emery\/#article\",\"isPartOf\":{\"@id\":\"https:\/\/footdavant.fr\/actualites\/manchester-city-garde-un-oeil-sur-la-situation-warren-zaire-emery\/\"},\"author\":{\"name\":\"Cl\u00e9ment\",\"@id\":\"https:\/\/footdavant.fr\/actualites\/#\/schema\/person\/bc222566d95871b37e597b3ed3ba5e1d\"},\"headline\":\"Manchester City \u00ab garde un \u0153il sur la situation Warren Za\u00efre-Emery \u00bb\",\"datePublished\":\"2023-11-05T10:48:50+00:00\",\"dateModified\":\"2023-11-05T10:48:51+00:00\",\"mainEntityOfPage\":{\"@id\":\"https:\/\/footdavant.fr\/actualites\/manchester-city-garde-un-oeil-sur-la-situation-warren-zaire-emery\/\"},\"wordCount\":631,\"publisher\":{\"@id\":\"https:\/\/footdavant.fr\/actualites\/#organization\"},\"keywords\":[\"City\",\"garde\",\"Manchester\",\"\u0153il\",\"situation\",\"sur\",\"Warren\",\"Za\u00efreEmery\"],\"articleSection\":[\"Premier League\"],\"inLanguage\":\"fr-FR\"},{\"@type\":\"WebPage\",\"@id\":\"https:\/\/footdavant.fr\/actualites\/manchester-city-garde-un-oeil-sur-la-situation-warren-zaire-emery\/\",\"url\":\"https:\/\/footdavant.fr\/actualites\/manchester-city-garde-un-oeil-sur-la-situation-warren-zaire-emery\/\",\"name\":\"Manchester City \u00ab garde un \u0153il sur la situation Warren Za\u00efre-Emery \u00bb\",\"isPartOf\":{\"@id\":\"https:\/\/footdavant.fr\/actualites\/#website\"},\"datePublished\":\"2023-11-05T10:48:50+00:00\",\"dateModified\":\"2023-11-05T10:48:51+00:00\",\"breadcrumb\":{\"@id\":\"https:\/\/footdavant.fr\/actualites\/manchester-city-garde-un-oeil-sur-la-situation-warren-zaire-emery\/#breadcrumb\"},\"inLanguage\":\"fr-FR\",\"potentialAction\":[{\"@type\":\"ReadAction\",\"target\":[\"https:\/\/footdavant.fr\/actualites\/manchester-city-garde-un-oeil-sur-la-situation-warren-zaire-emery\/\"]}]},{\"@type\":\"BreadcrumbList\",\"@id\":\"https:\/\/footdavant.fr\/actualites\/manchester-city-garde-un-oeil-sur-la-situation-warren-zaire-emery\/#breadcrumb\",\"itemListElement\":[{\"@type\":\"ListItem\",\"position\":1,\"name\":\"Accueil\",\"item\":\"https:\/\/footdavant.fr\/actualites\/\"},{\"@type\":\"ListItem\",\"position\":2,\"name\":\"Manchester City \u00ab garde un \u0153il sur la situation Warren Za\u00efre-Emery \u00bb\"}]},{\"@type\":\"WebSite\",\"@id\":\"https:\/\/footdavant.fr\/actualites\/#website\",\"url\":\"https:\/\/footdavant.fr\/actualites\/\",\"name\":\"Foot d'avant\",\"description\":\"\",\"publisher\":{\"@id\":\"https:\/\/footdavant.fr\/actualites\/#organization\"},\"potentialAction\":[{\"@type\":\"SearchAction\",\"target\":{\"@type\":\"EntryPoint\",\"urlTemplate\":\"https:\/\/footdavant.fr\/actualites\/?s={search_term_string}\"},\"query-input\":\"required name=search_term_string\"}],\"inLanguage\":\"fr-FR\"},{\"@type\":\"Organization\",\"@id\":\"https:\/\/footdavant.fr\/actualites\/#organization\",\"name\":\"Foot d'avant\",\"url\":\"https:\/\/footdavant.fr\/actualites\/\",\"logo\":{\"@type\":\"ImageObject\",\"inLanguage\":\"fr-FR\",\"@id\":\"https:\/\/footdavant.fr\/actualites\/#\/schema\/logo\/image\/\",\"url\":\"https:\/\/footdavant.fr\/actualites\/wp-content\/uploads\/2023\/09\/Copy-of-FootDavant-Logo.png\",\"contentUrl\":\"https:\/\/footdavant.fr\/actualites\/wp-content\/uploads\/2023\/09\/Copy-of-FootDavant-Logo.png\",\"width\":936,\"height\":549,\"caption\":\"Foot d'avant\"},\"image\":{\"@id\":\"https:\/\/footdavant.fr\/actualites\/#\/schema\/logo\/image\/\"},\"sameAs\":[\"https:\/\/www.facebook.com\/Footdavant\/\",\"https:\/\/twitter.com\/FootdavantFr\",\"https:\/\/www.instagram.com\/footdavant.fr\/\"]},{\"@type\":\"Person\",\"@id\":\"https:\/\/footdavant.fr\/actualites\/#\/schema\/person\/bc222566d95871b37e597b3ed3ba5e1d\",\"name\":\"Cl\u00e9ment\",\"image\":{\"@type\":\"ImageObject\",\"inLanguage\":\"fr-FR\",\"@id\":\"https:\/\/footdavant.fr\/actualites\/#\/schema\/person\/image\/\",\"url\":\"https:\/\/secure.gravatar.com\/avatar\/7728b29aac2719421e1a9159b2254c44?s=96&d=mm&r=g\",\"contentUrl\":\"https:\/\/secure.gravatar.com\/avatar\/7728b29aac2719421e1a9159b2254c44?s=96&d=mm&r=g\",\"caption\":\"Cl\u00e9ment\"},\"sameAs\":[\"https:\/\/footdavant.fr\/\"]}]}<\/script>\n<!-- \/ Yoast SEO plugin. -->","yoast_head_json":{"title":"Manchester City \u00ab garde un \u0153il sur la situation Warren Za\u00efre-Emery \u00bb","robots":{"index":"index","follow":"follow","max-snippet":"max-snippet:-1","max-image-preview":"max-image-preview:large","max-video-preview":"max-video-preview:-1"},"canonical":"https:\/\/footdavant.fr\/actualites\/manchester-city-garde-un-oeil-sur-la-situation-warren-zaire-emery\/","og_locale":"fr_FR","og_type":"article","og_title":"Manchester City \u00ab garde un \u0153il sur la situation Warren Za\u00efre-Emery \u00bb","og_description":"Manchester City et le Bayern Munich auraient pour objectif de recruter Warren Zaire-Emery, qui est sur le point de signer un nouveau contrat avec le","og_url":"https:\/\/footdavant.fr\/actualites\/manchester-city-garde-un-oeil-sur-la-situation-warren-zaire-emery\/","og_site_name":"Foot d&#039;avant","article_publisher":"https:\/\/www.facebook.com\/Footdavant\/","article_published_time":"2023-11-05T10:48:50+00:00","article_modified_time":"2023-11-05T10:48:51+00:00","og_image":[{"width":640,"height":480,"url":"https:\/\/footdavant.fr\/actualites\/wp-content\/uploads\/2023\/11\/Manchester-City-garde-un-oeil-sur-la-situation-Warren.jpg","type":"image\/jpeg"}],"author":"Cl\u00e9ment","twitter_card":"summary_large_image","twitter_creator":"@FootdavantFr","twitter_site":"@FootdavantFr","twitter_misc":{"\u00c9crit par":"Cl\u00e9ment","Dur\u00e9e de lecture estim\u00e9e":"3 minutes"},"schema":{"@context":"https:\/\/schema.org","@graph":[{"@type":"Article","@id":"https:\/\/footdavant.fr\/actualites\/manchester-city-garde-un-oeil-sur-la-situation-warren-zaire-emery\/#article","isPartOf":{"@id":"https:\/\/footdavant.fr\/actualites\/manchester-city-garde-un-oeil-sur-la-situation-warren-zaire-emery\/"},"author":{"name":"Cl\u00e9ment","@id":"https:\/\/footdavant.fr\/actualites\/#\/schema\/person\/bc222566d95871b37e597b3ed3ba5e1d"},"headline":"Manchester City \u00ab garde un \u0153il sur la situation Warren Za\u00efre-Emery \u00bb","datePublished":"2023-11-05T10:48:50+00:00","dateModified":"2023-11-05T10:48:51+00:00","mainEntityOfPage":{"@id":"https:\/\/footdavant.fr\/actualites\/manchester-city-garde-un-oeil-sur-la-situation-warren-zaire-emery\/"},"wordCount":631,"publisher":{"@id":"https:\/\/footdavant.fr\/actualites\/#organization"},"keywords":["City","garde","Manchester","\u0153il","situation","sur","Warren","Za\u00efreEmery"],"articleSection":["Premier League"],"inLanguage":"fr-FR"},{"@type":"WebPage","@id":"https:\/\/footdavant.fr\/actualites\/manchester-city-garde-un-oeil-sur-la-situation-warren-zaire-emery\/","url":"https:\/\/footdavant.fr\/actualites\/manchester-city-garde-un-oeil-sur-la-situation-warren-zaire-emery\/","name":"Manchester City \u00ab garde un \u0153il sur la situation Warren Za\u00efre-Emery \u00bb","isPartOf":{"@id":"https:\/\/footdavant.fr\/actualites\/#website"},"datePublished":"2023-11-05T10:48:50+00:00","dateModified":"2023-11-05T10:48:51+00:00","breadcrumb":{"@id":"https:\/\/footdavant.fr\/actualites\/manchester-city-garde-un-oeil-sur-la-situation-warren-zaire-emery\/#breadcrumb"},"inLanguage":"fr-FR","potentialAction":[{"@type":"ReadAction","target":["https:\/\/footdavant.fr\/actualites\/manchester-city-garde-un-oeil-sur-la-situation-warren-zaire-emery\/"]}]},{"@type":"BreadcrumbList","@id":"https:\/\/footdavant.fr\/actualites\/manchester-city-garde-un-oeil-sur-la-situation-warren-zaire-emery\/#breadcrumb","itemListElement":[{"@type":"ListItem","position":1,"name":"Accueil","item":"https:\/\/footdavant.fr\/actualites\/"},{"@type":"ListItem","position":2,"name":"Manchester City \u00ab garde un \u0153il sur la situation Warren Za\u00efre-Emery \u00bb"}]},{"@type":"WebSite","@id":"https:\/\/footdavant.fr\/actualites\/#website","url":"https:\/\/footdavant.fr\/actualites\/","name":"Foot d'avant","description":"","publisher":{"@id":"https:\/\/footdavant.fr\/actualites\/#organization"},"potentialAction":[{"@type":"SearchAction","target":{"@type":"EntryPoint","urlTemplate":"https:\/\/footdavant.fr\/actualites\/?s={search_term_string}"},"query-input":"required name=search_term_string"}],"inLanguage":"fr-FR"},{"@type":"Organization","@id":"https:\/\/footdavant.fr\/actualites\/#organization","name":"Foot d'avant","url":"https:\/\/footdavant.fr\/actualites\/","logo":{"@type":"ImageObject","inLanguage":"fr-FR","@id":"https:\/\/footdavant.fr\/actualites\/#\/schema\/logo\/image\/","url":"https:\/\/footdavant.fr\/actualites\/wp-content\/uploads\/2023\/09\/Copy-of-FootDavant-Logo.png","contentUrl":"https:\/\/footdavant.fr\/actualites\/wp-content\/uploads\/2023\/09\/Copy-of-FootDavant-Logo.png","width":936,"height":549,"caption":"Foot d'avant"},"image":{"@id":"https:\/\/footdavant.fr\/actualites\/#\/schema\/logo\/image\/"},"sameAs":["https:\/\/www.facebook.com\/Footdavant\/","https:\/\/twitter.com\/FootdavantFr","https:\/\/www.instagram.com\/footdavant.fr\/"]},{"@type":"Person","@id":"https:\/\/footdavant.fr\/actualites\/#\/schema\/person\/bc222566d95871b37e597b3ed3ba5e1d","name":"Cl\u00e9ment","image":{"@type":"ImageObject","inLanguage":"fr-FR","@id":"https:\/\/footdavant.fr\/actualites\/#\/schema\/person\/image\/","url":"https:\/\/secure.gravatar.com\/avatar\/7728b29aac2719421e1a9159b2254c44?s=96&d=mm&r=g","contentUrl":"https:\/\/secure.gravatar.com\/avatar\/7728b29aac2719421e1a9159b2254c44?s=96&d=mm&r=g","caption":"Cl\u00e9ment"},"sameAs":["https:\/\/footdavant.fr\/"]}]}},"_links":{"self":[{"href":"https:\/\/footdavant.fr\/actualites\/wp-json\/wp\/v2\/posts\/338"}],"collection":[{"href":"https:\/\/footdavant.fr\/actualites\/wp-json\/wp\/v2\/posts"}],"about":[{"href":"https:\/\/footdavant.fr\/actualites\/wp-json\/wp\/v2\/types\/post"}],"author":[{"embeddable":true,"href":"https:\/\/footdavant.fr\/actualites\/wp-json\/wp\/v2\/users\/1"}],"replies":[{"embeddable":true,"href":"https:\/\/footdavant.fr\/actualites\/wp-json\/wp\/v2\/comments?post=338"}],"version-history":[{"count":1,"href":"https:\/\/footdavant.fr\/actualites\/wp-json\/wp\/v2\/posts\/338\/revisions"}],"predecessor-version":[{"id":340,"href":"https:\/\/footdavant.fr\/actualites\/wp-json\/wp\/v2\/posts\/338\/revisions\/340"}],"wp:featuredmedia":[{"embeddable":true,"href":"https:\/\/footdavant.fr\/actualites\/wp-json\/wp\/v2\/media\/339"}],"wp:attachment":[{"href":"https:\/\/footdavant.fr\/actualites\/wp-json\/wp\/v2\/media?parent=338"}],"wp:term":[{"taxonomy":"category","embeddable":true,"href":"https:\/\/footdavant.fr\/actualites\/wp-json\/wp\/v2\/categories?post=338"},{"taxonomy":"post_tag","embeddable":true,"href":"https:\/\/footdavant.fr\/actualites\/wp-json\/wp\/v2\/tags?post=338"}],"curies":[{"name":"wp","href":"https:\/\/api.w.org\/{rel}","templated":true}]}}