{"id":33800,"date":"2026-01-25T11:48:27","date_gmt":"2026-01-25T10:48:27","guid":{"rendered":"https:\/\/footdavant.fr\/actualites\/sabalenka-et-alcaraz-en-quarts-de-finale\/"},"modified":"2026-01-25T11:48:29","modified_gmt":"2026-01-25T10:48:29","slug":"sabalenka-et-alcaraz-en-quarts-de-finale","status":"publish","type":"post","link":"https:\/\/footdavant.fr\/actualites\/sabalenka-et-alcaraz-en-quarts-de-finale\/","title":{"rendered":"Sabalenka et Alcaraz en quarts de finale"},"content":{"rendered":"<div>\n<p>Les t\u00eates de s\u00e9rie Aryna Sabalenka et Carlos Alcaraz se qualifient en toute s\u00e9curit\u00e9 pour les quarts de finale de l&#39;Open d&#39;Australie \u00e0 Melbourne.<\/p>\n<p>Sabalenka a prolong\u00e9 son r\u00e8gne de reine du tie-break pour r\u00e9server une quatri\u00e8me apparition cons\u00e9cutive dans les huit derniers tandis qu&#39;Alcaraz a relev\u00e9 le d\u00e9fi de Tommy Paul.<\/p>\n<p>Coco Gauff, troisi\u00e8me t\u00eate de s\u00e9rie, s&#39;est \u00e9galement qualifi\u00e9e pour son troisi\u00e8me quart de finale cons\u00e9cutif gr\u00e2ce \u00e0 une victoire 6-1, 3-6, 6-3 contre la Tch\u00e8que Karolina Muchova lors d&#39;un match en fin d&#39;apr\u00e8s-midi \u00e0 la Margaret Court Arena.<\/p>\n<p>Un jour apr\u00e8s que la chaleur torride ait provoqu\u00e9 le chaos \u00e0 Melbourne Park, le service normal a repris alors qu&#39;un changement cool a apport\u00e9 un soulagement aux joueurs, aux fans et aux organisateurs du tournoi.<\/p>\n<figure class=\"wp-block-embed is-type-rich is-provider-twitter wp-block-embed-twitter\">\n<div class=\"wp-block-embed__wrapper\">\n<blockquote class=\"twitter-tweet\" data-width=\"500\" data-dnt=\"true\">\n<p lang=\"en\" dir=\"ltr\">Les statistiques ne mentent pas \ud83e\udd37\u200d\u2640\ufe0f<\/p>\n<p>La reine du tie-break du Grand Chelem, Aryna Sabalenka, a atteint son 13e quart de finale cons\u00e9cutif du Grand Chelem, en battant Mboko 6-1 7-6 (1) sur RLA.<a rel=\"nofollow\" href=\"https:\/\/twitter.com\/hashtag\/AO26?src=hash&amp;ref_src=twsrc%5Etfw\" rel=\"nofollow noopener\">#AO26<\/a> <a rel=\"nofollow\" href=\"https:\/\/t.co\/QS6gv9Hq2A\" rel=\"nofollow\">pic.twitter.com\/QS6gv9Hq2A<\/a><\/p>\n<p>\u2013 #AusOpen (@AustralianOpen) <a rel=\"nofollow\" href=\"https:\/\/twitter.com\/AustralianOpen\/status\/2015246610096132541?ref_src=twsrc%5Etfw\" rel=\"nofollow noopener\">25 janvier 2026<\/a><\/p><\/blockquote>\n<\/div>\n<\/figure>\n<p>Sabalenka, double championne et favorite, a \u00e9t\u00e9 la premi\u00e8re \u00e0 sortir lors d&#39;une matin\u00e9e glorieuse, battant la talentueuse canadienne de 19 ans Victoria Mboko 6-1 7-6(1).<\/p>\n<p>Sabalenka a travers\u00e9 un premier set de 31 minutes, mais Mboko a ripost\u00e9 dans le deuxi\u00e8me set pour remporter un tie-break.<\/p>\n<p>Sabalenka a am\u00e9lior\u00e9 son jeu pour d\u00e9crocher une incroyable 20e victoire cons\u00e9cutive au tie-break en Grand Chelem.<\/p>\n<p>\u00ab\u00a0C&#39;est incroyable de voir ces enfants venir en tourn\u00e9e\u00a0\u00bb, a d\u00e9clar\u00e9 le num\u00e9ro un mondial Sabalenka, qui a d\u00e9sormais r\u00e9serv\u00e9 13 quarts de finale cons\u00e9cutifs du Grand Chelem.<\/p>\n<p>\u00ab\u00a0Elle m&#39;a pouss\u00e9 tr\u00e8s fort aujourd&#39;hui.\u00a0\u00bb<\/p>\n<p>Dans le tableau masculin, Alcaraz, t\u00eate de s\u00e9rie num\u00e9ro un, avait l&#39;air serein face \u00e0 Paul, t\u00eate de s\u00e9rie 19e, demi-finaliste en 2023.<\/p>\n<figure class=\"wp-block-embed is-type-rich is-provider-twitter wp-block-embed-twitter\"\/>\n<p>Malgr\u00e9 toutes les r\u00e9f\u00e9rences de Paul, Alcaraz est apparu en r\u00e9gulateur de vitesse dans une victoire de 7-6(6) 6-4 7-5.<\/p>\n<p>\u00ab\u00a0Je suppose que la fa\u00e7on dont je le d\u00e9crirais est, vous savez, il vous \u00e9touffe en quelque sorte\u00a0\u00bb, a d\u00e9clar\u00e9 Paul \u00e0 propos d&#39;Alcaraz.<\/p>\n<p>\u00ab\u00a0Il vous donne l&#39;impression que vous n&#39;avez pas le temps.\u00a0\u00bb<\/p>\n<p>Alcaraz affrontera le vainqueur de la sixi\u00e8me t\u00eate de s\u00e9rie Alex de Minaur, le h\u00e9ros local, et le Kazak Alexander Bublik, 10e t\u00eate de s\u00e9rie.<\/p>\n<\/p><\/div>\n<p><script async src=\"https:\/\/platform.twitter.com\/widgets.js\" charset=\"utf-8\"><\/script><\/p>\n","protected":false},"excerpt":{"rendered":"<p>Les t\u00eates de s\u00e9rie Aryna Sabalenka et Carlos Alcaraz se qualifient en toute s\u00e9curit\u00e9 pour les quarts de finale de l&#39;Open d&#39;Australie \u00e0 Melbourne. Sabalenka<\/p>\n","protected":false},"author":1,"featured_media":33801,"comment_status":"closed","ping_status":"","sticky":false,"template":"","format":"standard","meta":{"footnotes":""},"categories":[3],"tags":[5197,897,3966,11383],"yoast_head":"<!-- This site is optimized with the Yoast SEO plugin v21.0 - https:\/\/yoast.com\/wordpress\/plugins\/seo\/ -->\n<title>Sabalenka et Alcaraz en quarts de finale<\/title>\n<meta name=\"robots\" content=\"index, follow, max-snippet:-1, max-image-preview:large, max-video-preview:-1\" \/>\n<link rel=\"canonical\" href=\"https:\/\/footdavant.fr\/actualites\/sabalenka-et-alcaraz-en-quarts-de-finale\/\" \/>\n<meta property=\"og:locale\" content=\"fr_FR\" \/>\n<meta property=\"og:type\" content=\"article\" \/>\n<meta property=\"og:title\" content=\"Sabalenka et Alcaraz en quarts de finale\" \/>\n<meta property=\"og:description\" content=\"Les t\u00eates de s\u00e9rie Aryna Sabalenka et Carlos Alcaraz se qualifient en toute s\u00e9curit\u00e9 pour les quarts de finale de l&#039;Open d&#039;Australie \u00e0 Melbourne. Sabalenka\" \/>\n<meta property=\"og:url\" content=\"https:\/\/footdavant.fr\/actualites\/sabalenka-et-alcaraz-en-quarts-de-finale\/\" \/>\n<meta property=\"og:site_name\" content=\"Foot d&#039;avant\" \/>\n<meta property=\"article:publisher\" content=\"https:\/\/www.facebook.com\/Footdavant\/\" \/>\n<meta property=\"article:published_time\" content=\"2026-01-25T10:48:27+00:00\" \/>\n<meta property=\"article:modified_time\" content=\"2026-01-25T10:48:29+00:00\" \/>\n<meta property=\"og:image\" content=\"https:\/\/footdavant.fr\/actualites\/wp-content\/uploads\/2026\/01\/Sabalenka-et-Alcaraz-en-quarts-de-finale.jpg\" \/>\n\t<meta property=\"og:image:width\" content=\"1200\" \/>\n\t<meta property=\"og:image:height\" content=\"675\" \/>\n\t<meta property=\"og:image:type\" content=\"image\/jpeg\" \/>\n<meta name=\"author\" content=\"Cl\u00e9ment\" \/>\n<meta name=\"twitter:card\" content=\"summary_large_image\" \/>\n<meta name=\"twitter:creator\" content=\"@FootdavantFr\" \/>\n<meta name=\"twitter:site\" content=\"@FootdavantFr\" \/>\n<meta name=\"twitter:label1\" content=\"\u00c9crit par\" \/>\n\t<meta name=\"twitter:data1\" content=\"Cl\u00e9ment\" \/>\n\t<meta name=\"twitter:label2\" content=\"Dur\u00e9e de lecture estim\u00e9e\" \/>\n\t<meta name=\"twitter:data2\" content=\"2 minutes\" \/>\n<script type=\"application\/ld+json\" class=\"yoast-schema-graph\">{\"@context\":\"https:\/\/schema.org\",\"@graph\":[{\"@type\":\"Article\",\"@id\":\"https:\/\/footdavant.fr\/actualites\/sabalenka-et-alcaraz-en-quarts-de-finale\/#article\",\"isPartOf\":{\"@id\":\"https:\/\/footdavant.fr\/actualites\/sabalenka-et-alcaraz-en-quarts-de-finale\/\"},\"author\":{\"name\":\"Cl\u00e9ment\",\"@id\":\"https:\/\/footdavant.fr\/actualites\/#\/schema\/person\/bc222566d95871b37e597b3ed3ba5e1d\"},\"headline\":\"Sabalenka et Alcaraz en quarts de finale\",\"datePublished\":\"2026-01-25T10:48:27+00:00\",\"dateModified\":\"2026-01-25T10:48:29+00:00\",\"mainEntityOfPage\":{\"@id\":\"https:\/\/footdavant.fr\/actualites\/sabalenka-et-alcaraz-en-quarts-de-finale\/\"},\"wordCount\":430,\"publisher\":{\"@id\":\"https:\/\/footdavant.fr\/actualites\/#organization\"},\"keywords\":[\"Alcaraz\",\"finale\",\"quarts\",\"Sabalenka\"],\"articleSection\":[\"Football\"],\"inLanguage\":\"fr-FR\"},{\"@type\":\"WebPage\",\"@id\":\"https:\/\/footdavant.fr\/actualites\/sabalenka-et-alcaraz-en-quarts-de-finale\/\",\"url\":\"https:\/\/footdavant.fr\/actualites\/sabalenka-et-alcaraz-en-quarts-de-finale\/\",\"name\":\"Sabalenka et Alcaraz en quarts de finale\",\"isPartOf\":{\"@id\":\"https:\/\/footdavant.fr\/actualites\/#website\"},\"datePublished\":\"2026-01-25T10:48:27+00:00\",\"dateModified\":\"2026-01-25T10:48:29+00:00\",\"breadcrumb\":{\"@id\":\"https:\/\/footdavant.fr\/actualites\/sabalenka-et-alcaraz-en-quarts-de-finale\/#breadcrumb\"},\"inLanguage\":\"fr-FR\",\"potentialAction\":[{\"@type\":\"ReadAction\",\"target\":[\"https:\/\/footdavant.fr\/actualites\/sabalenka-et-alcaraz-en-quarts-de-finale\/\"]}]},{\"@type\":\"BreadcrumbList\",\"@id\":\"https:\/\/footdavant.fr\/actualites\/sabalenka-et-alcaraz-en-quarts-de-finale\/#breadcrumb\",\"itemListElement\":[{\"@type\":\"ListItem\",\"position\":1,\"name\":\"Accueil\",\"item\":\"https:\/\/footdavant.fr\/actualites\/\"},{\"@type\":\"ListItem\",\"position\":2,\"name\":\"Sabalenka et Alcaraz en quarts de finale\"}]},{\"@type\":\"WebSite\",\"@id\":\"https:\/\/footdavant.fr\/actualites\/#website\",\"url\":\"https:\/\/footdavant.fr\/actualites\/\",\"name\":\"Foot d'avant\",\"description\":\"\",\"publisher\":{\"@id\":\"https:\/\/footdavant.fr\/actualites\/#organization\"},\"potentialAction\":[{\"@type\":\"SearchAction\",\"target\":{\"@type\":\"EntryPoint\",\"urlTemplate\":\"https:\/\/footdavant.fr\/actualites\/?s={search_term_string}\"},\"query-input\":\"required name=search_term_string\"}],\"inLanguage\":\"fr-FR\"},{\"@type\":\"Organization\",\"@id\":\"https:\/\/footdavant.fr\/actualites\/#organization\",\"name\":\"Foot d'avant\",\"url\":\"https:\/\/footdavant.fr\/actualites\/\",\"logo\":{\"@type\":\"ImageObject\",\"inLanguage\":\"fr-FR\",\"@id\":\"https:\/\/footdavant.fr\/actualites\/#\/schema\/logo\/image\/\",\"url\":\"https:\/\/footdavant.fr\/actualites\/wp-content\/uploads\/2023\/09\/Copy-of-FootDavant-Logo.png\",\"contentUrl\":\"https:\/\/footdavant.fr\/actualites\/wp-content\/uploads\/2023\/09\/Copy-of-FootDavant-Logo.png\",\"width\":936,\"height\":549,\"caption\":\"Foot d'avant\"},\"image\":{\"@id\":\"https:\/\/footdavant.fr\/actualites\/#\/schema\/logo\/image\/\"},\"sameAs\":[\"https:\/\/www.facebook.com\/Footdavant\/\",\"https:\/\/twitter.com\/FootdavantFr\",\"https:\/\/www.instagram.com\/footdavant.fr\/\"]},{\"@type\":\"Person\",\"@id\":\"https:\/\/footdavant.fr\/actualites\/#\/schema\/person\/bc222566d95871b37e597b3ed3ba5e1d\",\"name\":\"Cl\u00e9ment\",\"image\":{\"@type\":\"ImageObject\",\"inLanguage\":\"fr-FR\",\"@id\":\"https:\/\/footdavant.fr\/actualites\/#\/schema\/person\/image\/\",\"url\":\"https:\/\/secure.gravatar.com\/avatar\/7728b29aac2719421e1a9159b2254c44?s=96&d=mm&r=g\",\"contentUrl\":\"https:\/\/secure.gravatar.com\/avatar\/7728b29aac2719421e1a9159b2254c44?s=96&d=mm&r=g\",\"caption\":\"Cl\u00e9ment\"},\"sameAs\":[\"https:\/\/footdavant.fr\/\"]}]}<\/script>\n<!-- \/ Yoast SEO plugin. -->","yoast_head_json":{"title":"Sabalenka et Alcaraz en quarts de finale","robots":{"index":"index","follow":"follow","max-snippet":"max-snippet:-1","max-image-preview":"max-image-preview:large","max-video-preview":"max-video-preview:-1"},"canonical":"https:\/\/footdavant.fr\/actualites\/sabalenka-et-alcaraz-en-quarts-de-finale\/","og_locale":"fr_FR","og_type":"article","og_title":"Sabalenka et Alcaraz en quarts de finale","og_description":"Les t\u00eates de s\u00e9rie Aryna Sabalenka et Carlos Alcaraz se qualifient en toute s\u00e9curit\u00e9 pour les quarts de finale de l&#39;Open d&#39;Australie \u00e0 Melbourne. Sabalenka","og_url":"https:\/\/footdavant.fr\/actualites\/sabalenka-et-alcaraz-en-quarts-de-finale\/","og_site_name":"Foot d&#039;avant","article_publisher":"https:\/\/www.facebook.com\/Footdavant\/","article_published_time":"2026-01-25T10:48:27+00:00","article_modified_time":"2026-01-25T10:48:29+00:00","og_image":[{"width":1200,"height":675,"url":"https:\/\/footdavant.fr\/actualites\/wp-content\/uploads\/2026\/01\/Sabalenka-et-Alcaraz-en-quarts-de-finale.jpg","type":"image\/jpeg"}],"author":"Cl\u00e9ment","twitter_card":"summary_large_image","twitter_creator":"@FootdavantFr","twitter_site":"@FootdavantFr","twitter_misc":{"\u00c9crit par":"Cl\u00e9ment","Dur\u00e9e de lecture estim\u00e9e":"2 minutes"},"schema":{"@context":"https:\/\/schema.org","@graph":[{"@type":"Article","@id":"https:\/\/footdavant.fr\/actualites\/sabalenka-et-alcaraz-en-quarts-de-finale\/#article","isPartOf":{"@id":"https:\/\/footdavant.fr\/actualites\/sabalenka-et-alcaraz-en-quarts-de-finale\/"},"author":{"name":"Cl\u00e9ment","@id":"https:\/\/footdavant.fr\/actualites\/#\/schema\/person\/bc222566d95871b37e597b3ed3ba5e1d"},"headline":"Sabalenka et Alcaraz en quarts de finale","datePublished":"2026-01-25T10:48:27+00:00","dateModified":"2026-01-25T10:48:29+00:00","mainEntityOfPage":{"@id":"https:\/\/footdavant.fr\/actualites\/sabalenka-et-alcaraz-en-quarts-de-finale\/"},"wordCount":430,"publisher":{"@id":"https:\/\/footdavant.fr\/actualites\/#organization"},"keywords":["Alcaraz","finale","quarts","Sabalenka"],"articleSection":["Football"],"inLanguage":"fr-FR"},{"@type":"WebPage","@id":"https:\/\/footdavant.fr\/actualites\/sabalenka-et-alcaraz-en-quarts-de-finale\/","url":"https:\/\/footdavant.fr\/actualites\/sabalenka-et-alcaraz-en-quarts-de-finale\/","name":"Sabalenka et Alcaraz en quarts de finale","isPartOf":{"@id":"https:\/\/footdavant.fr\/actualites\/#website"},"datePublished":"2026-01-25T10:48:27+00:00","dateModified":"2026-01-25T10:48:29+00:00","breadcrumb":{"@id":"https:\/\/footdavant.fr\/actualites\/sabalenka-et-alcaraz-en-quarts-de-finale\/#breadcrumb"},"inLanguage":"fr-FR","potentialAction":[{"@type":"ReadAction","target":["https:\/\/footdavant.fr\/actualites\/sabalenka-et-alcaraz-en-quarts-de-finale\/"]}]},{"@type":"BreadcrumbList","@id":"https:\/\/footdavant.fr\/actualites\/sabalenka-et-alcaraz-en-quarts-de-finale\/#breadcrumb","itemListElement":[{"@type":"ListItem","position":1,"name":"Accueil","item":"https:\/\/footdavant.fr\/actualites\/"},{"@type":"ListItem","position":2,"name":"Sabalenka et Alcaraz en quarts de finale"}]},{"@type":"WebSite","@id":"https:\/\/footdavant.fr\/actualites\/#website","url":"https:\/\/footdavant.fr\/actualites\/","name":"Foot d'avant","description":"","publisher":{"@id":"https:\/\/footdavant.fr\/actualites\/#organization"},"potentialAction":[{"@type":"SearchAction","target":{"@type":"EntryPoint","urlTemplate":"https:\/\/footdavant.fr\/actualites\/?s={search_term_string}"},"query-input":"required name=search_term_string"}],"inLanguage":"fr-FR"},{"@type":"Organization","@id":"https:\/\/footdavant.fr\/actualites\/#organization","name":"Foot d'avant","url":"https:\/\/footdavant.fr\/actualites\/","logo":{"@type":"ImageObject","inLanguage":"fr-FR","@id":"https:\/\/footdavant.fr\/actualites\/#\/schema\/logo\/image\/","url":"https:\/\/footdavant.fr\/actualites\/wp-content\/uploads\/2023\/09\/Copy-of-FootDavant-Logo.png","contentUrl":"https:\/\/footdavant.fr\/actualites\/wp-content\/uploads\/2023\/09\/Copy-of-FootDavant-Logo.png","width":936,"height":549,"caption":"Foot d'avant"},"image":{"@id":"https:\/\/footdavant.fr\/actualites\/#\/schema\/logo\/image\/"},"sameAs":["https:\/\/www.facebook.com\/Footdavant\/","https:\/\/twitter.com\/FootdavantFr","https:\/\/www.instagram.com\/footdavant.fr\/"]},{"@type":"Person","@id":"https:\/\/footdavant.fr\/actualites\/#\/schema\/person\/bc222566d95871b37e597b3ed3ba5e1d","name":"Cl\u00e9ment","image":{"@type":"ImageObject","inLanguage":"fr-FR","@id":"https:\/\/footdavant.fr\/actualites\/#\/schema\/person\/image\/","url":"https:\/\/secure.gravatar.com\/avatar\/7728b29aac2719421e1a9159b2254c44?s=96&d=mm&r=g","contentUrl":"https:\/\/secure.gravatar.com\/avatar\/7728b29aac2719421e1a9159b2254c44?s=96&d=mm&r=g","caption":"Cl\u00e9ment"},"sameAs":["https:\/\/footdavant.fr\/"]}]}},"_links":{"self":[{"href":"https:\/\/footdavant.fr\/actualites\/wp-json\/wp\/v2\/posts\/33800"}],"collection":[{"href":"https:\/\/footdavant.fr\/actualites\/wp-json\/wp\/v2\/posts"}],"about":[{"href":"https:\/\/footdavant.fr\/actualites\/wp-json\/wp\/v2\/types\/post"}],"author":[{"embeddable":true,"href":"https:\/\/footdavant.fr\/actualites\/wp-json\/wp\/v2\/users\/1"}],"replies":[{"embeddable":true,"href":"https:\/\/footdavant.fr\/actualites\/wp-json\/wp\/v2\/comments?post=33800"}],"version-history":[{"count":1,"href":"https:\/\/footdavant.fr\/actualites\/wp-json\/wp\/v2\/posts\/33800\/revisions"}],"predecessor-version":[{"id":33802,"href":"https:\/\/footdavant.fr\/actualites\/wp-json\/wp\/v2\/posts\/33800\/revisions\/33802"}],"wp:featuredmedia":[{"embeddable":true,"href":"https:\/\/footdavant.fr\/actualites\/wp-json\/wp\/v2\/media\/33801"}],"wp:attachment":[{"href":"https:\/\/footdavant.fr\/actualites\/wp-json\/wp\/v2\/media?parent=33800"}],"wp:term":[{"taxonomy":"category","embeddable":true,"href":"https:\/\/footdavant.fr\/actualites\/wp-json\/wp\/v2\/categories?post=33800"},{"taxonomy":"post_tag","embeddable":true,"href":"https:\/\/footdavant.fr\/actualites\/wp-json\/wp\/v2\/tags?post=33800"}],"curies":[{"name":"wp","href":"https:\/\/api.w.org\/{rel}","templated":true}]}}