{"id":33809,"date":"2026-01-25T17:48:01","date_gmt":"2026-01-25T16:48:01","guid":{"rendered":"https:\/\/footdavant.fr\/actualites\/transferez-lactualite-et-les-rumeurs-aujourdhui-youssef-en-nesyri-a-everton-issa-diop-au-paris-fc\/"},"modified":"2026-01-25T17:48:03","modified_gmt":"2026-01-25T16:48:03","slug":"transferez-lactualite-et-les-rumeurs-aujourdhui-youssef-en-nesyri-a-everton-issa-diop-au-paris-fc","status":"publish","type":"post","link":"https:\/\/footdavant.fr\/actualites\/transferez-lactualite-et-les-rumeurs-aujourdhui-youssef-en-nesyri-a-everton-issa-diop-au-paris-fc\/","title":{"rendered":"Transf\u00e9rez l&#39;actualit\u00e9 et les rumeurs aujourd&#39;hui : Youssef En-Nesyri \u00e0 Everton, Issa Diop au Paris FC"},"content":{"rendered":"<div itemprop=\"articleBody\">\n<p>Nottingham Forest et Everton devraient faire face \u00e0 une concurrence s\u00e9rieuse dans la course \u00e0 l&#39;attaquant de Fenerbahce Youssef En-Nesyri.<\/p>\n<p>Le joueur de 28 ans a pass\u00e9 le dernier mois dans son pays natal \u00e0 concourir pour le Maroc \u00e0 la Coupe d&#39;Afrique des Nations.<\/p>\n<p>Le Maroc a r\u00e9ussi \u00e0 atteindre dimanche la finale de la comp\u00e9tition continentale avant de s&#39;incliner de peu face au S\u00e9n\u00e9gal.<\/p>\n<p>Se concentrant sur les affaires du club, En-Nesyri a \u00e9t\u00e9 en bonne forme pour Fenerbahce cette saison, marquant sept buts en 15 batailles de Super Lig turque.<\/p>\n<p>Selon <em>Actualit\u00e9s Sky Sports<\/em>le duo de Premier League Forest et Everton se pr\u00e9parent \u00e0 se battre pour les services de l&#39;attaquant.<\/p>\n<p>Le rapport affirme qu&#39;En-Nesyri a suscit\u00e9 l&#39;int\u00e9r\u00eat des g\u00e9ants de la Serie A, la Juventus et Naples, avant la date limite du 3 f\u00e9vrier.<\/p>\n<p>Depuis son passage de S\u00e9ville \u00e0 Fenerbahce en juillet 2024, l&#39;attaquant a marqu\u00e9 38 buts en 77 matches.<\/p>\n<div>\n<div>\n<div>\n<p>\u00a9 Imago<\/p>\n<\/div>\n<\/div>\n<\/div>\n<h2>Le d\u00e9fenseur de Fulham recherch\u00e9 \u00e0 Paris ?<\/h2>\n<p>Passant aux sorties potentielles de la Premier League, Issa Diop a eu du mal \u00e0 gagner du temps de jeu \u00e0 Fulham cette saison.<\/p>\n<p>Le joueur de 29 ans n&#39;a d\u00e9but\u00e9 que quatre matches de haut niveau pour les Cottagers, ne profitant que de 413 minutes de championnat.<\/p>\n<p>En cons\u00e9quence, pr\u00e9tend-on <em>Actualit\u00e9s Sky Sports<\/em> que des pr\u00e9tendants potentiels tournent autour de Diop pendant la fen\u00eatre actuelle.<\/p>\n<p>Le rapport indique que le Paris FC, nouveau venu en Ligue 1, souhaite amener le d\u00e9fenseur central dans la capitale fran\u00e7aise ce mois-ci.<\/p>\n<p>Les Parisiens sont cens\u00e9s cibler les joueurs qui ne b\u00e9n\u00e9ficient pas d&#39;un temps de jeu r\u00e9gulier en Premier League, et Diop correspond certainement \u00e0 ce profil.<\/p>\n<p>Il semblerait que les troupes de St\u00e9phane Gilli \u00e9tudient \u00e9galement un accord pour l&#39;attaquant de Tottenham Hotspur, Mathys Tel.<\/p>\n<div>\n<div>\n<div><img decoding=\"async\" data-img-id=\"156746\" class=\"lazy\" loading=\"lazy\" src=\"https:\/\/footdavant.fr\/actualites\/wp-content\/uploads\/2026\/01\/Transferez-l39actualite-et-les-rumeurs-aujourd39hui-Youssef-En-Nesyri-a.webp\"\/><\/p>\n<p>\u00a9 Imago<\/p>\n<\/div>\n<\/div>\n<\/div>\n<h2>Ipswich Town cible un attaquant de deuxi\u00e8me rang ?<\/h2>\n<p>En descendant au championnat, les performances de la star de Bristol City, Anis Mehmeti, ont certainement attir\u00e9 l&#39;attention cette saison.<\/p>\n<p>L&#39;attaquant albanais a marqu\u00e9 huit buts et fourni six passes d\u00e9cisives en 27 matches pour les Robins en qu\u00eate de promotion.<\/p>\n<p>Le contrat du joueur de 25 ans \u00e0 Ashton Gate expirant cet \u00e9t\u00e9, Bristol City tente d&#39;engager le joueur dans un nouvel accord.<\/p>\n<p>Cependant, selon <em>Initi\u00e9 au football<\/em>Ipswich Town cherche \u00e0 attirer Mehmeti loin du West Country ce mois-ci.<\/p>\n<p>Les Tractor Boys commencent \u00e0 reprendre forme dans le championnat et pourraient renverser Coventry City pour la premi\u00e8re place au cours du mois prochain.<\/p>\n<\/div>\n","protected":false},"excerpt":{"rendered":"<p>Nottingham Forest et Everton devraient faire face \u00e0 une concurrence s\u00e9rieuse dans la course \u00e0 l&#39;attaquant de Fenerbahce Youssef En-Nesyri. Le joueur de 28 ans<\/p>\n","protected":false},"author":1,"featured_media":33810,"comment_status":"closed","ping_status":"","sticky":false,"template":"","format":"standard","meta":{"footnotes":""},"categories":[5],"tags":[5022,11387,11386,310,7627,5205,93,100,976,11293,9474],"yoast_head":"<!-- This site is optimized with the Yoast SEO plugin v21.0 - https:\/\/yoast.com\/wordpress\/plugins\/seo\/ -->\n<title>Transf\u00e9rez l&#039;actualit\u00e9 et les rumeurs aujourd&#039;hui : Youssef En-Nesyri \u00e0 Everton, Issa Diop au Paris FC<\/title>\n<meta name=\"robots\" content=\"index, follow, max-snippet:-1, max-image-preview:large, max-video-preview:-1\" \/>\n<link rel=\"canonical\" href=\"https:\/\/footdavant.fr\/actualites\/transferez-lactualite-et-les-rumeurs-aujourdhui-youssef-en-nesyri-a-everton-issa-diop-au-paris-fc\/\" \/>\n<meta property=\"og:locale\" content=\"fr_FR\" \/>\n<meta property=\"og:type\" content=\"article\" \/>\n<meta property=\"og:title\" content=\"Transf\u00e9rez l&#039;actualit\u00e9 et les rumeurs aujourd&#039;hui : Youssef En-Nesyri \u00e0 Everton, Issa Diop au Paris FC\" \/>\n<meta property=\"og:description\" content=\"Nottingham Forest et Everton devraient faire face \u00e0 une concurrence s\u00e9rieuse dans la course \u00e0 l&#039;attaquant de Fenerbahce Youssef En-Nesyri. Le joueur de 28 ans\" \/>\n<meta property=\"og:url\" content=\"https:\/\/footdavant.fr\/actualites\/transferez-lactualite-et-les-rumeurs-aujourdhui-youssef-en-nesyri-a-everton-issa-diop-au-paris-fc\/\" \/>\n<meta property=\"og:site_name\" content=\"Foot d&#039;avant\" \/>\n<meta property=\"article:publisher\" content=\"https:\/\/www.facebook.com\/Footdavant\/\" \/>\n<meta property=\"article:published_time\" content=\"2026-01-25T16:48:01+00:00\" \/>\n<meta property=\"article:modified_time\" content=\"2026-01-25T16:48:03+00:00\" \/>\n<meta property=\"og:image\" content=\"https:\/\/footdavant.fr\/actualites\/wp-content\/uploads\/2026\/01\/Transferez-l39actualite-et-les-rumeurs-aujourd39hui-Youssef-En-Nesyri-a.net2Fuploads2F20252F102Fyoussef-en-nesyr.webp\" \/>\n\t<meta property=\"og:image:width\" content=\"720\" \/>\n\t<meta property=\"og:image:height\" content=\"410\" \/>\n\t<meta property=\"og:image:type\" content=\"image\/webp\" \/>\n<meta name=\"author\" content=\"Cl\u00e9ment\" \/>\n<meta name=\"twitter:card\" content=\"summary_large_image\" \/>\n<meta name=\"twitter:creator\" content=\"@FootdavantFr\" \/>\n<meta name=\"twitter:site\" content=\"@FootdavantFr\" \/>\n<meta name=\"twitter:label1\" content=\"\u00c9crit par\" \/>\n\t<meta name=\"twitter:data1\" content=\"Cl\u00e9ment\" \/>\n\t<meta name=\"twitter:label2\" content=\"Dur\u00e9e de lecture estim\u00e9e\" \/>\n\t<meta name=\"twitter:data2\" content=\"2 minutes\" \/>\n<script type=\"application\/ld+json\" class=\"yoast-schema-graph\">{\"@context\":\"https:\/\/schema.org\",\"@graph\":[{\"@type\":\"Article\",\"@id\":\"https:\/\/footdavant.fr\/actualites\/transferez-lactualite-et-les-rumeurs-aujourdhui-youssef-en-nesyri-a-everton-issa-diop-au-paris-fc\/#article\",\"isPartOf\":{\"@id\":\"https:\/\/footdavant.fr\/actualites\/transferez-lactualite-et-les-rumeurs-aujourdhui-youssef-en-nesyri-a-everton-issa-diop-au-paris-fc\/\"},\"author\":{\"name\":\"Cl\u00e9ment\",\"@id\":\"https:\/\/footdavant.fr\/actualites\/#\/schema\/person\/bc222566d95871b37e597b3ed3ba5e1d\"},\"headline\":\"Transf\u00e9rez l&#39;actualit\u00e9 et les rumeurs aujourd&#39;hui : Youssef En-Nesyri \u00e0 Everton, Issa Diop au Paris FC\",\"datePublished\":\"2026-01-25T16:48:01+00:00\",\"dateModified\":\"2026-01-25T16:48:03+00:00\",\"mainEntityOfPage\":{\"@id\":\"https:\/\/footdavant.fr\/actualites\/transferez-lactualite-et-les-rumeurs-aujourdhui-youssef-en-nesyri-a-everton-issa-diop-au-paris-fc\/\"},\"wordCount\":446,\"publisher\":{\"@id\":\"https:\/\/footdavant.fr\/actualites\/#organization\"},\"keywords\":[\"aujourd39hui\",\"Diop\",\"EnNesyri\",\"Everton\",\"Issa\",\"l39actualit\u00e9\",\"les\",\"paris\",\"rumeurs\",\"Transf\u00e9rez\",\"Youssef\"],\"articleSection\":[\"Premier League\"],\"inLanguage\":\"fr-FR\"},{\"@type\":\"WebPage\",\"@id\":\"https:\/\/footdavant.fr\/actualites\/transferez-lactualite-et-les-rumeurs-aujourdhui-youssef-en-nesyri-a-everton-issa-diop-au-paris-fc\/\",\"url\":\"https:\/\/footdavant.fr\/actualites\/transferez-lactualite-et-les-rumeurs-aujourdhui-youssef-en-nesyri-a-everton-issa-diop-au-paris-fc\/\",\"name\":\"Transf\u00e9rez l&#39;actualit\u00e9 et les rumeurs aujourd&#39;hui : Youssef En-Nesyri \u00e0 Everton, Issa Diop au Paris FC\",\"isPartOf\":{\"@id\":\"https:\/\/footdavant.fr\/actualites\/#website\"},\"datePublished\":\"2026-01-25T16:48:01+00:00\",\"dateModified\":\"2026-01-25T16:48:03+00:00\",\"breadcrumb\":{\"@id\":\"https:\/\/footdavant.fr\/actualites\/transferez-lactualite-et-les-rumeurs-aujourdhui-youssef-en-nesyri-a-everton-issa-diop-au-paris-fc\/#breadcrumb\"},\"inLanguage\":\"fr-FR\",\"potentialAction\":[{\"@type\":\"ReadAction\",\"target\":[\"https:\/\/footdavant.fr\/actualites\/transferez-lactualite-et-les-rumeurs-aujourdhui-youssef-en-nesyri-a-everton-issa-diop-au-paris-fc\/\"]}]},{\"@type\":\"BreadcrumbList\",\"@id\":\"https:\/\/footdavant.fr\/actualites\/transferez-lactualite-et-les-rumeurs-aujourdhui-youssef-en-nesyri-a-everton-issa-diop-au-paris-fc\/#breadcrumb\",\"itemListElement\":[{\"@type\":\"ListItem\",\"position\":1,\"name\":\"Accueil\",\"item\":\"https:\/\/footdavant.fr\/actualites\/\"},{\"@type\":\"ListItem\",\"position\":2,\"name\":\"Transf\u00e9rez l&#39;actualit\u00e9 et les rumeurs aujourd&#39;hui : Youssef En-Nesyri \u00e0 Everton, Issa Diop au Paris FC\"}]},{\"@type\":\"WebSite\",\"@id\":\"https:\/\/footdavant.fr\/actualites\/#website\",\"url\":\"https:\/\/footdavant.fr\/actualites\/\",\"name\":\"Foot d'avant\",\"description\":\"\",\"publisher\":{\"@id\":\"https:\/\/footdavant.fr\/actualites\/#organization\"},\"potentialAction\":[{\"@type\":\"SearchAction\",\"target\":{\"@type\":\"EntryPoint\",\"urlTemplate\":\"https:\/\/footdavant.fr\/actualites\/?s={search_term_string}\"},\"query-input\":\"required name=search_term_string\"}],\"inLanguage\":\"fr-FR\"},{\"@type\":\"Organization\",\"@id\":\"https:\/\/footdavant.fr\/actualites\/#organization\",\"name\":\"Foot d'avant\",\"url\":\"https:\/\/footdavant.fr\/actualites\/\",\"logo\":{\"@type\":\"ImageObject\",\"inLanguage\":\"fr-FR\",\"@id\":\"https:\/\/footdavant.fr\/actualites\/#\/schema\/logo\/image\/\",\"url\":\"https:\/\/footdavant.fr\/actualites\/wp-content\/uploads\/2023\/09\/Copy-of-FootDavant-Logo.png\",\"contentUrl\":\"https:\/\/footdavant.fr\/actualites\/wp-content\/uploads\/2023\/09\/Copy-of-FootDavant-Logo.png\",\"width\":936,\"height\":549,\"caption\":\"Foot d'avant\"},\"image\":{\"@id\":\"https:\/\/footdavant.fr\/actualites\/#\/schema\/logo\/image\/\"},\"sameAs\":[\"https:\/\/www.facebook.com\/Footdavant\/\",\"https:\/\/twitter.com\/FootdavantFr\",\"https:\/\/www.instagram.com\/footdavant.fr\/\"]},{\"@type\":\"Person\",\"@id\":\"https:\/\/footdavant.fr\/actualites\/#\/schema\/person\/bc222566d95871b37e597b3ed3ba5e1d\",\"name\":\"Cl\u00e9ment\",\"image\":{\"@type\":\"ImageObject\",\"inLanguage\":\"fr-FR\",\"@id\":\"https:\/\/footdavant.fr\/actualites\/#\/schema\/person\/image\/\",\"url\":\"https:\/\/secure.gravatar.com\/avatar\/7728b29aac2719421e1a9159b2254c44?s=96&d=mm&r=g\",\"contentUrl\":\"https:\/\/secure.gravatar.com\/avatar\/7728b29aac2719421e1a9159b2254c44?s=96&d=mm&r=g\",\"caption\":\"Cl\u00e9ment\"},\"sameAs\":[\"https:\/\/footdavant.fr\/\"]}]}<\/script>\n<!-- \/ Yoast SEO plugin. -->","yoast_head_json":{"title":"Transf\u00e9rez l&#39;actualit\u00e9 et les rumeurs aujourd&#39;hui : Youssef En-Nesyri \u00e0 Everton, Issa Diop au Paris FC","robots":{"index":"index","follow":"follow","max-snippet":"max-snippet:-1","max-image-preview":"max-image-preview:large","max-video-preview":"max-video-preview:-1"},"canonical":"https:\/\/footdavant.fr\/actualites\/transferez-lactualite-et-les-rumeurs-aujourdhui-youssef-en-nesyri-a-everton-issa-diop-au-paris-fc\/","og_locale":"fr_FR","og_type":"article","og_title":"Transf\u00e9rez l&#39;actualit\u00e9 et les rumeurs aujourd&#39;hui : Youssef En-Nesyri \u00e0 Everton, Issa Diop au Paris FC","og_description":"Nottingham Forest et Everton devraient faire face \u00e0 une concurrence s\u00e9rieuse dans la course \u00e0 l&#39;attaquant de Fenerbahce Youssef En-Nesyri. Le joueur de 28 ans","og_url":"https:\/\/footdavant.fr\/actualites\/transferez-lactualite-et-les-rumeurs-aujourdhui-youssef-en-nesyri-a-everton-issa-diop-au-paris-fc\/","og_site_name":"Foot d&#039;avant","article_publisher":"https:\/\/www.facebook.com\/Footdavant\/","article_published_time":"2026-01-25T16:48:01+00:00","article_modified_time":"2026-01-25T16:48:03+00:00","og_image":[{"width":720,"height":410,"url":"https:\/\/footdavant.fr\/actualites\/wp-content\/uploads\/2026\/01\/Transferez-l39actualite-et-les-rumeurs-aujourd39hui-Youssef-En-Nesyri-a.net2Fuploads2F20252F102Fyoussef-en-nesyr.webp","type":"image\/webp"}],"author":"Cl\u00e9ment","twitter_card":"summary_large_image","twitter_creator":"@FootdavantFr","twitter_site":"@FootdavantFr","twitter_misc":{"\u00c9crit par":"Cl\u00e9ment","Dur\u00e9e de lecture estim\u00e9e":"2 minutes"},"schema":{"@context":"https:\/\/schema.org","@graph":[{"@type":"Article","@id":"https:\/\/footdavant.fr\/actualites\/transferez-lactualite-et-les-rumeurs-aujourdhui-youssef-en-nesyri-a-everton-issa-diop-au-paris-fc\/#article","isPartOf":{"@id":"https:\/\/footdavant.fr\/actualites\/transferez-lactualite-et-les-rumeurs-aujourdhui-youssef-en-nesyri-a-everton-issa-diop-au-paris-fc\/"},"author":{"name":"Cl\u00e9ment","@id":"https:\/\/footdavant.fr\/actualites\/#\/schema\/person\/bc222566d95871b37e597b3ed3ba5e1d"},"headline":"Transf\u00e9rez l&#39;actualit\u00e9 et les rumeurs aujourd&#39;hui : Youssef En-Nesyri \u00e0 Everton, Issa Diop au Paris FC","datePublished":"2026-01-25T16:48:01+00:00","dateModified":"2026-01-25T16:48:03+00:00","mainEntityOfPage":{"@id":"https:\/\/footdavant.fr\/actualites\/transferez-lactualite-et-les-rumeurs-aujourdhui-youssef-en-nesyri-a-everton-issa-diop-au-paris-fc\/"},"wordCount":446,"publisher":{"@id":"https:\/\/footdavant.fr\/actualites\/#organization"},"keywords":["aujourd39hui","Diop","EnNesyri","Everton","Issa","l39actualit\u00e9","les","paris","rumeurs","Transf\u00e9rez","Youssef"],"articleSection":["Premier League"],"inLanguage":"fr-FR"},{"@type":"WebPage","@id":"https:\/\/footdavant.fr\/actualites\/transferez-lactualite-et-les-rumeurs-aujourdhui-youssef-en-nesyri-a-everton-issa-diop-au-paris-fc\/","url":"https:\/\/footdavant.fr\/actualites\/transferez-lactualite-et-les-rumeurs-aujourdhui-youssef-en-nesyri-a-everton-issa-diop-au-paris-fc\/","name":"Transf\u00e9rez l&#39;actualit\u00e9 et les rumeurs aujourd&#39;hui : Youssef En-Nesyri \u00e0 Everton, Issa Diop au Paris FC","isPartOf":{"@id":"https:\/\/footdavant.fr\/actualites\/#website"},"datePublished":"2026-01-25T16:48:01+00:00","dateModified":"2026-01-25T16:48:03+00:00","breadcrumb":{"@id":"https:\/\/footdavant.fr\/actualites\/transferez-lactualite-et-les-rumeurs-aujourdhui-youssef-en-nesyri-a-everton-issa-diop-au-paris-fc\/#breadcrumb"},"inLanguage":"fr-FR","potentialAction":[{"@type":"ReadAction","target":["https:\/\/footdavant.fr\/actualites\/transferez-lactualite-et-les-rumeurs-aujourdhui-youssef-en-nesyri-a-everton-issa-diop-au-paris-fc\/"]}]},{"@type":"BreadcrumbList","@id":"https:\/\/footdavant.fr\/actualites\/transferez-lactualite-et-les-rumeurs-aujourdhui-youssef-en-nesyri-a-everton-issa-diop-au-paris-fc\/#breadcrumb","itemListElement":[{"@type":"ListItem","position":1,"name":"Accueil","item":"https:\/\/footdavant.fr\/actualites\/"},{"@type":"ListItem","position":2,"name":"Transf\u00e9rez l&#39;actualit\u00e9 et les rumeurs aujourd&#39;hui : Youssef En-Nesyri \u00e0 Everton, Issa Diop au Paris FC"}]},{"@type":"WebSite","@id":"https:\/\/footdavant.fr\/actualites\/#website","url":"https:\/\/footdavant.fr\/actualites\/","name":"Foot d'avant","description":"","publisher":{"@id":"https:\/\/footdavant.fr\/actualites\/#organization"},"potentialAction":[{"@type":"SearchAction","target":{"@type":"EntryPoint","urlTemplate":"https:\/\/footdavant.fr\/actualites\/?s={search_term_string}"},"query-input":"required name=search_term_string"}],"inLanguage":"fr-FR"},{"@type":"Organization","@id":"https:\/\/footdavant.fr\/actualites\/#organization","name":"Foot d'avant","url":"https:\/\/footdavant.fr\/actualites\/","logo":{"@type":"ImageObject","inLanguage":"fr-FR","@id":"https:\/\/footdavant.fr\/actualites\/#\/schema\/logo\/image\/","url":"https:\/\/footdavant.fr\/actualites\/wp-content\/uploads\/2023\/09\/Copy-of-FootDavant-Logo.png","contentUrl":"https:\/\/footdavant.fr\/actualites\/wp-content\/uploads\/2023\/09\/Copy-of-FootDavant-Logo.png","width":936,"height":549,"caption":"Foot d'avant"},"image":{"@id":"https:\/\/footdavant.fr\/actualites\/#\/schema\/logo\/image\/"},"sameAs":["https:\/\/www.facebook.com\/Footdavant\/","https:\/\/twitter.com\/FootdavantFr","https:\/\/www.instagram.com\/footdavant.fr\/"]},{"@type":"Person","@id":"https:\/\/footdavant.fr\/actualites\/#\/schema\/person\/bc222566d95871b37e597b3ed3ba5e1d","name":"Cl\u00e9ment","image":{"@type":"ImageObject","inLanguage":"fr-FR","@id":"https:\/\/footdavant.fr\/actualites\/#\/schema\/person\/image\/","url":"https:\/\/secure.gravatar.com\/avatar\/7728b29aac2719421e1a9159b2254c44?s=96&d=mm&r=g","contentUrl":"https:\/\/secure.gravatar.com\/avatar\/7728b29aac2719421e1a9159b2254c44?s=96&d=mm&r=g","caption":"Cl\u00e9ment"},"sameAs":["https:\/\/footdavant.fr\/"]}]}},"_links":{"self":[{"href":"https:\/\/footdavant.fr\/actualites\/wp-json\/wp\/v2\/posts\/33809"}],"collection":[{"href":"https:\/\/footdavant.fr\/actualites\/wp-json\/wp\/v2\/posts"}],"about":[{"href":"https:\/\/footdavant.fr\/actualites\/wp-json\/wp\/v2\/types\/post"}],"author":[{"embeddable":true,"href":"https:\/\/footdavant.fr\/actualites\/wp-json\/wp\/v2\/users\/1"}],"replies":[{"embeddable":true,"href":"https:\/\/footdavant.fr\/actualites\/wp-json\/wp\/v2\/comments?post=33809"}],"version-history":[{"count":1,"href":"https:\/\/footdavant.fr\/actualites\/wp-json\/wp\/v2\/posts\/33809\/revisions"}],"predecessor-version":[{"id":33811,"href":"https:\/\/footdavant.fr\/actualites\/wp-json\/wp\/v2\/posts\/33809\/revisions\/33811"}],"wp:featuredmedia":[{"embeddable":true,"href":"https:\/\/footdavant.fr\/actualites\/wp-json\/wp\/v2\/media\/33810"}],"wp:attachment":[{"href":"https:\/\/footdavant.fr\/actualites\/wp-json\/wp\/v2\/media?parent=33809"}],"wp:term":[{"taxonomy":"category","embeddable":true,"href":"https:\/\/footdavant.fr\/actualites\/wp-json\/wp\/v2\/categories?post=33809"},{"taxonomy":"post_tag","embeddable":true,"href":"https:\/\/footdavant.fr\/actualites\/wp-json\/wp\/v2\/tags?post=33809"}],"curies":[{"name":"wp","href":"https:\/\/api.w.org\/{rel}","templated":true}]}}