{"id":33812,"date":"2026-01-25T19:48:23","date_gmt":"2026-01-25T18:48:23","guid":{"rendered":"https:\/\/footdavant.fr\/actualites\/decisions-de-selection-pour-arteta-lors-de-la-visite-de-man-utd\/"},"modified":"2026-01-25T19:48:25","modified_gmt":"2026-01-25T18:48:25","slug":"decisions-de-selection-pour-arteta-lors-de-la-visite-de-man-utd","status":"publish","type":"post","link":"https:\/\/footdavant.fr\/actualites\/decisions-de-selection-pour-arteta-lors-de-la-visite-de-man-utd\/","title":{"rendered":"D\u00e9cisions de s\u00e9lection pour Arteta lors de la visite de Man Utd"},"content":{"rendered":"<div>\n<p>Matin.<\/p>\n<p>C&#39;est un grand \u00e9v\u00e9nement aujourd&#39;hui alors que Man Utd vient en ville pour notre premier match \u00e0 domicile depuis le match nul 0-0 contre Liverpool le 8 janvier. Man City a gagn\u00e9 hier, et les visiteurs d&#39;aujourd&#39;hui auront \u00e9t\u00e9 stimul\u00e9s par leur propre grande victoire lors du derby le week-end dernier, nous aurons donc de quoi affronter plus tard.<\/p>\n<p>Nous avons appris que Riccardo Calafiori et Piero Hincapie \u00e9taient de retour \u00e0 l&#39;entra\u00eenement, mais pour l&#39;instant nous ne savons pas s&#39;ils sont pr\u00eats \u00e0 commencer. Je suppose que si l&#39;un d&#39;entre eux le fait, ils seront sur le c\u00f4t\u00e9, et sinon, cela ne me surprendrait pas du tout de voir Jurrien Timber obtenir le feu vert \u00e0 l&#39;arri\u00e8re gauche devant Myles Lewis-Skelly. United est rapide et dangereux sur sa droite, et je soup\u00e7onne que c&#39;est un domaine dans lequel le manager aimerait une s\u00e9curit\u00e9 d\u00e9fensive maximale.<\/p>\n<p>Le milieu de terrain se choisit essentiellement avec Martin Zubimendi, Declan Rice et Martin Odegaard, et c&#39;est un domaine que je veux nous voir vraiment dominer aujourd&#39;hui. Je ne pense pas que la forme du capitaine cette saison ait \u00e9t\u00e9 aussi mauvaise que certains pourraient le sugg\u00e9rer, mais aujourd&#39;hui serait un bon jour pour qu&#39;il produise une vraie performance, et nous l&#39;obtiendrons probablement s&#39;il joue plus haut sur le terrain. Laissez les deux autres faire le drop entre les moiti\u00e9s centrales, et voyons si nous pouvons faire avancer Odegaard pour trouver l&#39;engin dans le dernier tiers. S&#39;il s&#39;agit de Timber \u00e0 l&#39;arri\u00e8re gauche, l&#39;ancien triangle compos\u00e9 d&#39;Odegaard, Bukayo Saka et Ben White est plus que capable de causer des probl\u00e8mes \u00e0 United.<\/p>\n<p>Je pense que ce sera Leandro Trossard et Saka sur les ailes, et ensuite la d\u00e9cision sera de savoir qui commencera devant. Si vous plaidez en faveur de Viktor Gyokeres, l\u2019id\u00e9e selon laquelle Gabriel Jesus pourrait potentiellement changer la donne a probablement du m\u00e9rite. Si l&#39;instrument contondant (faute d&#39;une meilleure expression) ne fonctionne pas, le Br\u00e9silien offre une plus grande cr\u00e9ativit\u00e9 et joue le r\u00f4le d&#39;une mani\u00e8re diff\u00e9rente, ce qui pourrait bien \u00eatre utile si vous devez changer la dynamique du jeu.<\/p>\n<p>Pour moi cependant, apr\u00e8s avoir marqu\u00e9 deux fois en milieu de semaine et r\u00e9alis\u00e9 une performance globale tr\u00e8s, tr\u00e8s bonne, je serais enclin \u00e0 lancer Jesus aujourd&#39;hui. Dans un match o\u00f9 nous voulons exercer le contr\u00f4le et tirer le meilleur parti de la possession dans la moiti\u00e9 de terrain de United, il nous en donne un peu plus que Gyokeres. Et si cela ne fonctionne pas, vous avez l&#39;approche plus directe de l&#39;international su\u00e9dois pour se d\u00e9cha\u00eener sur les jambes fatigu\u00e9es dans les phases finales. Le manager pourrait \u00e9galement avoir Kai Havertz \u00e0 sa disposition pour une courte apparition, en fonction de son \u00e9tat de forme, il existe donc des options.<\/p>\n<p>Je me demande aussi si l\u2019approche de United dans ce match pourrait nous convenir. Liverpool \u00e9tait un match en deux mi-temps, mais dans la premi\u00e8re, ils sont venus et se sont assis profond\u00e9ment, ce qui est si difficile \u00e0 briser. Apr\u00e8s une grosse victoire dans le derby, et avec le sentiment que ces anciens entra\u00eeneurs par int\u00e9rim veulent faire des choses pour plaire \u00e0 Alex Ferguson, je me demande si nous verrons une \u00e9quipe United plus expansive que celle que nous aurions sous le manager pr\u00e9c\u00e9dent. Je ne pense pas qu&#39;ils viendront simplement et s&#39;ouvriront, mais j&#39;ai le sentiment qu&#39;ils seront plus enclins \u00e0 tenter le coup, ce qui mettra \u00e0 la fois notre courage d\u00e9fensif \u00e0 l&#39;\u00e9preuve, mais nous donnera \u00e9galement un espace de jeu dont nous devrons ensuite profiter. Cela pourrait ressembler davantage \u00e0 un match de Ligue des champions qu\u2019\u00e0 une rencontre typique de Premier League.<\/p>\n<p>On a demand\u00e9 au pr\u00e9alable \u00e0 Mikel Arteta si ce titre \u00e9tait celui d&#39;Arsenal \u00e0 perdre, une question plut\u00f4t charg\u00e9e en janvier mais c&#39;est ainsi que fonctionnent certaines sections des m\u00e9dias. Il a r\u00e9pondu :<\/p>\n<blockquote>\n<p>Je ne pense pas que personne n&#39;ait probablement plus de motivation, plus de faim, plus de d\u00e9sir d&#39;aller jusqu&#39;au bout et de gagner. Mais nous savons que la seule fa\u00e7on d\u2019y parvenir est de se concentrer et d\u2019\u00eatre tr\u00e8s pr\u00e9sent dans l\u2019instant pr\u00e9sent et de faire tout ce que nous devons faire aujourd\u2019hui pour \u00eatre meilleurs que demain. Et c&#39;est tout. C&#39;est la seule chose que nous pouvons contr\u00f4ler, et le reste n&#39;est que des choses qui ne nous ajoutent aucune valeur, et qui peuvent d\u00e9tourner l&#39;attention.<\/p>\n<\/blockquote>\n<p>Cette concentration doit \u00eatre pr\u00e9sente dans la performance d&#39;aujourd&#39;hui. United n&#39;est plus ce qu&#39;il \u00e9tait, mais c&#39;est un grand match contre une grande opposition, et en termes de championnat, nous n&#39;avons pas \u00e9t\u00e9 compl\u00e8tement convaincants lors de ces rencontres, \u00e0 l&#39;exception d&#39;Aston Villa \u00e0 domicile. Aujourd&#39;hui serait une tr\u00e8s bonne journ\u00e9e pour r\u00e9it\u00e9rer notre titre apr\u00e8s deux nuls 0-0 successifs. J&#39;adorerais voir une performance convaincante et une victoire convaincante, mais je prendrai trois points quelle que soit la mani\u00e8re dont ils arriveront car en fin de compte, c&#39;est la chose la plus importante. Nous sommes enfin de retour \u00e0 la maison, alors montrons ce que nous sommes.<\/p>\n<p>D&#39;accord, je vais en rester l\u00e0 pour l&#39;instant. Nous avons un podcast en avant-premi\u00e8re sur Patreon si vous avez besoin de quelque chose \u00e0 \u00e9couter, et comme toujours, nous aurons une couverture de blog en direct et tous les \u00e9l\u00e9ments d&#39;apr\u00e8s-match sur Arseblog News plus tard.<\/p>\n<p>Allez les rouges !<\/p>\n<\/div>\n","protected":false},"excerpt":{"rendered":"<p>Matin. C&#39;est un grand \u00e9v\u00e9nement aujourd&#39;hui alors que Man Utd vient en ville pour notre premier match \u00e0 domicile depuis le match nul 0-0 contre<\/p>\n","protected":false},"author":1,"featured_media":33813,"comment_status":"closed","ping_status":"","sticky":false,"template":"","format":"standard","meta":{"footnotes":""},"categories":[3],"tags":[211,3408,64,24,51,1457,296,2152],"yoast_head":"<!-- This site is optimized with the Yoast SEO plugin v21.0 - https:\/\/yoast.com\/wordpress\/plugins\/seo\/ -->\n<title>D\u00e9cisions de s\u00e9lection pour Arteta lors de la visite de Man Utd<\/title>\n<meta name=\"robots\" content=\"index, follow, max-snippet:-1, max-image-preview:large, max-video-preview:-1\" \/>\n<link rel=\"canonical\" href=\"https:\/\/footdavant.fr\/actualites\/decisions-de-selection-pour-arteta-lors-de-la-visite-de-man-utd\/\" \/>\n<meta property=\"og:locale\" content=\"fr_FR\" \/>\n<meta property=\"og:type\" content=\"article\" \/>\n<meta property=\"og:title\" content=\"D\u00e9cisions de s\u00e9lection pour Arteta lors de la visite de Man Utd\" \/>\n<meta property=\"og:description\" content=\"Matin. C&#039;est un grand \u00e9v\u00e9nement aujourd&#039;hui alors que Man Utd vient en ville pour notre premier match \u00e0 domicile depuis le match nul 0-0 contre\" \/>\n<meta property=\"og:url\" content=\"https:\/\/footdavant.fr\/actualites\/decisions-de-selection-pour-arteta-lors-de-la-visite-de-man-utd\/\" \/>\n<meta property=\"og:site_name\" content=\"Foot d&#039;avant\" \/>\n<meta property=\"article:publisher\" content=\"https:\/\/www.facebook.com\/Footdavant\/\" \/>\n<meta property=\"article:published_time\" content=\"2026-01-25T18:48:23+00:00\" \/>\n<meta property=\"article:modified_time\" content=\"2026-01-25T18:48:25+00:00\" \/>\n<meta property=\"og:image\" content=\"https:\/\/footdavant.fr\/actualites\/wp-content\/uploads\/2026\/01\/Decisions-de-selection-pour-Arteta-lors-de-la-visite-de.jpg\" \/>\n\t<meta property=\"og:image:width\" content=\"1500\" \/>\n\t<meta property=\"og:image:height\" content=\"750\" \/>\n\t<meta property=\"og:image:type\" content=\"image\/jpeg\" \/>\n<meta name=\"author\" content=\"Cl\u00e9ment\" \/>\n<meta name=\"twitter:card\" content=\"summary_large_image\" \/>\n<meta name=\"twitter:creator\" content=\"@FootdavantFr\" \/>\n<meta name=\"twitter:site\" content=\"@FootdavantFr\" \/>\n<meta name=\"twitter:label1\" content=\"\u00c9crit par\" \/>\n\t<meta name=\"twitter:data1\" content=\"Cl\u00e9ment\" \/>\n\t<meta name=\"twitter:label2\" content=\"Dur\u00e9e de lecture estim\u00e9e\" \/>\n\t<meta name=\"twitter:data2\" content=\"5 minutes\" \/>\n<script type=\"application\/ld+json\" class=\"yoast-schema-graph\">{\"@context\":\"https:\/\/schema.org\",\"@graph\":[{\"@type\":\"Article\",\"@id\":\"https:\/\/footdavant.fr\/actualites\/decisions-de-selection-pour-arteta-lors-de-la-visite-de-man-utd\/#article\",\"isPartOf\":{\"@id\":\"https:\/\/footdavant.fr\/actualites\/decisions-de-selection-pour-arteta-lors-de-la-visite-de-man-utd\/\"},\"author\":{\"name\":\"Cl\u00e9ment\",\"@id\":\"https:\/\/footdavant.fr\/actualites\/#\/schema\/person\/bc222566d95871b37e597b3ed3ba5e1d\"},\"headline\":\"D\u00e9cisions de s\u00e9lection pour Arteta lors de la visite de Man Utd\",\"datePublished\":\"2026-01-25T18:48:23+00:00\",\"dateModified\":\"2026-01-25T18:48:25+00:00\",\"mainEntityOfPage\":{\"@id\":\"https:\/\/footdavant.fr\/actualites\/decisions-de-selection-pour-arteta-lors-de-la-visite-de-man-utd\/\"},\"wordCount\":1005,\"publisher\":{\"@id\":\"https:\/\/footdavant.fr\/actualites\/#organization\"},\"keywords\":[\"Arteta\",\"d\u00e9cisions\",\"lors\",\"Man\",\"pour\",\"s\u00e9lection\",\"Utd\",\"visite\"],\"articleSection\":[\"Football\"],\"inLanguage\":\"fr-FR\"},{\"@type\":\"WebPage\",\"@id\":\"https:\/\/footdavant.fr\/actualites\/decisions-de-selection-pour-arteta-lors-de-la-visite-de-man-utd\/\",\"url\":\"https:\/\/footdavant.fr\/actualites\/decisions-de-selection-pour-arteta-lors-de-la-visite-de-man-utd\/\",\"name\":\"D\u00e9cisions de s\u00e9lection pour Arteta lors de la visite de Man Utd\",\"isPartOf\":{\"@id\":\"https:\/\/footdavant.fr\/actualites\/#website\"},\"datePublished\":\"2026-01-25T18:48:23+00:00\",\"dateModified\":\"2026-01-25T18:48:25+00:00\",\"breadcrumb\":{\"@id\":\"https:\/\/footdavant.fr\/actualites\/decisions-de-selection-pour-arteta-lors-de-la-visite-de-man-utd\/#breadcrumb\"},\"inLanguage\":\"fr-FR\",\"potentialAction\":[{\"@type\":\"ReadAction\",\"target\":[\"https:\/\/footdavant.fr\/actualites\/decisions-de-selection-pour-arteta-lors-de-la-visite-de-man-utd\/\"]}]},{\"@type\":\"BreadcrumbList\",\"@id\":\"https:\/\/footdavant.fr\/actualites\/decisions-de-selection-pour-arteta-lors-de-la-visite-de-man-utd\/#breadcrumb\",\"itemListElement\":[{\"@type\":\"ListItem\",\"position\":1,\"name\":\"Accueil\",\"item\":\"https:\/\/footdavant.fr\/actualites\/\"},{\"@type\":\"ListItem\",\"position\":2,\"name\":\"D\u00e9cisions de s\u00e9lection pour Arteta lors de la visite de Man Utd\"}]},{\"@type\":\"WebSite\",\"@id\":\"https:\/\/footdavant.fr\/actualites\/#website\",\"url\":\"https:\/\/footdavant.fr\/actualites\/\",\"name\":\"Foot d'avant\",\"description\":\"\",\"publisher\":{\"@id\":\"https:\/\/footdavant.fr\/actualites\/#organization\"},\"potentialAction\":[{\"@type\":\"SearchAction\",\"target\":{\"@type\":\"EntryPoint\",\"urlTemplate\":\"https:\/\/footdavant.fr\/actualites\/?s={search_term_string}\"},\"query-input\":\"required name=search_term_string\"}],\"inLanguage\":\"fr-FR\"},{\"@type\":\"Organization\",\"@id\":\"https:\/\/footdavant.fr\/actualites\/#organization\",\"name\":\"Foot d'avant\",\"url\":\"https:\/\/footdavant.fr\/actualites\/\",\"logo\":{\"@type\":\"ImageObject\",\"inLanguage\":\"fr-FR\",\"@id\":\"https:\/\/footdavant.fr\/actualites\/#\/schema\/logo\/image\/\",\"url\":\"https:\/\/footdavant.fr\/actualites\/wp-content\/uploads\/2023\/09\/Copy-of-FootDavant-Logo.png\",\"contentUrl\":\"https:\/\/footdavant.fr\/actualites\/wp-content\/uploads\/2023\/09\/Copy-of-FootDavant-Logo.png\",\"width\":936,\"height\":549,\"caption\":\"Foot d'avant\"},\"image\":{\"@id\":\"https:\/\/footdavant.fr\/actualites\/#\/schema\/logo\/image\/\"},\"sameAs\":[\"https:\/\/www.facebook.com\/Footdavant\/\",\"https:\/\/twitter.com\/FootdavantFr\",\"https:\/\/www.instagram.com\/footdavant.fr\/\"]},{\"@type\":\"Person\",\"@id\":\"https:\/\/footdavant.fr\/actualites\/#\/schema\/person\/bc222566d95871b37e597b3ed3ba5e1d\",\"name\":\"Cl\u00e9ment\",\"image\":{\"@type\":\"ImageObject\",\"inLanguage\":\"fr-FR\",\"@id\":\"https:\/\/footdavant.fr\/actualites\/#\/schema\/person\/image\/\",\"url\":\"https:\/\/secure.gravatar.com\/avatar\/7728b29aac2719421e1a9159b2254c44?s=96&d=mm&r=g\",\"contentUrl\":\"https:\/\/secure.gravatar.com\/avatar\/7728b29aac2719421e1a9159b2254c44?s=96&d=mm&r=g\",\"caption\":\"Cl\u00e9ment\"},\"sameAs\":[\"https:\/\/footdavant.fr\/\"]}]}<\/script>\n<!-- \/ Yoast SEO plugin. -->","yoast_head_json":{"title":"D\u00e9cisions de s\u00e9lection pour Arteta lors de la visite de Man Utd","robots":{"index":"index","follow":"follow","max-snippet":"max-snippet:-1","max-image-preview":"max-image-preview:large","max-video-preview":"max-video-preview:-1"},"canonical":"https:\/\/footdavant.fr\/actualites\/decisions-de-selection-pour-arteta-lors-de-la-visite-de-man-utd\/","og_locale":"fr_FR","og_type":"article","og_title":"D\u00e9cisions de s\u00e9lection pour Arteta lors de la visite de Man Utd","og_description":"Matin. C&#39;est un grand \u00e9v\u00e9nement aujourd&#39;hui alors que Man Utd vient en ville pour notre premier match \u00e0 domicile depuis le match nul 0-0 contre","og_url":"https:\/\/footdavant.fr\/actualites\/decisions-de-selection-pour-arteta-lors-de-la-visite-de-man-utd\/","og_site_name":"Foot d&#039;avant","article_publisher":"https:\/\/www.facebook.com\/Footdavant\/","article_published_time":"2026-01-25T18:48:23+00:00","article_modified_time":"2026-01-25T18:48:25+00:00","og_image":[{"width":1500,"height":750,"url":"https:\/\/footdavant.fr\/actualites\/wp-content\/uploads\/2026\/01\/Decisions-de-selection-pour-Arteta-lors-de-la-visite-de.jpg","type":"image\/jpeg"}],"author":"Cl\u00e9ment","twitter_card":"summary_large_image","twitter_creator":"@FootdavantFr","twitter_site":"@FootdavantFr","twitter_misc":{"\u00c9crit par":"Cl\u00e9ment","Dur\u00e9e de lecture estim\u00e9e":"5 minutes"},"schema":{"@context":"https:\/\/schema.org","@graph":[{"@type":"Article","@id":"https:\/\/footdavant.fr\/actualites\/decisions-de-selection-pour-arteta-lors-de-la-visite-de-man-utd\/#article","isPartOf":{"@id":"https:\/\/footdavant.fr\/actualites\/decisions-de-selection-pour-arteta-lors-de-la-visite-de-man-utd\/"},"author":{"name":"Cl\u00e9ment","@id":"https:\/\/footdavant.fr\/actualites\/#\/schema\/person\/bc222566d95871b37e597b3ed3ba5e1d"},"headline":"D\u00e9cisions de s\u00e9lection pour Arteta lors de la visite de Man Utd","datePublished":"2026-01-25T18:48:23+00:00","dateModified":"2026-01-25T18:48:25+00:00","mainEntityOfPage":{"@id":"https:\/\/footdavant.fr\/actualites\/decisions-de-selection-pour-arteta-lors-de-la-visite-de-man-utd\/"},"wordCount":1005,"publisher":{"@id":"https:\/\/footdavant.fr\/actualites\/#organization"},"keywords":["Arteta","d\u00e9cisions","lors","Man","pour","s\u00e9lection","Utd","visite"],"articleSection":["Football"],"inLanguage":"fr-FR"},{"@type":"WebPage","@id":"https:\/\/footdavant.fr\/actualites\/decisions-de-selection-pour-arteta-lors-de-la-visite-de-man-utd\/","url":"https:\/\/footdavant.fr\/actualites\/decisions-de-selection-pour-arteta-lors-de-la-visite-de-man-utd\/","name":"D\u00e9cisions de s\u00e9lection pour Arteta lors de la visite de Man Utd","isPartOf":{"@id":"https:\/\/footdavant.fr\/actualites\/#website"},"datePublished":"2026-01-25T18:48:23+00:00","dateModified":"2026-01-25T18:48:25+00:00","breadcrumb":{"@id":"https:\/\/footdavant.fr\/actualites\/decisions-de-selection-pour-arteta-lors-de-la-visite-de-man-utd\/#breadcrumb"},"inLanguage":"fr-FR","potentialAction":[{"@type":"ReadAction","target":["https:\/\/footdavant.fr\/actualites\/decisions-de-selection-pour-arteta-lors-de-la-visite-de-man-utd\/"]}]},{"@type":"BreadcrumbList","@id":"https:\/\/footdavant.fr\/actualites\/decisions-de-selection-pour-arteta-lors-de-la-visite-de-man-utd\/#breadcrumb","itemListElement":[{"@type":"ListItem","position":1,"name":"Accueil","item":"https:\/\/footdavant.fr\/actualites\/"},{"@type":"ListItem","position":2,"name":"D\u00e9cisions de s\u00e9lection pour Arteta lors de la visite de Man Utd"}]},{"@type":"WebSite","@id":"https:\/\/footdavant.fr\/actualites\/#website","url":"https:\/\/footdavant.fr\/actualites\/","name":"Foot d'avant","description":"","publisher":{"@id":"https:\/\/footdavant.fr\/actualites\/#organization"},"potentialAction":[{"@type":"SearchAction","target":{"@type":"EntryPoint","urlTemplate":"https:\/\/footdavant.fr\/actualites\/?s={search_term_string}"},"query-input":"required name=search_term_string"}],"inLanguage":"fr-FR"},{"@type":"Organization","@id":"https:\/\/footdavant.fr\/actualites\/#organization","name":"Foot d'avant","url":"https:\/\/footdavant.fr\/actualites\/","logo":{"@type":"ImageObject","inLanguage":"fr-FR","@id":"https:\/\/footdavant.fr\/actualites\/#\/schema\/logo\/image\/","url":"https:\/\/footdavant.fr\/actualites\/wp-content\/uploads\/2023\/09\/Copy-of-FootDavant-Logo.png","contentUrl":"https:\/\/footdavant.fr\/actualites\/wp-content\/uploads\/2023\/09\/Copy-of-FootDavant-Logo.png","width":936,"height":549,"caption":"Foot d'avant"},"image":{"@id":"https:\/\/footdavant.fr\/actualites\/#\/schema\/logo\/image\/"},"sameAs":["https:\/\/www.facebook.com\/Footdavant\/","https:\/\/twitter.com\/FootdavantFr","https:\/\/www.instagram.com\/footdavant.fr\/"]},{"@type":"Person","@id":"https:\/\/footdavant.fr\/actualites\/#\/schema\/person\/bc222566d95871b37e597b3ed3ba5e1d","name":"Cl\u00e9ment","image":{"@type":"ImageObject","inLanguage":"fr-FR","@id":"https:\/\/footdavant.fr\/actualites\/#\/schema\/person\/image\/","url":"https:\/\/secure.gravatar.com\/avatar\/7728b29aac2719421e1a9159b2254c44?s=96&d=mm&r=g","contentUrl":"https:\/\/secure.gravatar.com\/avatar\/7728b29aac2719421e1a9159b2254c44?s=96&d=mm&r=g","caption":"Cl\u00e9ment"},"sameAs":["https:\/\/footdavant.fr\/"]}]}},"_links":{"self":[{"href":"https:\/\/footdavant.fr\/actualites\/wp-json\/wp\/v2\/posts\/33812"}],"collection":[{"href":"https:\/\/footdavant.fr\/actualites\/wp-json\/wp\/v2\/posts"}],"about":[{"href":"https:\/\/footdavant.fr\/actualites\/wp-json\/wp\/v2\/types\/post"}],"author":[{"embeddable":true,"href":"https:\/\/footdavant.fr\/actualites\/wp-json\/wp\/v2\/users\/1"}],"replies":[{"embeddable":true,"href":"https:\/\/footdavant.fr\/actualites\/wp-json\/wp\/v2\/comments?post=33812"}],"version-history":[{"count":1,"href":"https:\/\/footdavant.fr\/actualites\/wp-json\/wp\/v2\/posts\/33812\/revisions"}],"predecessor-version":[{"id":33814,"href":"https:\/\/footdavant.fr\/actualites\/wp-json\/wp\/v2\/posts\/33812\/revisions\/33814"}],"wp:featuredmedia":[{"embeddable":true,"href":"https:\/\/footdavant.fr\/actualites\/wp-json\/wp\/v2\/media\/33813"}],"wp:attachment":[{"href":"https:\/\/footdavant.fr\/actualites\/wp-json\/wp\/v2\/media?parent=33812"}],"wp:term":[{"taxonomy":"category","embeddable":true,"href":"https:\/\/footdavant.fr\/actualites\/wp-json\/wp\/v2\/categories?post=33812"},{"taxonomy":"post_tag","embeddable":true,"href":"https:\/\/footdavant.fr\/actualites\/wp-json\/wp\/v2\/tags?post=33812"}],"curies":[{"name":"wp","href":"https:\/\/api.w.org\/{rel}","templated":true}]}}